{"id":55915,"date":"2023-07-26T13:39:55","date_gmt":"2023-07-26T17:39:55","guid":{"rendered":"https:\/\/lasprimeras.com.do\/?p=55915"},"modified":"2023-07-26T13:39:57","modified_gmt":"2023-07-26T17:39:57","slug":"guido-exige-garanticen-democracia-con-votos-de-diaspora","status":"publish","type":"post","link":"https:\/\/lasprimeras.com.do\/index.php\/2023\/07\/26\/guido-exige-garanticen-democracia-con-votos-de-diaspora\/","title":{"rendered":"Guido exige garanticen democracia con votos de di\u00e1spora"},"content":{"rendered":"\n<p>El precandidato presidencial del Partido Revolucionario Moderno (PRM), Guido G\u00f3mez Mazara, solicit\u00f3 una revisi\u00f3n a la resoluci\u00f3n que impide la participaci\u00f3n de la di\u00e1spora dominicana en las primarias internas que va a realizar esa organizaci\u00f3n en el mes de octubre.<\/p>\n\n\n\n<p>Revel\u00f3 que el actual congresista&nbsp; de origen dominicano, Adriano Espaillat, en una conversaci\u00f3n que sostuvieron le reiter\u00f3 su disposici\u00f3n de tocar las puertas en territorio de los Estados Unidos para facilitar los espacios p\u00fablicos donde los quisqueyanos pudieran ejercer su derecho al sufragio.<\/p>\n\n\n\n<p>Seg\u00fan el pol\u00edtico, quien tambi\u00e9n fue ex consultor jur\u00eddico del Poder Ejecutivo durante el periodo 2000-2004, con esta iniciativa de Espaillat se derrumba la hip\u00f3tesis de que no se puede celebrar primarias internas porque las autoridades rechazaron prestar los locales para el ejercicio de ese derecho.&nbsp;<\/p>\n\n\n\n<p>Lament\u00f3 que la intenci\u00f3n de impedir la participaci\u00f3n de los dominicanos en el exterior coincida con el informe de Latino bar\u00f3metro 2023, que se\u00f1ala la regresi\u00f3n institucional en toda la regi\u00f3n, incluyendo el caso de Rep\u00fablica Dominicana.<\/p>\n\n\n\n<p>Para G\u00f3mez Mazara las dominicanas y dominicanas que viven en el exterior constituyen un pilar fundamental en la democracia nuestra, ya que, con sus aportes, no solo en el campo econ\u00f3mico, sino tambi\u00e9n cultural, constituyen la dominicanidad en el mejor sentido de la palabra.<\/p>\n\n\n\n<p>\u201cLa Junta Central Electoral (JCE) no puede constituirse, con la decisi\u00f3n de excluir a la di\u00e1spora, en un aliado de restringir derechos, cuando su rol como \u00f3rgano rector es garantizar la participaci\u00f3n y competencia\u201d, dijo.<\/p>\n\n\n\n<p>A juicio del precandidato presidencial es ir\u00f3nico el silencio institucional de los partidos de Rep\u00fablica Dominicana, debido a que no reaccionan frente a la decisi\u00f3n, lo que revela el marcado inter\u00e9s de coincidir en la conculcaci\u00f3n de esos derechos.<\/p>\n\n\n\n<p>Durante una rueda de prensa celebrada frente a la sede de la JCE, G\u00f3mez Mazara estim\u00f3 que es un acto m\u00e1s que de injusticia que las \u00e9lites de los partidos pol\u00edticos dominicanos decidan de manera arbitraria cuando deben o no votar estos en los procesos internos de estas organizaciones pol\u00edticas.<\/p>\n\n\n\n<p>Los anteriores se\u00f1alamientos est\u00e1n contenidos en una carta enviada a las m\u00e1ximas autoridades de la JCE, en la que tambi\u00e9n advirti\u00f3 que las perturbaciones hist\u00f3ricas son generadas cuando las instituciones sirven de acomodo a los deseos autoritarios y a la escasa cultura democr\u00e1tica propia de los partidos en el pa\u00eds.<\/p>\n","protected":false},"excerpt":{"rendered":"<p>El precandidato presidencial del Partido Revolucionario Moderno (PRM), Guido G\u00f3mez Mazara, solicit\u00f3 una revisi\u00f3n a la resoluci\u00f3n que impide la participaci\u00f3n de la di\u00e1spora dominicana en las primarias internas que&hellip;<\/p>\n","protected":false},"author":2,"featured_media":55916,"comment_status":"open","ping_status":"open","sticky":false,"template":"","format":"standard","meta":{"content-type":"","jetpack_post_was_ever_published":false,"_jetpack_newsletter_access":"","_jetpack_dont_email_post_to_subs":false,"_jetpack_newsletter_tier_id":0,"_jetpack_memberships_contains_paywalled_content":false,"_jetpack_memberships_contains_paid_content":false,"footnotes":""},"categories":[25],"tags":[607,2329,874,31,769],"class_list":["post-55915","post","type-post","status-publish","format-standard","has-post-thumbnail","hentry","category-portada","tag-democracia","tag-diaspora","tag-guido-gomez-mazara","tag-prm","tag-votos"],"jetpack_featured_media_url":"https:\/\/lasprimeras.com.do\/wp-content\/uploads\/2023\/07\/Guido-Gomez-Mazara-1.jpg","jetpack-related-posts":[{"id":61988,"url":"https:\/\/lasprimeras.com.do\/index.php\/2023\/10\/02\/guido-lamenta-que-en-el-exterior-no-hubiera-primarias-del-prm\/","url_meta":{"origin":55915,"position":0},"title":"Guido lamenta que en el exterior no hubiera primarias del PRM","author":"BIMARY DE JES\u00daS Matos","date":"2 de octubre de 2023","format":false,"excerpt":"SANTO DOMINGO.- El precandidato presidencial del Partido Revolucionario Moderno (PRM), Guido G\u00f3mez Mazara, lament\u00f3 este domingo que la di\u00e1spora perreme\u00edsta no pudiera ejercer su derecho al voto, debido a que no fue habitado el proceso interno en el exterior. Record\u00f3 que todos los dominicanos deben tener el derecho de elegir\u2026","rel":"","context":"En \u00abSin categor\u00eda\u00bb","block_context":{"text":"Sin categor\u00eda","link":"https:\/\/lasprimeras.com.do\/index.php\/category\/sin-categoria\/"},"img":{"alt_text":"","src":"https:\/\/i0.wp.com\/lasprimeras.com.do\/wp-content\/uploads\/2023\/10\/WhatsApp-Image-2023-09-28-at-11.50.30-PM-1-11.jpeg?resize=350%2C200&ssl=1","width":350,"height":200,"srcset":"https:\/\/i0.wp.com\/lasprimeras.com.do\/wp-content\/uploads\/2023\/10\/WhatsApp-Image-2023-09-28-at-11.50.30-PM-1-11.jpeg?resize=350%2C200&ssl=1 1x, https:\/\/i0.wp.com\/lasprimeras.com.do\/wp-content\/uploads\/2023\/10\/WhatsApp-Image-2023-09-28-at-11.50.30-PM-1-11.jpeg?resize=525%2C300&ssl=1 1.5x, https:\/\/i0.wp.com\/lasprimeras.com.do\/wp-content\/uploads\/2023\/10\/WhatsApp-Image-2023-09-28-at-11.50.30-PM-1-11.jpeg?resize=700%2C400&ssl=1 2x"},"classes":[]},{"id":57711,"url":"https:\/\/lasprimeras.com.do\/index.php\/2023\/08\/15\/guido-gomez-mazara-formaliza-su-inscripcion-como-precandidato-presidencial-del-prm\/","url_meta":{"origin":55915,"position":1},"title":"Guido G\u00f3mez Mazara formaliza su inscripci\u00f3n como precandidato presidencial del PRM","author":"Nelson Feliz","date":"15 de agosto de 2023","format":false,"excerpt":"El dirigente del Partido Revolucionario Moderno (PRM) Guido G\u00f3mez Mazara formaliz\u00f3 su inscripci\u00f3n a la precandidatura presidencial, de cara a las primarias internas de esa organizaci\u00f3n pol\u00edtica. \u00a0 G\u00f3mez Mazara asisti\u00f3 acompa\u00f1ado de su madre Carmen Mazara, as\u00ed como otras personalidades ante la Comisi\u00f3n Nacional de Elecciones Internas del PRM,\u2026","rel":"","context":"En \u00abSin categor\u00eda\u00bb","block_context":{"text":"Sin categor\u00eda","link":"https:\/\/lasprimeras.com.do\/index.php\/category\/sin-categoria\/"},"img":{"alt_text":"Guido Gomez Mazara","src":"https:\/\/i0.wp.com\/lasprimeras.com.do\/wp-content\/uploads\/2023\/07\/Guido-Gomez-Mazara-1.jpg?resize=350%2C200&ssl=1","width":350,"height":200,"srcset":"https:\/\/i0.wp.com\/lasprimeras.com.do\/wp-content\/uploads\/2023\/07\/Guido-Gomez-Mazara-1.jpg?resize=350%2C200&ssl=1 1x, https:\/\/i0.wp.com\/lasprimeras.com.do\/wp-content\/uploads\/2023\/07\/Guido-Gomez-Mazara-1.jpg?resize=525%2C300&ssl=1 1.5x"},"classes":[]},{"id":61948,"url":"https:\/\/lasprimeras.com.do\/index.php\/2023\/10\/02\/guido-gomez-gracias-a-todos-por-tanto\/","url_meta":{"origin":55915,"position":2},"title":"Guido G\u00f3mez: &#8220;Gracias a todos por tanto&#8221;","author":"Nelson Feliz","date":"2 de octubre de 2023","format":false,"excerpt":"El pol\u00edtico reconoci\u00f3 el triunfo del presidente Luis Abinader por la candidatura presidencial del PRM. Guido G\u00f3mez Mazara, uno de los candidatos a la presidencia del gobernante Partido Revolucionario Moderno (PRM, se mostr\u00f3 conforme con las primarias realizadas por la organizaci\u00f3n este domingo y reconoci\u00f3 el triunfo de Luis Abinader,\u2026","rel":"","context":"En \u00abSin categor\u00eda\u00bb","block_context":{"text":"Sin categor\u00eda","link":"https:\/\/lasprimeras.com.do\/index.php\/category\/sin-categoria\/"},"img":{"alt_text":"Guido G\u00f3mez Mazara","src":"https:\/\/i0.wp.com\/lasprimeras.com.do\/wp-content\/uploads\/2023\/10\/Guido-Gomez-Mazara.jpg?resize=350%2C200&ssl=1","width":350,"height":200,"srcset":"https:\/\/i0.wp.com\/lasprimeras.com.do\/wp-content\/uploads\/2023\/10\/Guido-Gomez-Mazara.jpg?resize=350%2C200&ssl=1 1x, https:\/\/i0.wp.com\/lasprimeras.com.do\/wp-content\/uploads\/2023\/10\/Guido-Gomez-Mazara.jpg?resize=525%2C300&ssl=1 1.5x, https:\/\/i0.wp.com\/lasprimeras.com.do\/wp-content\/uploads\/2023\/10\/Guido-Gomez-Mazara.jpg?resize=700%2C400&ssl=1 2x"},"classes":[]},{"id":62203,"url":"https:\/\/lasprimeras.com.do\/index.php\/2023\/10\/03\/phr-felicita-al-presidente-abinader-por-su-triunfo-en-las-primarias\/","url_meta":{"origin":55915,"position":3},"title":"PHR felicita al presidente Abinader por su triunfo en las primarias","author":"Nelson Feliz","date":"3 de octubre de 2023","format":false,"excerpt":"El presidente del Partido Humanista Renovador \u2013PHR-, Antonio Mateo, envi\u00f3 un mensaje de felicitaci\u00f3n al presidente de la Rep\u00fablica, Luis Abinader, por su contundente triunfo en las elecciones primarias del Partido Revolucionario Moderno (PRM). \u201cFelicitamos al Presidente de la Rep\u00fablica y reelecto candidato del PRM, Luis Abinader, quien logr\u00f3 convertirse\u2026","rel":"","context":"En \u00abSin categor\u00eda\u00bb","block_context":{"text":"Sin categor\u00eda","link":"https:\/\/lasprimeras.com.do\/index.php\/category\/sin-categoria\/"},"img":{"alt_text":"Antonio Mateo","src":"https:\/\/i0.wp.com\/lasprimeras.com.do\/wp-content\/uploads\/2023\/10\/Antonio-Mateo.jpg?resize=350%2C200&ssl=1","width":350,"height":200,"srcset":"https:\/\/i0.wp.com\/lasprimeras.com.do\/wp-content\/uploads\/2023\/10\/Antonio-Mateo.jpg?resize=350%2C200&ssl=1 1x, https:\/\/i0.wp.com\/lasprimeras.com.do\/wp-content\/uploads\/2023\/10\/Antonio-Mateo.jpg?resize=525%2C300&ssl=1 1.5x, https:\/\/i0.wp.com\/lasprimeras.com.do\/wp-content\/uploads\/2023\/10\/Antonio-Mateo.jpg?resize=700%2C400&ssl=1 2x"},"classes":[]},{"id":61906,"url":"https:\/\/lasprimeras.com.do\/index.php\/2023\/10\/01\/abinader-continua-en-la-delantera-de-las-primarias-del-prm-con-mas-de-738749-votos\/","url_meta":{"origin":55915,"position":4},"title":"Abinader contin\u00faa en la delantera de las primarias del PRM con m\u00e1s de 738,749 votos","author":"Nelson Feliz","date":"1 de octubre de 2023","format":false,"excerpt":"Con el 89.71 % de las mesas computadas, el actual presidente de la Rep\u00fablica, Luis Abinader, contin\u00faa en el puesto n\u00famero uno durante el conteo de los votos de las primarias internas del Partido Revolucionario Moderno (PRM), celebradas este domingo uno de octubre. Tras haber sido transmitidas el 20 %\u2026","rel":"","context":"En \u00abPORTADA\u00bb","block_context":{"text":"PORTADA","link":"https:\/\/lasprimeras.com.do\/index.php\/category\/portada\/"},"img":{"alt_text":"Luis arriba","src":"https:\/\/i0.wp.com\/lasprimeras.com.do\/wp-content\/uploads\/2023\/10\/Luis-arriba.jpg?resize=350%2C200&ssl=1","width":350,"height":200,"srcset":"https:\/\/i0.wp.com\/lasprimeras.com.do\/wp-content\/uploads\/2023\/10\/Luis-arriba.jpg?resize=350%2C200&ssl=1 1x, https:\/\/i0.wp.com\/lasprimeras.com.do\/wp-content\/uploads\/2023\/10\/Luis-arriba.jpg?resize=525%2C300&ssl=1 1.5x, https:\/\/i0.wp.com\/lasprimeras.com.do\/wp-content\/uploads\/2023\/10\/Luis-arriba.jpg?resize=700%2C400&ssl=1 2x"},"classes":[]},{"id":61921,"url":"https:\/\/lasprimeras.com.do\/index.php\/2023\/10\/02\/abinader-gana-ampliamente-y-tiende-la-mano-a-guido-alburquerque-y-a-delia-josefina\/","url_meta":{"origin":55915,"position":5},"title":"Abinader gana ampliamente y tiende la mano a Guido, Alburquerque y a Delia Josefina","author":"BIMARY DE JES\u00daS Matos","date":"2 de octubre de 2023","format":false,"excerpt":"Santo Domingo.-Luego que se proclamara su victoria como candidato presidencial del Partido Revolucionario Moderno (PRM), el presidente Luis Abinader agradeci\u00f3 a todos los precandidatos que participaron en estas primarias internas, en especial a los tres miembros de ese partido que compet\u00edan por la misma posici\u00f3n que \u00e9l. En un discurso,\u2026","rel":"","context":"En \u00abSin categor\u00eda\u00bb","block_context":{"text":"Sin categor\u00eda","link":"https:\/\/lasprimeras.com.do\/index.php\/category\/sin-categoria\/"},"img":{"alt_text":"","src":"https:\/\/i0.wp.com\/lasprimeras.com.do\/wp-content\/uploads\/2023\/10\/WhatsApp-Image-2023-09-28-at-11.50.30-PM-1-2.jpeg?resize=350%2C200&ssl=1","width":350,"height":200,"srcset":"https:\/\/i0.wp.com\/lasprimeras.com.do\/wp-content\/uploads\/2023\/10\/WhatsApp-Image-2023-09-28-at-11.50.30-PM-1-2.jpeg?resize=350%2C200&ssl=1 1x, https:\/\/i0.wp.com\/lasprimeras.com.do\/wp-content\/uploads\/2023\/10\/WhatsApp-Image-2023-09-28-at-11.50.30-PM-1-2.jpeg?resize=525%2C300&ssl=1 1.5x, https:\/\/i0.wp.com\/lasprimeras.com.do\/wp-content\/uploads\/2023\/10\/WhatsApp-Image-2023-09-28-at-11.50.30-PM-1-2.jpeg?resize=700%2C400&ssl=1 2x"},"classes":[]}],"jetpack_sharing_enabled":true,"_links":{"self":[{"href":"https:\/\/lasprimeras.com.do\/index.php\/wp-json\/wp\/v2\/posts\/55915","targetHints":{"allow":["GET"]}}],"collection":[{"href":"https:\/\/lasprimeras.com.do\/index.php\/wp-json\/wp\/v2\/posts"}],"about":[{"href":"https:\/\/lasprimeras.com.do\/index.php\/wp-json\/wp\/v2\/types\/post"}],"author":[{"embeddable":true,"href":"https:\/\/lasprimeras.com.do\/index.php\/wp-json\/wp\/v2\/users\/2"}],"replies":[{"embeddable":true,"href":"https:\/\/lasprimeras.com.do\/index.php\/wp-json\/wp\/v2\/comments?post=55915"}],"version-history":[{"count":1,"href":"https:\/\/lasprimeras.com.do\/index.php\/wp-json\/wp\/v2\/posts\/55915\/revisions"}],"predecessor-version":[{"id":55917,"href":"https:\/\/lasprimeras.com.do\/index.php\/wp-json\/wp\/v2\/posts\/55915\/revisions\/55917"}],"wp:featuredmedia":[{"embeddable":true,"href":"https:\/\/lasprimeras.com.do\/index.php\/wp-json\/wp\/v2\/media\/55916"}],"wp:attachment":[{"href":"https:\/\/lasprimeras.com.do\/index.php\/wp-json\/wp\/v2\/media?parent=55915"}],"wp:term":[{"taxonomy":"category","embeddable":true,"href":"https:\/\/lasprimeras.com.do\/index.php\/wp-json\/wp\/v2\/categories?post=55915"},{"taxonomy":"post_tag","embeddable":true,"href":"https:\/\/lasprimeras.com.do\/index.php\/wp-json\/wp\/v2\/tags?post=55915"}],"curies":[{"name":"wp","href":"https:\/\/api.w.org\/{rel}","templated":true}]}}