{"id":55923,"date":"2023-07-26T16:34:36","date_gmt":"2023-07-26T20:34:36","guid":{"rendered":"https:\/\/lasprimeras.com.do\/?p=55923"},"modified":"2023-07-26T16:34:37","modified_gmt":"2023-07-26T20:34:37","slug":"escuelas-vocacionales-certifican-tecnicos-en-respuestas-de-emergencias-hospitalarias","status":"publish","type":"post","link":"https:\/\/lasprimeras.com.do\/index.php\/2023\/07\/26\/escuelas-vocacionales-certifican-tecnicos-en-respuestas-de-emergencias-hospitalarias\/","title":{"rendered":"Escuelas Vocacionales certifican t\u00e9cnicos en respuestas de emergencias hospitalarias"},"content":{"rendered":"\n<p>El director general de la DIGEV, Mayor General ERD., Juan Jos\u00e9 Ota\u00f1o Jim\u00e9nez, destaca la importancia de la nueva plataforma de capacitaci\u00f3n de la DIGEV para formar nuevos t\u00e9cnicos en esa \u00e1rea.<\/p>\n\n\n\n<p>Por Wilson P\u00e9rez<\/p>\n\n\n\n<p>La Direcci\u00f3n General de las Escuelas Vocacionales de las Fuerzas Armadas y de la Polic\u00eda Nacional (DIGEV) certific\u00f3 al primer grupo de t\u00e9cnicos y especialistas en primera respuesta de emergencias sanitarias, siendo este colectivo el primero en prepararse en esa especialidad en la nueva y moderna plataforma de Primera Respuesta de Emergencia inaugurada recientemente en ese centro educativo.<\/p>\n\n\n\n<p>El director general DIGEV, Mayor General, Juan Jos\u00e9 Ota\u00f1o Jim\u00e9nez, destac\u00f3 que la certificaci\u00f3n de este grupo de 14 nuevos t\u00e9cnicos en esa materia tiene como objetivo dotar a la sociedad dominicana de personal calificado en atenci\u00f3n primaria y secundaria como socorrista de emergencia siguiendo los par\u00e1metros de los profesionales de la salud a nivel internacional.<\/p>\n\n\n\n<p>Indic\u00f3 que los t\u00e9cnicos certificados a partir de ahora estar\u00e1n preparados en t\u00e9cnicas y procedimientos para insertarse en mercado laboral para lugares como el Sistema 911, as\u00ed como en las emergencias de los establecimientos de salud p\u00fablicos y privados.<\/p>\n\n\n\n<p>Resalt\u00f3 que esta capacitaci\u00f3n especializada est\u00e1 avalada por la Asociaci\u00f3n Americana del Coraz\u00f3n, el Colegio Americano de Cirujanos, el Comit\u00e9 de Trauma, y el Departamento de Defensa de los Estados Unidos, entidades reconocidas a nivel nacional e internacional por sus altos est\u00e1ndares de calidad.<\/p>\n\n\n\n<p>\u201cLos estudiantes que fueron certificados en la referida especialidad tuvieron como requisito fundamental aprobar de manera satisfactoria un ejercicio demostrativo del curso para poder recibir el certificado que los avala como especialistas en Primera Respuesta de Emergencia\u201d, manifest\u00f3.<\/p>\n\n\n\n<p>Ota\u00f1o Jim\u00e9nez precis\u00f3 que el ejercicio demostrativo se realiz\u00f3 en las modernas instalaciones del nuevo edificio en donde funciona el \u00e1rea m\u00e9dica y la nueva Unidad de Respuesta a Emergencia Medicas, inaugurada recientemente para esos fines<\/p>\n\n\n\n<p>Subray\u00f3 que los egresados fueron entrenados en c\u00f3mo controlar los sangrados, evaluaciones de la escena, uso de barreras, comprensiones pectorales combinadas con insuflaciones de rescate pedi\u00e1trico y adulto, manejo de sangrado grave, manejo de estado de Shock, control de hipertermia, manejo de lesiones, en la medula espinal, uso de cuello cervical y manejo de tabla espinal r\u00edgida.<\/p>\n\n\n\n<p>Tambi\u00e9n, recibieron entrenamiento especializado en manejo de fractura, uso de inmovilizadores, maniobra de Heimlich para manejo de adulto atragantado, consciente o inconsciente, as\u00ed como el uso de ox\u00edgeno, entre otras t\u00e9cnicas especializadas.<\/p>\n\n\n\n<p>La docencia del curso estuvo a cargo del instructor chileno Alejandro Rivera, ex miembro de las Fuerzas Especiales del Ej\u00e9rcito de Chile, y la misma se llev\u00f3 a cabo el en las instalaciones de la Escuela Vocacional del municipio Santo Domingo Este.<\/p>\n","protected":false},"excerpt":{"rendered":"<p>El director general de la DIGEV, Mayor General ERD., Juan Jos\u00e9 Ota\u00f1o Jim\u00e9nez, destaca la importancia de la nueva plataforma de capacitaci\u00f3n de la DIGEV para formar nuevos t\u00e9cnicos en&hellip;<\/p>\n","protected":false},"author":2,"featured_media":55924,"comment_status":"open","ping_status":"open","sticky":false,"template":"","format":"standard","meta":{"content-type":"","jetpack_post_was_ever_published":false,"_jetpack_newsletter_access":"","_jetpack_dont_email_post_to_subs":false,"_jetpack_newsletter_tier_id":0,"_jetpack_memberships_contains_paywalled_content":false,"_jetpack_memberships_contains_paid_content":false,"footnotes":""},"categories":[25],"tags":[1879,3682,658,5373,5372,659],"class_list":["post-55923","post","type-post","status-publish","format-standard","has-post-thumbnail","hentry","category-portada","tag-certifican","tag-emergencias","tag-escuelas","tag-hospitalarias","tag-respuestas","tag-vocacionales"],"jetpack_featured_media_url":"https:\/\/lasprimeras.com.do\/wp-content\/uploads\/2023\/07\/DIGEV-1.jpeg","jetpack-related-posts":[{"id":57248,"url":"https:\/\/lasprimeras.com.do\/index.php\/2023\/08\/10\/digev-entrega-certificados-a-tecnicos-especializado-en-emergencias-pre-hospitalarias\/","url_meta":{"origin":55923,"position":0},"title":"DIGEV entrega certificados a t\u00e9cnicos especializado en emergencias pre hospitalarias","author":"Nelson Feliz","date":"10 de agosto de 2023","format":false,"excerpt":"Por Mart\u00edn Restituyo La Direcci\u00f3n General de las Escuelas Vocacionales de las Fuerzas Armadas y de la Polic\u00eda Nacional(DIGEV) entreg\u00f3 hoy de manera formal los certificados al primer grupo de 15 t\u00e9cnicos en enfermer\u00eda que finalizaron la especialidad de primera respuesta de emergencia pre hospitalaria y control de hemorragias. El\u2026","rel":"","context":"En \u00abMILITARES\u00bb","block_context":{"text":"MILITARES","link":"https:\/\/lasprimeras.com.do\/index.php\/category\/militares\/"},"img":{"alt_text":"DIGEV","src":"https:\/\/i0.wp.com\/lasprimeras.com.do\/wp-content\/uploads\/2023\/08\/DIGEV.jpg?resize=350%2C200&ssl=1","width":350,"height":200,"srcset":"https:\/\/i0.wp.com\/lasprimeras.com.do\/wp-content\/uploads\/2023\/08\/DIGEV.jpg?resize=350%2C200&ssl=1 1x, https:\/\/i0.wp.com\/lasprimeras.com.do\/wp-content\/uploads\/2023\/08\/DIGEV.jpg?resize=525%2C300&ssl=1 1.5x, https:\/\/i0.wp.com\/lasprimeras.com.do\/wp-content\/uploads\/2023\/08\/DIGEV.jpg?resize=700%2C400&ssl=1 2x"},"classes":[]},{"id":129371,"url":"https:\/\/lasprimeras.com.do\/index.php\/2026\/05\/02\/digev-primera-emision-del-programa-radial-escuelas-vocacionales-de-las-fuerzas-armadas-contigo\/","url_meta":{"origin":55923,"position":1},"title":"DIGEV primera emisi\u00f3n del programa radial \u201cEscuelas Vocacionales de las Fuerzas Armadas Contigo\u201d","author":"Nelson Feliz","date":"2 de mayo de 2026","format":false,"excerpt":"La iniciativa busca acercar la formaci\u00f3n t\u00e9cnico-vocacional, los valores y las oportunidades de desarrollo a la ciudadan\u00eda La Direcci\u00f3n General de las Escuelas Vocacionales de las Fuerzas Armadas y de la Polic\u00eda Nacional (DIGEV) del Ministerio de Defensa (MIDE) realiz\u00f3 el mi\u00e9rcoles 29 de abril la primera emisi\u00f3n de su\u2026","rel":"","context":"En \u00abMILITARES\u00bb","block_context":{"text":"MILITARES","link":"https:\/\/lasprimeras.com.do\/index.php\/category\/militares\/"},"img":{"alt_text":"","src":"https:\/\/i0.wp.com\/lasprimeras.com.do\/wp-content\/uploads\/2026\/05\/hifa.jpg?resize=350%2C200&ssl=1","width":350,"height":200,"srcset":"https:\/\/i0.wp.com\/lasprimeras.com.do\/wp-content\/uploads\/2026\/05\/hifa.jpg?resize=350%2C200&ssl=1 1x, https:\/\/i0.wp.com\/lasprimeras.com.do\/wp-content\/uploads\/2026\/05\/hifa.jpg?resize=525%2C300&ssl=1 1.5x, https:\/\/i0.wp.com\/lasprimeras.com.do\/wp-content\/uploads\/2026\/05\/hifa.jpg?resize=700%2C400&ssl=1 2x"},"classes":[]},{"id":119231,"url":"https:\/\/lasprimeras.com.do\/index.php\/2026\/01\/08\/ministerio-de-defensa-fortalece-la-formacion-tecnica-de-digev-con-entrega-de-nuevos-vehiculos\/","url_meta":{"origin":55923,"position":2},"title":"Ministerio de Defensa fortalece la formaci\u00f3n t\u00e9cnica de DIGEV con entrega de nuevos veh\u00edculos","author":"Nelson Feliz","date":"8 de enero de 2026","format":false,"excerpt":"El ministro de Defensa, teniente general Carlos Antonio Fern\u00e1ndez Onofre, ERD, realiz\u00f3 la entrega oficial de siete (7) veh\u00edculos marca Toyota AGYA, a\u00f1o 2025, al director general de las Escuelas Vocacionales de las Fuerzas Armadas y de la Polic\u00eda Nacional (DIGEV), coronel Jos\u00e9 Ram\u00f3n Reyes Su\u00e1rez, FARD (DGP). Los veh\u00edculos\u2026","rel":"","context":"En \u00abMILITARES\u00bb","block_context":{"text":"MILITARES","link":"https:\/\/lasprimeras.com.do\/index.php\/category\/militares\/"},"img":{"alt_text":"DIGEV","src":"https:\/\/i0.wp.com\/lasprimeras.com.do\/wp-content\/uploads\/2026\/01\/digev-1.jpg?resize=350%2C200&ssl=1","width":350,"height":200,"srcset":"https:\/\/i0.wp.com\/lasprimeras.com.do\/wp-content\/uploads\/2026\/01\/digev-1.jpg?resize=350%2C200&ssl=1 1x, https:\/\/i0.wp.com\/lasprimeras.com.do\/wp-content\/uploads\/2026\/01\/digev-1.jpg?resize=525%2C300&ssl=1 1.5x, https:\/\/i0.wp.com\/lasprimeras.com.do\/wp-content\/uploads\/2026\/01\/digev-1.jpg?resize=700%2C400&ssl=1 2x"},"classes":[]},{"id":101697,"url":"https:\/\/lasprimeras.com.do\/index.php\/2025\/06\/25\/universidad-militar-nueva-granada-de-colombia-recibe-delegacion-de-las-escuelas-vocacionales\/","url_meta":{"origin":55923,"position":3},"title":"Universidad Militar Nueva Granada de Colombia recibe delegaci\u00f3n de las Escuelas Vocacionales","author":"Nelson Feliz","date":"25 de junio de 2025","format":false,"excerpt":"Bogot\u00e1, Colombia. \u2013 En un ambiente de fraternidad y colaboraci\u00f3n internacional, la Universidad Militar Nueva Granada (UMNG) de Colombia recibi\u00f3 la visita oficial de una delegaci\u00f3n de la Direcci\u00f3n General de las Escuelas Vocacionales de las Fuerzas Armadas y la Polic\u00eda Nacional (DIGEV) de la Rep\u00fablica Dominicana, encabezada por su\u2026","rel":"","context":"En \u00abMILITARES\u00bb","block_context":{"text":"MILITARES","link":"https:\/\/lasprimeras.com.do\/index.php\/category\/militares\/"},"img":{"alt_text":"","src":"https:\/\/i0.wp.com\/lasprimeras.com.do\/wp-content\/uploads\/2025\/06\/NUEVA-GRANADA-1.jpg?resize=350%2C200&ssl=1","width":350,"height":200,"srcset":"https:\/\/i0.wp.com\/lasprimeras.com.do\/wp-content\/uploads\/2025\/06\/NUEVA-GRANADA-1.jpg?resize=350%2C200&ssl=1 1x, https:\/\/i0.wp.com\/lasprimeras.com.do\/wp-content\/uploads\/2025\/06\/NUEVA-GRANADA-1.jpg?resize=525%2C300&ssl=1 1.5x, https:\/\/i0.wp.com\/lasprimeras.com.do\/wp-content\/uploads\/2025\/06\/NUEVA-GRANADA-1.jpg?resize=700%2C400&ssl=1 2x"},"classes":[]},{"id":119538,"url":"https:\/\/lasprimeras.com.do\/index.php\/2026\/01\/14\/mide-abre-el-ano-escolar-2026-de-las-escuelas-vocacionales-a-nivel-nacional\/","url_meta":{"origin":55923,"position":4},"title":"MIDE abre el a\u00f1o escolar 2026 de las Escuelas Vocacionales a nivel nacional","author":"Nelson Feliz","date":"14 de enero de 2026","format":false,"excerpt":"El Ministerio de Defensa (MIDE), a trav\u00e9s de la Direcci\u00f3n General de las Escuelas Vocacionales de las Fuerzas Armadas y de la Polic\u00eda Nacional (DIGEV), dej\u00f3 formalmente iniciado el a\u00f1o escolar 2026, de manera simult\u00e1nea en todas las sedes de DIGEV a nivel nacional, con una matr\u00edcula inicial que supera\u2026","rel":"","context":"En \u00abMILITARES\u00bb","block_context":{"text":"MILITARES","link":"https:\/\/lasprimeras.com.do\/index.php\/category\/militares\/"},"img":{"alt_text":"","src":"https:\/\/i0.wp.com\/lasprimeras.com.do\/wp-content\/uploads\/2026\/01\/IMG-20260113-WA0772.jpg?resize=350%2C200&ssl=1","width":350,"height":200,"srcset":"https:\/\/i0.wp.com\/lasprimeras.com.do\/wp-content\/uploads\/2026\/01\/IMG-20260113-WA0772.jpg?resize=350%2C200&ssl=1 1x, https:\/\/i0.wp.com\/lasprimeras.com.do\/wp-content\/uploads\/2026\/01\/IMG-20260113-WA0772.jpg?resize=525%2C300&ssl=1 1.5x, https:\/\/i0.wp.com\/lasprimeras.com.do\/wp-content\/uploads\/2026\/01\/IMG-20260113-WA0772.jpg?resize=700%2C400&ssl=1 2x, https:\/\/i0.wp.com\/lasprimeras.com.do\/wp-content\/uploads\/2026\/01\/IMG-20260113-WA0772.jpg?resize=1050%2C600&ssl=1 3x"},"classes":[]},{"id":111996,"url":"https:\/\/lasprimeras.com.do\/index.php\/2025\/10\/16\/digev-conmemora-59-anos-de-su-fundacion-en-bani\/","url_meta":{"origin":55923,"position":5},"title":"DIGEV conmemora 59 a\u00f1os de su fundaci\u00f3n en Ban\u00ed","author":"Nelson Feliz","date":"16 de octubre de 2025","format":false,"excerpt":"Con una emotiva ceremonia religiosa y una exposici\u00f3n educativa, las Escuelas Vocacionales de las Fuerzas Armadas y de la Polic\u00eda Nacional (DIGEV), del Ministerio de Defensa (MIDE), celebraron el 59.\u00ba aniversario de la fundaci\u00f3n de su primera sede, establecida en la ciudad de Ban\u00ed en el a\u00f1o 1966. El acto\u2026","rel":"","context":"En \u00abMILITARES\u00bb","block_context":{"text":"MILITARES","link":"https:\/\/lasprimeras.com.do\/index.php\/category\/militares\/"},"img":{"alt_text":"","src":"https:\/\/i0.wp.com\/lasprimeras.com.do\/wp-content\/uploads\/2025\/10\/misa.jpg?resize=350%2C200&ssl=1","width":350,"height":200,"srcset":"https:\/\/i0.wp.com\/lasprimeras.com.do\/wp-content\/uploads\/2025\/10\/misa.jpg?resize=350%2C200&ssl=1 1x, https:\/\/i0.wp.com\/lasprimeras.com.do\/wp-content\/uploads\/2025\/10\/misa.jpg?resize=525%2C300&ssl=1 1.5x, https:\/\/i0.wp.com\/lasprimeras.com.do\/wp-content\/uploads\/2025\/10\/misa.jpg?resize=700%2C400&ssl=1 2x"},"classes":[]}],"jetpack_sharing_enabled":true,"_links":{"self":[{"href":"https:\/\/lasprimeras.com.do\/index.php\/wp-json\/wp\/v2\/posts\/55923","targetHints":{"allow":["GET"]}}],"collection":[{"href":"https:\/\/lasprimeras.com.do\/index.php\/wp-json\/wp\/v2\/posts"}],"about":[{"href":"https:\/\/lasprimeras.com.do\/index.php\/wp-json\/wp\/v2\/types\/post"}],"author":[{"embeddable":true,"href":"https:\/\/lasprimeras.com.do\/index.php\/wp-json\/wp\/v2\/users\/2"}],"replies":[{"embeddable":true,"href":"https:\/\/lasprimeras.com.do\/index.php\/wp-json\/wp\/v2\/comments?post=55923"}],"version-history":[{"count":1,"href":"https:\/\/lasprimeras.com.do\/index.php\/wp-json\/wp\/v2\/posts\/55923\/revisions"}],"predecessor-version":[{"id":55925,"href":"https:\/\/lasprimeras.com.do\/index.php\/wp-json\/wp\/v2\/posts\/55923\/revisions\/55925"}],"wp:featuredmedia":[{"embeddable":true,"href":"https:\/\/lasprimeras.com.do\/index.php\/wp-json\/wp\/v2\/media\/55924"}],"wp:attachment":[{"href":"https:\/\/lasprimeras.com.do\/index.php\/wp-json\/wp\/v2\/media?parent=55923"}],"wp:term":[{"taxonomy":"category","embeddable":true,"href":"https:\/\/lasprimeras.com.do\/index.php\/wp-json\/wp\/v2\/categories?post=55923"},{"taxonomy":"post_tag","embeddable":true,"href":"https:\/\/lasprimeras.com.do\/index.php\/wp-json\/wp\/v2\/tags?post=55923"}],"curies":[{"name":"wp","href":"https:\/\/api.w.org\/{rel}","templated":true}]}}