{"id":55929,"date":"2023-07-26T16:55:45","date_gmt":"2023-07-26T20:55:45","guid":{"rendered":"https:\/\/lasprimeras.com.do\/?p=55929"},"modified":"2023-07-26T16:55:46","modified_gmt":"2023-07-26T20:55:46","slug":"realizaran-gran-feria-inespre-esta-padrisimo-en-santo-domingo-este","status":"publish","type":"post","link":"https:\/\/lasprimeras.com.do\/index.php\/2023\/07\/26\/realizaran-gran-feria-inespre-esta-padrisimo-en-santo-domingo-este\/","title":{"rendered":"Realizar\u00e1n gran feria \u201cInespre Est\u00e1 Padr\u00edsimo\u201d en Santo Domingo Este"},"content":{"rendered":"\n<p><strong>Ser\u00e1n vendidos pl\u00e1tanos a 3 pesos, guine\u00edtos a 1, pollo a 150, cart\u00f3n de huevo a 125 y arroz a 20 la libra.<\/strong><\/p>\n\n\n\n<p>El Instituto de Estabilizaci\u00f3n de Precios realizar\u00e1 la gran feria \u201cInespre Est\u00e1 Padr\u00edsimo\u201d, en el Club Los Billeteros de Santo Domingo Este, el pr\u00f3ximo &nbsp;viernes 28 y s\u00e1bado 29 de julio del 2023, de 9:00 de la ma\u00f1ana a 6:00 de la tarde, con el objetivo de agasajar a los padres en su d\u00eda.<\/p>\n\n\n\n<p>Iv\u00e1n Hern\u00e1ndez Guzm\u00e1n, director del Inespre, dijo que el domingo pr\u00f3ximo es un d\u00eda muy especial para la familia dominicana, porque se le rinde homenaje a los padres que son los que gu\u00edan, educan, aconsejan, proveen y son la cabeza del hogar, por lo que la instituci\u00f3n les ha preparado una feria especial.<\/p>\n\n\n\n<p>Hern\u00e1ndez Guzm\u00e1n indic\u00f3 que en la gran feria \u201cInespre Est\u00e1 Padr\u00edsimo\u201d estar\u00e1n disponibles m\u00e1s de 52 productos a precios especiales, dos s\u00faper combos, ofertas, concursos y animaciones para los padres.<\/p>\n\n\n\n<p>\u201cQue mejor forma de festejar el D\u00eda de los Padres prepar\u00e1ndole la comida favorita a ese ser tan especial, con productos buenos, bonitos y baratos del Inespre\u201d, expres\u00f3 el funcionario.<\/p>\n\n\n\n<p>Entre los productos que ser\u00e1n comercializados en la feria est\u00e1n guine\u00edtos a 1 peso, pl\u00e1tanos a 3, cart\u00f3n de huevos de 30 unidades a 125 pesos, pollo entero congelado a 150 pesos, arroz selecto paquete de 10 libras a 200 pesos; el saco de 25 libras a 500; la funda de habichuelas rojas de 800 gramos a 25 pesos.<\/p>\n\n\n\n<p>Tambi\u00e9n ser\u00e1n vendidos en oferta piernas de cerdo a RD$750 la unidad, chuleta entera a 800 pesos, jamonetas de 1.5 libras a 100 pesos, salami popular a $75, salami argentino a $75 la libra, espaguetis a 30,<\/p>\n\n\n\n<p>&nbsp;aceite de 16 onza a $75 y el medio gal\u00f3n a 300 pesos; ajo a 85 pesos la libra y cebolla roja de malla de 2.5 libras a 60 pesos; as\u00ed como vegetales, v\u00edveres, carnes de res y cerdo, embutidos, entre otros.<\/p>\n\n\n\n<p>Asimismo, el Inespre ofertar\u00e1 un combo de 15 productos de la canasta b\u00e1sica a tan s\u00f3lo 650 pesos y otro de sazones a 200. Esta feria cuenta con el apoyo de la Presidencia de la Rep\u00fablica y los detalles est\u00e1n disponibles en las redes sociales @inesprerd.<\/p>\n","protected":false},"excerpt":{"rendered":"<p>Ser\u00e1n vendidos pl\u00e1tanos a 3 pesos, guine\u00edtos a 1, pollo a 150, cart\u00f3n de huevo a 125 y arroz a 20 la libra. El Instituto de Estabilizaci\u00f3n de Precios realizar\u00e1&hellip;<\/p>\n","protected":false},"author":2,"featured_media":55930,"comment_status":"open","ping_status":"open","sticky":false,"template":"","format":"standard","meta":{"content-type":"","jetpack_post_was_ever_published":false,"_jetpack_newsletter_access":"","_jetpack_dont_email_post_to_subs":false,"_jetpack_newsletter_tier_id":0,"_jetpack_memberships_contains_paywalled_content":false,"_jetpack_memberships_contains_paid_content":false,"footnotes":""},"categories":[39,25],"tags":[5376,5375,1570],"class_list":["post-55929","post","type-post","status-publish","format-standard","has-post-thumbnail","hentry","category-economia","category-portada","tag-gran-feria","tag-inespre-esta-padrisimo","tag-santo-domingo-este"],"jetpack_featured_media_url":"https:\/\/lasprimeras.com.do\/wp-content\/uploads\/2023\/07\/INESPRE-1.jpg","jetpack-related-posts":[{"id":56267,"url":"https:\/\/lasprimeras.com.do\/index.php\/2023\/07\/30\/miles-de-personas-se-beneficiaron-de-la-feria-inespre-esta-padrisimo-en-santo-domingo-este\/","url_meta":{"origin":55929,"position":0},"title":"Miles de personas se beneficiaron de la feria \u201cInespre Est\u00e1 Padr\u00edsimo\u201d en Santo Domingo Este","author":"Nelson Feliz","date":"30 de julio de 2023","format":false,"excerpt":"Hubo animaci\u00f3n, concursos y rifas de alimentos para gran parte de los padres participantes. Miles de personas aprovecharon las grandes ofertas de alimentos en la feria \u201cInespre Est\u00e1 Padr\u00edsimo\u201d realizada en el parqueo del Club de los Billeteros en Santo Domingo Este durante dos d\u00edas, con motivo del D\u00eda de\u2026","rel":"","context":"En \u00abECONOM\u00cdA\u00bb","block_context":{"text":"ECONOM\u00cdA","link":"https:\/\/lasprimeras.com.do\/index.php\/category\/economia\/"},"img":{"alt_text":"Iv\u00e1n Hern\u00e1ndez Guzm\u00e1n","src":"https:\/\/i0.wp.com\/lasprimeras.com.do\/wp-content\/uploads\/2023\/07\/Inespre-3.jpg?resize=350%2C200&ssl=1","width":350,"height":200,"srcset":"https:\/\/i0.wp.com\/lasprimeras.com.do\/wp-content\/uploads\/2023\/07\/Inespre-3.jpg?resize=350%2C200&ssl=1 1x, https:\/\/i0.wp.com\/lasprimeras.com.do\/wp-content\/uploads\/2023\/07\/Inespre-3.jpg?resize=525%2C300&ssl=1 1.5x, https:\/\/i0.wp.com\/lasprimeras.com.do\/wp-content\/uploads\/2023\/07\/Inespre-3.jpg?resize=700%2C400&ssl=1 2x"},"classes":[]},{"id":91690,"url":"https:\/\/lasprimeras.com.do\/index.php\/2024\/12\/01\/inespre-beneficia-a-mas-de-70-mil-personas-en-feria-la-navidad-del-cambio-en-azua\/","url_meta":{"origin":55929,"position":1},"title":"Inespre beneficia a m\u00e1s de 70 mil personas en Feria \u201cLa Navidad del Cambio\u201d en Azua","author":"Nelson Feliz","date":"1 de diciembre de 2024","format":false,"excerpt":"M\u00e1s de 70 mil personas de la regi\u00f3n sur del pa\u00eds fueron beneficiadas con ventas de alimentos a bajos costos a trav\u00e9s de la Feria Navidad del Cambio con el Inespre que se llev\u00f3 a cabo este fin de semana en el Polideportivo de Azua, seg\u00fan inform\u00f3 la instituci\u00f3n. Fueron\u2026","rel":"","context":"En \u00abECONOM\u00cdA\u00bb","block_context":{"text":"ECONOM\u00cdA","link":"https:\/\/lasprimeras.com.do\/index.php\/category\/economia\/"},"img":{"alt_text":"","src":"https:\/\/i0.wp.com\/lasprimeras.com.do\/wp-content\/uploads\/2024\/12\/inespre.jpg?resize=350%2C200&ssl=1","width":350,"height":200,"srcset":"https:\/\/i0.wp.com\/lasprimeras.com.do\/wp-content\/uploads\/2024\/12\/inespre.jpg?resize=350%2C200&ssl=1 1x, https:\/\/i0.wp.com\/lasprimeras.com.do\/wp-content\/uploads\/2024\/12\/inespre.jpg?resize=525%2C300&ssl=1 1.5x, https:\/\/i0.wp.com\/lasprimeras.com.do\/wp-content\/uploads\/2024\/12\/inespre.jpg?resize=700%2C400&ssl=1 2x"},"classes":[]},{"id":48872,"url":"https:\/\/lasprimeras.com.do\/index.php\/2023\/05\/04\/inespre-inicia-este-fin-de-semana-cinco-grandes-ferias-para-las-madres\/","url_meta":{"origin":55929,"position":2},"title":"Inespre inicia este fin de semana cinco grandes ferias para las madres","author":"prenxa100","date":"4 de mayo de 2023","format":false,"excerpt":"Las ferias iniciar\u00e1n en San Crist\u00f3bal de 9 de la ma\u00f1ana a 6 de la tarde SANTO DOMINGO. \u2013 El Instituto de Estabilizaci\u00f3n de Precios (Inespre) iniciar\u00e1 este fin de semana cinco grandes Ferias Agropecuarias llamadas \"Inespre Est\u00e1 de Madre\", qu\u00e9 ser\u00e1n realizadas todos los fines de semana de mayo\u2026","rel":"","context":"En \u00abECONOM\u00cdA\u00bb","block_context":{"text":"ECONOM\u00cdA","link":"https:\/\/lasprimeras.com.do\/index.php\/category\/economia\/"},"img":{"alt_text":"","src":"","width":0,"height":0},"classes":[]},{"id":91967,"url":"https:\/\/lasprimeras.com.do\/index.php\/2024\/12\/08\/mas-82-mil-personas-aprovechan-ofertas-en-feria-navidad-del-cambio-en-san-cristobal\/","url_meta":{"origin":55929,"position":3},"title":"M\u00e1s 82 mil personas aprovechan ofertas en Feria Navidad del Cambio en San Crist\u00f3bal","author":"Nelson Feliz","date":"8 de diciembre de 2024","format":false,"excerpt":"M\u00e1s de 50 variedad de productos y dos combos especiales fueron vendidos en la feria \u201cNavidad del Cambio con el Inespre 2024\u201d, realizada este fin de semana en el Estadio Tem\u00edstocles Metz de San Crist\u00f3bal por disposici\u00f3n de la Presidencia de la Rep\u00fablica. Las ventas fueron supervisadas por el director\u2026","rel":"","context":"En \u00abECONOM\u00cdA\u00bb","block_context":{"text":"ECONOM\u00cdA","link":"https:\/\/lasprimeras.com.do\/index.php\/category\/economia\/"},"img":{"alt_text":"","src":"https:\/\/i0.wp.com\/lasprimeras.com.do\/wp-content\/uploads\/2024\/12\/INESPRE-1.jpg?resize=350%2C200&ssl=1","width":350,"height":200,"srcset":"https:\/\/i0.wp.com\/lasprimeras.com.do\/wp-content\/uploads\/2024\/12\/INESPRE-1.jpg?resize=350%2C200&ssl=1 1x, https:\/\/i0.wp.com\/lasprimeras.com.do\/wp-content\/uploads\/2024\/12\/INESPRE-1.jpg?resize=525%2C300&ssl=1 1.5x, https:\/\/i0.wp.com\/lasprimeras.com.do\/wp-content\/uploads\/2024\/12\/INESPRE-1.jpg?resize=700%2C400&ssl=1 2x"},"classes":[]},{"id":50986,"url":"https:\/\/lasprimeras.com.do\/index.php\/2023\/05\/25\/inicia-con-exito-feria-inespre-esta-de-madre-en-la-ciudad-ganadera\/","url_meta":{"origin":55929,"position":4},"title":"Inicia con \u00e9xito feria \u201cInespre est\u00e1 de Madre\u201d en la Ciudad Ganadera","author":"prenxa100","date":"25 de mayo de 2023","format":false,"excerpt":"El organismo tendr\u00e1 disponible grandes ofertas el jueves 25, viernes 26 y s\u00e1bado 27 de mayo SANTO DOMINGO.- El Instituto de Estabilizaci\u00f3n de Precios inici\u00f3 con \u00e9xito la feria \u00abInespre Est\u00e1 de Madre\u00bb en el pabell\u00f3n II de la Ciudad Ganadera, desde las 9 des ma\u00f1ana hasta las 6 de\u2026","rel":"","context":"En \u00abECONOM\u00cdA\u00bb","block_context":{"text":"ECONOM\u00cdA","link":"https:\/\/lasprimeras.com.do\/index.php\/category\/economia\/"},"img":{"alt_text":"","src":"","width":0,"height":0},"classes":[]},{"id":49745,"url":"https:\/\/lasprimeras.com.do\/index.php\/2023\/05\/14\/mas-de-45-mil-personas-se-benefician-con-las-ferias-inespre-esta-de-madre-en-santiago-y-san-cristobal\/","url_meta":{"origin":55929,"position":5},"title":"M\u00e1s de 45 mil personas se benefician con las ferias \u201cInespre Est\u00e1 de Madre\u201d en Santiago y San Crist\u00f3bal","author":"prenxa100","date":"14 de mayo de 2023","format":false,"excerpt":"Iv\u00e1n Hern\u00e1ndez Guzm\u00e1n anuncia el relanzamiento del programa \u201cCompra a Precio de INESPRE en el Supermercado\u201d SANTIAGO, RD. M\u00e1s de 45 mil personas se han beneficiado comprando productos a bajos costos en las ferias \u201cInespre Est\u00e1 de Madre\u201d realizadas en Santiago y San Crist\u00f3bal. As\u00ed lo inform\u00f3 el director del\u2026","rel":"","context":"En \u00abECONOM\u00cdA\u00bb","block_context":{"text":"ECONOM\u00cdA","link":"https:\/\/lasprimeras.com.do\/index.php\/category\/economia\/"},"img":{"alt_text":"","src":"","width":0,"height":0},"classes":[]}],"jetpack_sharing_enabled":true,"_links":{"self":[{"href":"https:\/\/lasprimeras.com.do\/index.php\/wp-json\/wp\/v2\/posts\/55929","targetHints":{"allow":["GET"]}}],"collection":[{"href":"https:\/\/lasprimeras.com.do\/index.php\/wp-json\/wp\/v2\/posts"}],"about":[{"href":"https:\/\/lasprimeras.com.do\/index.php\/wp-json\/wp\/v2\/types\/post"}],"author":[{"embeddable":true,"href":"https:\/\/lasprimeras.com.do\/index.php\/wp-json\/wp\/v2\/users\/2"}],"replies":[{"embeddable":true,"href":"https:\/\/lasprimeras.com.do\/index.php\/wp-json\/wp\/v2\/comments?post=55929"}],"version-history":[{"count":1,"href":"https:\/\/lasprimeras.com.do\/index.php\/wp-json\/wp\/v2\/posts\/55929\/revisions"}],"predecessor-version":[{"id":55931,"href":"https:\/\/lasprimeras.com.do\/index.php\/wp-json\/wp\/v2\/posts\/55929\/revisions\/55931"}],"wp:featuredmedia":[{"embeddable":true,"href":"https:\/\/lasprimeras.com.do\/index.php\/wp-json\/wp\/v2\/media\/55930"}],"wp:attachment":[{"href":"https:\/\/lasprimeras.com.do\/index.php\/wp-json\/wp\/v2\/media?parent=55929"}],"wp:term":[{"taxonomy":"category","embeddable":true,"href":"https:\/\/lasprimeras.com.do\/index.php\/wp-json\/wp\/v2\/categories?post=55929"},{"taxonomy":"post_tag","embeddable":true,"href":"https:\/\/lasprimeras.com.do\/index.php\/wp-json\/wp\/v2\/tags?post=55929"}],"curies":[{"name":"wp","href":"https:\/\/api.w.org\/{rel}","templated":true}]}}