{"id":55937,"date":"2023-07-26T21:01:44","date_gmt":"2023-07-27T01:01:44","guid":{"rendered":"https:\/\/lasprimeras.com.do\/?p=55937"},"modified":"2023-07-26T21:01:46","modified_gmt":"2023-07-27T01:01:46","slug":"autoridades-de-mexico-y-eeuu-ven-necesario-dar-soluciones-humanas-y-legales-a-migracion","status":"publish","type":"post","link":"https:\/\/lasprimeras.com.do\/index.php\/2023\/07\/26\/autoridades-de-mexico-y-eeuu-ven-necesario-dar-soluciones-humanas-y-legales-a-migracion\/","title":{"rendered":"Autoridades de M\u00e9xico y EEUU ven necesario dar soluciones humanas y legales a migraci\u00f3n"},"content":{"rendered":"\n<p>Autoridades de M\u00e9xico y Estados Unidos se reunieron este mi\u00e9rcoles en la mexicana Ciudad Ju\u00e1rez para abordar el tema migratorio y buscar soluciones humanas y legales a esta problem\u00e1tica.<\/p>\n\n\n\n<p>La reuni\u00f3n fue encabezada por Richard Verma, subsecretario de Estado de Gesti\u00f3n y Recursos de Estados Unidos, el embajador de ese pa\u00eds en M\u00e9xico, Ken Salazar, el c\u00f3nsul Eric Cohan, la gobernadora de Chihuahua, Mar\u00eda Eugenia Campos Galv\u00e1n, el alcalde de El Paso, Texas, Oscar Leeser entre otros funcionarios y activistas.<\/p>\n\n\n\n<p>En el encuentro, Verma record\u00f3 que en el mundo hay cerca de 100 millones de personas en movilidad y, de ellos, 20 millones est\u00e1n intentando entrar a Estados Unidos a lo largo de la frontera con M\u00e9xico, por lo que, dijo, \u201ces necesario buscar soluciones humanas y legales\u201d a esta problem\u00e1tica.<\/p>\n\n\n\n<p>Verma se\u00f1al\u00f3 que la relaci\u00f3n con M\u00e9xico es una de las \u201cm\u00e1s importantes en el mundo\u201d y afirm\u00f3 que por ello \u201csuceden muchas cosas buenas entre ambos pa\u00edses\u201d<\/p>\n\n\n\n<p>Apunt\u00f3 que Estados Unidos aumentar\u00e1 el presupuesto de 4 hasta 40 millones de d\u00f3lares (36 millones de euros al cambio de hoy) para apoyar a los pa\u00edses expulsores de migrantes, como una forma de controlar el fen\u00f3meno.<\/p>\n\n\n\n<p>Adem\u00e1s, se\u00f1al\u00f3 que una forma de parar este fen\u00f3meno es la colocaci\u00f3n de oficinas de procesamiento para refugiados en pa\u00edses como Guatemala, Costa Rica, Colombia y est\u00e1n analizando la posibilidad de poder procesar desde M\u00e9xico las solicitudes de ciudadanos de Cuba, Nicaragua y Venezuela.<\/p>\n\n\n\n<p>Asimismo, se\u00f1al\u00f3 que ante la movilidad provocada por guerras, violencia, cambio clim\u00e1tico y econom\u00eda, est\u00e1n buscando acuerdos con diferentes herramientas.<\/p>\n\n\n\n<p>Agreg\u00f3 que los traficantes de personas y de drogas son un blanco com\u00fan para las autoridades de ambos pa\u00edses y tambi\u00e9n habl\u00f3 de planes a largo plazo para crear una frontera segura y moderna.<\/p>\n\n\n\n<p>\u201cEstamos aqu\u00ed para demostrar nuestro compromiso con esta relaci\u00f3n entre los pa\u00edses estoy orgulloso\u201d, dijo Verma, quien tambi\u00e9n habl\u00f3 de que se requieren estrategias para frenar el flujo de fentanilo hacia el norte y de armas hacia el sur.<\/p>\n\n\n\n<p>En su intervenci\u00f3n, Campos asever\u00f3 que \u201cesta mesa representa la colaboraci\u00f3n entre ambos pa\u00edses que tenemos los mismos intereses para darles mejor calidad de vidas familias en la frontera\u201d, dijo.<\/p>\n\n\n\n<p>La reuni\u00f3n se da en medio del panorama que se vive en las fronteras de M\u00e9xico tras la expiraci\u00f3n el 11 de mayo pasado del T\u00edtulo 42 de Estados Unidos, una medida que expulsaba de manera inmediata a migrantes con el argumento de la pandemia, reemplazada ahora con el T\u00edtulo 8 y mayores restricciones al asilo legal.<\/p>\n\n\n\n<p>La regi\u00f3n afronta un in\u00e9dito flujo migratorio, con m\u00e1s de 2,76 millones de indocumentados interceptados por Estados Unidos en la frontera con M\u00e9xico en el a\u00f1o fiscal 2022.<\/p>\n\n\n\n<p>Agencia EFE<\/p>\n","protected":false},"excerpt":{"rendered":"<p>Autoridades de M\u00e9xico y Estados Unidos se reunieron este mi\u00e9rcoles en la mexicana Ciudad Ju\u00e1rez para abordar el tema migratorio y buscar soluciones humanas y legales a esta problem\u00e1tica. La&hellip;<\/p>\n","protected":false},"author":2,"featured_media":55938,"comment_status":"open","ping_status":"open","sticky":false,"template":"","format":"standard","meta":{"content-type":"","jetpack_post_was_ever_published":false,"_jetpack_newsletter_access":"","_jetpack_dont_email_post_to_subs":false,"_jetpack_newsletter_tier_id":0,"_jetpack_memberships_contains_paywalled_content":false,"_jetpack_memberships_contains_paid_content":false,"footnotes":""},"categories":[1],"tags":[949,979,5380,3511,906,930,2447],"class_list":["post-55937","post","type-post","status-publish","format-standard","has-post-thumbnail","hentry","category-sin-categoria","tag-autoridades","tag-eeuu","tag-humanas","tag-legales","tag-mexico","tag-migracion","tag-soluciones"],"jetpack_featured_media_url":"https:\/\/lasprimeras.com.do\/wp-content\/uploads\/2023\/07\/inmigrantes.jpg","jetpack-related-posts":[{"id":62630,"url":"https:\/\/lasprimeras.com.do\/index.php\/2023\/10\/06\/eeuu-reanudara-repatriaciones-directas-migrantes-venezolanos\/","url_meta":{"origin":55937,"position":0},"title":"EEUU reanudar\u00e1 repatriaciones directas migrantes venezolanos","author":"BIMARY DE JES\u00daS Matos","date":"6 de octubre de 2023","format":false,"excerpt":"WASHINGTON.- El Departamento de Estado de Estados Unidos ha anunciado este jueves la reanudaci\u00f3n de las repatriaciones directas de migrantes venezolanos que hayan cruzado la frontera ilegalmente y que no hayan formalizado su situaci\u00f3n. \u00abDe acuerdo con nuestro compromiso de hacer cumplir nuestras leyes de inmigraci\u00f3n y de seguir reforzando\u2026","rel":"","context":"En \u00abSin categor\u00eda\u00bb","block_context":{"text":"Sin categor\u00eda","link":"https:\/\/lasprimeras.com.do\/index.php\/category\/sin-categoria\/"},"img":{"alt_text":"","src":"https:\/\/i0.wp.com\/lasprimeras.com.do\/wp-content\/uploads\/2023\/10\/WhatsApp-Image-2023-10-05-at-9.43.40-PM-4.jpeg?resize=350%2C200&ssl=1","width":350,"height":200,"srcset":"https:\/\/i0.wp.com\/lasprimeras.com.do\/wp-content\/uploads\/2023\/10\/WhatsApp-Image-2023-10-05-at-9.43.40-PM-4.jpeg?resize=350%2C200&ssl=1 1x, https:\/\/i0.wp.com\/lasprimeras.com.do\/wp-content\/uploads\/2023\/10\/WhatsApp-Image-2023-10-05-at-9.43.40-PM-4.jpeg?resize=525%2C300&ssl=1 1.5x, https:\/\/i0.wp.com\/lasprimeras.com.do\/wp-content\/uploads\/2023\/10\/WhatsApp-Image-2023-10-05-at-9.43.40-PM-4.jpeg?resize=700%2C400&ssl=1 2x"},"classes":[]},{"id":93081,"url":"https:\/\/lasprimeras.com.do\/index.php\/2025\/01\/24\/solicitantes-de-asilo-llegan-a-nuevos-extremos-en-mexico-tras-las-medidas-fronterizas-de-trump\/","url_meta":{"origin":55937,"position":1},"title":"Solicitantes de asilo llegan a nuevos extremos en M\u00e9xico tras las medidas fronterizas de Trump","author":"Nelson Feliz","date":"24 de enero de 2025","format":false,"excerpt":"POR MEGAN JANETSKY and EDGAR H. CLEMENTE ATOTONILCO DE TULA, M\u00e9xico (AP) \u2014 Cuando Dayana Castro se enter\u00f3 de que la cita para solicitar asilo en Estados Unidos por la que hab\u00eda esperado m\u00e1s de un a\u00f1o fue cancelada de un momento a otro, no lo dud\u00f3: se dirigir\u00eda al\u2026","rel":"","context":"En \u00abINTERNACIONALES\u00bb","block_context":{"text":"INTERNACIONALES","link":"https:\/\/lasprimeras.com.do\/index.php\/category\/sin-categoria\/internacionales\/"},"img":{"alt_text":"","src":"https:\/\/i0.wp.com\/lasprimeras.com.do\/wp-content\/uploads\/2025\/01\/tijuana.jpg?resize=350%2C200&ssl=1","width":350,"height":200,"srcset":"https:\/\/i0.wp.com\/lasprimeras.com.do\/wp-content\/uploads\/2025\/01\/tijuana.jpg?resize=350%2C200&ssl=1 1x, https:\/\/i0.wp.com\/lasprimeras.com.do\/wp-content\/uploads\/2025\/01\/tijuana.jpg?resize=525%2C300&ssl=1 1.5x, https:\/\/i0.wp.com\/lasprimeras.com.do\/wp-content\/uploads\/2025\/01\/tijuana.jpg?resize=700%2C400&ssl=1 2x"},"classes":[]},{"id":49674,"url":"https:\/\/lasprimeras.com.do\/index.php\/2023\/05\/13\/eeuu-pasa-pagina-en-sus-normas-migratorias-y-evita-el-caos-en-su-frontera-con-mexico\/","url_meta":{"origin":55937,"position":2},"title":"EEUU pasa p\u00e1gina en sus normas migratorias y evita el caos en su frontera con M\u00e9xico","author":"prenxa100","date":"13 de mayo de 2023","format":false,"excerpt":"El Paso, EEUU, AP.-.En su frontera con M\u00e9xico, Estados Unidos logr\u00f3 voltear con relativa calma la p\u00e1gina de las restricciones a la inmigraci\u00f3n impuestas durante la pandemia, mientras los migrantes se adaptan a las nuevas y estrictas normas destinadas a desalentar los cruces ilegales y esperan que se cumpla la\u2026","rel":"","context":"En \u00abSin categor\u00eda\u00bb","block_context":{"text":"Sin categor\u00eda","link":"https:\/\/lasprimeras.com.do\/index.php\/category\/sin-categoria\/"},"img":{"alt_text":"","src":"","width":0,"height":0},"classes":[]},{"id":61143,"url":"https:\/\/lasprimeras.com.do\/index.php\/2023\/09\/22\/con-cruces-entre-eeuu-y-mexico-cerrados-ciudades-y-agentes-afrontan-repunte-en-llegada-de-migrantes\/","url_meta":{"origin":55937,"position":3},"title":"Con cruces entre EEUU y M\u00e9xico cerrados, ciudades y agentes afrontan repunte en llegada de migrantes","author":"Nelson Feliz","date":"22 de septiembre de 2023","format":false,"excerpt":"El alcalde, Rolando Salinas, dijo que alrededor de 2.000 personas hab\u00edan cruzado el jueves, casi la mitad que en la v\u00edspera. Pero tras una reuni\u00f3n con la polic\u00eda estatal y agentes fronterizos, Salinas indic\u00f3 que se le dijo que las multitudes podr\u00edan seguir llegando durante el fin de semana. En\u2026","rel":"","context":"En \u00abSin categor\u00eda\u00bb","block_context":{"text":"Sin categor\u00eda","link":"https:\/\/lasprimeras.com.do\/index.php\/category\/sin-categoria\/"},"img":{"alt_text":"Migrantes forman una cadena humana para cruzar el R\u00edo Bravo desde M\u00e9xico a Estados Unidos, el 21 de septiembre de 2023, en Eagle Pass, Texas.AP","src":"https:\/\/i0.wp.com\/lasprimeras.com.do\/wp-content\/uploads\/2023\/09\/migrantes.jpeg?resize=350%2C200&ssl=1","width":350,"height":200,"srcset":"https:\/\/i0.wp.com\/lasprimeras.com.do\/wp-content\/uploads\/2023\/09\/migrantes.jpeg?resize=350%2C200&ssl=1 1x, https:\/\/i0.wp.com\/lasprimeras.com.do\/wp-content\/uploads\/2023\/09\/migrantes.jpeg?resize=525%2C300&ssl=1 1.5x, https:\/\/i0.wp.com\/lasprimeras.com.do\/wp-content\/uploads\/2023\/09\/migrantes.jpeg?resize=700%2C400&ssl=1 2x"},"classes":[]},{"id":67955,"url":"https:\/\/lasprimeras.com.do\/index.php\/2023\/11\/20\/donald-trump-arremete-contra-las-migraciones\/","url_meta":{"origin":55937,"position":4},"title":"Donald Trump arremete contra las migraciones","author":"BIMARY DE JES\u00daS Matos","date":"20 de noviembre de 2023","format":false,"excerpt":"EE.UU.-El expresidente estadounidense Donald Trump asegur\u00f3 ayer domingo desde Texas que si regresa a la Casa Blanca en 2024 \"tomar\u00e1 el control\" de la frontera de su pa\u00eds con M\u00e9xico, al tiempo que arremeti\u00f3 contra la migraci\u00f3n. Acompa\u00f1ado del gobernador Greg Abbott, quien respald\u00f3 su candidatura a la Casa Blanca,\u2026","rel":"","context":"En \u00abSin categor\u00eda\u00bb","block_context":{"text":"Sin categor\u00eda","link":"https:\/\/lasprimeras.com.do\/index.php\/category\/sin-categoria\/"},"img":{"alt_text":"","src":"https:\/\/i0.wp.com\/lasprimeras.com.do\/wp-content\/uploads\/2023\/11\/WhatsApp-Image-2023-11-20-at-12.59.20-PM-6.jpeg?resize=350%2C200&ssl=1","width":350,"height":200,"srcset":"https:\/\/i0.wp.com\/lasprimeras.com.do\/wp-content\/uploads\/2023\/11\/WhatsApp-Image-2023-11-20-at-12.59.20-PM-6.jpeg?resize=350%2C200&ssl=1 1x, https:\/\/i0.wp.com\/lasprimeras.com.do\/wp-content\/uploads\/2023\/11\/WhatsApp-Image-2023-11-20-at-12.59.20-PM-6.jpeg?resize=525%2C300&ssl=1 1.5x, https:\/\/i0.wp.com\/lasprimeras.com.do\/wp-content\/uploads\/2023\/11\/WhatsApp-Image-2023-11-20-at-12.59.20-PM-6.jpeg?resize=700%2C400&ssl=1 2x"},"classes":[]},{"id":58510,"url":"https:\/\/lasprimeras.com.do\/index.php\/2023\/08\/24\/biden-recibira-al-presidente-costarricense-rodrigo-chaves-en-la-casa-blanca\/","url_meta":{"origin":55937,"position":5},"title":"Biden recibir\u00e1 al presidente costarricense Rodrigo Chaves en la Casa Blanca","author":"Nelson Feliz","date":"24 de agosto de 2023","format":false,"excerpt":"El presidente estadounidense Joe Biden recibir\u00e1 el martes a su hom\u00f3logo costarricense Rodrigo Chaves en la Casa Blanca, luego de un acuerdo entre ambas naciones sobre posibles v\u00edas legales para los migrantes. La secretaria de Prensa de la Casa Blanca, Karine Jean-Pierre, dijo en un comunicado emitido el mi\u00e9rcoles que\u2026","rel":"","context":"En \u00abSin categor\u00eda\u00bb","block_context":{"text":"Sin categor\u00eda","link":"https:\/\/lasprimeras.com.do\/index.php\/category\/sin-categoria\/"},"img":{"alt_text":"Presidente de Costa Rica, Rodrigo ChavesAP FOTO","src":"https:\/\/i0.wp.com\/lasprimeras.com.do\/wp-content\/uploads\/2023\/08\/Rodrigo-Chaves.png?resize=350%2C200&ssl=1","width":350,"height":200,"srcset":"https:\/\/i0.wp.com\/lasprimeras.com.do\/wp-content\/uploads\/2023\/08\/Rodrigo-Chaves.png?resize=350%2C200&ssl=1 1x, https:\/\/i0.wp.com\/lasprimeras.com.do\/wp-content\/uploads\/2023\/08\/Rodrigo-Chaves.png?resize=525%2C300&ssl=1 1.5x, https:\/\/i0.wp.com\/lasprimeras.com.do\/wp-content\/uploads\/2023\/08\/Rodrigo-Chaves.png?resize=700%2C400&ssl=1 2x"},"classes":[]}],"jetpack_sharing_enabled":true,"_links":{"self":[{"href":"https:\/\/lasprimeras.com.do\/index.php\/wp-json\/wp\/v2\/posts\/55937","targetHints":{"allow":["GET"]}}],"collection":[{"href":"https:\/\/lasprimeras.com.do\/index.php\/wp-json\/wp\/v2\/posts"}],"about":[{"href":"https:\/\/lasprimeras.com.do\/index.php\/wp-json\/wp\/v2\/types\/post"}],"author":[{"embeddable":true,"href":"https:\/\/lasprimeras.com.do\/index.php\/wp-json\/wp\/v2\/users\/2"}],"replies":[{"embeddable":true,"href":"https:\/\/lasprimeras.com.do\/index.php\/wp-json\/wp\/v2\/comments?post=55937"}],"version-history":[{"count":1,"href":"https:\/\/lasprimeras.com.do\/index.php\/wp-json\/wp\/v2\/posts\/55937\/revisions"}],"predecessor-version":[{"id":55939,"href":"https:\/\/lasprimeras.com.do\/index.php\/wp-json\/wp\/v2\/posts\/55937\/revisions\/55939"}],"wp:featuredmedia":[{"embeddable":true,"href":"https:\/\/lasprimeras.com.do\/index.php\/wp-json\/wp\/v2\/media\/55938"}],"wp:attachment":[{"href":"https:\/\/lasprimeras.com.do\/index.php\/wp-json\/wp\/v2\/media?parent=55937"}],"wp:term":[{"taxonomy":"category","embeddable":true,"href":"https:\/\/lasprimeras.com.do\/index.php\/wp-json\/wp\/v2\/categories?post=55937"},{"taxonomy":"post_tag","embeddable":true,"href":"https:\/\/lasprimeras.com.do\/index.php\/wp-json\/wp\/v2\/tags?post=55937"}],"curies":[{"name":"wp","href":"https:\/\/api.w.org\/{rel}","templated":true}]}}