{"id":55946,"date":"2023-07-26T21:43:42","date_gmt":"2023-07-27T01:43:42","guid":{"rendered":"https:\/\/lasprimeras.com.do\/?p=55946"},"modified":"2023-07-26T21:43:43","modified_gmt":"2023-07-27T01:43:43","slug":"milagros-german-expresa-continuaremos-con-la-alegria-hecha-merengue","status":"publish","type":"post","link":"https:\/\/lasprimeras.com.do\/index.php\/2023\/07\/26\/milagros-german-expresa-continuaremos-con-la-alegria-hecha-merengue\/","title":{"rendered":"Milagros Germ\u00e1n expresa continuaremos con la alegr\u00eda hecha merengue"},"content":{"rendered":"\n<p>La ministra de Cultura, Milagros Germ\u00e1n, expres\u00f3 su orgullo por este gobierno que entiende que la identidad es tambi\u00e9n el compromiso y la responsabilidad de resguardar lo del pa\u00eds y reconocerlos, continuaremos con la alegr\u00eda hecha merengue.<\/p>\n\n\n\n<p>Germ\u00e1n expres\u00f3 que la misma bandera que el presidente Luis Abinader lleva en su pecho con tanto orgullo, es la que estos artistas y promotores de la esencia del pueblo, han defendido construyendo nuestra identidad.<\/p>\n\n\n\n<p>En tanto, el escritor y pol\u00edtico dominicano, Rafael Chaljub, dijo que este es un hecho sin precedentes porque que ning\u00fan gobernante en la historia del pa\u00eds hab\u00eda rendido un tributo tan alto a una m\u00fasica del pueblo, de ra\u00edz, como el merengue t\u00edpico.<\/p>\n\n\n\n<p>\u201cDe manera que yo creo que hoy estamos asistiendo a una p\u00e1gina dorada de la historia del arte popular y tal vez a la historia nacional\u201d.<\/p>\n\n\n\n<p>Chaljub indic\u00f3 que los m\u00fasicos siempre han pedido que se les escuche, se conozcan sus reclamos, se le preste atenci\u00f3n a sus aspiraciones e inquietudes, y que en la invitaci\u00f3n ser\u00eda un intercambio sencillo, cercano y franco como son las cosas de sus pueblos.<\/p>\n\n\n\n<p>A juicio del escritor este es un acto de valor del presidente Abinader que rompe la tradici\u00f3n y atreverse a conectar con el pueblo y casarse con la dominicanidad. &#8220;Yo te felicito muchacho valiente, yo lo felicito se\u00f1or presidente&#8221;.<\/p>\n\n\n\n<p>Asimismo, la cantante y productora Ivelisse Severino, agradeci\u00f3 al presidente Abinader por este reconocimiento a representantes del merengue t\u00edpico y por dedicar su tiempo para escucharlos y darles un mensaje de esperanza.<\/p>\n\n\n\n<p>A nombre de los artistas habl\u00f3 Juan Antonio Robles, quien expres\u00f3 su agradecimiento al presidente Abinader y dijo que siempre hab\u00edan so\u00f1ado con un momento como este y que es un momento para la historia porque solo el presidente se ha atrevido a convocar a este grupo de hombres y mujeres trabajadores y tomarlos en cuenta.<\/p>\n","protected":false},"excerpt":{"rendered":"<p>La ministra de Cultura, Milagros Germ\u00e1n, expres\u00f3 su orgullo por este gobierno que entiende que la identidad es tambi\u00e9n el compromiso y la responsabilidad de resguardar lo del pa\u00eds y&hellip;<\/p>\n","protected":false},"author":2,"featured_media":55947,"comment_status":"open","ping_status":"open","sticky":false,"template":"","format":"standard","meta":{"content-type":"","jetpack_post_was_ever_published":false,"_jetpack_newsletter_access":"","_jetpack_dont_email_post_to_subs":false,"_jetpack_newsletter_tier_id":0,"_jetpack_memberships_contains_paywalled_content":false,"_jetpack_memberships_contains_paid_content":false,"footnotes":""},"categories":[84],"tags":[5390,1835,5388,5389],"class_list":["post-55946","post","type-post","status-publish","format-standard","has-post-thumbnail","hentry","category-entretenimiento","tag-alegria","tag-cultura","tag-merengue","tag-milagros-german"],"jetpack_featured_media_url":"https:\/\/lasprimeras.com.do\/wp-content\/uploads\/2023\/07\/Luis-Abinader-y-Milagros-German.jpg","jetpack-related-posts":[{"id":57079,"url":"https:\/\/lasprimeras.com.do\/index.php\/2023\/08\/08\/milagros-german-destituye-a-pastor-de-moya-de-la-feria-del-libro-2023\/","url_meta":{"origin":55946,"position":0},"title":"Milagros Germ\u00e1n destituye a Pastor de Moya de la Feria del Libro 2023","author":"Nelson Feliz","date":"8 de agosto de 2023","format":false,"excerpt":"La ministra de Cultura asumir\u00e1 la organizaci\u00f3n de la XXV Feria Internacional del Libro de Santo Domingo 2023. El viceministro de Identidad Cultural y Ciudadan\u00eda, el escritor Ram\u00f3n Pastor de Moya, fue destituido de la organizaci\u00f3n de la XXV Feria Internacional del Libro de Santo Domingo 2023. La ministra de\u2026","rel":"","context":"En \u00abENTRETENIMIENTO\u00bb","block_context":{"text":"ENTRETENIMIENTO","link":"https:\/\/lasprimeras.com.do\/index.php\/category\/entretenimiento\/"},"img":{"alt_text":"Pastor de Moya","src":"https:\/\/i0.wp.com\/lasprimeras.com.do\/wp-content\/uploads\/2023\/08\/Pastor-de-Moya.jpg?resize=350%2C200&ssl=1","width":350,"height":200,"srcset":"https:\/\/i0.wp.com\/lasprimeras.com.do\/wp-content\/uploads\/2023\/08\/Pastor-de-Moya.jpg?resize=350%2C200&ssl=1 1x, https:\/\/i0.wp.com\/lasprimeras.com.do\/wp-content\/uploads\/2023\/08\/Pastor-de-Moya.jpg?resize=525%2C300&ssl=1 1.5x, https:\/\/i0.wp.com\/lasprimeras.com.do\/wp-content\/uploads\/2023\/08\/Pastor-de-Moya.jpg?resize=700%2C400&ssl=1 2x"},"classes":[]},{"id":92569,"url":"https:\/\/lasprimeras.com.do\/index.php\/2025\/01\/07\/milagros-german-renuncia-al-ministerio-de-cultura\/","url_meta":{"origin":55946,"position":1},"title":"Milagros Germ\u00e1n renuncia al Ministerio de Cultura","author":"Nelson Feliz","date":"7 de enero de 2025","format":false,"excerpt":"Milagros Germ\u00e1n renunci\u00f3 al cargo de ministra de Cultura de la Rep\u00fablica Dominicana y anunci\u00f3 que retomar\u00e1 su labor de comunicadora, dicha renuncia ser\u00e1 efectiva a partir del 15 de enero. Aunque no especific\u00f3 los motivos de su decisi\u00f3n trascendi\u00f3 que uno de ellos es retomar de lleno sus labores\u2026","rel":"","context":"En \u00abNACIONALES\u00bb","block_context":{"text":"NACIONALES","link":"https:\/\/lasprimeras.com.do\/index.php\/category\/nacionales\/"},"img":{"alt_text":"Milagros Germ\u00e1n","src":"https:\/\/i0.wp.com\/lasprimeras.com.do\/wp-content\/uploads\/2025\/01\/Milagros-German.jpg?resize=350%2C200&ssl=1","width":350,"height":200,"srcset":"https:\/\/i0.wp.com\/lasprimeras.com.do\/wp-content\/uploads\/2025\/01\/Milagros-German.jpg?resize=350%2C200&ssl=1 1x, https:\/\/i0.wp.com\/lasprimeras.com.do\/wp-content\/uploads\/2025\/01\/Milagros-German.jpg?resize=525%2C300&ssl=1 1.5x, https:\/\/i0.wp.com\/lasprimeras.com.do\/wp-content\/uploads\/2025\/01\/Milagros-German.jpg?resize=700%2C400&ssl=1 2x"},"classes":[]},{"id":99369,"url":"https:\/\/lasprimeras.com.do\/index.php\/2025\/05\/20\/claudia-perez-la-tora-pide-disculpa-a-faride-y-milagros-german-por-su-hija\/","url_meta":{"origin":55946,"position":2},"title":"Claudia P\u00e9rez (La Tora) pide disculpa a Faride y Milagros Germ\u00e1n por su hija","author":"Nelson Feliz","date":"20 de mayo de 2025","format":false,"excerpt":"La comunicadora Claudia P\u00e9rez (La Tora) se disculp\u00f3 con la ministra de Interior y Polic\u00eda, Faride Raful, y la exministra de Cultura, Milagros Germ\u00e1n, por recientes rumores emitidos por su hija Ingrid Jorge. Lo hizo en una entrevista en el programa El Control de la Noche, en la que reconoci\u00f3\u2026","rel":"","context":"En \u00abNACIONALES\u00bb","block_context":{"text":"NACIONALES","link":"https:\/\/lasprimeras.com.do\/index.php\/category\/nacionales\/"},"img":{"alt_text":"","src":"https:\/\/i0.wp.com\/img.youtube.com\/vi\/iL1tcCZucyY\/0.jpg?resize=350%2C200","width":350,"height":200},"classes":[]},{"id":64224,"url":"https:\/\/lasprimeras.com.do\/index.php\/2023\/10\/18\/republica-dominicana-buscara-record-guinness-para-el-sancocho-mas-grande-de-la-historia\/","url_meta":{"origin":55946,"position":3},"title":"Rep\u00fablica Dominicana buscar\u00e1 r\u00e9cord Guinness para el sancocho m\u00e1s grande de la historia","author":"Nelson Feliz","date":"18 de octubre de 2023","format":false,"excerpt":"El Flavor Fusi\u00f3n Fest se llevar\u00e1 a cabo el 25 de noviembre en el parque Mirador del Este. La Rep\u00fablica Dominicana buscar\u00e1 establecer el r\u00e9cord Guinness del sancocho dominicano m\u00e1s grande de la historia, durante la celebraci\u00f3n del Flavor Fusion Fest, que ser\u00e1 realizado el s\u00e1bado 25 de noviembre, en\u2026","rel":"","context":"En \u00abTURISMO\u00bb","block_context":{"text":"TURISMO","link":"https:\/\/lasprimeras.com.do\/index.php\/category\/turismo\/"},"img":{"alt_text":"R\u00e9cord Guinness","src":"https:\/\/i0.wp.com\/lasprimeras.com.do\/wp-content\/uploads\/2023\/10\/Record-Guinness.jpg?resize=350%2C200&ssl=1","width":350,"height":200,"srcset":"https:\/\/i0.wp.com\/lasprimeras.com.do\/wp-content\/uploads\/2023\/10\/Record-Guinness.jpg?resize=350%2C200&ssl=1 1x, https:\/\/i0.wp.com\/lasprimeras.com.do\/wp-content\/uploads\/2023\/10\/Record-Guinness.jpg?resize=525%2C300&ssl=1 1.5x, https:\/\/i0.wp.com\/lasprimeras.com.do\/wp-content\/uploads\/2023\/10\/Record-Guinness.jpg?resize=700%2C400&ssl=1 2x"},"classes":[]},{"id":116003,"url":"https:\/\/lasprimeras.com.do\/index.php\/2025\/11\/26\/ministerio-de-cultura-inmortaliza-a-seis-iconos-del-merengue-en-galeria-permanente\/","url_meta":{"origin":55946,"position":4},"title":"Ministerio de Cultura inmortaliza a seis \u00edconos del merengue en galer\u00eda permanente","author":"Nelson Feliz","date":"26 de noviembre de 2025","format":false,"excerpt":"El homenaje, con motivo de la celebraci\u00f3n del D\u00eda Nacional del Merengue, fue encabezado por el ministro Roberto \u00c1ngel Salcedo. En el marco de la celebraci\u00f3n del D\u00eda Nacional del Merengue, el Ministerio de Cultura rindi\u00f3 homenaje a seis destacadas figuras de la m\u00fasica dominicana con la incorporaci\u00f3n de sus\u2026","rel":"","context":"En \u00abENTRETENIMIENTO\u00bb","block_context":{"text":"ENTRETENIMIENTO","link":"https:\/\/lasprimeras.com.do\/index.php\/category\/entretenimiento\/"},"img":{"alt_text":"","src":"https:\/\/i0.wp.com\/lasprimeras.com.do\/wp-content\/uploads\/2025\/11\/Roberto-Angel-Salcedo-1.jpg?resize=350%2C200&ssl=1","width":350,"height":200,"srcset":"https:\/\/i0.wp.com\/lasprimeras.com.do\/wp-content\/uploads\/2025\/11\/Roberto-Angel-Salcedo-1.jpg?resize=350%2C200&ssl=1 1x, https:\/\/i0.wp.com\/lasprimeras.com.do\/wp-content\/uploads\/2025\/11\/Roberto-Angel-Salcedo-1.jpg?resize=525%2C300&ssl=1 1.5x, https:\/\/i0.wp.com\/lasprimeras.com.do\/wp-content\/uploads\/2025\/11\/Roberto-Angel-Salcedo-1.jpg?resize=700%2C400&ssl=1 2x"},"classes":[]},{"id":111225,"url":"https:\/\/lasprimeras.com.do\/index.php\/2025\/10\/06\/leonardo-aguilera-resalta-la-hospitalidad-dominicana-que-atrae-a-los-visitantes-extranjeros\/","url_meta":{"origin":55946,"position":5},"title":"Leonardo Aguilera resalta la hospitalidad dominicana que atrae a los visitantes extranjeros","author":"Nelson Feliz","date":"6 de octubre de 2025","format":false,"excerpt":"El presidente ejecutivo del Banco de Reservas, doctor Leonardo Aguilera, destac\u00f3 la hospitalidad del pueblo dominicano hacia los visitantes extranjeros que hace que se sientan como hermanos. Dijo, adem\u00e1s, que la alegr\u00eda del dominicano, el merengue y la bachata han contagiado a gran parte del mundo, por lo que cada\u2026","rel":"","context":"En \u00abECONOM\u00cdA\u00bb","block_context":{"text":"ECONOM\u00cdA","link":"https:\/\/lasprimeras.com.do\/index.php\/category\/economia\/"},"img":{"alt_text":"Leonardo Aguilera","src":"https:\/\/i0.wp.com\/lasprimeras.com.do\/wp-content\/uploads\/2025\/10\/Leonardo-Aguilera.jpg?resize=350%2C200&ssl=1","width":350,"height":200,"srcset":"https:\/\/i0.wp.com\/lasprimeras.com.do\/wp-content\/uploads\/2025\/10\/Leonardo-Aguilera.jpg?resize=350%2C200&ssl=1 1x, https:\/\/i0.wp.com\/lasprimeras.com.do\/wp-content\/uploads\/2025\/10\/Leonardo-Aguilera.jpg?resize=525%2C300&ssl=1 1.5x, https:\/\/i0.wp.com\/lasprimeras.com.do\/wp-content\/uploads\/2025\/10\/Leonardo-Aguilera.jpg?resize=700%2C400&ssl=1 2x"},"classes":[]}],"jetpack_sharing_enabled":true,"_links":{"self":[{"href":"https:\/\/lasprimeras.com.do\/index.php\/wp-json\/wp\/v2\/posts\/55946","targetHints":{"allow":["GET"]}}],"collection":[{"href":"https:\/\/lasprimeras.com.do\/index.php\/wp-json\/wp\/v2\/posts"}],"about":[{"href":"https:\/\/lasprimeras.com.do\/index.php\/wp-json\/wp\/v2\/types\/post"}],"author":[{"embeddable":true,"href":"https:\/\/lasprimeras.com.do\/index.php\/wp-json\/wp\/v2\/users\/2"}],"replies":[{"embeddable":true,"href":"https:\/\/lasprimeras.com.do\/index.php\/wp-json\/wp\/v2\/comments?post=55946"}],"version-history":[{"count":1,"href":"https:\/\/lasprimeras.com.do\/index.php\/wp-json\/wp\/v2\/posts\/55946\/revisions"}],"predecessor-version":[{"id":55948,"href":"https:\/\/lasprimeras.com.do\/index.php\/wp-json\/wp\/v2\/posts\/55946\/revisions\/55948"}],"wp:featuredmedia":[{"embeddable":true,"href":"https:\/\/lasprimeras.com.do\/index.php\/wp-json\/wp\/v2\/media\/55947"}],"wp:attachment":[{"href":"https:\/\/lasprimeras.com.do\/index.php\/wp-json\/wp\/v2\/media?parent=55946"}],"wp:term":[{"taxonomy":"category","embeddable":true,"href":"https:\/\/lasprimeras.com.do\/index.php\/wp-json\/wp\/v2\/categories?post=55946"},{"taxonomy":"post_tag","embeddable":true,"href":"https:\/\/lasprimeras.com.do\/index.php\/wp-json\/wp\/v2\/tags?post=55946"}],"curies":[{"name":"wp","href":"https:\/\/api.w.org\/{rel}","templated":true}]}}