{"id":55957,"date":"2023-07-26T22:18:50","date_gmt":"2023-07-27T02:18:50","guid":{"rendered":"https:\/\/lasprimeras.com.do\/?p=55957"},"modified":"2023-07-26T22:18:52","modified_gmt":"2023-07-27T02:18:52","slug":"jce-y-el-centro-cultural-banreservas-dejan-abierto-exposicion-100-anos-un-siglo-de-historia","status":"publish","type":"post","link":"https:\/\/lasprimeras.com.do\/index.php\/2023\/07\/26\/jce-y-el-centro-cultural-banreservas-dejan-abierto-exposicion-100-anos-un-siglo-de-historia\/","title":{"rendered":"JCE y el Centro Cultural Banreservas dejan abierto exposici\u00f3n \u201c100 a\u00f1os, \u00a1Un siglo de Historia!\u201d"},"content":{"rendered":"\n<p><strong>La exhibici\u00f3n es parte de las actividades que celebran el centenario del organismo electoral.<\/strong><\/p>\n\n\n\n<p>Por Martin Restituyo<\/p>\n\n\n\n<p>La Junta Central Electoral (JCE) y el Centro Cultural Banreservas dejaron abierta al p\u00fablico la exposici\u00f3n documental \u201c100 A\u00f1os, \u00a1Un siglo de historia!\u201d, evento cultural que forma parte de las actividades de conmemoraci\u00f3n del centenario del organismo electoral y del registro civil dominicano.<\/p>\n\n\n\n<p>Desde el 25 de julio hasta el 27 de agosto de 2023, el p\u00fablico en general podr\u00e1 disfrutar de esta exhibici\u00f3n en el Centro Cultural Banreservas, de lunes a viernes desde las 09:00 de la ma\u00f1ana hasta las 9:00 de la noche y los fines de semanas y feriados de 10:00 de la ma\u00f1ana a 7:00 de la noche.<\/p>\n\n\n\n<p>Durante el acto inaugural, el presidente de la JCE, Rom\u00e1n Andr\u00e9s J\u00e1quez Liranzo, acompa\u00f1ado de los miembros titulares del Pleno, Rafael Armando Vallejo Santelises, Dolores Altagracia Fern\u00e1ndez, Patricia Lorenzo Paniagua y Samir Chami Isa, as\u00ed como del subadministrador de Filiales del Banreservas, Francisco El\u00edas, manifest\u00f3 gran satisfacci\u00f3n por poder contar la historia en diferentes escenarios de la JCE.<\/p>\n\n\n\n<p>Record\u00f3 que la celebraci\u00f3n del centenario de la instituci\u00f3n inici\u00f3 el 12 abril de este a\u00f1o con una homil\u00eda y una audiencia solemne, donde la JCE estuvo acompa\u00f1ada por los representantes de las organizaciones pol\u00edticas y personalidades de diversos sectores sociales.<\/p>\n\n\n\n<p><strong>Se cuenta la historia de la JCE desde 1923 hasta el 2023<\/strong><\/p>\n\n\n\n<p>El presidente del \u00f3rgano electoral sostuvo que durante la exposici\u00f3n documental los visitantes podr\u00e1n apreciar una iconograf\u00eda con im\u00e1genes que abarcan desde 1923 al 2023 y podr\u00e1n valorar a trav\u00e9s de documentos hist\u00f3ricos los procesos electorales arbitrados por la JCE y concernientes al estado civil de las personas.<\/p>\n\n\n\n<p>Indic\u00f3 que en la Sala Ada Balc\u00e1cer del emblem\u00e1tico Centro Cultural Banreservas, se exhiben 71 im\u00e1genes divididas en seis espacios: primero, en el \u00c1mbito I &#8211; \u00abElecciones al inicio de la III Rep\u00fablica\u00bb; \u00e1mbito II- \u00abApertura del orden democr\u00e1tico y transici\u00f3n\u00bb; \u00e1mbito III- \u00abVotantes\u00bb; \u00e1mbito IV &#8211; \u00abContinuidad democr\u00e1tica\u00bb; \u00e1mbito V &#8211; \u00abCerrando un ciclo\u00bb Y \u00e1mbito VI- \u00abTransiciones pol\u00edticas\u00bb.<\/p>\n\n\n\n<p>J\u00e1quez Liranzo expres\u00f3 que la l\u00ednea del tiempo que acompa\u00f1a la exposici\u00f3n documental ha sido plasmada con un inter\u00e9s pedag\u00f3gico que pueda ser utilizado como un material de apoyo did\u00e1ctico, \u201cya que esperamos que esta exposici\u00f3n sea visitada por la juventud, en especial, por los nuevos votantes para los comicios del pr\u00f3ximo a\u00f1o 2024\u201d.<\/p>\n\n\n\n<p>Manifest\u00f3 que en la galer\u00eda se presenta tambi\u00e9n un cap\u00edtulo especial dedicado a la mujer, a su lucha por ser part\u00edcipe de la vida democr\u00e1tica, aquella primera vez en que obtuvo la condici\u00f3n de ciudadana, as\u00ed como tambi\u00e9n el primer sufragio femenino.<\/p>\n\n\n\n<p>\u201cEsto debe ser conocido no solo por todas las generaciones, en especial por las presentes, para que, a esta lucha por la paridad, la equidad y la justicia, en especial en el \u00e1mbito pol\u00edtico, se sumen m\u00e1s voces y, por ende, se fortalezca la misma\u201d, agreg\u00f3 J\u00e1quez Liranzo.<\/p>\n\n\n\n<p>Durante sus palabras en el acto inaugural, J\u00e1quez Liranzo salud\u00f3 y reconoci\u00f3 de manera especial a la magistrada Dolores Altagracia Fern\u00e1ndez en su condici\u00f3n de coordinadora de la exposici\u00f3n del Centenario, as\u00ed como tambi\u00e9n a Ylonka Nacidit-Perdomo, a quien describi\u00f3 como una de las principales responsables de reunir toda la informaci\u00f3n documental que estar\u00e1 expuesta en la galer\u00eda.<\/p>\n\n\n\n<p><strong>Personalidades presentes<\/strong><\/p>\n\n\n\n<p>Presentes en la actividad, adem\u00e1s del presidente del Pleno y los miembros titulares, los suplentes Vanah\u00ed Bello Dotel, Prado L\u00f3pez Cornielle, Freddy \u00c1ngel Castro D\u00edaz, Anibelca Rosario Rosario e Hirayda Fern\u00e1ndez Guzm\u00e1n.<\/p>\n\n\n\n<p>El secretario general, Sonne Beltr\u00e9 Ram\u00edrez, directores y directoras de la instituci\u00f3n.<\/p>\n\n\n\n<p>Asistieron el director general de Relaciones P\u00fablicas, Wilson Rodr\u00edguez junto a Mijail Peralta y otras autoridades del Centro Cultural Banreservas.<\/p>\n","protected":false},"excerpt":{"rendered":"<p>La exhibici\u00f3n es parte de las actividades que celebran el centenario del organismo electoral. Por Martin Restituyo La Junta Central Electoral (JCE) y el Centro Cultural Banreservas dejaron abierta al&hellip;<\/p>\n","protected":false},"author":2,"featured_media":55958,"comment_status":"open","ping_status":"open","sticky":false,"template":"","format":"standard","meta":{"content-type":"","jetpack_post_was_ever_published":false,"_jetpack_newsletter_access":"","_jetpack_dont_email_post_to_subs":false,"_jetpack_newsletter_tier_id":0,"_jetpack_memberships_contains_paywalled_content":false,"_jetpack_memberships_contains_paid_content":false,"footnotes":""},"categories":[84],"tags":[5397,726,743,644,1541,183,5398],"class_list":["post-55957","post","type-post","status-publish","format-standard","has-post-thumbnail","hentry","category-entretenimiento","tag-100-anos","tag-banreservas","tag-centro","tag-cultural","tag-exposicion","tag-jce","tag-un-siglo-de-historia"],"jetpack_featured_media_url":"https:\/\/lasprimeras.com.do\/wp-content\/uploads\/2023\/07\/Museo-11.jpeg","jetpack-related-posts":[{"id":127195,"url":"https:\/\/lasprimeras.com.do\/index.php\/2026\/04\/09\/centro-cultural-banreservas-y-la-fundacion-hnas-mirabal-inauguran-exposicion-inedita-de-minerva-mirabal\/","url_meta":{"origin":55957,"position":0},"title":"Centro Cultural Banreservas y la Fundaci\u00f3n Hnas. Mirabal inauguran exposici\u00f3n in\u00e9dita de Minerva Mirabal","author":"Nelson Feliz","date":"9 de abril de 2026","format":false,"excerpt":"Gladialisa Pereyra, gerente del Centro Cultural Banreservas Santiago; Karina Souffront, directora senior de Negocios Personales Banreservas Zona Norte; Manuel Tav\u00e1rez Mirabal, presidente de la Fundaci\u00f3n Hermanas Mirabal, y Minou Tav\u00e1rez Mirabal, en la inauguraci\u00f3n de la exposici\u00f3n \u201cUn siglo: la dimensi\u00f3n art\u00edstica de Minerva Mirabal\u201d.","rel":"","context":"En \u00abECONOM\u00cdA\u00bb","block_context":{"text":"ECONOM\u00cdA","link":"https:\/\/lasprimeras.com.do\/index.php\/category\/economia\/"},"img":{"alt_text":"Gladialisa Pereyra, gerente del Centro Cultural Banreservas Santiago; Karina Souffront, directora senior de Negocios Personales Banreservas Zona Norte; Manuel Tav\u00e1rez Mirabal, presidente de la Fundaci\u00f3n Hermanas Mirabal, y Minou Tav\u00e1rez Mirabal, en la inauguraci\u00f3n de la exposici\u00f3n \u201cUn siglo: la dimensi\u00f3n art\u00edstica de Minerva Mirabal\u201d.","src":"https:\/\/i0.wp.com\/lasprimeras.com.do\/wp-content\/uploads\/2026\/04\/Fundacion-Banreservas.jpg?resize=350%2C200&ssl=1","width":350,"height":200,"srcset":"https:\/\/i0.wp.com\/lasprimeras.com.do\/wp-content\/uploads\/2026\/04\/Fundacion-Banreservas.jpg?resize=350%2C200&ssl=1 1x, https:\/\/i0.wp.com\/lasprimeras.com.do\/wp-content\/uploads\/2026\/04\/Fundacion-Banreservas.jpg?resize=525%2C300&ssl=1 1.5x, https:\/\/i0.wp.com\/lasprimeras.com.do\/wp-content\/uploads\/2026\/04\/Fundacion-Banreservas.jpg?resize=700%2C400&ssl=1 2x"},"classes":[]},{"id":128190,"url":"https:\/\/lasprimeras.com.do\/index.php\/2026\/04\/20\/centro-cultural-banreservas-inaugura-exposicion-demasiado-no-es-suficiente-de-citlally-miranda\/","url_meta":{"origin":55957,"position":1},"title":"Centro Cultural Banreservas inaugura exposici\u00f3n &#8220;Demasiado no es suficiente&#8221; de Citlally Miranda","author":"Nelson Feliz","date":"20 de abril de 2026","format":false,"excerpt":"El Centro Cultural del Banco de Reservas inaugur\u00f3 la exposici\u00f3n Demasiado no es suficiente, de la artista dominicana radicada en Estados Unidos, Citlally Miranda, que estar\u00e1 abierta al p\u00fablico hasta el siete de junio. La muestra re\u00fane unas cuarenta obras en las que formas org\u00e1nicas y sint\u00e9ticas, abstractas y figurativas\u2026","rel":"","context":"En \u00abENTRETENIMIENTO\u00bb","block_context":{"text":"ENTRETENIMIENTO","link":"https:\/\/lasprimeras.com.do\/index.php\/category\/entretenimiento\/"},"img":{"alt_text":"Citlally Miranda","src":"https:\/\/i0.wp.com\/lasprimeras.com.do\/wp-content\/uploads\/2026\/04\/Citlally-Miranda.jpg?resize=350%2C200&ssl=1","width":350,"height":200,"srcset":"https:\/\/i0.wp.com\/lasprimeras.com.do\/wp-content\/uploads\/2026\/04\/Citlally-Miranda.jpg?resize=350%2C200&ssl=1 1x, https:\/\/i0.wp.com\/lasprimeras.com.do\/wp-content\/uploads\/2026\/04\/Citlally-Miranda.jpg?resize=525%2C300&ssl=1 1.5x, https:\/\/i0.wp.com\/lasprimeras.com.do\/wp-content\/uploads\/2026\/04\/Citlally-Miranda.jpg?resize=700%2C400&ssl=1 2x"},"classes":[]},{"id":110293,"url":"https:\/\/lasprimeras.com.do\/index.php\/2025\/09\/27\/centro-cultural-banreservas-inaugura-exposicionespacio-y-tiempo-en-homenaje-a-ada-balcacer\/","url_meta":{"origin":55957,"position":2},"title":"Centro Cultural Banreservas inaugura exposici\u00f3n\u201cEspacio y tiempo\u201d en homenaje a Ada Balc\u00e1cer","author":"Nelson Feliz","date":"27 de septiembre de 2025","format":false,"excerpt":"El Centro Cultural del Banco de Reservas inaugur\u00f3 la exposici\u00f3n \u2018\u2019Espacio y tiempo\u201d, en homenaje a la maestra de la pl\u00e1stica dominicana Ada Balc\u00e1cer, que permanecer\u00e1 abierta hasta el domingo cinco de octubre. La muestra re\u00fane 32 obras pict\u00f3ricas que recorren distintas etapas y tem\u00e1ticas de la artista, entre ellas:\u2026","rel":"","context":"En \u00abENTRETENIMIENTO\u00bb","block_context":{"text":"ENTRETENIMIENTO","link":"https:\/\/lasprimeras.com.do\/index.php\/category\/entretenimiento\/"},"img":{"alt_text":"","src":"https:\/\/i0.wp.com\/lasprimeras.com.do\/wp-content\/uploads\/2025\/09\/dos-4.jpg?resize=350%2C200&ssl=1","width":350,"height":200,"srcset":"https:\/\/i0.wp.com\/lasprimeras.com.do\/wp-content\/uploads\/2025\/09\/dos-4.jpg?resize=350%2C200&ssl=1 1x, https:\/\/i0.wp.com\/lasprimeras.com.do\/wp-content\/uploads\/2025\/09\/dos-4.jpg?resize=525%2C300&ssl=1 1.5x, https:\/\/i0.wp.com\/lasprimeras.com.do\/wp-content\/uploads\/2025\/09\/dos-4.jpg?resize=700%2C400&ssl=1 2x"},"classes":[]},{"id":116957,"url":"https:\/\/lasprimeras.com.do\/index.php\/2025\/12\/06\/centro-cultural-banreservas-santiago-inaugura-sus-primeras-exposiciones-con-obras-de-domingo-batista-y-artistas-cibaenos\/","url_meta":{"origin":55957,"position":3},"title":"Centro Cultural Banreservas Santiago inaugura sus primeras exposiciones con obras de Domingo Batista y artistas cibae\u00f1os","author":"Nelson Feliz","date":"6 de diciembre de 2025","format":false,"excerpt":"Las muestras est\u00e1n abiertas al p\u00fablico desde el 4 de diciembre hasta el mes de marzo y re\u00fanen diversas t\u00e9cnicas y formatos visuales. El Centro Cultural Banreservas Santiago inaugur\u00f3 sus primeras exposiciones: \u201cCaminos de luz, caminos de tierra\u201d, del maestro fot\u00f3grafo Domingo Batista; y \u201cCibae\u00f1os en la Colecci\u00f3n de Artes\u2026","rel":"","context":"En \u00abENTRETENIMIENTO\u00bb","block_context":{"text":"ENTRETENIMIENTO","link":"https:\/\/lasprimeras.com.do\/index.php\/category\/entretenimiento\/"},"img":{"alt_text":"","src":"https:\/\/i0.wp.com\/lasprimeras.com.do\/wp-content\/uploads\/2025\/12\/una.jpg?resize=350%2C200&ssl=1","width":350,"height":200,"srcset":"https:\/\/i0.wp.com\/lasprimeras.com.do\/wp-content\/uploads\/2025\/12\/una.jpg?resize=350%2C200&ssl=1 1x, https:\/\/i0.wp.com\/lasprimeras.com.do\/wp-content\/uploads\/2025\/12\/una.jpg?resize=525%2C300&ssl=1 1.5x, https:\/\/i0.wp.com\/lasprimeras.com.do\/wp-content\/uploads\/2025\/12\/una.jpg?resize=700%2C400&ssl=1 2x"},"classes":[]},{"id":110424,"url":"https:\/\/lasprimeras.com.do\/index.php\/2025\/09\/28\/centro-cultural-banreservas-presenta-en-la-feria-del-libro-un-intenso-programa-de-actividades\/","url_meta":{"origin":55957,"position":4},"title":"Centro Cultural Banreservas presenta en la Feria del Libro un intenso programa de actividades","author":"Nelson Feliz","date":"28 de septiembre de 2025","format":false,"excerpt":"El Centro Cultural Banreservas desarrollar\u00e1 desde este domingo en la XXVII Feria Internacional del Libro un amplio programa de actividades para ni\u00f1os y adultos, que incluye la presentaci\u00f3n de un libro, una exposici\u00f3n art\u00edstica, cuentacuentos, charlas y conversatorios sobre diversos temas. Las actividades abarcar\u00e1n distintos horarios y tendr\u00e1n lugar en\u2026","rel":"","context":"En \u00abENTRETENIMIENTO\u00bb","block_context":{"text":"ENTRETENIMIENTO","link":"https:\/\/lasprimeras.com.do\/index.php\/category\/entretenimiento\/"},"img":{"alt_text":"","src":"https:\/\/i0.wp.com\/lasprimeras.com.do\/wp-content\/uploads\/2025\/09\/banreservas-3.jpg?resize=350%2C200&ssl=1","width":350,"height":200,"srcset":"https:\/\/i0.wp.com\/lasprimeras.com.do\/wp-content\/uploads\/2025\/09\/banreservas-3.jpg?resize=350%2C200&ssl=1 1x, https:\/\/i0.wp.com\/lasprimeras.com.do\/wp-content\/uploads\/2025\/09\/banreservas-3.jpg?resize=525%2C300&ssl=1 1.5x, https:\/\/i0.wp.com\/lasprimeras.com.do\/wp-content\/uploads\/2025\/09\/banreservas-3.jpg?resize=700%2C400&ssl=1 2x"},"classes":[]},{"id":116023,"url":"https:\/\/lasprimeras.com.do\/index.php\/2025\/11\/26\/centro-cultural-banreservas-cierra-con-la-exposicion-marilin-de-los-hermanos-nazario\/","url_meta":{"origin":55957,"position":5},"title":"Centro Cultural Banreservas cierra con la exposici\u00f3n &#8220;Maril\u00edn&#8221; de los hermanos Nazario","author":"Nelson Feliz","date":"26 de noviembre de 2025","format":false,"excerpt":"El Centro Cultural Banreservas presentar\u00e1 desde este mi\u00e9rcoles 26 de noviembre la exposici\u00f3n de arte visual \"Maril\u00edn\", una destacada muestra con la cual la instituci\u00f3n pone fin a su agenda anual de exhibiciones. La obra fresca e inquieta de los hermanos Nazario repone en la emblem\u00e1tica Sala Ada Balc\u00e1cer un\u2026","rel":"","context":"En \u00abENTRETENIMIENTO\u00bb","block_context":{"text":"ENTRETENIMIENTO","link":"https:\/\/lasprimeras.com.do\/index.php\/category\/entretenimiento\/"},"img":{"alt_text":"","src":"https:\/\/i0.wp.com\/lasprimeras.com.do\/wp-content\/uploads\/2025\/11\/teatro.jpg?resize=350%2C200&ssl=1","width":350,"height":200,"srcset":"https:\/\/i0.wp.com\/lasprimeras.com.do\/wp-content\/uploads\/2025\/11\/teatro.jpg?resize=350%2C200&ssl=1 1x, https:\/\/i0.wp.com\/lasprimeras.com.do\/wp-content\/uploads\/2025\/11\/teatro.jpg?resize=525%2C300&ssl=1 1.5x, https:\/\/i0.wp.com\/lasprimeras.com.do\/wp-content\/uploads\/2025\/11\/teatro.jpg?resize=700%2C400&ssl=1 2x"},"classes":[]}],"jetpack_sharing_enabled":true,"_links":{"self":[{"href":"https:\/\/lasprimeras.com.do\/index.php\/wp-json\/wp\/v2\/posts\/55957","targetHints":{"allow":["GET"]}}],"collection":[{"href":"https:\/\/lasprimeras.com.do\/index.php\/wp-json\/wp\/v2\/posts"}],"about":[{"href":"https:\/\/lasprimeras.com.do\/index.php\/wp-json\/wp\/v2\/types\/post"}],"author":[{"embeddable":true,"href":"https:\/\/lasprimeras.com.do\/index.php\/wp-json\/wp\/v2\/users\/2"}],"replies":[{"embeddable":true,"href":"https:\/\/lasprimeras.com.do\/index.php\/wp-json\/wp\/v2\/comments?post=55957"}],"version-history":[{"count":1,"href":"https:\/\/lasprimeras.com.do\/index.php\/wp-json\/wp\/v2\/posts\/55957\/revisions"}],"predecessor-version":[{"id":55959,"href":"https:\/\/lasprimeras.com.do\/index.php\/wp-json\/wp\/v2\/posts\/55957\/revisions\/55959"}],"wp:featuredmedia":[{"embeddable":true,"href":"https:\/\/lasprimeras.com.do\/index.php\/wp-json\/wp\/v2\/media\/55958"}],"wp:attachment":[{"href":"https:\/\/lasprimeras.com.do\/index.php\/wp-json\/wp\/v2\/media?parent=55957"}],"wp:term":[{"taxonomy":"category","embeddable":true,"href":"https:\/\/lasprimeras.com.do\/index.php\/wp-json\/wp\/v2\/categories?post=55957"},{"taxonomy":"post_tag","embeddable":true,"href":"https:\/\/lasprimeras.com.do\/index.php\/wp-json\/wp\/v2\/tags?post=55957"}],"curies":[{"name":"wp","href":"https:\/\/api.w.org\/{rel}","templated":true}]}}