{"id":55960,"date":"2023-07-26T22:30:30","date_gmt":"2023-07-27T02:30:30","guid":{"rendered":"https:\/\/lasprimeras.com.do\/?p=55960"},"modified":"2023-07-26T22:30:32","modified_gmt":"2023-07-27T02:30:32","slug":"surun-hernandez-denuncia-alcaldia-de-sde-compro-camiones-de-mala-calidad-y-les-cambio-la-marca","status":"publish","type":"post","link":"https:\/\/lasprimeras.com.do\/index.php\/2023\/07\/26\/surun-hernandez-denuncia-alcaldia-de-sde-compro-camiones-de-mala-calidad-y-les-cambio-la-marca\/","title":{"rendered":"Surun Hern\u00e1ndez denuncia Alcald\u00eda de SDE compr\u00f3 camiones de mala calidad y les cambi\u00f3 la marca"},"content":{"rendered":"\n<p><strong>Tambi\u00e9n cuestion\u00f3 proceso de licitaci\u00f3n para dicha compra.<\/strong><\/p>\n\n\n\n<p>El precandidato a alcalde de la Fuerza del Pueblo por Santo Domingo Este, Miguel Surun Hern\u00e1ndez, denunci\u00f3 que esa Alcald\u00eda compr\u00f3 camiones recolectores de basura de mala calidad y le cambi\u00f3 la marca a otra m\u00e1s reconocida y costosa.<\/p>\n\n\n\n<p>Durante un mano a mano realizado en el sector de Villa Duarte, Surun Hern\u00e1ndez, explic\u00f3 que el alcalde Manuel Jim\u00e9nez compr\u00f3 una primera flotilla de camiones a un costo de 122 millones de pesos, a una compa\u00f1\u00eda china, pero al llegar al pa\u00eds les cambi\u00f3 el letrero con el nombre de la marca japonesa Isuzu.<\/p>\n\n\n\n<p>\u201cTenemos informes que cuando se da\u00f1aron algunos de los camiones recolectores de basura no aparecieron los repuestos, debido a que los mec\u00e1nicos dijeron que no los pueden reparar porque no eran de su marca\u201d, indic\u00f3.<\/p>\n\n\n\n<p>Surun Hern\u00e1ndez cuestion\u00f3 la licitaci\u00f3n para la adquisici\u00f3n de los mismos, la cual fue impugnada por la rapidez con que se eligieron los equipos, por su elevado costo y mala calidad.<\/p>\n\n\n\n<p>Proyecto de recogida de basura<\/p>\n\n\n\n<p>El precandidato a alcalde explic\u00f3 que lo que hace falta para una buena recogida de basura es la adquisici\u00f3n de camiones modernos, de marcas reconocidas, a los que se les instale GPS que rastree y verifique sus rutas y frecuencias.<\/p>\n\n\n\n<p>Asimismo, se deben establecer horarios de recogida de basura para que las personas las saquen de sus casas y no se generen los grandes c\u00famulos.<\/p>\n\n\n\n<p>\u201cQueremos un gobierno local que trabaje en coordinaci\u00f3n y de la mano con la gente, enfocado en mejorar la calidad de vida de los mun\u00edcipes de Santo Domingo Este, que mantenga la limpieza y orden en los espacios p\u00fablicos&#8221;, manifest\u00f3.<\/p>\n\n\n\n<p>Vertedero a cielo abierto<\/p>\n\n\n\n<p>Miguel Surun Hern\u00e1ndez critic\u00f3 que a\u00fan se mantenga el vertedero a cielo abierto que opera en el sector de Cancino Adentro y en la ribera del r\u00edo Ozama, causando contaminaci\u00f3n a todos los residentes en la zona.<\/p>\n\n\n\n<p>Calific\u00f3 el dep\u00f3sito de basura como un crimen ambiental y asegur\u00f3 una de las primeras medidas que tomar\u00eda de arribar a ese cabildo ser\u00eda eliminar de manera definitiva ese vertedero.<\/p>\n","protected":false},"excerpt":{"rendered":"<p>Tambi\u00e9n cuestion\u00f3 proceso de licitaci\u00f3n para dicha compra. El precandidato a alcalde de la Fuerza del Pueblo por Santo Domingo Este, Miguel Surun Hern\u00e1ndez, denunci\u00f3 que esa Alcald\u00eda compr\u00f3 camiones&hellip;<\/p>\n","protected":false},"author":2,"featured_media":55961,"comment_status":"open","ping_status":"open","sticky":false,"template":"","format":"standard","meta":{"content-type":"","jetpack_post_was_ever_published":false,"_jetpack_newsletter_access":"","_jetpack_dont_email_post_to_subs":false,"_jetpack_newsletter_tier_id":0,"_jetpack_memberships_contains_paywalled_content":false,"_jetpack_memberships_contains_paid_content":false,"footnotes":""},"categories":[1],"tags":[5399,3046,5400,2468,3049],"class_list":["post-55960","post","type-post","status-publish","format-standard","has-post-thumbnail","hentry","category-sin-categoria","tag-alcaldia-de-sde","tag-camiones","tag-marca","tag-miguel-surun-hernandez","tag-recolectores"],"jetpack_featured_media_url":"https:\/\/lasprimeras.com.do\/wp-content\/uploads\/2023\/07\/Miguel-Surun-1.jpg","jetpack-related-posts":[{"id":53218,"url":"https:\/\/lasprimeras.com.do\/index.php\/2023\/06\/24\/surun-hernandez-asegura-fp-ganara-alcaldia-sde-con-mas-del-50\/","url_meta":{"origin":55960,"position":0},"title":"Surun Hern\u00e1ndez asegura FP ganar\u00e1 Alcald\u00eda SDE con m\u00e1s del 50%","author":"Nelson Feliz","date":"24 de junio de 2023","format":false,"excerpt":"Por Martin Restituyo El aspirante a alcalde de la Fuerza del Pueblo por Santo Domingo Este, Miguel Surun Hern\u00e1ndez, asegur\u00f3 que esa entidad pol\u00edtica ganar\u00e1 la importante plaza con m\u00e1s del 50 por ciento de los votos. Surun Hern\u00e1ndez, indic\u00f3 que esa demarcaci\u00f3n necesita un gobierno local que no est\u00e9\u2026","rel":"","context":"En \u00abSin categor\u00eda\u00bb","block_context":{"text":"Sin categor\u00eda","link":"https:\/\/lasprimeras.com.do\/index.php\/category\/sin-categoria\/"},"img":{"alt_text":"Miguel Surun Hern\u00e1ndez","src":"https:\/\/i0.wp.com\/lasprimeras.com.do\/wp-content\/uploads\/2023\/06\/Miguel-Surun-Hernandez.jpg?resize=350%2C200&ssl=1","width":350,"height":200,"srcset":"https:\/\/i0.wp.com\/lasprimeras.com.do\/wp-content\/uploads\/2023\/06\/Miguel-Surun-Hernandez.jpg?resize=350%2C200&ssl=1 1x, https:\/\/i0.wp.com\/lasprimeras.com.do\/wp-content\/uploads\/2023\/06\/Miguel-Surun-Hernandez.jpg?resize=525%2C300&ssl=1 1.5x, https:\/\/i0.wp.com\/lasprimeras.com.do\/wp-content\/uploads\/2023\/06\/Miguel-Surun-Hernandez.jpg?resize=700%2C400&ssl=1 2x"},"classes":[]},{"id":65067,"url":"https:\/\/lasprimeras.com.do\/index.php\/2023\/10\/25\/exprocurador-gregory-castellanos-denuncia-surun-hernandez-ha-desfalcado-el-colegio-de-abogados\/","url_meta":{"origin":55960,"position":1},"title":"Exprocurador Gregory Castellanos denuncia Sur\u00fan Hern\u00e1ndez ha desfalcado el Colegio de Abogados","author":"Nelson Feliz","date":"25 de octubre de 2023","format":false,"excerpt":"El exprocurador Gregory Castellanos Ruano advirti\u00f3 a la procuradora Miriam Germ\u00e1n que el presidente del Colegio de Abogados de la Rep\u00fablica Dominicana (CARD), deber\u00eda de estar presidiendo la C\u00e1rcel de Najayo y no esa entidad, debido a que es un delincuente que la ha venido desfalcando sistem\u00e1ticamente. Mediante una comunicaci\u00f3n\u2026","rel":"","context":"En \u00abNACIONALES\u00bb","block_context":{"text":"NACIONALES","link":"https:\/\/lasprimeras.com.do\/index.php\/category\/nacionales\/"},"img":{"alt_text":"Gregory Castellanos Ruano","src":"https:\/\/i0.wp.com\/lasprimeras.com.do\/wp-content\/uploads\/2023\/10\/Gregory-Castellanos-Ruano-1.jpg?resize=350%2C200&ssl=1","width":350,"height":200,"srcset":"https:\/\/i0.wp.com\/lasprimeras.com.do\/wp-content\/uploads\/2023\/10\/Gregory-Castellanos-Ruano-1.jpg?resize=350%2C200&ssl=1 1x, https:\/\/i0.wp.com\/lasprimeras.com.do\/wp-content\/uploads\/2023\/10\/Gregory-Castellanos-Ruano-1.jpg?resize=525%2C300&ssl=1 1.5x, https:\/\/i0.wp.com\/lasprimeras.com.do\/wp-content\/uploads\/2023\/10\/Gregory-Castellanos-Ruano-1.jpg?resize=700%2C400&ssl=1 2x"},"classes":[]},{"id":53934,"url":"https:\/\/lasprimeras.com.do\/index.php\/2023\/07\/03\/alcalde-manuel-jimenez-anuncia-compra-de-tercera-flotilla-de-50-camiones\/","url_meta":{"origin":55960,"position":2},"title":"Alcalde Manuel Jim\u00e9nez anuncia compra de tercera flotilla de 50 camiones","author":"Nelson Feliz","date":"3 de julio de 2023","format":false,"excerpt":"Con la nueva flotilla el ayuntamiento de Santo Domingo terminar\u00e1 de desprivatizar el servicio de recogida de desechos. Por Martin Restituyo El alcalde de Santo\u00a0 Domingo Este, Manuel Jim\u00e9nez, anunci\u00f3 este lunes el proceso de licitaci\u00f3n para la compra de la tercera flotilla de 50 camiones recolectores de desechos s\u00f3lidos\u2026","rel":"","context":"En \u00abECONOM\u00cdA\u00bb","block_context":{"text":"ECONOM\u00cdA","link":"https:\/\/lasprimeras.com.do\/index.php\/category\/economia\/"},"img":{"alt_text":"Manuel Jimenez","src":"https:\/\/i0.wp.com\/lasprimeras.com.do\/wp-content\/uploads\/2023\/07\/Manuel-Jimenez-4.jpg?resize=350%2C200&ssl=1","width":350,"height":200,"srcset":"https:\/\/i0.wp.com\/lasprimeras.com.do\/wp-content\/uploads\/2023\/07\/Manuel-Jimenez-4.jpg?resize=350%2C200&ssl=1 1x, https:\/\/i0.wp.com\/lasprimeras.com.do\/wp-content\/uploads\/2023\/07\/Manuel-Jimenez-4.jpg?resize=525%2C300&ssl=1 1.5x, https:\/\/i0.wp.com\/lasprimeras.com.do\/wp-content\/uploads\/2023\/07\/Manuel-Jimenez-4.jpg?resize=700%2C400&ssl=1 2x"},"classes":[]},{"id":51989,"url":"https:\/\/lasprimeras.com.do\/index.php\/2023\/06\/06\/asde-presenta-segunda-flotilla-de-modernos-camiones-recolectores-de-basura\/","url_meta":{"origin":55960,"position":3},"title":"ASDE presenta segunda flotilla de modernos camiones recolectores de basura","author":"prenxa100","date":"6 de junio de 2023","format":false,"excerpt":"La gesti\u00f3n del alcalde Manuel Jim\u00e9nez pasa a dar servicio enla c\u00e9ntrica circunscripci\u00f3n 1 y termina contrato de privatizaci\u00f3n. El alcalde Manuel Jim\u00e9nez present\u00f3 a la comunidad la flotilla de 29 camiones nuevos de f\u00e1brica que desde ya se integran a las labores de recogida de basura en la circunscripci\u00f3n\u2026","rel":"","context":"En \u00abECONOM\u00cdA\u00bb","block_context":{"text":"ECONOM\u00cdA","link":"https:\/\/lasprimeras.com.do\/index.php\/category\/economia\/"},"img":{"alt_text":"Ayuntamiento Santo Domingo Este","src":"https:\/\/i0.wp.com\/lasprimeras.com.do\/wp-content\/uploads\/2023\/06\/Camiones-ASDE-1.jpg?resize=350%2C200&ssl=1","width":350,"height":200,"srcset":"https:\/\/i0.wp.com\/lasprimeras.com.do\/wp-content\/uploads\/2023\/06\/Camiones-ASDE-1.jpg?resize=350%2C200&ssl=1 1x, https:\/\/i0.wp.com\/lasprimeras.com.do\/wp-content\/uploads\/2023\/06\/Camiones-ASDE-1.jpg?resize=525%2C300&ssl=1 1.5x, https:\/\/i0.wp.com\/lasprimeras.com.do\/wp-content\/uploads\/2023\/06\/Camiones-ASDE-1.jpg?resize=700%2C400&ssl=1 2x"},"classes":[]},{"id":126885,"url":"https:\/\/lasprimeras.com.do\/index.php\/2026\/04\/06\/asdo-adjudica-compra-de-camiones-recolectores-a-espaillat-motors-y-mte-group\/","url_meta":{"origin":55960,"position":4},"title":"ASDO adjudica compra de camiones recolectores a Espaillat Motors y MTE Group","author":"Nelson Feliz","date":"6 de abril de 2026","format":false,"excerpt":"La adquisici\u00f3n busca fortalecer la capacidad operativa del municipio y mejorar la eficiencia en la recogida de residuos s\u00f3lidos. El Ayuntamiento de Santo Domingo Oeste adjudic\u00f3 el pasado 26 de marzo de 2026 la adquisici\u00f3n de camiones para la recolecci\u00f3n de residuos s\u00f3lidos a las empresas Espaillat Motors y MTE\u2026","rel":"","context":"En \u00abECONOM\u00cdA\u00bb","block_context":{"text":"ECONOM\u00cdA","link":"https:\/\/lasprimeras.com.do\/index.php\/category\/economia\/"},"img":{"alt_text":"Ayuntamiento de Santo Domingo Oeste","src":"https:\/\/i0.wp.com\/lasprimeras.com.do\/wp-content\/uploads\/2026\/04\/Ayuntamiento-de-Santo-Domingo-Oeste.jpeg?resize=350%2C200&ssl=1","width":350,"height":200,"srcset":"https:\/\/i0.wp.com\/lasprimeras.com.do\/wp-content\/uploads\/2026\/04\/Ayuntamiento-de-Santo-Domingo-Oeste.jpeg?resize=350%2C200&ssl=1 1x, https:\/\/i0.wp.com\/lasprimeras.com.do\/wp-content\/uploads\/2026\/04\/Ayuntamiento-de-Santo-Domingo-Oeste.jpeg?resize=525%2C300&ssl=1 1.5x, https:\/\/i0.wp.com\/lasprimeras.com.do\/wp-content\/uploads\/2026\/04\/Ayuntamiento-de-Santo-Domingo-Oeste.jpeg?resize=700%2C400&ssl=1 2x"},"classes":[]},{"id":117693,"url":"https:\/\/lasprimeras.com.do\/index.php\/2025\/12\/14\/alcaldias-de-samana-bonao-y-moca-reciben-la-ruta-de-la-limpieza-de-eco5rd\/","url_meta":{"origin":55960,"position":5},"title":"Alcald\u00edas de Saman\u00e1, Bonao y Moca reciben la Ruta de la Limpieza de Eco5RD","author":"Nelson Feliz","date":"14 de diciembre de 2025","format":false,"excerpt":"Esta iniciativa fortalece la recolecci\u00f3n de desechos s\u00f3lidos durante la temporada navide\u00f1a y respalda la gesti\u00f3n municipal La Unidad Ejecutora de la Presidencia Eco5RD implement\u00f3 esta semana la Ruta de la Limpieza Navide\u00f1a en los municipios de Moca, Bonao y Saman\u00e1, con el objetivo de garantizar espacios limpios y ordenados\u2026","rel":"","context":"En \u00abNACIONALES\u00bb","block_context":{"text":"NACIONALES","link":"https:\/\/lasprimeras.com.do\/index.php\/category\/nacionales\/"},"img":{"alt_text":"Ruta de la Limpieza de Eco5RD","src":"https:\/\/i0.wp.com\/lasprimeras.com.do\/wp-content\/uploads\/2025\/12\/Ruta-de-la-Limpieza-de-Eco5RD.jpg?resize=350%2C200&ssl=1","width":350,"height":200,"srcset":"https:\/\/i0.wp.com\/lasprimeras.com.do\/wp-content\/uploads\/2025\/12\/Ruta-de-la-Limpieza-de-Eco5RD.jpg?resize=350%2C200&ssl=1 1x, https:\/\/i0.wp.com\/lasprimeras.com.do\/wp-content\/uploads\/2025\/12\/Ruta-de-la-Limpieza-de-Eco5RD.jpg?resize=525%2C300&ssl=1 1.5x, https:\/\/i0.wp.com\/lasprimeras.com.do\/wp-content\/uploads\/2025\/12\/Ruta-de-la-Limpieza-de-Eco5RD.jpg?resize=700%2C400&ssl=1 2x"},"classes":[]}],"jetpack_sharing_enabled":true,"_links":{"self":[{"href":"https:\/\/lasprimeras.com.do\/index.php\/wp-json\/wp\/v2\/posts\/55960","targetHints":{"allow":["GET"]}}],"collection":[{"href":"https:\/\/lasprimeras.com.do\/index.php\/wp-json\/wp\/v2\/posts"}],"about":[{"href":"https:\/\/lasprimeras.com.do\/index.php\/wp-json\/wp\/v2\/types\/post"}],"author":[{"embeddable":true,"href":"https:\/\/lasprimeras.com.do\/index.php\/wp-json\/wp\/v2\/users\/2"}],"replies":[{"embeddable":true,"href":"https:\/\/lasprimeras.com.do\/index.php\/wp-json\/wp\/v2\/comments?post=55960"}],"version-history":[{"count":1,"href":"https:\/\/lasprimeras.com.do\/index.php\/wp-json\/wp\/v2\/posts\/55960\/revisions"}],"predecessor-version":[{"id":55962,"href":"https:\/\/lasprimeras.com.do\/index.php\/wp-json\/wp\/v2\/posts\/55960\/revisions\/55962"}],"wp:featuredmedia":[{"embeddable":true,"href":"https:\/\/lasprimeras.com.do\/index.php\/wp-json\/wp\/v2\/media\/55961"}],"wp:attachment":[{"href":"https:\/\/lasprimeras.com.do\/index.php\/wp-json\/wp\/v2\/media?parent=55960"}],"wp:term":[{"taxonomy":"category","embeddable":true,"href":"https:\/\/lasprimeras.com.do\/index.php\/wp-json\/wp\/v2\/categories?post=55960"},{"taxonomy":"post_tag","embeddable":true,"href":"https:\/\/lasprimeras.com.do\/index.php\/wp-json\/wp\/v2\/tags?post=55960"}],"curies":[{"name":"wp","href":"https:\/\/api.w.org\/{rel}","templated":true}]}}