{"id":55966,"date":"2023-07-26T23:10:30","date_gmt":"2023-07-27T03:10:30","guid":{"rendered":"https:\/\/lasprimeras.com.do\/?p=55966"},"modified":"2023-07-26T23:10:31","modified_gmt":"2023-07-27T03:10:31","slug":"sipen-y-unapec-presentan-primera-especialidad-en-planes-y-fondos-de-pensiones","status":"publish","type":"post","link":"https:\/\/lasprimeras.com.do\/index.php\/2023\/07\/26\/sipen-y-unapec-presentan-primera-especialidad-en-planes-y-fondos-de-pensiones\/","title":{"rendered":"SIPEN y UNAPEC presentan \u00a0primera \u201cEspecialidad en Planes y Fondos de Pensiones\u201d"},"content":{"rendered":"\n<p>La Superintendencia de Pensiones (SIPEN) y la Universidad APEC (UNAPEC) llevaron a cabo el lanzamiento de la Especialidad en Planes y Fondos de Pensiones, con el objetivo de formar egresados para incursionar en la administraci\u00f3n y gesti\u00f3n de los sistemas previsionales en los diferentes niveles organizacionales.<\/p>\n\n\n\n<p>Durante un acto encabezado por el rector de la Universidad APEC, Dr. Franklin Holgu\u00edn Hach\u00e9; y el Licdo. Francisco A. Torres, superintendente de Pensiones, se present\u00f3 una oferta curricular que propone elevar el nivel acad\u00e9mico de los profesionales del Sistema Dominicano de Pensiones.<\/p>\n\n\n\n<p>En la actividad, realizada en el Auditorio Dr. Leonel Rodr\u00edguez Rib de la casa de altos estudios, estuvieron presentes el superintendente de Bancos, Alejandro Fern\u00e1ndez W.; Lucas Gait\u00e1n Leal, presidente de Unipago; Felipo Ciccone, presidente de AFP Atl\u00e1ntico; Alvin Mart\u00ednez, vicepresidente de AFP Siembra; Juan Jos\u00e9 Melo, chief country officer de JMMB en Rep\u00fablica Dominicana; General de Brigada M\u00e1ximo Rodr\u00edguez D\u2019Oleo, director del Comit\u00e9 de Retiro de la Polic\u00eda Nacional; Luis Valdez, director de la DGII; y representantes de la Asociaci\u00f3n Dominicana de Administradoras de Fondos de Pensiones (ADAFP), de la Superintendencia de Valores y del Consejo Nacional de la Seguridad Social (CNSS).<\/p>\n\n\n\n<p>Las palabras de bienvenida estuvieron a cargo del Ing. Jos\u00e9 Antonio Gil, decano de la Facultad de Ciencias Econ\u00f3micas y Empresariales, quien destac\u00f3 la importancia y satisfacci\u00f3n que supone para la Unapec el poder dar apertura a este nuevo y completo programa, procurando la formaci\u00f3n integral de hombres y mujeres para que sean conscientes de su responsabilidad en busca del desarrollo de la sociedad dominicana y global.<\/p>\n\n\n\n<p>El superintendente Torres, en su discurso de apertura, agradeci\u00f3 a las autoridades del Sistema Dominicano de Seguridad Social y a los miembros del Consejo Directivo de la Universidad APEC, quienes han trabajado codo a codo con la SIPEN para que la Rep\u00fablica Dominicana cuente con la primera oferta acad\u00e9mica de posgrado especializada en pensiones.<\/p>\n\n\n\n<p>En su discurso, el Licdo. Torres abord\u00f3 la importancia de la educaci\u00f3n previsional y su relevancia en los sistemas de pensiones; y c\u00f3mo desde la Superintendencia se adopt\u00f3 una hoja de ruta hacia la educaci\u00f3n y el empoderamiento de los afiliados al Sistema Dominicano de Pensiones.<\/p>\n\n\n\n<p>Los participantes de esta especialidad virtual contar\u00e1n con una formaci\u00f3n de alto nivel acad\u00e9mico-profesional en el campo de la seguridad social y de los fondos de pensiones, el cual tendr\u00e1 una duraci\u00f3n de un a\u00f1o y un cuatrimestre.<\/p>\n\n\n\n<p>La Especialidad en Planes y Fondos de Pensiones es una gran oportunidad para liderar el camino hacia una sociedad m\u00e1s informada y preparada para enfrentar los desaf\u00edos de la jubilaci\u00f3n.<\/p>\n","protected":false},"excerpt":{"rendered":"<p>La Superintendencia de Pensiones (SIPEN) y la Universidad APEC (UNAPEC) llevaron a cabo el lanzamiento de la Especialidad en Planes y Fondos de Pensiones, con el objetivo de formar egresados&hellip;<\/p>\n","protected":false},"author":2,"featured_media":55967,"comment_status":"open","ping_status":"open","sticky":false,"template":"","format":"standard","meta":{"content-type":"","jetpack_post_was_ever_published":false,"_jetpack_newsletter_access":"","_jetpack_dont_email_post_to_subs":false,"_jetpack_newsletter_tier_id":0,"_jetpack_memberships_contains_paywalled_content":false,"_jetpack_memberships_contains_paid_content":false,"footnotes":""},"categories":[39],"tags":[5404,5405,5403,5139,5402],"class_list":["post-55966","post","type-post","status-publish","format-standard","has-post-thumbnail","hentry","category-economia","tag-especialidad","tag-fondos-de-pensiones","tag-planes","tag-sipen","tag-unapec"],"jetpack_featured_media_url":"https:\/\/lasprimeras.com.do\/wp-content\/uploads\/2023\/07\/Francisco-Torres-superintende-de-Pensiones_-Francklin-Holguin-Hache-rector-de-la-Universidad-Apec-y-el-Ingeniero-Jose-Antonio-Gil-decano-de-la-Facultad-de-Cienci-003.jpg","jetpack-related-posts":[{"id":70386,"url":"https:\/\/lasprimeras.com.do\/index.php\/2023\/12\/11\/sipen-conmemora-22-anos-de-avances-con-una-misa-de-accion-de-gracias\/","url_meta":{"origin":55966,"position":0},"title":"SIPEN conmemora 22 a\u00f1os de avances con una misa de acci\u00f3n de gracias","author":"Nelson Feliz","date":"11 de diciembre de 2023","format":false,"excerpt":"Destaca logros del Sistema Dominicano de Pensiones. La Superintendencia de Pensiones (SIPEN) cierra el a\u00f1o con objetivos cumplidos y \u00e9xitos alcanzados en el 2023, los cuales han impactado positivamente la econom\u00eda dominicana en favor de la sostenibilidad del Sistema Dominicano de Pensiones. Con una eucarist\u00eda oficiada por el padre Francisco\u2026","rel":"","context":"En \u00abNACIONALES\u00bb","block_context":{"text":"NACIONALES","link":"https:\/\/lasprimeras.com.do\/index.php\/category\/nacionales\/"},"img":{"alt_text":"SIPEN","src":"https:\/\/i0.wp.com\/lasprimeras.com.do\/wp-content\/uploads\/2023\/12\/sipen.jpg?resize=350%2C200&ssl=1","width":350,"height":200,"srcset":"https:\/\/i0.wp.com\/lasprimeras.com.do\/wp-content\/uploads\/2023\/12\/sipen.jpg?resize=350%2C200&ssl=1 1x, https:\/\/i0.wp.com\/lasprimeras.com.do\/wp-content\/uploads\/2023\/12\/sipen.jpg?resize=525%2C300&ssl=1 1.5x, https:\/\/i0.wp.com\/lasprimeras.com.do\/wp-content\/uploads\/2023\/12\/sipen.jpg?resize=700%2C400&ssl=1 2x"},"classes":[]},{"id":70642,"url":"https:\/\/lasprimeras.com.do\/index.php\/2023\/12\/13\/superintendencia-de-pensiones-conmemora-22-anos-con-misa-de-agradecimiento\/","url_meta":{"origin":55966,"position":1},"title":"Superintendencia de Pensiones conmemora 22 a\u00f1os con misa de agradecimiento","author":"Nelson Feliz","date":"13 de diciembre de 2023","format":false,"excerpt":"La Superintendencia de Pensiones (SIPEN) cierra el a\u00f1o con objetivos cumplidos y \u00e9xitos alcanzados en el 2023, los cuales han impactado positivamente la econom\u00eda dominicana en favor de la sostenibilidad del Sistema Dominicano de Pensiones. Con una eucarist\u00eda oficiada por el padre Francisco Mu\u00f1oz, en la Parroquia San Antonio de\u2026","rel":"","context":"En \u00abNACIONALES\u00bb","block_context":{"text":"NACIONALES","link":"https:\/\/lasprimeras.com.do\/index.php\/category\/nacionales\/"},"img":{"alt_text":"Guillermo Valera, Henry Sadhal\u00e1, Ernesto Bournigal, Francisco A. Torres, Edward Guzm\u00e1n, Enmanuel Cede\u00f1o, Joan Henr\u00edquez y Envin Novas Bello.","src":"https:\/\/i0.wp.com\/lasprimeras.com.do\/wp-content\/uploads\/2023\/12\/sipen-1.jpg?resize=350%2C200&ssl=1","width":350,"height":200,"srcset":"https:\/\/i0.wp.com\/lasprimeras.com.do\/wp-content\/uploads\/2023\/12\/sipen-1.jpg?resize=350%2C200&ssl=1 1x, https:\/\/i0.wp.com\/lasprimeras.com.do\/wp-content\/uploads\/2023\/12\/sipen-1.jpg?resize=525%2C300&ssl=1 1.5x, https:\/\/i0.wp.com\/lasprimeras.com.do\/wp-content\/uploads\/2023\/12\/sipen-1.jpg?resize=700%2C400&ssl=1 2x"},"classes":[]},{"id":75862,"url":"https:\/\/lasprimeras.com.do\/index.php\/2024\/02\/05\/sipen-y-adafp-presentan-plan-de-educacion-sobre-pensiones-conocetufuturo-do\/","url_meta":{"origin":55966,"position":2},"title":"Sipen y Adafp presentan plan de educaci\u00f3n sobre pensiones Conocetufuturo.do","author":"Nelson Feliz","date":"5 de febrero de 2024","format":false,"excerpt":"La Superintendencia de Pensiones y la Asociaci\u00f3n de Administradoras de Fondos de Pensiones (Adafp) iniciaron su plan educativo bajo la novedosa modalidad de educaci\u00f3n invisible sobre el sistema dominicano de pensiones con el lanzamiento de la plataforma Conocetufuturo.do, un portal informativo donde las personas podr\u00e1n conocer cu\u00e1l es su situaci\u00f3n\u2026","rel":"","context":"En \u00abECONOM\u00cdA\u00bb","block_context":{"text":"ECONOM\u00cdA","link":"https:\/\/lasprimeras.com.do\/index.php\/category\/economia\/"},"img":{"alt_text":"Superintendencia de Pensiones en la plaza comercial Sambil.","src":"https:\/\/i0.wp.com\/lasprimeras.com.do\/wp-content\/uploads\/2024\/02\/Superintendencia-de-Pensiones-en-la-plaza-comercial-Sambil.jpg?resize=350%2C200&ssl=1","width":350,"height":200,"srcset":"https:\/\/i0.wp.com\/lasprimeras.com.do\/wp-content\/uploads\/2024\/02\/Superintendencia-de-Pensiones-en-la-plaza-comercial-Sambil.jpg?resize=350%2C200&ssl=1 1x, https:\/\/i0.wp.com\/lasprimeras.com.do\/wp-content\/uploads\/2024\/02\/Superintendencia-de-Pensiones-en-la-plaza-comercial-Sambil.jpg?resize=525%2C300&ssl=1 1.5x, https:\/\/i0.wp.com\/lasprimeras.com.do\/wp-content\/uploads\/2024\/02\/Superintendencia-de-Pensiones-en-la-plaza-comercial-Sambil.jpg?resize=700%2C400&ssl=1 2x"},"classes":[]},{"id":110930,"url":"https:\/\/lasprimeras.com.do\/index.php\/2025\/10\/02\/afp-atlantico-lanza-nueva-alternativa-de-plan-complementario-de-pensiones-supervisado-por-sipen\/","url_meta":{"origin":55966,"position":3},"title":"AFP Atl\u00e1ntico lanza nueva alternativa de plan complementario de pensiones supervisado por  Sipen","author":"Nelson Feliz","date":"2 de octubre de 2025","format":false,"excerpt":"Los planes complementarios de pensiones se adaptan a las metas de cada afiliado, quien define el monto y la frecuencia de sus aportes. En el marco de la Feria Internacional del Libro Santo Domingo 2025 (FILSD2025), AFP Atl\u00e1ntico present\u00f3 Prospera, un plan de ahorro complementario para el retiro dise\u00f1ado para\u2026","rel":"","context":"En \u00abECONOM\u00cdA\u00bb","block_context":{"text":"ECONOM\u00cdA","link":"https:\/\/lasprimeras.com.do\/index.php\/category\/economia\/"},"img":{"alt_text":"","src":"https:\/\/i0.wp.com\/lasprimeras.com.do\/wp-content\/uploads\/2025\/10\/Franciaco-A.-Torres-Superintendente-de-Pensones-y-Filipo-Ciccone-presdente-de-AFP-Atlantico.jpg?resize=350%2C200&ssl=1","width":350,"height":200,"srcset":"https:\/\/i0.wp.com\/lasprimeras.com.do\/wp-content\/uploads\/2025\/10\/Franciaco-A.-Torres-Superintendente-de-Pensones-y-Filipo-Ciccone-presdente-de-AFP-Atlantico.jpg?resize=350%2C200&ssl=1 1x, https:\/\/i0.wp.com\/lasprimeras.com.do\/wp-content\/uploads\/2025\/10\/Franciaco-A.-Torres-Superintendente-de-Pensones-y-Filipo-Ciccone-presdente-de-AFP-Atlantico.jpg?resize=525%2C300&ssl=1 1.5x, https:\/\/i0.wp.com\/lasprimeras.com.do\/wp-content\/uploads\/2025\/10\/Franciaco-A.-Torres-Superintendente-de-Pensones-y-Filipo-Ciccone-presdente-de-AFP-Atlantico.jpg?resize=700%2C400&ssl=1 2x"},"classes":[]},{"id":88488,"url":"https:\/\/lasprimeras.com.do\/index.php\/2024\/08\/28\/sipen-avanza-en-la-digitalizacion-del-proceso-de-evaluacion-y-certificacion-de-los-promotores-de-las-afp\/","url_meta":{"origin":55966,"position":4},"title":"SIPEN avanza en la digitalizaci\u00f3n del proceso de evaluaci\u00f3n y certificaci\u00f3n de los promotores de las AFP","author":"Nelson Feliz","date":"28 de agosto de 2024","format":false,"excerpt":"El superintendente de Pensiones, Francisco A. Torres, inform\u00f3 que, como parte del proceso de transformaci\u00f3n digital que est\u00e1 realizando la Superintendencia, se inici\u00f3 la implementaci\u00f3n de una nueva modalidad de evaluaci\u00f3n y certificaci\u00f3n de los promotores de las Administradoras de Fondos de Pensiones (AFP), lo cual permitir\u00e1 que estos puedan\u2026","rel":"","context":"En \u00abECONOM\u00cdA\u00bb","block_context":{"text":"ECONOM\u00cdA","link":"https:\/\/lasprimeras.com.do\/index.php\/category\/economia\/"},"img":{"alt_text":"","src":"https:\/\/i0.wp.com\/lasprimeras.com.do\/wp-content\/uploads\/2024\/08\/SIPEN.jpg?resize=350%2C200&ssl=1","width":350,"height":200,"srcset":"https:\/\/i0.wp.com\/lasprimeras.com.do\/wp-content\/uploads\/2024\/08\/SIPEN.jpg?resize=350%2C200&ssl=1 1x, https:\/\/i0.wp.com\/lasprimeras.com.do\/wp-content\/uploads\/2024\/08\/SIPEN.jpg?resize=525%2C300&ssl=1 1.5x, https:\/\/i0.wp.com\/lasprimeras.com.do\/wp-content\/uploads\/2024\/08\/SIPEN.jpg?resize=700%2C400&ssl=1 2x"},"classes":[]},{"id":51710,"url":"https:\/\/lasprimeras.com.do\/index.php\/2023\/06\/02\/copardom-reitera-compromiso-con-sistema-de-pensiones-destaca-325-mil-beneficiados\/","url_meta":{"origin":55966,"position":5},"title":"Copardom reitera compromiso con sistema de pensiones; destaca 325 mil beneficiados","author":"prenxa100","date":"2 de junio de 2023","format":false,"excerpt":"La entidad que representa a los empleados en el Consejo Nacional de la Seguridad Social instruy\u00f3 sobre el tema a m\u00e1s de 70 representantes de empresas. Santo Domingo, RD.- La presidenta de la Confederaci\u00f3n Patronal de la Rep\u00fablica Dominicana (Copardom), Laura Pe\u00f1a Izquierdo, reiter\u00f3 el compromiso de esa agrupaci\u00f3n de\u2026","rel":"","context":"En \u00abECONOM\u00cdA\u00bb","block_context":{"text":"ECONOM\u00cdA","link":"https:\/\/lasprimeras.com.do\/index.php\/category\/economia\/"},"img":{"alt_text":"","src":"","width":0,"height":0},"classes":[]}],"jetpack_sharing_enabled":true,"_links":{"self":[{"href":"https:\/\/lasprimeras.com.do\/index.php\/wp-json\/wp\/v2\/posts\/55966","targetHints":{"allow":["GET"]}}],"collection":[{"href":"https:\/\/lasprimeras.com.do\/index.php\/wp-json\/wp\/v2\/posts"}],"about":[{"href":"https:\/\/lasprimeras.com.do\/index.php\/wp-json\/wp\/v2\/types\/post"}],"author":[{"embeddable":true,"href":"https:\/\/lasprimeras.com.do\/index.php\/wp-json\/wp\/v2\/users\/2"}],"replies":[{"embeddable":true,"href":"https:\/\/lasprimeras.com.do\/index.php\/wp-json\/wp\/v2\/comments?post=55966"}],"version-history":[{"count":1,"href":"https:\/\/lasprimeras.com.do\/index.php\/wp-json\/wp\/v2\/posts\/55966\/revisions"}],"predecessor-version":[{"id":55968,"href":"https:\/\/lasprimeras.com.do\/index.php\/wp-json\/wp\/v2\/posts\/55966\/revisions\/55968"}],"wp:featuredmedia":[{"embeddable":true,"href":"https:\/\/lasprimeras.com.do\/index.php\/wp-json\/wp\/v2\/media\/55967"}],"wp:attachment":[{"href":"https:\/\/lasprimeras.com.do\/index.php\/wp-json\/wp\/v2\/media?parent=55966"}],"wp:term":[{"taxonomy":"category","embeddable":true,"href":"https:\/\/lasprimeras.com.do\/index.php\/wp-json\/wp\/v2\/categories?post=55966"},{"taxonomy":"post_tag","embeddable":true,"href":"https:\/\/lasprimeras.com.do\/index.php\/wp-json\/wp\/v2\/tags?post=55966"}],"curies":[{"name":"wp","href":"https:\/\/api.w.org\/{rel}","templated":true}]}}