{"id":55972,"date":"2023-07-26T23:50:11","date_gmt":"2023-07-27T03:50:11","guid":{"rendered":"https:\/\/lasprimeras.com.do\/?p=55972"},"modified":"2023-07-26T23:50:13","modified_gmt":"2023-07-27T03:50:13","slug":"robert-de-la-cruzel-pld-respondera-con-verdades-mentiras-del-gobierno","status":"publish","type":"post","link":"https:\/\/lasprimeras.com.do\/index.php\/2023\/07\/26\/robert-de-la-cruzel-pld-respondera-con-verdades-mentiras-del-gobierno\/","title":{"rendered":"Robert de la Cruz:El PLD responder\u00e1 con verdades mentiras del Gobierno&#8221;"},"content":{"rendered":"\n<p>El miembro del Comit\u00e9 Pol\u00edtico del Partido de la Liberaci\u00f3n Dominicana (PLD), Robert De la Cruz, atribuy\u00f3 las declaraciones del Presidente Luis Abinader de que responder\u00e1 con tres verdades las mentiras de la oposici\u00f3n es un intento fallido de pretender acallar las voces pol\u00edticas opositoras.<\/p>\n\n\n\n<p>De la Cruz respondi\u00f3 preguntas de los conductores del programa Revista 110 sobre este tema adelantando que el Partido de la Liberaci\u00f3n Dominicana (PLD) tiene suficientes elementos para decirles muchas verdades al gobierno de turno y al propio jefe del Estado.<\/p>\n\n\n\n<p>\u201cNo es mentira el deterioro del sistema educativo, de la salud, no es mentira los altos precios de los alimentos, como tampoco es mentira la situaci\u00f3n de inseguridad, predominante en el pa\u00eds\u201d, apunt\u00f3 Robert De la Cruz.<\/p>\n\n\n\n<p>Dijo tambi\u00e9n que es lo que se observa en los servicios p\u00fablicos y lo que ahora est\u00e1 pasando en las oficinas p\u00fablicas en las que, el grado de eficiencia alcanzado en el pasado gobierno, se ha deteriorado.<\/p>\n\n\n\n<p>\u201cEs un intento desesperado del mandatario de acallar los sectores pol\u00edticos contrarios y que no se denuncien todas estas situaciones de esc\u00e1ndalos e inconformidades que est\u00e1n pasando\u201d, apunt\u00f3.<\/p>\n\n\n\n<p>Coment\u00f3 Robert De la Cruz que a las palabras no se le debe tener miedo. El ejercicio democr\u00e1tico deja como lecci\u00f3n que para gobernar con equidad y justicia se debe escuchar, apunt\u00f3.<\/p>\n","protected":false},"excerpt":{"rendered":"<p>El miembro del Comit\u00e9 Pol\u00edtico del Partido de la Liberaci\u00f3n Dominicana (PLD), Robert De la Cruz, atribuy\u00f3 las declaraciones del Presidente Luis Abinader de que responder\u00e1 con tres verdades las&hellip;<\/p>\n","protected":false},"author":2,"featured_media":55973,"comment_status":"open","ping_status":"open","sticky":false,"template":"","format":"standard","meta":{"content-type":"","jetpack_post_was_ever_published":false,"_jetpack_newsletter_access":"","_jetpack_dont_email_post_to_subs":false,"_jetpack_newsletter_tier_id":0,"_jetpack_memberships_contains_paywalled_content":false,"_jetpack_memberships_contains_paid_content":false,"footnotes":""},"categories":[25],"tags":[5408,171,895,269,5406,5409,5407],"class_list":["post-55972","post","type-post","status-publish","format-standard","has-post-thumbnail","hentry","category-portada","tag-cp","tag-gobierno","tag-mentiras","tag-pld","tag-respondera","tag-robert-de-la-cruz","tag-verdades"],"jetpack_featured_media_url":"https:\/\/lasprimeras.com.do\/wp-content\/uploads\/2023\/07\/Robert-De-la-Cruz.jpg","jetpack-related-posts":[{"id":55830,"url":"https:\/\/lasprimeras.com.do\/index.php\/2023\/07\/25\/gobierno-deshumanizado-que-mantiene-al-pueblo-comiendo-chin-y-caro\/","url_meta":{"origin":55972,"position":0},"title":"Gobierno deshumanizado que mantiene al pueblo comiendo chin y caro","author":"Nelson Feliz","date":"25 de julio de 2023","format":false,"excerpt":"El PLD se solidariza con el pueblo dominicano, ante la nueva embestida del Presidente Abinader y del Gobierno del PRM. El Partido de la Liberaci\u00f3n Dominicana (PLD) le reproch\u00f3 al Gobierno y al Presidente de la Rep\u00fablica, Luis Abinader, que llame \u201cMENTIRA\u00bb a la realidad que hoy padece la poblaci\u00f3n,\u2026","rel":"","context":"En \u00abPORTADA\u00bb","block_context":{"text":"PORTADA","link":"https:\/\/lasprimeras.com.do\/index.php\/category\/portada\/"},"img":{"alt_text":"El PLD se solidariza con el pueblo dominicano","src":"https:\/\/i0.wp.com\/lasprimeras.com.do\/wp-content\/uploads\/2023\/07\/PLD-1.jpeg?resize=350%2C200&ssl=1","width":350,"height":200,"srcset":"https:\/\/i0.wp.com\/lasprimeras.com.do\/wp-content\/uploads\/2023\/07\/PLD-1.jpeg?resize=350%2C200&ssl=1 1x, https:\/\/i0.wp.com\/lasprimeras.com.do\/wp-content\/uploads\/2023\/07\/PLD-1.jpeg?resize=525%2C300&ssl=1 1.5x, https:\/\/i0.wp.com\/lasprimeras.com.do\/wp-content\/uploads\/2023\/07\/PLD-1.jpeg?resize=700%2C400&ssl=1 2x"},"classes":[]},{"id":82019,"url":"https:\/\/lasprimeras.com.do\/index.php\/2024\/04\/27\/abel-desmontamos-las-mentiras-de-un-gobierno-que-se-ha-olvidado-de-los-pobres\/","url_meta":{"origin":55972,"position":1},"title":"Abel: \u00abDesmontamos las mentiras de un Gobierno que se ha olvidado de los pobres\u00bb","author":"Nelson Feliz","date":"27 de abril de 2024","format":false,"excerpt":"El candidato presidencial del Partido de la Liberaci\u00f3n Dominicana (PLD), Abel Mart\u00ednez, asegur\u00f3 que durante el Debate Presidencial, desmont\u00f3 las mentiras del Gobierno del PRM. Ante una multitud que lo esper\u00f3 en Invivienda, Santo Domingo Este, el l\u00edder pol\u00edtico explic\u00f3 algunas de sus soluciones a los principales problemas de la\u2026","rel":"","context":"En \u00abPORTADA\u00bb","block_context":{"text":"PORTADA","link":"https:\/\/lasprimeras.com.do\/index.php\/category\/portada\/"},"img":{"alt_text":"Abel Mart\u00ednez","src":"https:\/\/i0.wp.com\/lasprimeras.com.do\/wp-content\/uploads\/2024\/04\/Abel-Martinez-2.jpg?resize=350%2C200&ssl=1","width":350,"height":200,"srcset":"https:\/\/i0.wp.com\/lasprimeras.com.do\/wp-content\/uploads\/2024\/04\/Abel-Martinez-2.jpg?resize=350%2C200&ssl=1 1x, https:\/\/i0.wp.com\/lasprimeras.com.do\/wp-content\/uploads\/2024\/04\/Abel-Martinez-2.jpg?resize=525%2C300&ssl=1 1.5x"},"classes":[]},{"id":111298,"url":"https:\/\/lasprimeras.com.do\/index.php\/2025\/10\/07\/juan-ariel-jimenez-las-mentiras-que-propaga-el-presidente-abinader\/","url_meta":{"origin":55972,"position":2},"title":"Juan Ariel Jim\u00e9nez: Las Mentiras que propaga el presidente Abinader","author":"Nelson Feliz","date":"7 de octubre de 2025","format":false,"excerpt":"Juan Ariel Jim\u00e9nez califica de mentiras las cifras presentadas por el presidente Abinader, pretendiendo refutar al PLD. El economista Juan Ariel Jim\u00e9nez, quien es miembro del Comit\u00e9 Pol\u00edtico del Partido de la Liberaci\u00f3n Dominicana (PLD), calific\u00f3 de falsas las cifras presentadas por el Presidente Luis Abinader, tratando de refutar las\u2026","rel":"","context":"En \u00abPOLITICA\u00bb","block_context":{"text":"POLITICA","link":"https:\/\/lasprimeras.com.do\/index.php\/category\/politica\/"},"img":{"alt_text":"","src":"https:\/\/i0.wp.com\/lasprimeras.com.do\/wp-content\/uploads\/2025\/08\/Juan-Ariel-Jimenez.jpg?resize=350%2C200&ssl=1","width":350,"height":200,"srcset":"https:\/\/i0.wp.com\/lasprimeras.com.do\/wp-content\/uploads\/2025\/08\/Juan-Ariel-Jimenez.jpg?resize=350%2C200&ssl=1 1x, https:\/\/i0.wp.com\/lasprimeras.com.do\/wp-content\/uploads\/2025\/08\/Juan-Ariel-Jimenez.jpg?resize=525%2C300&ssl=1 1.5x, https:\/\/i0.wp.com\/lasprimeras.com.do\/wp-content\/uploads\/2025\/08\/Juan-Ariel-Jimenez.jpg?resize=700%2C400&ssl=1 2x"},"classes":[]},{"id":82589,"url":"https:\/\/lasprimeras.com.do\/index.php\/2024\/05\/05\/danilo-bromea-ante-triunfalismo-del-prm-a-la-jce-que-suspenda-las-elecciones-y-los-declare-ganadores\/","url_meta":{"origin":55972,"position":3},"title":"Danilo bromea ante triunfalismo del PRM: \u00abA la JCE que suspenda las elecciones y los declare ganadores\u00bb","author":"Esteffany Vargas","date":"5 de mayo de 2024","format":false,"excerpt":"El dos veces presidente de la Rep\u00fablica Dominicana, Danilo Medina, brome\u00f3 esta tarde ante las declaraciones triunfalistas de los voceros del Gobierno del PRM, quienes han proclamado desde ya que sacar\u00e1n el pr\u00f3ximo 19 de mayo hasta un 80% de los votos. El tambi\u00e9n presidente del Partido de la Liberaci\u00f3n\u2026","rel":"","context":"En \u00abPORTADA\u00bb","block_context":{"text":"PORTADA","link":"https:\/\/lasprimeras.com.do\/index.php\/category\/portada\/"},"img":{"alt_text":"Danilo Medina","src":"https:\/\/i0.wp.com\/lasprimeras.com.do\/wp-content\/uploads\/2024\/05\/Danilo-Medina-02.jpg?resize=350%2C200&ssl=1","width":350,"height":200,"srcset":"https:\/\/i0.wp.com\/lasprimeras.com.do\/wp-content\/uploads\/2024\/05\/Danilo-Medina-02.jpg?resize=350%2C200&ssl=1 1x, https:\/\/i0.wp.com\/lasprimeras.com.do\/wp-content\/uploads\/2024\/05\/Danilo-Medina-02.jpg?resize=525%2C300&ssl=1 1.5x, https:\/\/i0.wp.com\/lasprimeras.com.do\/wp-content\/uploads\/2024\/05\/Danilo-Medina-02.jpg?resize=700%2C400&ssl=1 2x"},"classes":[]},{"id":56887,"url":"https:\/\/lasprimeras.com.do\/index.php\/2023\/08\/06\/dirigente-del-pld-en-la-caleta-llama-mentiroso-al-prm-y-a-su-candidato\/","url_meta":{"origin":55972,"position":4},"title":"Dirigente del PLD en La Caleta llama mentiroso al PRM y a su candidato","author":"Nelson Feliz","date":"6 de agosto de 2023","format":false,"excerpt":"El dirigente del Partido de la Liberaci\u00f3n Dominicana, PLD en el distrito municipal de La Caleta, Roberto Montero desminti\u00f3 al candidato a director por el PRM, M\u00e1ximo Soriano acus\u00e1ndolo de vender sue\u00f1os a los caleteros que le dieron la oportunidad en tres ocasiones y no que hizo nada en la\u2026","rel":"","context":"En \u00abSin categor\u00eda\u00bb","block_context":{"text":"Sin categor\u00eda","link":"https:\/\/lasprimeras.com.do\/index.php\/category\/sin-categoria\/"},"img":{"alt_text":"M\u00e1ximo Soriano","src":"https:\/\/i0.wp.com\/lasprimeras.com.do\/wp-content\/uploads\/2023\/08\/Maximo-Soriano.jpg?resize=350%2C200&ssl=1","width":350,"height":200,"srcset":"https:\/\/i0.wp.com\/lasprimeras.com.do\/wp-content\/uploads\/2023\/08\/Maximo-Soriano.jpg?resize=350%2C200&ssl=1 1x, https:\/\/i0.wp.com\/lasprimeras.com.do\/wp-content\/uploads\/2023\/08\/Maximo-Soriano.jpg?resize=525%2C300&ssl=1 1.5x, https:\/\/i0.wp.com\/lasprimeras.com.do\/wp-content\/uploads\/2023\/08\/Maximo-Soriano.jpg?resize=700%2C400&ssl=1 2x"},"classes":[]},{"id":121315,"url":"https:\/\/lasprimeras.com.do\/index.php\/2026\/02\/03\/victor-terrero-acusa-al-prm-con-mantener-un-esquema-evasivas-de-mentiras-corrupcion-y-enganos\/","url_meta":{"origin":55972,"position":5},"title":"V\u00edctor Terrero: \u201cAcusa al PRM con mantener un esquema evasivas,   mentiras, corrupci\u00f3n y enga\u00f1os\u201d","author":"Nelson Feliz","date":"3 de febrero de 2026","format":false,"excerpt":"El miembro del Comit\u00e9 Central del Partido de la Liberaci\u00f3n Dominicana (PLD), doctor V\u00edctor Manuel Terrero, ha lanzado duras cr\u00edticas contra la actual administraci\u00f3n del Partido Revolucionario Moderno (PRM), acus\u00e1ndola de mantener un esquema de \"evasivas, mentiras y enga\u00f1os\" desde su instalaci\u00f3n en agosto de 2020. El dirigente pelede\u00edsta, quien\u2026","rel":"","context":"En \u00abPOLITICA\u00bb","block_context":{"text":"POLITICA","link":"https:\/\/lasprimeras.com.do\/index.php\/category\/politica\/"},"img":{"alt_text":"V\u00edctor Manuel Terrero","src":"https:\/\/i0.wp.com\/lasprimeras.com.do\/wp-content\/uploads\/2024\/04\/Victor-Manuel-Terrero.jpg?resize=350%2C200&ssl=1","width":350,"height":200,"srcset":"https:\/\/i0.wp.com\/lasprimeras.com.do\/wp-content\/uploads\/2024\/04\/Victor-Manuel-Terrero.jpg?resize=350%2C200&ssl=1 1x, https:\/\/i0.wp.com\/lasprimeras.com.do\/wp-content\/uploads\/2024\/04\/Victor-Manuel-Terrero.jpg?resize=525%2C300&ssl=1 1.5x"},"classes":[]}],"jetpack_sharing_enabled":true,"_links":{"self":[{"href":"https:\/\/lasprimeras.com.do\/index.php\/wp-json\/wp\/v2\/posts\/55972","targetHints":{"allow":["GET"]}}],"collection":[{"href":"https:\/\/lasprimeras.com.do\/index.php\/wp-json\/wp\/v2\/posts"}],"about":[{"href":"https:\/\/lasprimeras.com.do\/index.php\/wp-json\/wp\/v2\/types\/post"}],"author":[{"embeddable":true,"href":"https:\/\/lasprimeras.com.do\/index.php\/wp-json\/wp\/v2\/users\/2"}],"replies":[{"embeddable":true,"href":"https:\/\/lasprimeras.com.do\/index.php\/wp-json\/wp\/v2\/comments?post=55972"}],"version-history":[{"count":1,"href":"https:\/\/lasprimeras.com.do\/index.php\/wp-json\/wp\/v2\/posts\/55972\/revisions"}],"predecessor-version":[{"id":55974,"href":"https:\/\/lasprimeras.com.do\/index.php\/wp-json\/wp\/v2\/posts\/55972\/revisions\/55974"}],"wp:featuredmedia":[{"embeddable":true,"href":"https:\/\/lasprimeras.com.do\/index.php\/wp-json\/wp\/v2\/media\/55973"}],"wp:attachment":[{"href":"https:\/\/lasprimeras.com.do\/index.php\/wp-json\/wp\/v2\/media?parent=55972"}],"wp:term":[{"taxonomy":"category","embeddable":true,"href":"https:\/\/lasprimeras.com.do\/index.php\/wp-json\/wp\/v2\/categories?post=55972"},{"taxonomy":"post_tag","embeddable":true,"href":"https:\/\/lasprimeras.com.do\/index.php\/wp-json\/wp\/v2\/tags?post=55972"}],"curies":[{"name":"wp","href":"https:\/\/api.w.org\/{rel}","templated":true}]}}