{"id":55975,"date":"2023-07-26T23:56:24","date_gmt":"2023-07-27T03:56:24","guid":{"rendered":"https:\/\/lasprimeras.com.do\/?p=55975"},"modified":"2023-07-26T23:56:39","modified_gmt":"2023-07-27T03:56:39","slug":"bukele-reacciona-a-publicacion-de-periodico-de-eeuu-y-pregunta-por-que-nos-tienen-miedo","status":"publish","type":"post","link":"https:\/\/lasprimeras.com.do\/index.php\/2023\/07\/26\/bukele-reacciona-a-publicacion-de-periodico-de-eeuu-y-pregunta-por-que-nos-tienen-miedo\/","title":{"rendered":"Bukele reacciona a publicaci\u00f3n de peri\u00f3dico de EEUU y pregunta: \u00bfPor qu\u00e9 nos tienen miedo?"},"content":{"rendered":"\n<p>El presidente de El Salvador, Nayib Bukele, reaccion\u00f3 a una publicaci\u00f3n del peri\u00f3dico estadounidense Los Angeles Times y pregunt\u00f3: \u00bfPor qu\u00e9 los principales medios de comunicaci\u00f3n nos tienen tanto medio?<\/p>\n\n\n\n<p>En la publicaci\u00f3n, &#8216;Dentro del creciente culto a Nayib Bukele de El Salvador, la estrella pol\u00edtica de Am\u00e9rica Latina&#8217;, se se\u00f1ala que &#8220;Latinoam\u00e9rica tiene un nuevo h\u00e9roe a la derecha: el presidente de El Salvador, Nayib Bukele&#8221;.<\/p>\n\n\n\n<p>&#8220;El impetuoso joven aut\u00f3crata ha ganado legiones de admiradores en toda la regi\u00f3n por su amplia campa\u00f1a contra las pandillas que ha reducido dr\u00e1sticamente los delitos violentos&#8221;, apunta el escrito.<\/p>\n\n\n\n<p>Adem\u00e1s se se\u00f1ala que &#8220;el culto a Bukele es parte de una oleada reciente de marginados populistas en todo el mundo y refleja el grado en que el crimen se ha convertido en una gran preocupaci\u00f3n en Am\u00e9rica Latina&#8221;.<\/p>\n\n\n\n<p>&#8220;\u00bfCulto?&#8221;, escribi\u00f3 el mandatario salvadore\u00f1o en un mensaje en ingl\u00e9s en Twitter.<\/p>\n\n\n\n<p>&#8220;\u00bfPor qu\u00e9 los principales medios de comunicaci\u00f3n nos tienen tanto miedo? (\u2026) \u00bfNo se han dado cuenta de que los que act\u00faan cada vez m\u00e1s como una secta son ustedes?&#8221;, agreg\u00f3.<\/p>\n\n\n\n<p>La llamada &#8216;guerra contra las pandillas&#8217; en El Salvador tiene dentro de su base un r\u00e9gimen de excepci\u00f3n solicitado por Bukele y avalado por la Asamblea Legislativa, de amplia mayor\u00eda oficialista.<\/p>\n\n\n\n<p>La pol\u00e9mica medida de seguridad &#8211; implementada para combatir a las pandillas en el pa\u00eds centroamericano &#8211; ha sido fuertemente criticada por entes nacionales y extranjeros, quienes han se\u00f1alado violaciones a derechos humanos en el marco de dicha medida.<\/p>\n\n\n\n<p>No obstante, la estrategia de Bukele contra las pandillas parece que ha sido retomada por mandatarios de otras naciones. Agencia EFE<\/p>\n","protected":false},"excerpt":{"rendered":"<p>El presidente de El Salvador, Nayib Bukele, reaccion\u00f3 a una publicaci\u00f3n del peri\u00f3dico estadounidense Los Angeles Times y pregunt\u00f3: \u00bfPor qu\u00e9 los principales medios de comunicaci\u00f3n nos tienen tanto medio?&hellip;<\/p>\n","protected":false},"author":2,"featured_media":55976,"comment_status":"open","ping_status":"open","sticky":false,"template":"","format":"standard","meta":{"content-type":"","jetpack_post_was_ever_published":false,"_jetpack_newsletter_access":"","_jetpack_dont_email_post_to_subs":false,"_jetpack_newsletter_tier_id":0,"_jetpack_memberships_contains_paywalled_content":false,"_jetpack_memberships_contains_paid_content":false,"footnotes":""},"categories":[1],"tags":[979,338,5410,4153],"class_list":["post-55975","post","type-post","status-publish","format-standard","has-post-thumbnail","hentry","category-sin-categoria","tag-eeuu","tag-nayib-bukele","tag-periodico","tag-publicacion"],"jetpack_featured_media_url":"https:\/\/lasprimeras.com.do\/wp-content\/uploads\/2023\/07\/Bukele.jpg","jetpack-related-posts":[{"id":48691,"url":"https:\/\/lasprimeras.com.do\/index.php\/2023\/05\/03\/bukele-dice-que-en-latinoamerica-hay-medios-y-periodistas-pagados-por-financiero\/","url_meta":{"origin":55975,"position":0},"title":"Bukele dice que en Latinoam\u00e9rica hay medios y periodistas pagados por financiero","author":"prenxa100","date":"3 de mayo de 2023","format":false,"excerpt":"San Salvador, EFE.- El presidente de El Salvador, Nayib Bukele, afirm\u00f3 este martes en su cuenta de Twitter que en Latinoam\u00e9rica hay medios y periodistas \u201cpagados\u201d por el financiero George Soros. \u201cEn todos los pa\u00edses de Latinoam\u00e9rica hay medios y \u2018periodistas\u2019 pagados por Soros\u201d, public\u00f3 el mandatario salvadore\u00f1o y a\u00f1adi\u00f3\u2026","rel":"","context":"En \u00abSin categor\u00eda\u00bb","block_context":{"text":"Sin categor\u00eda","link":"https:\/\/lasprimeras.com.do\/index.php\/category\/sin-categoria\/"},"img":{"alt_text":"","src":"","width":0,"height":0},"classes":[]},{"id":98963,"url":"https:\/\/lasprimeras.com.do\/index.php\/2025\/05\/14\/congresista-republicana-de-florida-dice-que-nayib-bukele-libero-a-el-salvador-del-terrorismo\/","url_meta":{"origin":55975,"position":1},"title":"Congresista republicana de Florida dice que Nayib Bukele liber\u00f3 a El Salvador del terrorismo","author":"Nelson Feliz","date":"14 de mayo de 2025","format":false,"excerpt":"La representante Anna Paulina Luna dijo que se sent\u00eda honrada de acompa\u00f1ar al mandatario en la lucha por lograr paz y justicia duraderas en El Salvador. Por Luis De Jes\u00fas La congresista estadounidense Anna Paulina Luna, representante republicana por Florida, se reuni\u00f3 con el presidente de El Salvador Nayib Bukele,\u2026","rel":"","context":"En \u00abINTERNACIONALES\u00bb","block_context":{"text":"INTERNACIONALES","link":"https:\/\/lasprimeras.com.do\/index.php\/category\/sin-categoria\/internacionales\/"},"img":{"alt_text":"","src":"https:\/\/i0.wp.com\/lasprimeras.com.do\/wp-content\/uploads\/2025\/05\/Nayib-Bukele.jpg?resize=350%2C200&ssl=1","width":350,"height":200,"srcset":"https:\/\/i0.wp.com\/lasprimeras.com.do\/wp-content\/uploads\/2025\/05\/Nayib-Bukele.jpg?resize=350%2C200&ssl=1 1x, https:\/\/i0.wp.com\/lasprimeras.com.do\/wp-content\/uploads\/2025\/05\/Nayib-Bukele.jpg?resize=525%2C300&ssl=1 1.5x, https:\/\/i0.wp.com\/lasprimeras.com.do\/wp-content\/uploads\/2025\/05\/Nayib-Bukele.jpg?resize=700%2C400&ssl=1 2x"},"classes":[]},{"id":55990,"url":"https:\/\/lasprimeras.com.do\/index.php\/2023\/07\/27\/voces-del-sur-pide-a-bukele-un-alto-al-acoso-y-hostigamiento-de-la-prensa-en-el-salvador\/","url_meta":{"origin":55975,"position":2},"title":"Voces del Sur pide a Bukele un alto al &#8220;acoso y hostigamiento&#8221; de la prensa en El Salvador","author":"Nelson Feliz","date":"27 de julio de 2023","format":false,"excerpt":"La red latinoamericana de organizaciones Voces del Sur pidi\u00f3 al presidente salvadore\u00f1o, Nayib Bukele, un alto al \"acoso y hostigamiento\" contra la prensa cr\u00edtica. \"Pedimos nuevamente a Nayib Bukele que disponga el cese del acoso y hostigamiento desde el Gobierno contra la prensa y el periodismo cr\u00edtico\", public\u00f3 el ente\u2026","rel":"","context":"En \u00abSin categor\u00eda\u00bb","block_context":{"text":"Sin categor\u00eda","link":"https:\/\/lasprimeras.com.do\/index.php\/category\/sin-categoria\/"},"img":{"alt_text":"Nayib Bukele","src":"https:\/\/i0.wp.com\/lasprimeras.com.do\/wp-content\/uploads\/2023\/07\/Nayib-Bukele-2.jpg?resize=350%2C200&ssl=1","width":350,"height":200,"srcset":"https:\/\/i0.wp.com\/lasprimeras.com.do\/wp-content\/uploads\/2023\/07\/Nayib-Bukele-2.jpg?resize=350%2C200&ssl=1 1x, https:\/\/i0.wp.com\/lasprimeras.com.do\/wp-content\/uploads\/2023\/07\/Nayib-Bukele-2.jpg?resize=525%2C300&ssl=1 1.5x, https:\/\/i0.wp.com\/lasprimeras.com.do\/wp-content\/uploads\/2023\/07\/Nayib-Bukele-2.jpg?resize=700%2C400&ssl=1 2x"},"classes":[]},{"id":92381,"url":"https:\/\/lasprimeras.com.do\/index.php\/2025\/01\/02\/bukele-dice-poder-ayudar-a-estados-unidos-a-disminuir-homicidios\/","url_meta":{"origin":55975,"position":3},"title":"Bukele dice poder ayudar a Estados Unidos a disminuir homicidios","author":"Nelson Feliz","date":"2 de enero de 2025","format":false,"excerpt":"El Salvador cerr\u00f3 2024 con 114 homicidios, cerca de un 26 % menos que los registrados en 2023, de acuerdo con datos oficiales que se dieron a conocer el mi\u00e9rcoles. San Salvador, El Salvador,EFE.-. El presidente de El Salvador, Nayib Bukele, dijo este jueves que su pa\u00eds podr\u00eda ayudar a\u2026","rel":"","context":"En \u00abINTERNACIONALES\u00bb","block_context":{"text":"INTERNACIONALES","link":"https:\/\/lasprimeras.com.do\/index.php\/category\/sin-categoria\/internacionales\/"},"img":{"alt_text":"Nayib Bukele","src":"https:\/\/i0.wp.com\/lasprimeras.com.do\/wp-content\/uploads\/2024\/08\/Nayib-Bukele.jpg?resize=350%2C200&ssl=1","width":350,"height":200,"srcset":"https:\/\/i0.wp.com\/lasprimeras.com.do\/wp-content\/uploads\/2024\/08\/Nayib-Bukele.jpg?resize=350%2C200&ssl=1 1x, https:\/\/i0.wp.com\/lasprimeras.com.do\/wp-content\/uploads\/2024\/08\/Nayib-Bukele.jpg?resize=525%2C300&ssl=1 1.5x, https:\/\/i0.wp.com\/lasprimeras.com.do\/wp-content\/uploads\/2024\/08\/Nayib-Bukele.jpg?resize=700%2C400&ssl=1 2x"},"classes":[]},{"id":76408,"url":"https:\/\/lasprimeras.com.do\/index.php\/2024\/02\/10\/el-salvador-confirma-la-victoria-bukele-con-8266-votos\/","url_meta":{"origin":55975,"position":4},"title":"EL SALVADOR confirma la victoria Bukele con 82,66% votos","author":"BIMARY DE JES\u00daS Matos","date":"10 de febrero de 2024","format":false,"excerpt":"SAN SALVADOR.-El Tribunal Supremo Electoral (TSE) de El Salvador ha confirmado este viernes la victoria del presidente Nayib Bukele en las elecciones del pasado domingo con el 82,66 por ciento de los sufragios.\u00abCon el cien por cien de las actas escrutadas\u00bb, \u00ablos datos de cada partido contendiente para esta elecci\u00f3n\u2026","rel":"","context":"En \u00abSin categor\u00eda\u00bb","block_context":{"text":"Sin categor\u00eda","link":"https:\/\/lasprimeras.com.do\/index.php\/category\/sin-categoria\/"},"img":{"alt_text":"","src":"https:\/\/i0.wp.com\/lasprimeras.com.do\/wp-content\/uploads\/2024\/02\/Nayib-Bukele-y-esposa-1.jpg?resize=350%2C200&ssl=1","width":350,"height":200,"srcset":"https:\/\/i0.wp.com\/lasprimeras.com.do\/wp-content\/uploads\/2024\/02\/Nayib-Bukele-y-esposa-1.jpg?resize=350%2C200&ssl=1 1x, https:\/\/i0.wp.com\/lasprimeras.com.do\/wp-content\/uploads\/2024\/02\/Nayib-Bukele-y-esposa-1.jpg?resize=525%2C300&ssl=1 1.5x"},"classes":[]},{"id":54437,"url":"https:\/\/lasprimeras.com.do\/index.php\/2023\/07\/10\/oficializan-candidatura-del-presidente-nayib-bukele\/","url_meta":{"origin":55975,"position":5},"title":"Oficializan candidatura del presidente Nayib Bukele","author":"Nelson Feliz","date":"10 de julio de 2023","format":false,"excerpt":"El Partido Nuevas Ideas oficializ\u00f3 la candidatura del presidente Nayib Bukele para los comicios de febrero de 2024, en donde buscar\u00eda su reelecci\u00f3n por otros cinco a\u00f1os a pesar de que abogados constitucionalistas y pol\u00edticos opositores aseguran que la carta magna proh\u00edbe la reelecci\u00f3n en El Salvador. El presidente del\u2026","rel":"","context":"En \u00abSin categor\u00eda\u00bb","block_context":{"text":"Sin categor\u00eda","link":"https:\/\/lasprimeras.com.do\/index.php\/category\/sin-categoria\/"},"img":{"alt_text":"","src":"","width":0,"height":0},"classes":[]}],"jetpack_sharing_enabled":true,"_links":{"self":[{"href":"https:\/\/lasprimeras.com.do\/index.php\/wp-json\/wp\/v2\/posts\/55975","targetHints":{"allow":["GET"]}}],"collection":[{"href":"https:\/\/lasprimeras.com.do\/index.php\/wp-json\/wp\/v2\/posts"}],"about":[{"href":"https:\/\/lasprimeras.com.do\/index.php\/wp-json\/wp\/v2\/types\/post"}],"author":[{"embeddable":true,"href":"https:\/\/lasprimeras.com.do\/index.php\/wp-json\/wp\/v2\/users\/2"}],"replies":[{"embeddable":true,"href":"https:\/\/lasprimeras.com.do\/index.php\/wp-json\/wp\/v2\/comments?post=55975"}],"version-history":[{"count":2,"href":"https:\/\/lasprimeras.com.do\/index.php\/wp-json\/wp\/v2\/posts\/55975\/revisions"}],"predecessor-version":[{"id":55978,"href":"https:\/\/lasprimeras.com.do\/index.php\/wp-json\/wp\/v2\/posts\/55975\/revisions\/55978"}],"wp:featuredmedia":[{"embeddable":true,"href":"https:\/\/lasprimeras.com.do\/index.php\/wp-json\/wp\/v2\/media\/55976"}],"wp:attachment":[{"href":"https:\/\/lasprimeras.com.do\/index.php\/wp-json\/wp\/v2\/media?parent=55975"}],"wp:term":[{"taxonomy":"category","embeddable":true,"href":"https:\/\/lasprimeras.com.do\/index.php\/wp-json\/wp\/v2\/categories?post=55975"},{"taxonomy":"post_tag","embeddable":true,"href":"https:\/\/lasprimeras.com.do\/index.php\/wp-json\/wp\/v2\/tags?post=55975"}],"curies":[{"name":"wp","href":"https:\/\/api.w.org\/{rel}","templated":true}]}}