{"id":55979,"date":"2023-07-27T00:00:26","date_gmt":"2023-07-27T04:00:26","guid":{"rendered":"https:\/\/lasprimeras.com.do\/?p=55979"},"modified":"2023-07-27T00:00:27","modified_gmt":"2023-07-27T04:00:27","slug":"aprueban-en-el-salvador-aumentar-las-penas-para-lideres-de-pandillas-y-procesos-por-estructura","status":"publish","type":"post","link":"https:\/\/lasprimeras.com.do\/index.php\/2023\/07\/27\/aprueban-en-el-salvador-aumentar-las-penas-para-lideres-de-pandillas-y-procesos-por-estructura\/","title":{"rendered":"Aprueban en El Salvador aumentar las penas para l\u00edderes de pandillas y procesos por estructura"},"content":{"rendered":"\n<p>El Congreso de El Salvador, dominado por el oficialismo, aprob\u00f3 este mi\u00e9rcoles reformas a la Ley contra el Crimen Organizado para aumentar las penas para los cabecillas de pandillas y para la realizaci\u00f3n de procesos penales por estructura delictiva, lo que anular\u00eda los procedimientos individuales.<\/p>\n\n\n\n<p>La primera reforma, aprobada con los votos de 67 parlamentarios de 84 en la Asamblea Legislativa, establece procedimientos penales por grupo o c\u00e9lula de pandilla, lo que supone que los detenidos en el contexto del r\u00e9gimen de excepci\u00f3n, implementado para combatir a las maras (pandillas), podr\u00edan ser agrupados en alguna de las estructuras para ser sometidos a un solo proceso penal.<\/p>\n\n\n\n<p>Seg\u00fan el dictamen le\u00eddo, durante la sesi\u00f3n plenaria de hoy, lo anterior &#8220;facilitar\u00eda a los jueces dictar sentencia de forma m\u00e1s r\u00e1pida a los criminales y evitar que miembros de estas estructuras delictivas salgan en libertad&#8221;.<\/p>\n\n\n\n<p>El diputado de oposici\u00f3n Jaime Guevara se\u00f1al\u00f3 que la reforma aprobada representa &#8220;un riesgo y una amenaza para los presos inocentes que est\u00e1n en las c\u00e1rceles a esperas de un procedimiento penal justo&#8221;.<\/p>\n\n\n\n<p>&#8220;Esto supondr\u00eda que cualquier capturado sea incluido a un grupo de pandillas para que enfrente su proceso penal como estructura y no de manera individual, lo que violenta el debido proceso&#8221;, apunt\u00f3.<\/p>\n\n\n\n<p>La parlamentaria Claudia Ortiz, por su parte, se\u00f1al\u00f3 que la reforma &#8220;\u00fanicamente servir\u00e1 para hacerle el trabajo m\u00e1s liviano a la Fiscal\u00eda, para que ya no tenga que investigar&#8221;.<\/p>\n\n\n\n<p>La cifra de personas detenidas en El Salvador en el contexto de un r\u00e9gimen de excepci\u00f3n asciende a m\u00e1s 71.770, seg\u00fan dijo recientemente el titular del Ministerio de Seguridad, Gustavo Villatoro.<\/p>\n\n\n\n<p>De acuerdo con las denuncias recabadas por organizaciones humanitarias divulgadas recientemente, la cifra de &#8220;v\u00edctimas directas&#8221; de violaciones a derechos humanos bajo el r\u00e9gimen de excepci\u00f3n lleg\u00f3 al menos a 5.490.<\/p>\n\n\n\n<p>Agencia EFE<\/p>\n","protected":false},"excerpt":{"rendered":"<p>El Congreso de El Salvador, dominado por el oficialismo, aprob\u00f3 este mi\u00e9rcoles reformas a la Ley contra el Crimen Organizado para aumentar las penas para los cabecillas de pandillas y&hellip;<\/p>\n","protected":false},"author":2,"featured_media":55980,"comment_status":"open","ping_status":"open","sticky":false,"template":"","format":"standard","meta":{"content-type":"","jetpack_post_was_ever_published":false,"_jetpack_newsletter_access":"","_jetpack_dont_email_post_to_subs":false,"_jetpack_newsletter_tier_id":0,"_jetpack_memberships_contains_paywalled_content":false,"_jetpack_memberships_contains_paid_content":false,"footnotes":""},"categories":[1],"tags":[5411,598,2557,4855,1076,916],"class_list":["post-55979","post","type-post","status-publish","format-standard","has-post-thumbnail","hentry","category-sin-categoria","tag-aumentara-penas","tag-el-salvador","tag-estructura","tag-lideres","tag-pandillas","tag-procesos"],"jetpack_featured_media_url":"https:\/\/lasprimeras.com.do\/wp-content\/uploads\/2023\/07\/pandillas.jpg","jetpack-related-posts":[{"id":54609,"url":"https:\/\/lasprimeras.com.do\/index.php\/2023\/07\/12\/bukele-pide-extender-por-16ta-vez-estado-de-emergencia-contra-pandillas-en-el-salvador\/","url_meta":{"origin":55979,"position":0},"title":"Bukele pide extender por 16ta vez estado de emergencia contra pandillas en El Salvador","author":"Nelson Feliz","date":"12 de julio de 2023","format":false,"excerpt":"Cada mes, es necesario solicitar la pr\u00f3rroga. La extensi\u00f3n anterior aprobada el 14 de junio vence el s\u00e1bado 15 de julio. El gobierno del presidente salvadore\u00f1o, Nayib Bukele, pidi\u00f3 al Congreso una nueva pr\u00f3rroga del r\u00e9gimen de excepci\u00f3n que mantiene suspendidos derechos constitucionales desde hace m\u00e1s de un a\u00f1o con\u2026","rel":"","context":"En \u00abSin categor\u00eda\u00bb","block_context":{"text":"Sin categor\u00eda","link":"https:\/\/lasprimeras.com.do\/index.php\/category\/sin-categoria\/"},"img":{"alt_text":"El presidente del El Salvador, Nayib Bukele","src":"https:\/\/i0.wp.com\/lasprimeras.com.do\/wp-content\/uploads\/2023\/07\/Nayib-Bukele-1.jpg?resize=350%2C200&ssl=1","width":350,"height":200,"srcset":"https:\/\/i0.wp.com\/lasprimeras.com.do\/wp-content\/uploads\/2023\/07\/Nayib-Bukele-1.jpg?resize=350%2C200&ssl=1 1x, https:\/\/i0.wp.com\/lasprimeras.com.do\/wp-content\/uploads\/2023\/07\/Nayib-Bukele-1.jpg?resize=525%2C300&ssl=1 1.5x, https:\/\/i0.wp.com\/lasprimeras.com.do\/wp-content\/uploads\/2023\/07\/Nayib-Bukele-1.jpg?resize=700%2C400&ssl=1 2x"},"classes":[]},{"id":119010,"url":"https:\/\/lasprimeras.com.do\/index.php\/2026\/01\/05\/el-salvador-reporta-baja-record-en-homicidios-en-medio-de-su-lucha-contra-las-pandillas\/","url_meta":{"origin":55979,"position":1},"title":"El Salvador reporta baja r\u00e9cord en homicidios, en medio de su lucha contra las pandillas","author":"Nelson Feliz","date":"5 de enero de 2026","format":false,"excerpt":"POR MARCOS ALEM\u00c1N SAN SALVADOR (AP) \u2014 El Salvador cerr\u00f3 2025 con una baja r\u00e9cord en homicidios \u201482 casos\u2014, en medio de un prolongado y cuestionado r\u00e9gimen de excepci\u00f3n con el que el gobierno del presidente Nayib Bukele combate a las pandillas violentas en el pa\u00eds centroamericano, informaron las autoridades\u2026","rel":"","context":"En \u00abINTERNACIONALES\u00bb","block_context":{"text":"INTERNACIONALES","link":"https:\/\/lasprimeras.com.do\/index.php\/category\/sin-categoria\/internacionales\/"},"img":{"alt_text":"El Salvador reporta baja r\u00e9cord en homicidios","src":"https:\/\/i0.wp.com\/lasprimeras.com.do\/wp-content\/uploads\/2026\/01\/El-Salvador-reporta-baja-record-en-homicidios.jpg?resize=350%2C200&ssl=1","width":350,"height":200,"srcset":"https:\/\/i0.wp.com\/lasprimeras.com.do\/wp-content\/uploads\/2026\/01\/El-Salvador-reporta-baja-record-en-homicidios.jpg?resize=350%2C200&ssl=1 1x, https:\/\/i0.wp.com\/lasprimeras.com.do\/wp-content\/uploads\/2026\/01\/El-Salvador-reporta-baja-record-en-homicidios.jpg?resize=525%2C300&ssl=1 1.5x"},"classes":[]},{"id":85768,"url":"https:\/\/lasprimeras.com.do\/index.php\/2024\/07\/08\/condena-de-1-420-anos-de-carcel-para-un-pandillero-en-el-salvador-y-de-cientos-de-anos-para-otros\/","url_meta":{"origin":55979,"position":2},"title":"Condena de 1.420 a\u00f1os de c\u00e1rcel para un pandillero en El Salvador y de cientos de a\u00f1os para otros","author":"Nelson Feliz","date":"8 de julio de 2024","format":false,"excerpt":"SAN SALVADOR (AP) \u2014 Un tribunal de justicia de El Salvador impuso penas de hasta 1.420 a\u00f1os de prisi\u00f3n para una estructura criminal de la pandilla Mara Salvatrucha (MS-13), procesados por delitos cometidos entre 2018 y 2019, inform\u00f3 el lunes la Fiscal\u00eda General de la Rep\u00fablica. El pandillero \u00c1ngel Geovany\u2026","rel":"","context":"En \u00abSin categor\u00eda\u00bb","block_context":{"text":"Sin categor\u00eda","link":"https:\/\/lasprimeras.com.do\/index.php\/category\/sin-categoria\/"},"img":{"alt_text":"","src":"https:\/\/i0.wp.com\/lasprimeras.com.do\/wp-content\/uploads\/2024\/07\/Pandillero.jpg?resize=350%2C200&ssl=1","width":350,"height":200,"srcset":"https:\/\/i0.wp.com\/lasprimeras.com.do\/wp-content\/uploads\/2024\/07\/Pandillero.jpg?resize=350%2C200&ssl=1 1x, https:\/\/i0.wp.com\/lasprimeras.com.do\/wp-content\/uploads\/2024\/07\/Pandillero.jpg?resize=525%2C300&ssl=1 1.5x, https:\/\/i0.wp.com\/lasprimeras.com.do\/wp-content\/uploads\/2024\/07\/Pandillero.jpg?resize=700%2C400&ssl=1 2x"},"classes":[]},{"id":116021,"url":"https:\/\/lasprimeras.com.do\/index.php\/2025\/11\/26\/imponen-condena-de-casi-400-anos-de-carcel-a-lider-pandillero-en-el-salvador\/","url_meta":{"origin":55979,"position":3},"title":"Imponen condena de casi 400 a\u00f1os de c\u00e1rcel a l\u00edder pandillero en El Salvador","author":"Nelson Feliz","date":"26 de noviembre de 2025","format":false,"excerpt":"SAN SALVADOR (AP) \u2014 Un tribunal de El Salvador declar\u00f3 culpables a 45 pandilleros de Barrios 18 Sure\u00f1os por varios delitos, entre ellos extorsi\u00f3n y homicidio, e impuso una condena de 397 a\u00f1os de prisi\u00f3n contra uno de los cabecillas de esa estructura criminal, en medio de un estado de\u2026","rel":"","context":"En \u00abINTERNACIONALES\u00bb","block_context":{"text":"INTERNACIONALES","link":"https:\/\/lasprimeras.com.do\/index.php\/category\/sin-categoria\/internacionales\/"},"img":{"alt_text":"","src":"https:\/\/i0.wp.com\/lasprimeras.com.do\/wp-content\/uploads\/2025\/04\/mallete.png?resize=350%2C200&ssl=1","width":350,"height":200,"srcset":"https:\/\/i0.wp.com\/lasprimeras.com.do\/wp-content\/uploads\/2025\/04\/mallete.png?resize=350%2C200&ssl=1 1x, https:\/\/i0.wp.com\/lasprimeras.com.do\/wp-content\/uploads\/2025\/04\/mallete.png?resize=525%2C300&ssl=1 1.5x, https:\/\/i0.wp.com\/lasprimeras.com.do\/wp-content\/uploads\/2025\/04\/mallete.png?resize=700%2C400&ssl=1 2x"},"classes":[]},{"id":88057,"url":"https:\/\/lasprimeras.com.do\/index.php\/2024\/08\/21\/bukele-asegura-que-el-sistema-de-justicia-penal-de-el-salvador-es-el-mejor-del-mundo\/","url_meta":{"origin":55979,"position":4},"title":"Bukele asegura que el sistema de justicia penal de El Salvador es &#8220;el mejor del mundo&#8221;","author":"Nelson Feliz","date":"21 de agosto de 2024","format":false,"excerpt":"San Salvador, (EFE).- El presidente Nayib Bukele asegur\u00f3 este mi\u00e9rcoles en un mensaje en X que el sistema de justicia penal de El Salvador es \"el mejor del mundo\", esto en referencia a un proyecto de rehabilitaci\u00f3n para \"criminales no violentos\". \"Solo esperen a ver a estos tipos (presos) reconstruyendo\u2026","rel":"","context":"En \u00abSin categor\u00eda\u00bb","block_context":{"text":"Sin categor\u00eda","link":"https:\/\/lasprimeras.com.do\/index.php\/category\/sin-categoria\/"},"img":{"alt_text":"Nayib Bukele","src":"https:\/\/i0.wp.com\/lasprimeras.com.do\/wp-content\/uploads\/2024\/08\/Nayib-Bukele.jpg?resize=350%2C200&ssl=1","width":350,"height":200,"srcset":"https:\/\/i0.wp.com\/lasprimeras.com.do\/wp-content\/uploads\/2024\/08\/Nayib-Bukele.jpg?resize=350%2C200&ssl=1 1x, https:\/\/i0.wp.com\/lasprimeras.com.do\/wp-content\/uploads\/2024\/08\/Nayib-Bukele.jpg?resize=525%2C300&ssl=1 1.5x, https:\/\/i0.wp.com\/lasprimeras.com.do\/wp-content\/uploads\/2024\/08\/Nayib-Bukele.jpg?resize=700%2C400&ssl=1 2x"},"classes":[]},{"id":92465,"url":"https:\/\/lasprimeras.com.do\/index.php\/2025\/01\/04\/soldados-centroamericanos-llegan-a-haiti-para-reforzar-mision-de-restablecer-el-orden\/","url_meta":{"origin":55979,"position":5},"title":"Soldados centroamericanos llegan a Hait\u00ed para reforzar misi\u00f3n de restablecer el orden","author":"Nelson Feliz","date":"4 de enero de 2025","format":false,"excerpt":"PUERTO PR\u00cdNCIPE (AP) \u2014 Unos 150 polic\u00edas militares de Centroam\u00e9rica han comenzado a llegar a Hait\u00ed para reforzar la lucha del gobierno contra las violentas pandillas que han trastornado la vida diaria de millones de personas en la isla caribe\u00f1a. El primer despliegue de 75 efectivos, principalmente de Guatemala y\u2026","rel":"","context":"En \u00abINTERNACIONALES\u00bb","block_context":{"text":"INTERNACIONALES","link":"https:\/\/lasprimeras.com.do\/index.php\/category\/sin-categoria\/internacionales\/"},"img":{"alt_text":"","src":"https:\/\/i0.wp.com\/lasprimeras.com.do\/wp-content\/uploads\/2025\/01\/haitianos.jpg?resize=350%2C200&ssl=1","width":350,"height":200,"srcset":"https:\/\/i0.wp.com\/lasprimeras.com.do\/wp-content\/uploads\/2025\/01\/haitianos.jpg?resize=350%2C200&ssl=1 1x, https:\/\/i0.wp.com\/lasprimeras.com.do\/wp-content\/uploads\/2025\/01\/haitianos.jpg?resize=525%2C300&ssl=1 1.5x, https:\/\/i0.wp.com\/lasprimeras.com.do\/wp-content\/uploads\/2025\/01\/haitianos.jpg?resize=700%2C400&ssl=1 2x"},"classes":[]}],"jetpack_sharing_enabled":true,"_links":{"self":[{"href":"https:\/\/lasprimeras.com.do\/index.php\/wp-json\/wp\/v2\/posts\/55979","targetHints":{"allow":["GET"]}}],"collection":[{"href":"https:\/\/lasprimeras.com.do\/index.php\/wp-json\/wp\/v2\/posts"}],"about":[{"href":"https:\/\/lasprimeras.com.do\/index.php\/wp-json\/wp\/v2\/types\/post"}],"author":[{"embeddable":true,"href":"https:\/\/lasprimeras.com.do\/index.php\/wp-json\/wp\/v2\/users\/2"}],"replies":[{"embeddable":true,"href":"https:\/\/lasprimeras.com.do\/index.php\/wp-json\/wp\/v2\/comments?post=55979"}],"version-history":[{"count":1,"href":"https:\/\/lasprimeras.com.do\/index.php\/wp-json\/wp\/v2\/posts\/55979\/revisions"}],"predecessor-version":[{"id":55981,"href":"https:\/\/lasprimeras.com.do\/index.php\/wp-json\/wp\/v2\/posts\/55979\/revisions\/55981"}],"wp:featuredmedia":[{"embeddable":true,"href":"https:\/\/lasprimeras.com.do\/index.php\/wp-json\/wp\/v2\/media\/55980"}],"wp:attachment":[{"href":"https:\/\/lasprimeras.com.do\/index.php\/wp-json\/wp\/v2\/media?parent=55979"}],"wp:term":[{"taxonomy":"category","embeddable":true,"href":"https:\/\/lasprimeras.com.do\/index.php\/wp-json\/wp\/v2\/categories?post=55979"},{"taxonomy":"post_tag","embeddable":true,"href":"https:\/\/lasprimeras.com.do\/index.php\/wp-json\/wp\/v2\/tags?post=55979"}],"curies":[{"name":"wp","href":"https:\/\/api.w.org\/{rel}","templated":true}]}}