{"id":56010,"date":"2023-07-27T09:12:30","date_gmt":"2023-07-27T13:12:30","guid":{"rendered":"https:\/\/lasprimeras.com.do\/?p=56010"},"modified":"2023-07-27T09:12:31","modified_gmt":"2023-07-27T13:12:31","slug":"exalcalde-tomas-regalado-resalta-rol-de-la-politica-en-gobiernos-municipales-al","status":"publish","type":"post","link":"https:\/\/lasprimeras.com.do\/index.php\/2023\/07\/27\/exalcalde-tomas-regalado-resalta-rol-de-la-politica-en-gobiernos-municipales-al\/","title":{"rendered":"Exalcalde Tom\u00e1s Regalado resalta rol de la pol\u00edtica en gobiernos municipales AL"},"content":{"rendered":"\n<p><strong>El exalcalde de Miami y profesor honor\u00edfico de la Universidad del Caribe, Tom\u00e1s Regalado, abord\u00f3 el rol de los gobiernos municipales en la calidad de vida de las personas y la salud econ\u00f3mica de los pa\u00edses durante la conferencia \u201cDemocracia: Clave en el Desarrollo Municipal Latinoamericano.\u201d<\/strong><\/p>\n\n\n\n<p>Por Rose Mary Santana<\/p>\n\n\n\n<p>El rol de la democracia en el desarrollo de las ciudades, tiene que ver con la capacidad de representaci\u00f3n que tienen los municipalistas ante los tomadores de decisi\u00f3n de las distintas instancias gubernamentales para agendar los temas prioritarios de las ciudades que representan, \u201cporque toda la pol\u00edtica es local\u201d, dijo en Rep\u00fablica Dominicana, el m\u00e1s Influyente alcalde latinoamericano en todos Estados Unidos, periodista, Tom\u00e1s Regalado y citando al exvocero de la Casa Blanca, Tip O&#8217;Neill.<\/p>\n\n\n\n<p><strong>Para Regalado, las municipalidades, adem\u00e1s, tienen a su cargo dos grandes temas para gestionar el di\u00e1logo con las autoridades centrales en su prop\u00f3sito de conservar la calidad de vida de las personas y la salud econ\u00f3mica del pa\u00eds: <\/strong>la gesti\u00f3n de los residuos en mar y tierra y las leyes de zonificaci\u00f3n para la planificaci\u00f3n urbana, debido a que estos dos factores son clave para la atracci\u00f3n de la inversi\u00f3n, conforme subray\u00f3 el adem\u00e1s acad\u00e9mico.<\/p>\n\n\n\n<p>\u201cLa gesti\u00f3n de residuos es el gran problema del siglo XXI\u201d, sostuvo Regalado, sin dejar de citar la transcendencia en el orden de cuidar la propiedad privada en el orden del respeto para desarrollo de pol\u00edticas municipales.<\/p>\n\n\n\n<p>\u201cLa propiedad privada lleva al desarrollo y el desarrollo trae calidad de vida\u201d, precis\u00f3 el honorable Tom\u00e1s Regalado.<\/p>\n\n\n\n<figure class=\"wp-block-image size-full is-resized\"><img decoding=\"async\" src=\"https:\/\/lasprimeras.com.do\/wp-content\/uploads\/2023\/07\/Otro-momento-de-la-entrega-del-merecido-galardon-al-influyente-exalcalde-de-Miami-Don-Tomas-Regalado.jpg\" alt=\"\" class=\"wp-image-56012\" width=\"830\" height=\"553\" srcset=\"https:\/\/lasprimeras.com.do\/wp-content\/uploads\/2023\/07\/Otro-momento-de-la-entrega-del-merecido-galardon-al-influyente-exalcalde-de-Miami-Don-Tomas-Regalado.jpg 700w, https:\/\/lasprimeras.com.do\/wp-content\/uploads\/2023\/07\/Otro-momento-de-la-entrega-del-merecido-galardon-al-influyente-exalcalde-de-Miami-Don-Tomas-Regalado-300x200.jpg 300w\" sizes=\"(max-width: 830px) 100vw, 830px\" \/><\/figure>\n\n\n\n<p><strong>Otro momento de la entrega del merecido galard\u00f3n al influyente exalcalde de Miami, Don Tom\u00e1s Regalado.<\/strong><\/p>\n\n\n\n<p><strong>El profesor honor\u00edfico de la Universidad del Caribe (UNICARIBE) disert\u00f3 la conferencia magistral \u201cDemocracia: <\/strong>Clave en el Desarrollo Municipal Latinoamericano\u201d, organizada por la Direcci\u00f3n de la Carrera Administraci\u00f3n Municipal de esa academia, donde participaron estudiantes de esta carrera en la referida alta casa de estudios.<\/p>\n\n\n\n<p>\u201cDespu\u00e9s de la propiedad privada, el apoyo a la supervivencia de los peque\u00f1os negocios es vital para la calidad de vida de las personas de los municipios porque constituyen la columna vertebral de las econom\u00edas y son ellas las que generan empleos.\u201d<\/p>\n\n\n\n<p><strong>Democracia y papel preponderante en el espectro municipal:<\/strong> \u201cUn tercer elemento de democracia es la garant\u00eda de la seguridad que generalmente es responsabilidad del gobierno central, pero cuyas consecuencias muchas veces recaen en las autoridades municipales.\u201d<\/p>\n\n\n\n<p>En la presentaci\u00f3n de la conferencia, el canciller de UNICARIBE, Mtro. Jos\u00e9 Alejandro Aybar M., explic\u00f3 c\u00f3mo Tom\u00e1s Regalado se constituy\u00f3 en un propulsor de la carrera de municipalidad en el pa\u00eds, que se ofrece en los niveles t\u00e9cnico superior, grado y postgrado, y con ello, ayud\u00f3 a consolidar el sue\u00f1o de formaci\u00f3n de los municipalistas dominicanos.<\/p>\n\n\n\n<figure class=\"wp-block-image size-full is-resized\"><img decoding=\"async\" src=\"https:\/\/lasprimeras.com.do\/wp-content\/uploads\/2023\/07\/Don-Tomas-Regalado-1.jpg\" alt=\"\" class=\"wp-image-56014\" width=\"831\" height=\"490\" srcset=\"https:\/\/lasprimeras.com.do\/wp-content\/uploads\/2023\/07\/Don-Tomas-Regalado-1.jpg 700w, https:\/\/lasprimeras.com.do\/wp-content\/uploads\/2023\/07\/Don-Tomas-Regalado-1-300x177.jpg 300w\" sizes=\"(max-width: 831px) 100vw, 831px\" \/><\/figure>\n\n\n\n<p><strong>El profesor honor\u00edfico de UNICARIBE, Tom\u00e1s Regalado al momento de su disertaci\u00f3n magistral ante estudiantes de la carrera de Administraci\u00f3n Municipal, como parte de su evaluaci\u00f3n.<\/strong><\/p>\n\n\n\n<p>De su lado, la maestra Altagracia Tav\u00e1rez, la directora de la Carrera de Administraci\u00f3n Municipal record\u00f3 la importancia de la educaci\u00f3n de las pr\u00f3ximas generaciones en este tema para garantizar el desarrollo de los municipios en democracia.<\/p>\n\n\n\n<p>\u201cSon los estudiantes quienes van a cambiar la realidad de los territorios. Aquellos que d\u00eda a d\u00eda cumplen y se entregan en las aulas; vienen a formarse y se dedican con mucha decisi\u00f3n a lo que ser\u00e1 este gran cambio en el territorio dominicano\u201d, expres\u00f3.<\/p>\n\n\n\n<p>Record\u00f3, adem\u00e1s, que estas conferencias magistrales acad\u00e9micas y de evaluaci\u00f3n en este orden, se enmarcan en las acciones que realiza la direcci\u00f3n de la carrera de Administraci\u00f3n Municipal, para fortalecer los planes de estudios, al finalizar cada cuatrimestre.<\/p>\n\n\n\n<p><strong>Merecido reconocimiento Liga Municipal Dominicana<\/strong><\/p>\n\n\n\n<p>Al concluir la conferencia educativa evaluativa, la Liga Municipal Dominicana junto a esta academia otorgaron una estatuilla que simboliza un reconocimiento al conferencista invitado por su trayectoria profesional y sus aportes al desarrollo de la municipalidad en la regi\u00f3n.<\/p>\n\n\n\n<p>La misma le fue entregada por el Dr. Emilio M\u00ednguez, rector acad\u00e9mico de UNICARIBE y el presidente de la Liga Municipal Dominicana, V\u00edctor D \u2019Aza, quien felicit\u00f3 a la universidad por crear espacios que re\u00fanen a distintos actores de la vida pol\u00edtica del pa\u00eds en un ejercicio de diversidad.<\/p>\n\n\n\n<p>\u201cQuiero compartir este reconocimiento con un dominicano que me ayud\u00f3 a entender c\u00f3mo las ciudades hermanas podr\u00edan ser solidarias y c\u00f3mo se podr\u00eda sobrepasar la enorme burocracia para tener la posibilidad de traer a Rep\u00fablica Dominicana alg\u00fan tipo de ayuda.<\/p>\n\n\n\n<p>Esta persona es Jos\u00e9 \u00c1lvarez\u201d, dijo Regalado al recibir el reconocimiento, el dominicano de la di\u00e1spora que logr\u00f3 la conexi\u00f3n perfecta Alcald\u00eda-Di\u00e1spora en Miami.<\/p>\n\n\n\n<p><strong>En la conferencia:\u201cDemocracia: <\/strong>Clave en el Desarrollo Municipal Latinoamericano\u201d estuvo presente Geanilda V\u00e1squez, jefa de la Misi\u00f3n Diplom\u00e1tica del Gobierno Dominicano en la Florida y C\u00f3nsul General en Miami; as\u00ed como miembros del Consejo de Directores de UNICARIBE, l\u00edderes pol\u00edticos, representantes del cuerpo acad\u00e9mico y estudiantes de la carrera de Administraci\u00f3n Municipal.<\/p>\n","protected":false},"excerpt":{"rendered":"<p>El exalcalde de Miami y profesor honor\u00edfico de la Universidad del Caribe, Tom\u00e1s Regalado, abord\u00f3 el rol de los gobiernos municipales en la calidad de vida de las personas y&hellip;<\/p>\n","protected":false},"author":2,"featured_media":56011,"comment_status":"open","ping_status":"open","sticky":false,"template":"","format":"standard","meta":{"content-type":"","jetpack_post_was_ever_published":false,"_jetpack_newsletter_access":"","_jetpack_dont_email_post_to_subs":false,"_jetpack_newsletter_tier_id":0,"_jetpack_memberships_contains_paywalled_content":false,"_jetpack_memberships_contains_paid_content":false,"footnotes":""},"categories":[35,25],"tags":[5434,2420,2007,858,52,5433],"class_list":["post-56010","post","type-post","status-publish","format-standard","has-post-thumbnail","hentry","category-nacionales","category-portada","tag-america-latina-2","tag-exalcalde","tag-gobiernos","tag-municipales","tag-politica-2","tag-tomas-regalado"],"jetpack_featured_media_url":"https:\/\/lasprimeras.com.do\/wp-content\/uploads\/2023\/07\/Tomas-Regalado.jpg","jetpack-related-posts":[{"id":104956,"url":"https:\/\/lasprimeras.com.do\/index.php\/2025\/07\/29\/yovany-moya-representa-al-dn-en-la-xxiv-cumbre-latinoamericana-celebrada-en-ny\/","url_meta":{"origin":56010,"position":0},"title":"Yovany Moya representa al DN en la XXIV Cumbre Latinoamericana celebrada en NY","author":"Nelson Feliz","date":"29 de julio de 2025","format":false,"excerpt":"Nueva York, EE.UU. \u2013 El presidente del Concejo de Regidores del Distrito Nacional, Yovany Moya Mej\u00eda, particip\u00f3 en la XXIV Cumbre Latinoamericana de Liderazgo, Estrategia y Comunicaci\u00f3n Pol\u00edtica, celebrada en esta ciudad del 25 al 27 de julio, consolidando as\u00ed su compromiso con la proyecci\u00f3n internacional del liderazgo municipal dominicano.\u2026","rel":"","context":"En \u00abPOLITICA\u00bb","block_context":{"text":"POLITICA","link":"https:\/\/lasprimeras.com.do\/index.php\/category\/politica\/"},"img":{"alt_text":"","src":"https:\/\/i0.wp.com\/lasprimeras.com.do\/wp-content\/uploads\/2025\/07\/Yovany-Moya.jpg?resize=350%2C200&ssl=1","width":350,"height":200,"srcset":"https:\/\/i0.wp.com\/lasprimeras.com.do\/wp-content\/uploads\/2025\/07\/Yovany-Moya.jpg?resize=350%2C200&ssl=1 1x, https:\/\/i0.wp.com\/lasprimeras.com.do\/wp-content\/uploads\/2025\/07\/Yovany-Moya.jpg?resize=525%2C300&ssl=1 1.5x, https:\/\/i0.wp.com\/lasprimeras.com.do\/wp-content\/uploads\/2025\/07\/Yovany-Moya.jpg?resize=700%2C400&ssl=1 2x"},"classes":[]},{"id":51033,"url":"https:\/\/lasprimeras.com.do\/index.php\/2023\/05\/26\/fallece-ramon-ortiz-lizardo-exalcalde-de-puerto-plata\/","url_meta":{"origin":56010,"position":1},"title":"Fallece Ram\u00f3n Ortiz Lizardo exalcalde de Puerto Plata","author":"prenxa100","date":"26 de mayo de 2023","format":false,"excerpt":"EDGAR LANTIGUA Puerto Plata, RD.-. Falleci\u00f3 la noche de este jueves, el exalcalde de Puerto Plata y empresario, Ram\u00f3n Ludovino Ortiz Lizardo, quien ejerci\u00f3 el cargo durante dos periodos consecutivos, de 1998 a 2006. Sus funciones como s\u00edndico las ejerci\u00f3 en representaci\u00f3n del Partido Revolucionario Dominicano. Ayuntamiento de Puerto Plata\u2026","rel":"","context":"En \u00abNACIONALES\u00bb","block_context":{"text":"NACIONALES","link":"https:\/\/lasprimeras.com.do\/index.php\/category\/nacionales\/"},"img":{"alt_text":"","src":"","width":0,"height":0},"classes":[]},{"id":103369,"url":"https:\/\/lasprimeras.com.do\/index.php\/2025\/07\/15\/fallece-fello-subervi-exalcalde-de-santo-domingo-y-destacado-dirigente-del-prd-historico\/","url_meta":{"origin":56010,"position":2},"title":"Fallece Fello Suberv\u00ed, exalcalde de Santo Domingo y destacado dirigente del PRD hist\u00f3rico","author":"Nelson Feliz","date":"15 de julio de 2025","format":false,"excerpt":"La noticia fue confirmada por su esposa Miguelina Ortiz, al programa Hoy Mismo. Rafael Antonio \"Fello\" Suberv\u00ed Bonilla, exalcalde del Distrito Nacional y uno de los pol\u00edticos emblem\u00e1ticos del Partido Revolucionario Dominicano (PRD), falleci\u00f3 este martes 15 de julio a los 83 a\u00f1os. La noticia fue confirmada por su esposa\u2026","rel":"","context":"En \u00abNACIONALES\u00bb","block_context":{"text":"NACIONALES","link":"https:\/\/lasprimeras.com.do\/index.php\/category\/nacionales\/"},"img":{"alt_text":"Rafael Antonio \"Fello\" Suberv\u00ed Bonilla","src":"https:\/\/i0.wp.com\/lasprimeras.com.do\/wp-content\/uploads\/2025\/07\/Fello_Subervi-removebg-preview.png?resize=350%2C200&ssl=1","width":350,"height":200,"srcset":"https:\/\/i0.wp.com\/lasprimeras.com.do\/wp-content\/uploads\/2025\/07\/Fello_Subervi-removebg-preview.png?resize=350%2C200&ssl=1 1x, https:\/\/i0.wp.com\/lasprimeras.com.do\/wp-content\/uploads\/2025\/07\/Fello_Subervi-removebg-preview.png?resize=525%2C300&ssl=1 1.5x"},"classes":[]},{"id":72294,"url":"https:\/\/lasprimeras.com.do\/index.php\/2023\/12\/28\/exalcalde-serulle-se-defiende-y-arremete-contra-abel-martinez-lo-reta-a-un-debate\/","url_meta":{"origin":56010,"position":3},"title":"Exalcalde Serulle se defiende y arremete contra Abel Mart\u00ednez; lo reta a un debate","author":"Nelson Feliz","date":"28 de diciembre de 2023","format":false,"excerpt":"El exalcalde de Santiago, Gilberto Serulle, se defendi\u00f3 este jueves de las acusaciones de corrupci\u00f3n hechas a su gesti\u00f3n de 6 a\u00f1os y ret\u00f3 al alcalde y candidato presidencial del Partido de la Liberaci\u00f3n Dominicana a un debate pol\u00edtico. \u00a8El actual alcalde de Santiago y candidato presidencial del PLD, Abel\u2026","rel":"","context":"En \u00abPORTADA\u00bb","block_context":{"text":"PORTADA","link":"https:\/\/lasprimeras.com.do\/index.php\/category\/portada\/"},"img":{"alt_text":"Gilberto Serulle","src":"https:\/\/i0.wp.com\/lasprimeras.com.do\/wp-content\/uploads\/2023\/12\/Gilberto-Serulle.jpg?resize=350%2C200&ssl=1","width":350,"height":200,"srcset":"https:\/\/i0.wp.com\/lasprimeras.com.do\/wp-content\/uploads\/2023\/12\/Gilberto-Serulle.jpg?resize=350%2C200&ssl=1 1x, https:\/\/i0.wp.com\/lasprimeras.com.do\/wp-content\/uploads\/2023\/12\/Gilberto-Serulle.jpg?resize=525%2C300&ssl=1 1.5x, https:\/\/i0.wp.com\/lasprimeras.com.do\/wp-content\/uploads\/2023\/12\/Gilberto-Serulle.jpg?resize=700%2C400&ssl=1 2x"},"classes":[]},{"id":105741,"url":"https:\/\/lasprimeras.com.do\/index.php\/2025\/08\/06\/exalcalde-marcial-reyes-lamenta-abandono-de-obras-y-deterioro-urbano-en-la-caleta\/","url_meta":{"origin":56010,"position":4},"title":"Exalcalde Marcial Reyes lamenta abandono de obras y deterioro urbano en La Caleta,","author":"Nelson Feliz","date":"6 de agosto de 2025","format":false,"excerpt":"El exalcalde del municipio La Caleta y dirigente del Partido de la Liberaci\u00f3n Dominicana (PLD), Marcial Reyes Suberv\u00ed, manifest\u00f3 su profunda preocupaci\u00f3n por el estado de abandono en que se encuentra esa comunidad, pese a su importancia estrat\u00e9gica y a la existencia de un contrato multimillonario entre el Estado dominicano\u2026","rel":"","context":"En \u00abPOLITICA\u00bb","block_context":{"text":"POLITICA","link":"https:\/\/lasprimeras.com.do\/index.php\/category\/politica\/"},"img":{"alt_text":"","src":"https:\/\/i0.wp.com\/lasprimeras.com.do\/wp-content\/uploads\/2025\/08\/obras.jpeg?resize=350%2C200&ssl=1","width":350,"height":200,"srcset":"https:\/\/i0.wp.com\/lasprimeras.com.do\/wp-content\/uploads\/2025\/08\/obras.jpeg?resize=350%2C200&ssl=1 1x, https:\/\/i0.wp.com\/lasprimeras.com.do\/wp-content\/uploads\/2025\/08\/obras.jpeg?resize=525%2C300&ssl=1 1.5x, https:\/\/i0.wp.com\/lasprimeras.com.do\/wp-content\/uploads\/2025\/08\/obras.jpeg?resize=700%2C400&ssl=1 2x, https:\/\/i0.wp.com\/lasprimeras.com.do\/wp-content\/uploads\/2025\/08\/obras.jpeg?resize=1050%2C600&ssl=1 3x, https:\/\/i0.wp.com\/lasprimeras.com.do\/wp-content\/uploads\/2025\/08\/obras.jpeg?resize=1400%2C800&ssl=1 4x"},"classes":[]},{"id":103681,"url":"https:\/\/lasprimeras.com.do\/index.php\/2025\/07\/17\/adn-realiza-honras-funebres-a-fello-subervi-en-el-palacio-municipal\/","url_meta":{"origin":56010,"position":5},"title":"ADN realiza honras f\u00fanebres a Fello Suberv\u00ed en el Palacio Municipal","author":"Nelson Feliz","date":"17 de julio de 2025","format":false,"excerpt":"El Ayuntamiento del Distrito Nacional realiz\u00f3 este jueves las honras f\u00fanebres al exalcalde Rafael \u201cFello\u201d Suberv\u00ed Bonilla en el Palacio Municipal. En un emotivo acto de cuerpo presente, las autoridades municipales, encabezadas por Carolina Mej\u00eda, expresaron su solidaridad y respeto a los familiares del emblem\u00e1tico l\u00edder pol\u00edtico que pereci\u00f3 la\u2026","rel":"","context":"En \u00abNACIONALES\u00bb","block_context":{"text":"NACIONALES","link":"https:\/\/lasprimeras.com.do\/index.php\/category\/nacionales\/"},"img":{"alt_text":"","src":"https:\/\/i0.wp.com\/lasprimeras.com.do\/wp-content\/uploads\/2025\/07\/ADN.jpg?resize=350%2C200&ssl=1","width":350,"height":200,"srcset":"https:\/\/i0.wp.com\/lasprimeras.com.do\/wp-content\/uploads\/2025\/07\/ADN.jpg?resize=350%2C200&ssl=1 1x, https:\/\/i0.wp.com\/lasprimeras.com.do\/wp-content\/uploads\/2025\/07\/ADN.jpg?resize=525%2C300&ssl=1 1.5x, https:\/\/i0.wp.com\/lasprimeras.com.do\/wp-content\/uploads\/2025\/07\/ADN.jpg?resize=700%2C400&ssl=1 2x"},"classes":[]}],"jetpack_sharing_enabled":true,"_links":{"self":[{"href":"https:\/\/lasprimeras.com.do\/index.php\/wp-json\/wp\/v2\/posts\/56010","targetHints":{"allow":["GET"]}}],"collection":[{"href":"https:\/\/lasprimeras.com.do\/index.php\/wp-json\/wp\/v2\/posts"}],"about":[{"href":"https:\/\/lasprimeras.com.do\/index.php\/wp-json\/wp\/v2\/types\/post"}],"author":[{"embeddable":true,"href":"https:\/\/lasprimeras.com.do\/index.php\/wp-json\/wp\/v2\/users\/2"}],"replies":[{"embeddable":true,"href":"https:\/\/lasprimeras.com.do\/index.php\/wp-json\/wp\/v2\/comments?post=56010"}],"version-history":[{"count":1,"href":"https:\/\/lasprimeras.com.do\/index.php\/wp-json\/wp\/v2\/posts\/56010\/revisions"}],"predecessor-version":[{"id":56015,"href":"https:\/\/lasprimeras.com.do\/index.php\/wp-json\/wp\/v2\/posts\/56010\/revisions\/56015"}],"wp:featuredmedia":[{"embeddable":true,"href":"https:\/\/lasprimeras.com.do\/index.php\/wp-json\/wp\/v2\/media\/56011"}],"wp:attachment":[{"href":"https:\/\/lasprimeras.com.do\/index.php\/wp-json\/wp\/v2\/media?parent=56010"}],"wp:term":[{"taxonomy":"category","embeddable":true,"href":"https:\/\/lasprimeras.com.do\/index.php\/wp-json\/wp\/v2\/categories?post=56010"},{"taxonomy":"post_tag","embeddable":true,"href":"https:\/\/lasprimeras.com.do\/index.php\/wp-json\/wp\/v2\/tags?post=56010"}],"curies":[{"name":"wp","href":"https:\/\/api.w.org\/{rel}","templated":true}]}}