{"id":56025,"date":"2023-07-27T11:15:21","date_gmt":"2023-07-27T15:15:21","guid":{"rendered":"https:\/\/lasprimeras.com.do\/?p=56025"},"modified":"2023-07-27T11:15:22","modified_gmt":"2023-07-27T15:15:22","slug":"mujer-muere-al-lanzarse-desde-cuarto-piso-de-una-plaza-comercial-en-santo-domingo","status":"publish","type":"post","link":"https:\/\/lasprimeras.com.do\/index.php\/2023\/07\/27\/mujer-muere-al-lanzarse-desde-cuarto-piso-de-una-plaza-comercial-en-santo-domingo\/","title":{"rendered":"Mujer muere al lanzarse desde cuarto piso de una plaza comercial en Santo Domingo"},"content":{"rendered":"\n<p><strong>Con una llamada gratuita al 809-200-1400 ser\u00e1s atendido por un especialista en salud mental.<\/strong><\/p>\n\n\n\n<p>Una mujer muri\u00f3 la ma\u00f1ana de este jueves tras supuestamente lanzarse del cuarto piso de Plaza Central en el Distrito Nacional.<\/p>\n\n\n\n<p>El hecho ocurri\u00f3 alrededor de las 7:45 de la ma\u00f1ana y, poco despu\u00e9s, las autoridades del Instituto Nacional de Ciencias Forenses (Inacif) y agentes de la Polic\u00eda Nacional levantaron el cuerpo ensangrentado.<\/p>\n\n\n\n<p>Aunque las autoridades a\u00fan no han delatado la identificaci\u00f3n de la mujer, testigos en el lugar aseguraron que era una vendedora de la zona.<\/p>\n\n\n\n<p>&#8220;Ella vend\u00eda jugo aqu\u00ed cerca, se llamaba Milagros&#8221;, explic\u00f3 un miembro de la seguridad del establecimiento comercial.<\/p>\n\n\n\n<p>Asimismo, otros testigos manifestaron que se percataron de la situaci\u00f3n a trav\u00e9s de un fuerte sonido que escucharon.<\/p>\n\n\n\n<p>&#8220;Eso son\u00f3 duro. Cuando fuimos a ver la mujer se muri\u00f3 casi al instante&#8221;, expres\u00f3 uno de ellos.<\/p>\n\n\n\n<p>Los organismos de investigaci\u00f3n contin\u00faan realizando los procedimientos correspondientes.<\/p>\n\n\n\n<p>L\u00cdNEAS DE AYUDA<\/p>\n\n\n\n<p>Con una llamada gratuita al 809-200-1400, adolescentes, j\u00f3venes, adultos o ancianos o de cualquier otra \u00edndole, que requieran apoyo psicol\u00f3gico inmediato, ser\u00e1n atendidos por un especialista en salud mental.<\/p>\n","protected":false},"excerpt":{"rendered":"<p>Con una llamada gratuita al 809-200-1400 ser\u00e1s atendido por un especialista en salud mental. Una mujer muri\u00f3 la ma\u00f1ana de este jueves tras supuestamente lanzarse del cuarto piso de Plaza&hellip;<\/p>\n","protected":false},"author":2,"featured_media":56026,"comment_status":"open","ping_status":"open","sticky":false,"template":"","format":"standard","meta":{"content-type":"","jetpack_post_was_ever_published":false,"_jetpack_newsletter_access":"","_jetpack_dont_email_post_to_subs":false,"_jetpack_newsletter_tier_id":0,"_jetpack_memberships_contains_paywalled_content":false,"_jetpack_memberships_contains_paid_content":false,"footnotes":""},"categories":[35,25],"tags":[4632,650,429,5439,806],"class_list":["post-56025","post","type-post","status-publish","format-standard","has-post-thumbnail","hentry","category-nacionales","category-portada","tag-lanzarse","tag-muere","tag-mujer","tag-plaza-comercial","tag-santo-domingo"],"jetpack_featured_media_url":"https:\/\/lasprimeras.com.do\/wp-content\/uploads\/2023\/07\/ambulancia.jpeg","jetpack-related-posts":[{"id":53745,"url":"https:\/\/lasprimeras.com.do\/index.php\/2023\/06\/30\/muere-mujer-al-caer-supuestamente-de-un-cuarto-piso-en-hotel-de-bavaro\/","url_meta":{"origin":56025,"position":0},"title":"Muere mujer al caer supuestamente de un cuarto piso en hotel de B\u00e1varo","author":"Nelson Feliz","date":"30 de junio de 2023","format":false,"excerpt":"Una mujer oriunda de La Romana, perdi\u00f3 la vida, al ser lanzada presuntamente por su pareja sentimental, del cuarto piso de un hotel de la zona tur\u00edstica B\u00e1varo Punta Cana. La v\u00edctima fue identificada como Yessy Yomaira Jim\u00e9nez. Se supo que \u00e9sta se encontraba en un resort con su pareja,\u2026","rel":"","context":"En \u00abNACIONALES\u00bb","block_context":{"text":"NACIONALES","link":"https:\/\/lasprimeras.com.do\/index.php\/category\/nacionales\/"},"img":{"alt_text":"","src":"https:\/\/i0.wp.com\/lasprimeras.com.do\/wp-content\/uploads\/2023\/06\/muere.jpg?resize=350%2C200&ssl=1","width":350,"height":200,"srcset":"https:\/\/i0.wp.com\/lasprimeras.com.do\/wp-content\/uploads\/2023\/06\/muere.jpg?resize=350%2C200&ssl=1 1x, https:\/\/i0.wp.com\/lasprimeras.com.do\/wp-content\/uploads\/2023\/06\/muere.jpg?resize=525%2C300&ssl=1 1.5x"},"classes":[]},{"id":102661,"url":"https:\/\/lasprimeras.com.do\/index.php\/2025\/07\/07\/joven-muere-tras-lanzarse-del-parqueo-de-agora-mall\/","url_meta":{"origin":56025,"position":1},"title":"Joven muere tras lanzarse del parqueo de \u00c1gora Mall","author":"Nelson Feliz","date":"7 de julio de 2025","format":false,"excerpt":"Un joven de 21 a\u00f1os falleci\u00f3 la ma\u00f1ana de este lunes tras lanzarse desde el cuarto nivel del parqueo del centro comercial \u00c1gora Mall, ubicado en la avenida John F. Kennedy, en el Distrito Nacional. El tr\u00e1gico hecho ocurri\u00f3 alrededor de las 10:30 de la ma\u00f1ana, seg\u00fan informaron testigos y\u2026","rel":"","context":"En \u00abNACIONALES\u00bb","block_context":{"text":"NACIONALES","link":"https:\/\/lasprimeras.com.do\/index.php\/category\/nacionales\/"},"img":{"alt_text":"","src":"https:\/\/i0.wp.com\/lasprimeras.com.do\/wp-content\/uploads\/2025\/07\/muere.jpg?resize=350%2C200&ssl=1","width":350,"height":200,"srcset":"https:\/\/i0.wp.com\/lasprimeras.com.do\/wp-content\/uploads\/2025\/07\/muere.jpg?resize=350%2C200&ssl=1 1x, https:\/\/i0.wp.com\/lasprimeras.com.do\/wp-content\/uploads\/2025\/07\/muere.jpg?resize=525%2C300&ssl=1 1.5x, https:\/\/i0.wp.com\/lasprimeras.com.do\/wp-content\/uploads\/2025\/07\/muere.jpg?resize=700%2C400&ssl=1 2x"},"classes":[]},{"id":109508,"url":"https:\/\/lasprimeras.com.do\/index.php\/2025\/09\/18\/mujer-muere-al-lanzarse-del-puente-las-americas-sobre-la-san-vicente-de-paul\/","url_meta":{"origin":56025,"position":2},"title":"Mujer muere al lanzarse del puente Las Am\u00e9ricas sobre la San Vicente de Paul","author":"Nelson Feliz","date":"18 de septiembre de 2025","format":false,"excerpt":"Una mujer de aproximadamente 32 a 35 a\u00f1os perdi\u00f3 la vida este jueves tras lanzarse desde el puente seco en la intersecci\u00f3n de la Avenida Las Am\u00e9ricas con San Vicente de Paul en Santo Domingo Este. El hecho ocurri\u00f3 alrededor de la 1:30 PM de la tarde. Testigos indican que\u2026","rel":"","context":"En \u00abNACIONALES\u00bb","block_context":{"text":"NACIONALES","link":"https:\/\/lasprimeras.com.do\/index.php\/category\/nacionales\/"},"img":{"alt_text":"","src":"https:\/\/i0.wp.com\/lasprimeras.com.do\/wp-content\/uploads\/2025\/09\/mujer-1.jpg?resize=350%2C200&ssl=1","width":350,"height":200,"srcset":"https:\/\/i0.wp.com\/lasprimeras.com.do\/wp-content\/uploads\/2025\/09\/mujer-1.jpg?resize=350%2C200&ssl=1 1x, https:\/\/i0.wp.com\/lasprimeras.com.do\/wp-content\/uploads\/2025\/09\/mujer-1.jpg?resize=525%2C300&ssl=1 1.5x, https:\/\/i0.wp.com\/lasprimeras.com.do\/wp-content\/uploads\/2025\/09\/mujer-1.jpg?resize=700%2C400&ssl=1 2x"},"classes":[]},{"id":110943,"url":"https:\/\/lasprimeras.com.do\/index.php\/2025\/10\/02\/mujer-muere-tras-caer-de-un-cuarto-piso-mientras-pintaba-en-bavaro\/","url_meta":{"origin":56025,"position":3},"title":"Mujer muere tras caer de un cuarto piso mientras pintaba en B\u00e1varo","author":"Nelson Feliz","date":"2 de octubre de 2025","format":false,"excerpt":"Una mujer perdi\u00f3 la vida ayer, mi\u00e9rcoles, tras caer desde un cuarto piso mientras pintaba las \u00e1reas acabadas de una obra en construcci\u00f3n, en el sector Los Corales, B\u00e1varo, provincia La Altagracia. La fallecida fue identificada como Ermita Simeon, de 34 a\u00f1os, quien resid\u00eda en la misma zona. Seg\u00fan el\u2026","rel":"","context":"En \u00abNACIONALES\u00bb","block_context":{"text":"NACIONALES","link":"https:\/\/lasprimeras.com.do\/index.php\/category\/nacionales\/"},"img":{"alt_text":"","src":"https:\/\/i0.wp.com\/lasprimeras.com.do\/wp-content\/uploads\/2025\/10\/inacif.jpg?resize=350%2C200&ssl=1","width":350,"height":200,"srcset":"https:\/\/i0.wp.com\/lasprimeras.com.do\/wp-content\/uploads\/2025\/10\/inacif.jpg?resize=350%2C200&ssl=1 1x, https:\/\/i0.wp.com\/lasprimeras.com.do\/wp-content\/uploads\/2025\/10\/inacif.jpg?resize=525%2C300&ssl=1 1.5x, https:\/\/i0.wp.com\/lasprimeras.com.do\/wp-content\/uploads\/2025\/10\/inacif.jpg?resize=700%2C400&ssl=1 2x"},"classes":[]},{"id":87634,"url":"https:\/\/lasprimeras.com.do\/index.php\/2024\/08\/14\/esposo-de-mujer-que-se-lanzo-de-azotea-dice-que-tenia-un-mal-presentimiento\/","url_meta":{"origin":56025,"position":4},"title":"Esposo de mujer que se lanz\u00f3 de azotea dice que ten\u00eda un mal presentimiento","author":"Nelson Feliz","date":"14 de agosto de 2024","format":false,"excerpt":"Rhadames Melo, esposo de Genesis Lugo, expres\u00f3 que desde la noche antes de que la mujer se lanzara de la azotea del edificio tuvo un mal presentimiento. Desde tempranas horas de este mi\u00e9rcoles, familiares de Genesis Lugo y su hija de cinco a\u00f1os se presentaron al Instituto Nacional de Ciencias\u2026","rel":"","context":"En \u00abNACIONALES\u00bb","block_context":{"text":"NACIONALES","link":"https:\/\/lasprimeras.com.do\/index.php\/category\/nacionales\/"},"img":{"alt_text":"Rhadames Melo","src":"https:\/\/i0.wp.com\/lasprimeras.com.do\/wp-content\/uploads\/2024\/08\/Rhadames-Melo.jpeg?resize=350%2C200&ssl=1","width":350,"height":200,"srcset":"https:\/\/i0.wp.com\/lasprimeras.com.do\/wp-content\/uploads\/2024\/08\/Rhadames-Melo.jpeg?resize=350%2C200&ssl=1 1x, https:\/\/i0.wp.com\/lasprimeras.com.do\/wp-content\/uploads\/2024\/08\/Rhadames-Melo.jpeg?resize=525%2C300&ssl=1 1.5x, https:\/\/i0.wp.com\/lasprimeras.com.do\/wp-content\/uploads\/2024\/08\/Rhadames-Melo.jpeg?resize=700%2C400&ssl=1 2x"},"classes":[]},{"id":74317,"url":"https:\/\/lasprimeras.com.do\/index.php\/2024\/01\/22\/mueren-intoxicados-por-fumigacion-una-mujer-y-su-bebe-en-piantini\/","url_meta":{"origin":56025,"position":5},"title":"Mueren intoxicados por fumigaci\u00f3n una mujer y su beb\u00e9 en Piantini","author":"Nelson Feliz","date":"22 de enero de 2024","format":false,"excerpt":"-Hay una tercera persona ingresada en cuidados intensivos. Una mujer y su beb\u00e9 de dos meses fallecieron la ma\u00f1ana de este domingo como consecuencia de una fumigaci\u00f3n en un apartamento de una torre en el sector Piantini, de esta capital. La mujer fue identificada como Adelle Ruiz Le\u00f3n, mientras que\u2026","rel":"","context":"En \u00abNACIONALES\u00bb","block_context":{"text":"NACIONALES","link":"https:\/\/lasprimeras.com.do\/index.php\/category\/nacionales\/"},"img":{"alt_text":"Personas se consuelan en la torre Da Silva 3 luego de la muerte de una mujer y su beb\u00e9 por una fumigaci\u00f3n en un apartamento. (DIARIO LIBRE\/KEVIN RIVAS)","src":"https:\/\/i0.wp.com\/lasprimeras.com.do\/wp-content\/uploads\/2024\/01\/mueren.jpg?resize=350%2C200&ssl=1","width":350,"height":200,"srcset":"https:\/\/i0.wp.com\/lasprimeras.com.do\/wp-content\/uploads\/2024\/01\/mueren.jpg?resize=350%2C200&ssl=1 1x, https:\/\/i0.wp.com\/lasprimeras.com.do\/wp-content\/uploads\/2024\/01\/mueren.jpg?resize=525%2C300&ssl=1 1.5x, https:\/\/i0.wp.com\/lasprimeras.com.do\/wp-content\/uploads\/2024\/01\/mueren.jpg?resize=700%2C400&ssl=1 2x"},"classes":[]}],"jetpack_sharing_enabled":true,"_links":{"self":[{"href":"https:\/\/lasprimeras.com.do\/index.php\/wp-json\/wp\/v2\/posts\/56025","targetHints":{"allow":["GET"]}}],"collection":[{"href":"https:\/\/lasprimeras.com.do\/index.php\/wp-json\/wp\/v2\/posts"}],"about":[{"href":"https:\/\/lasprimeras.com.do\/index.php\/wp-json\/wp\/v2\/types\/post"}],"author":[{"embeddable":true,"href":"https:\/\/lasprimeras.com.do\/index.php\/wp-json\/wp\/v2\/users\/2"}],"replies":[{"embeddable":true,"href":"https:\/\/lasprimeras.com.do\/index.php\/wp-json\/wp\/v2\/comments?post=56025"}],"version-history":[{"count":1,"href":"https:\/\/lasprimeras.com.do\/index.php\/wp-json\/wp\/v2\/posts\/56025\/revisions"}],"predecessor-version":[{"id":56027,"href":"https:\/\/lasprimeras.com.do\/index.php\/wp-json\/wp\/v2\/posts\/56025\/revisions\/56027"}],"wp:featuredmedia":[{"embeddable":true,"href":"https:\/\/lasprimeras.com.do\/index.php\/wp-json\/wp\/v2\/media\/56026"}],"wp:attachment":[{"href":"https:\/\/lasprimeras.com.do\/index.php\/wp-json\/wp\/v2\/media?parent=56025"}],"wp:term":[{"taxonomy":"category","embeddable":true,"href":"https:\/\/lasprimeras.com.do\/index.php\/wp-json\/wp\/v2\/categories?post=56025"},{"taxonomy":"post_tag","embeddable":true,"href":"https:\/\/lasprimeras.com.do\/index.php\/wp-json\/wp\/v2\/tags?post=56025"}],"curies":[{"name":"wp","href":"https:\/\/api.w.org\/{rel}","templated":true}]}}