{"id":56028,"date":"2023-07-27T11:23:15","date_gmt":"2023-07-27T15:23:15","guid":{"rendered":"https:\/\/lasprimeras.com.do\/?p=56028"},"modified":"2023-07-27T11:23:16","modified_gmt":"2023-07-27T15:23:16","slug":"implementaran-inteligencia-artificial-al-servicio-911-para-mejor-geolocalizacion-segun-joel-santos","status":"publish","type":"post","link":"https:\/\/lasprimeras.com.do\/index.php\/2023\/07\/27\/implementaran-inteligencia-artificial-al-servicio-911-para-mejor-geolocalizacion-segun-joel-santos\/","title":{"rendered":"Implementar\u00e1n Inteligencia Artificial al servicio 911 para mejor geolocalizaci\u00f3n, seg\u00fan Joel Santos"},"content":{"rendered":"\n<p>Los servicios del Sistema Nacional de Atenci\u00f3n de Emergencias y Seguridad 911 buscar\u00e1n implementar herramientas de Inteligencia Artificial (IA) para mejorar la geolocalizaci\u00f3n en cuanto a la rapidez de la asistencia a los ciudadanos, seg\u00fan revel\u00f3 este jueves el ministro de la Presidencia, Joel Santos.<\/p>\n\n\n\n<p>\u201cSe est\u00e1 llevando el servicio 911 en un nuevo paso, que es la nueva generaci\u00f3n tecnol\u00f3gica\u201d, dijo el ministro, en una entrevista en el programa \u201cHoy Mismo\u201d, que se transmite por Color Visi\u00f3n (Canal 9). Recalc\u00f3 que esta incorporaci\u00f3n \u201cpersigue mejorar la rapidez del servicio\u201d.<\/p>\n\n\n\n<p>La Inteligencia Artificial determinar\u00e1 la fluidez del tr\u00e1fico en el momento de presentarse una emergencia y las rutas que deber\u00e1 tomar el conductor para auxiliar a los usuarios, seg\u00fan ha explicado Santos.<\/p>\n\n\n\n<p>\u201cPuede predecir de una manera mucho m\u00e1s eficiente el movimiento de tr\u00e1fico y elegir la unidad (ambulancias)\u201d, dijo, al tiempo de asegurar que la IA \u201cva a reducir los tiempos de respuestas, principalmente\u201d, en lugar de reducir el personal m\u00e9dico.<\/p>\n\n\n\n<p>En otro contexto, Santo se refiri\u00f3 a las denuncias que han surgido por parte de medios y los ciudadanos con relaci\u00f3n a la \u201ceficiencia\u201d de los servicios del 911, la entrega de libretas de pasaportes y del Metro de Santo Domingo, se\u00f1alando que estas tienen un \u201ccomponente pol\u00edtico\u201d, por lo que descart\u00f3 que esa sea la realidad.<\/p>\n\n\n\n<p>Sin embargo, aclar\u00f3: \u201cNo quiere decir, que situaciones no se hayan dado\u201d en el funcionamiento de estos servicios.<\/p>\n","protected":false},"excerpt":{"rendered":"<p>Los servicios del Sistema Nacional de Atenci\u00f3n de Emergencias y Seguridad 911 buscar\u00e1n implementar herramientas de Inteligencia Artificial (IA) para mejorar la geolocalizaci\u00f3n en cuanto a la rapidez de la&hellip;<\/p>\n","protected":false},"author":2,"featured_media":54095,"comment_status":"open","ping_status":"open","sticky":false,"template":"","format":"standard","meta":{"content-type":"","jetpack_post_was_ever_published":false,"_jetpack_newsletter_access":"","_jetpack_dont_email_post_to_subs":false,"_jetpack_newsletter_tier_id":0,"_jetpack_memberships_contains_paywalled_content":false,"_jetpack_memberships_contains_paid_content":false,"footnotes":""},"categories":[35,25],"tags":[5442,5440,2895,5441,1487],"class_list":["post-56028","post","type-post","status-publish","format-standard","has-post-thumbnail","hentry","category-nacionales","category-portada","tag-artificial","tag-geolocalizacion","tag-implementaran-2","tag-inteligencia","tag-joel-santos"],"jetpack_featured_media_url":"https:\/\/lasprimeras.com.do\/wp-content\/uploads\/2023\/07\/Joel-Santos.jpg","jetpack-related-posts":[{"id":84219,"url":"https:\/\/lasprimeras.com.do\/index.php\/2024\/06\/03\/el-911-ha-gestionado-mas-de-5-millones-de-asistencias-en-diez-anos-de-servicio\/","url_meta":{"origin":56028,"position":0},"title":"El 911 ha gestionado m\u00e1s de 5 millones de asistencias en diez a\u00f1os de servicio","author":"Nelson Feliz","date":"3 de junio de 2024","format":false,"excerpt":"El Sistema Nacional de Atenci\u00f3n a Emergencias y Seguridad 911, celebr\u00f3 su d\u00e9cimo aniversario con una misa de acci\u00f3n de gracias en la Parroquia Nuestra Se\u00f1ora de la Altagracia del Ministerio de Defensa. La eucarist\u00eda oficiada por el general de brigada, Gerardo Ram\u00edrez Paniagua, capell\u00e1n castrense del MIDE, cont\u00f3 con\u2026","rel":"","context":"En \u00abNACIONALES\u00bb","block_context":{"text":"NACIONALES","link":"https:\/\/lasprimeras.com.do\/index.php\/category\/nacionales\/"},"img":{"alt_text":"Randolfo Rijo G\u00f3mez","src":"https:\/\/i0.wp.com\/lasprimeras.com.do\/wp-content\/uploads\/2024\/06\/Randolfo-Rijo-Gomez.jpg?resize=350%2C200&ssl=1","width":350,"height":200,"srcset":"https:\/\/i0.wp.com\/lasprimeras.com.do\/wp-content\/uploads\/2024\/06\/Randolfo-Rijo-Gomez.jpg?resize=350%2C200&ssl=1 1x, https:\/\/i0.wp.com\/lasprimeras.com.do\/wp-content\/uploads\/2024\/06\/Randolfo-Rijo-Gomez.jpg?resize=525%2C300&ssl=1 1.5x, https:\/\/i0.wp.com\/lasprimeras.com.do\/wp-content\/uploads\/2024\/06\/Randolfo-Rijo-Gomez.jpg?resize=700%2C400&ssl=1 2x"},"classes":[]},{"id":68932,"url":"https:\/\/lasprimeras.com.do\/index.php\/2023\/11\/29\/el-pais-adaptara-ley-de-salud-para-aprovechar-la-inteligencia-artificial\/","url_meta":{"origin":56028,"position":1},"title":"El pa\u00eds adaptar\u00e1 Ley de Salud para aprovechar la Inteligencia Artificial","author":"BIMARY DE JES\u00daS Matos","date":"29 de noviembre de 2023","format":false,"excerpt":"Santo Domingo.-El primer Foro Nacional Salud e Inteligencia Artificial, una iniciativa del List\u00edn Diario, rindi\u00f3 sus frutos ayer martes con las ponencias de diferentes actores del sector salud local e internacional, quienes formularon un escenario de debate que mostr\u00f3 una perspectiva de lo que implica el coincidir del talento humano\u2026","rel":"","context":"En \u00abPORTADA\u00bb","block_context":{"text":"PORTADA","link":"https:\/\/lasprimeras.com.do\/index.php\/category\/portada\/"},"img":{"alt_text":"","src":"https:\/\/i0.wp.com\/lasprimeras.com.do\/wp-content\/uploads\/2023\/11\/PhotoFrame-3.jpg?resize=350%2C200&ssl=1","width":350,"height":200,"srcset":"https:\/\/i0.wp.com\/lasprimeras.com.do\/wp-content\/uploads\/2023\/11\/PhotoFrame-3.jpg?resize=350%2C200&ssl=1 1x, https:\/\/i0.wp.com\/lasprimeras.com.do\/wp-content\/uploads\/2023\/11\/PhotoFrame-3.jpg?resize=525%2C300&ssl=1 1.5x"},"classes":[]},{"id":77516,"url":"https:\/\/lasprimeras.com.do\/index.php\/2024\/02\/21\/instituto-espaillat-cabral-implementa-inteligencia-artificial-con-la-asistente-virtual-iris\/","url_meta":{"origin":56028,"position":2},"title":"Instituto Espaillat Cabral implementa inteligencia artificial con la asistente virtual: Iris","author":"Nelson Feliz","date":"21 de febrero de 2024","format":false,"excerpt":"El Instituto Espaillat Cabral, reconocido centro oftalmol\u00f3gico, l\u00edder en innovaci\u00f3n y calidad de atenci\u00f3n, anunci\u00f3 la introducci\u00f3n del revolucionario sistema inteligencia artificial, la asistente virtual Iris, como parte integral de su compromiso continuo con la excelencia en el servicio al paciente. Iris ha sido dise\u00f1ada para mejorar significativamente la experiencia\u2026","rel":"","context":"En \u00abSin categor\u00eda\u00bb","block_context":{"text":"Sin categor\u00eda","link":"https:\/\/lasprimeras.com.do\/index.php\/category\/sin-categoria\/"},"img":{"alt_text":"Iris Asistente Virtual","src":"https:\/\/i0.wp.com\/lasprimeras.com.do\/wp-content\/uploads\/2024\/02\/Iris-Asistente-Virtual.png?resize=350%2C200&ssl=1","width":350,"height":200,"srcset":"https:\/\/i0.wp.com\/lasprimeras.com.do\/wp-content\/uploads\/2024\/02\/Iris-Asistente-Virtual.png?resize=350%2C200&ssl=1 1x, https:\/\/i0.wp.com\/lasprimeras.com.do\/wp-content\/uploads\/2024\/02\/Iris-Asistente-Virtual.png?resize=525%2C300&ssl=1 1.5x, https:\/\/i0.wp.com\/lasprimeras.com.do\/wp-content\/uploads\/2024\/02\/Iris-Asistente-Virtual.png?resize=700%2C400&ssl=1 2x"},"classes":[]},{"id":84891,"url":"https:\/\/lasprimeras.com.do\/index.php\/2024\/06\/17\/sistema-911-y-embajada-de-ee-uu-fortalecen-programa-de-capacitacion-tecnologica\/","url_meta":{"origin":56028,"position":3},"title":"Sistema 911 y Embajada de EE.UU. fortalecen programa de capacitaci\u00f3n tecnol\u00f3gica","author":"Nelson Feliz","date":"17 de junio de 2024","format":false,"excerpt":"El gobierno de los Estados Unidos de Am\u00e9rica (EUA), a trav\u00e9s del programa INL de su embajada en la Rep\u00fablica Dominicana, gestion\u00f3 la participaci\u00f3n de 14 colaboradores del Sistema Nacional de Atenci\u00f3n a Emergencias y Seguridad 911 en las pr\u00f3ximas conferencias ESRI, HPE, Discover, Cascadia y NENA para fortalecer el\u2026","rel":"","context":"En \u00abNACIONALES\u00bb","block_context":{"text":"NACIONALES","link":"https:\/\/lasprimeras.com.do\/index.php\/category\/nacionales\/"},"img":{"alt_text":"Sistema 911 y Embajada de EE.UU. fortalecen programa de capacitaci\u00f3n tec...","src":"https:\/\/i0.wp.com\/lasprimeras.com.do\/wp-content\/uploads\/2024\/06\/Sistema-911-y-Embajada-de-EE.UU_.-fortalecen-programa-de-capacitacion-tec.-1.jpg?resize=350%2C200&ssl=1","width":350,"height":200,"srcset":"https:\/\/i0.wp.com\/lasprimeras.com.do\/wp-content\/uploads\/2024\/06\/Sistema-911-y-Embajada-de-EE.UU_.-fortalecen-programa-de-capacitacion-tec.-1.jpg?resize=350%2C200&ssl=1 1x, https:\/\/i0.wp.com\/lasprimeras.com.do\/wp-content\/uploads\/2024\/06\/Sistema-911-y-Embajada-de-EE.UU_.-fortalecen-programa-de-capacitacion-tec.-1.jpg?resize=525%2C300&ssl=1 1.5x"},"classes":[]},{"id":56746,"url":"https:\/\/lasprimeras.com.do\/index.php\/2023\/08\/04\/lf-propone-inteligencia-artificial-para-transformar-educacion-rd\/","url_meta":{"origin":56028,"position":4},"title":"LF propone inteligencia artificial para transformar educaci\u00f3n RD","author":"Nelson Feliz","date":"4 de agosto de 2023","format":false,"excerpt":"El precandidato presidencial del partido Fuerza del Pueblo (FP), Leonel Fern\u00e1ndez, propuso introducir Inteligencia Artificial para transformar el sistema de educaci\u00f3n en Rep\u00fablica Dominicana. \u00abEn Rep\u00fablica Dominicana no estamos haciendo un an\u00e1lisis cr\u00edtico sobre nuestra educaci\u00f3n, no se est\u00e1n evaluando las soluciones ni metodolog\u00eda para mejorar, solo estamos midiendo las\u2026","rel":"","context":"En \u00abPORTADA\u00bb","block_context":{"text":"PORTADA","link":"https:\/\/lasprimeras.com.do\/index.php\/category\/portada\/"},"img":{"alt_text":"Leonel Fern\u00e1ndez","src":"https:\/\/i0.wp.com\/lasprimeras.com.do\/wp-content\/uploads\/2023\/08\/Leonel-Fernandez.jpg?resize=350%2C200&ssl=1","width":350,"height":200,"srcset":"https:\/\/i0.wp.com\/lasprimeras.com.do\/wp-content\/uploads\/2023\/08\/Leonel-Fernandez.jpg?resize=350%2C200&ssl=1 1x, https:\/\/i0.wp.com\/lasprimeras.com.do\/wp-content\/uploads\/2023\/08\/Leonel-Fernandez.jpg?resize=525%2C300&ssl=1 1.5x, https:\/\/i0.wp.com\/lasprimeras.com.do\/wp-content\/uploads\/2023\/08\/Leonel-Fernandez.jpg?resize=700%2C400&ssl=1 2x"},"classes":[]},{"id":126014,"url":"https:\/\/lasprimeras.com.do\/index.php\/2026\/03\/29\/embajada-de-los-eeuu-y-sistema-911-impulsan-cooperacion-tecnologica-en-conferencia-nvidia\/","url_meta":{"origin":56028,"position":5},"title":"Embajada de los EEUU y Sistema 911 impulsan cooperaci\u00f3n tecnol\u00f3gica en conferencia NVIDIA","author":"Nelson Feliz","date":"29 de marzo de 2026","format":false,"excerpt":"Acuerdo entre el Gobierno dominicano y NVIDIA impulsa acceso a mayor capacidad de procesamiento de datos y posiciona al pa\u00eds como referente regional en inteligencia artificial orientada a la gesti\u00f3n de emergencias. Con el respaldo de la Embajada de los Estados Unidos en la Rep\u00fablica Dominicana, el Sistema Nacional de\u2026","rel":"","context":"En \u00abPORTADA\u00bb","block_context":{"text":"PORTADA","link":"https:\/\/lasprimeras.com.do\/index.php\/category\/portada\/"},"img":{"alt_text":"","src":"https:\/\/i0.wp.com\/lasprimeras.com.do\/wp-content\/uploads\/2026\/03\/UNA-1.jpg?resize=350%2C200&ssl=1","width":350,"height":200,"srcset":"https:\/\/i0.wp.com\/lasprimeras.com.do\/wp-content\/uploads\/2026\/03\/UNA-1.jpg?resize=350%2C200&ssl=1 1x, https:\/\/i0.wp.com\/lasprimeras.com.do\/wp-content\/uploads\/2026\/03\/UNA-1.jpg?resize=525%2C300&ssl=1 1.5x, https:\/\/i0.wp.com\/lasprimeras.com.do\/wp-content\/uploads\/2026\/03\/UNA-1.jpg?resize=700%2C400&ssl=1 2x"},"classes":[]}],"jetpack_sharing_enabled":true,"_links":{"self":[{"href":"https:\/\/lasprimeras.com.do\/index.php\/wp-json\/wp\/v2\/posts\/56028","targetHints":{"allow":["GET"]}}],"collection":[{"href":"https:\/\/lasprimeras.com.do\/index.php\/wp-json\/wp\/v2\/posts"}],"about":[{"href":"https:\/\/lasprimeras.com.do\/index.php\/wp-json\/wp\/v2\/types\/post"}],"author":[{"embeddable":true,"href":"https:\/\/lasprimeras.com.do\/index.php\/wp-json\/wp\/v2\/users\/2"}],"replies":[{"embeddable":true,"href":"https:\/\/lasprimeras.com.do\/index.php\/wp-json\/wp\/v2\/comments?post=56028"}],"version-history":[{"count":1,"href":"https:\/\/lasprimeras.com.do\/index.php\/wp-json\/wp\/v2\/posts\/56028\/revisions"}],"predecessor-version":[{"id":56029,"href":"https:\/\/lasprimeras.com.do\/index.php\/wp-json\/wp\/v2\/posts\/56028\/revisions\/56029"}],"wp:featuredmedia":[{"embeddable":true,"href":"https:\/\/lasprimeras.com.do\/index.php\/wp-json\/wp\/v2\/media\/54095"}],"wp:attachment":[{"href":"https:\/\/lasprimeras.com.do\/index.php\/wp-json\/wp\/v2\/media?parent=56028"}],"wp:term":[{"taxonomy":"category","embeddable":true,"href":"https:\/\/lasprimeras.com.do\/index.php\/wp-json\/wp\/v2\/categories?post=56028"},{"taxonomy":"post_tag","embeddable":true,"href":"https:\/\/lasprimeras.com.do\/index.php\/wp-json\/wp\/v2\/tags?post=56028"}],"curies":[{"name":"wp","href":"https:\/\/api.w.org\/{rel}","templated":true}]}}