{"id":56030,"date":"2023-07-27T11:26:12","date_gmt":"2023-07-27T15:26:12","guid":{"rendered":"https:\/\/lasprimeras.com.do\/?p=56030"},"modified":"2023-07-27T11:26:13","modified_gmt":"2023-07-27T15:26:13","slug":"organizaciones-de-pacientes-rechazan-llamado-a-paro-del-colegio-medico","status":"publish","type":"post","link":"https:\/\/lasprimeras.com.do\/index.php\/2023\/07\/27\/organizaciones-de-pacientes-rechazan-llamado-a-paro-del-colegio-medico\/","title":{"rendered":"Organizaciones de pacientes rechazan llamado a paro del Colegio M\u00e9dico"},"content":{"rendered":"\n<p><em><strong>Consideran que las reivindicaciones deben realizarse respetando el derecho fundamental a la salud consagrado en la constituci\u00f3n.<\/strong><\/em><\/p>\n\n\n\n<p>Un conjunto organizaciones de pacientes manifestaron su rechazo a la suspensi\u00f3n del Colegio M\u00e9dico Dominicano (CMD) de los servicios de salud contratados por las ARS porque perjudica a los afiliados, e inst\u00f3 al gremio profesional para que contin\u00faen con el di\u00e1logo constructivo con las autoridades y los diferentes actores del Sistema Dominicano de Seguridad Social.<\/p>\n\n\n\n<p>La posici\u00f3n fue externada este jueves por un comunicado emitido de manera conjunta por la Biored Dominicana, que es el cap\u00edtulo en el pa\u00eds de la Red de Organizaciones de Pacientes de Centroam\u00e9rica y El Caribe (BioRed CAC Foundation), que agrupa a 46 Ong\u2019s de seis pa\u00edses; la Coalici\u00f3n Dominicana de Ong\u2019s por la Defensa de la Salud (Cododsalud) y el Consejo de Desarrollo Econ\u00f3mico y social de Santo Domingo (Codessd).<\/p>\n\n\n\n<p>Las entidades expresaron que \u201cnuestro colectivo de organizaciones agrupa a pacientes que padecen enfermedades cr\u00f3nicas y que podr\u00edan verse comprometidos por la ausencia de servicio m\u00e9dico oportuno ante la imposibilidad de asumir el costo directo de la atenci\u00f3n m\u00e9dica\u201d.<\/p>\n\n\n\n<p>En el documento indicaron que \u201creconocemos el derecho que tienen los galenos en reclamar mejores reivindicaciones salariales como contractuales, pero lo que es injusto para el colectivo no puede ser justo para una minor\u00eda; reivindicaciones que deben realizarse respetando el derecho fundamental a la salud consagrado en nuestra constituci\u00f3n\u201d.<\/p>\n\n\n\n<p>El conjunto de Ong\u2019s se\u00f1alaron que como tambi\u00e9n la normativa vigente en la materia, y los contratos suscritos con las Administradoras de Riesgos de Salud, de acuerdo a la normativa de contrato de Gesti\u00f3n entre Administradoras de Riesgos de Salud y Prestadores de Servicios de Salud aprobada por la Superintendencia de Salud y Riesgos Laborales (SISALRIL).<\/p>\n\n\n\n<p>Fueron categ\u00f3ricos en afirmar que \u201cel seguro familiar de salud es una importante conquista del pueblo dominicano, por lo que se impone el di\u00e1logo para seguir mejorando su cobertura y protecci\u00f3n financiera a los hogares dominicanos, dentro del marco legal vigente\u201d.<\/p>\n","protected":false},"excerpt":{"rendered":"<p>Consideran que las reivindicaciones deben realizarse respetando el derecho fundamental a la salud consagrado en la constituci\u00f3n. Un conjunto organizaciones de pacientes manifestaron su rechazo a la suspensi\u00f3n del Colegio&hellip;<\/p>\n","protected":false},"author":2,"featured_media":54791,"comment_status":"open","ping_status":"open","sticky":false,"template":"","format":"standard","meta":{"content-type":"","jetpack_post_was_ever_published":false,"_jetpack_newsletter_access":"","_jetpack_dont_email_post_to_subs":false,"_jetpack_newsletter_tier_id":0,"_jetpack_memberships_contains_paywalled_content":false,"_jetpack_memberships_contains_paid_content":false,"footnotes":""},"categories":[25],"tags":[5443,986,4394,1059],"class_list":["post-56030","post","type-post","status-publish","format-standard","has-post-thumbnail","hentry","category-portada","tag-colegio-medico","tag-organizaciones","tag-pacientes","tag-paro"],"jetpack_featured_media_url":"https:\/\/lasprimeras.com.do\/wp-content\/uploads\/2023\/07\/Medico-1.jpg","jetpack-related-posts":[{"id":98853,"url":"https:\/\/lasprimeras.com.do\/index.php\/2025\/05\/13\/cmd-deplora-acusaciones-del-ministro-de-saludratifica-paro-miercoles-y-jueves\/","url_meta":{"origin":56030,"position":0},"title":"CMD deplora acusaciones del Ministro de Salud;ratifica paro mi\u00e9rcoles y jueves","author":"Nelson Feliz","date":"13 de mayo de 2025","format":false,"excerpt":"La Junta Directiva Nacional del Colegio M\u00e9dico Dominicano, rechaz\u00f3 el comunicado publicado por el Ministro de Salud P\u00fablica Dr. V\u00edctor Atallah; donde acus\u00f3 a los m\u00e9dicos de que las cancelaciones a estos colegas son como consecuencias, de que no estaban asistiendo a sus puestos de trabajo, o sea de que\u2026","rel":"","context":"En \u00abNACIONALES\u00bb","block_context":{"text":"NACIONALES","link":"https:\/\/lasprimeras.com.do\/index.php\/category\/nacionales\/"},"img":{"alt_text":"","src":"https:\/\/i0.wp.com\/lasprimeras.com.do\/wp-content\/uploads\/2025\/05\/Dra.-Miosotte-Lazala.jpg?resize=350%2C200&ssl=1","width":350,"height":200,"srcset":"https:\/\/i0.wp.com\/lasprimeras.com.do\/wp-content\/uploads\/2025\/05\/Dra.-Miosotte-Lazala.jpg?resize=350%2C200&ssl=1 1x, https:\/\/i0.wp.com\/lasprimeras.com.do\/wp-content\/uploads\/2025\/05\/Dra.-Miosotte-Lazala.jpg?resize=525%2C300&ssl=1 1.5x"},"classes":[]},{"id":99325,"url":"https:\/\/lasprimeras.com.do\/index.php\/2025\/05\/20\/udc-reclama-el-derecho-de-los-pobres-a-la-asistencia-medica-rechaza-paros\/","url_meta":{"origin":56030,"position":1},"title":"UDC reclama el derecho de los pobres a la asistencia m\u00e9dica; rechaza paros","author":"Nelson Feliz","date":"20 de mayo de 2025","format":false,"excerpt":"El presidente de la Uni\u00f3n Dem\u00f3crata Cristiana \u2013UDC-, Luis Acosta Moreta, Luis \u201cEl Gallo\u201d, defendi\u00f3 el derecho de los pobres a recibir atenciones medicas gratuitas en los hospitales p\u00fablicos, y rechaz\u00f3 los paros del Colegio M\u00e9dico Dominicano. Se mostr\u00f3 en contra de las repetidas suspensiones de los servicios y dijo\u2026","rel":"","context":"En \u00abPOLITICA\u00bb","block_context":{"text":"POLITICA","link":"https:\/\/lasprimeras.com.do\/index.php\/category\/politica\/"},"img":{"alt_text":"","src":"https:\/\/i0.wp.com\/lasprimeras.com.do\/wp-content\/uploads\/2025\/05\/WhatsApp-Image-2025-05-19-at-11.33.24-PM.jpeg?resize=350%2C200&ssl=1","width":350,"height":200,"srcset":"https:\/\/i0.wp.com\/lasprimeras.com.do\/wp-content\/uploads\/2025\/05\/WhatsApp-Image-2025-05-19-at-11.33.24-PM.jpeg?resize=350%2C200&ssl=1 1x, https:\/\/i0.wp.com\/lasprimeras.com.do\/wp-content\/uploads\/2025\/05\/WhatsApp-Image-2025-05-19-at-11.33.24-PM.jpeg?resize=525%2C300&ssl=1 1.5x, https:\/\/i0.wp.com\/lasprimeras.com.do\/wp-content\/uploads\/2025\/05\/WhatsApp-Image-2025-05-19-at-11.33.24-PM.jpeg?resize=700%2C400&ssl=1 2x"},"classes":[]},{"id":50367,"url":"https:\/\/lasprimeras.com.do\/index.php\/2023\/05\/19\/luis-el-gallo-emplaza-cmd-suspenda-paros-y-dialogue-con-hospitales-abiertos\/","url_meta":{"origin":56030,"position":2},"title":"Luis \u201cEl Gallo\u201d emplaza CMD suspenda paros y dialogue con hospitales abiertos","author":"prenxa100","date":"19 de mayo de 2023","format":false,"excerpt":"SANTO DOMINGO.-.El presidente de la Uni\u00f3n Dem\u00f3crata Cristiana, -UDC-, Luis Acosta Moreta, Luis \u201cEl Gallo\u201d, emplaz\u00f3 hoy al Colegio M\u00e9dico Dominicano para que suspenda los llamados a paros en hospitales p\u00fablicos, e inici\u00f3 el camino del di\u00e1logo y la concertaci\u00f3n. El di\u00e1logo, con los hospitales abiertos ofreciendo asistencia, es la\u2026","rel":"","context":"En \u00abPORTADA\u00bb","block_context":{"text":"PORTADA","link":"https:\/\/lasprimeras.com.do\/index.php\/category\/portada\/"},"img":{"alt_text":"","src":"","width":0,"height":0},"classes":[]},{"id":58908,"url":"https:\/\/lasprimeras.com.do\/index.php\/2023\/08\/29\/cmd-suspendera-servicios-electivos-en-hospitales\/","url_meta":{"origin":56030,"position":3},"title":"CMD suspender\u00e1 servicios electivos en hospitales","author":"Nelson Feliz","date":"29 de agosto de 2023","format":false,"excerpt":"Sen\u00e9n Caba convoca a paro la pr\u00f3xima semana. El presidente del Colegio M\u00e9dico Dominicano, Rufino Sen\u00e9n Caba, anunci\u00f3 que a partir del lunes 4 de septiembre quedan suspendidos todos los servicios electivos a los pacientes del r\u00e9gimen contributivo que se atiendan en la red p\u00fablica, es decir, todos los pacientes\u2026","rel":"","context":"En \u00abPORTADA\u00bb","block_context":{"text":"PORTADA","link":"https:\/\/lasprimeras.com.do\/index.php\/category\/portada\/"},"img":{"alt_text":"Rufino Senen Caba, presidente del Colegio Medico Dominicano (CMD)JORGE LUIS MART\u00cdNEZ","src":"https:\/\/i0.wp.com\/lasprimeras.com.do\/wp-content\/uploads\/2023\/07\/Rufino-Senen-Caba.jpeg?resize=350%2C200&ssl=1","width":350,"height":200,"srcset":"https:\/\/i0.wp.com\/lasprimeras.com.do\/wp-content\/uploads\/2023\/07\/Rufino-Senen-Caba.jpeg?resize=350%2C200&ssl=1 1x, https:\/\/i0.wp.com\/lasprimeras.com.do\/wp-content\/uploads\/2023\/07\/Rufino-Senen-Caba.jpeg?resize=525%2C300&ssl=1 1.5x"},"classes":[]},{"id":109708,"url":"https:\/\/lasprimeras.com.do\/index.php\/2025\/09\/21\/sodom-impulsa-la-creacion-de-protocolos-de-manejo-para-pacientes-oncologicos-en-la-republica-dominicana\/","url_meta":{"origin":56030,"position":4},"title":"SODOM impulsa la creaci\u00f3n de Protocolos de Manejo para pacientes oncol\u00f3gicos en la Rep\u00fablica Dominicana","author":"Nelson Feliz","date":"21 de septiembre de 2025","format":false,"excerpt":"Por Nicol\u00e1s E. Grull\u00f3n Ubinas La Sociedad Dominicana de Oncolog\u00eda M\u00e9dica (SODOM) trabaja en la elaboraci\u00f3n de los Protocolos de Manejo para pacientes oncol\u00f3gicos, en coordinaci\u00f3n con el Ministerio de Salud P\u00fablica y Asistencia Social, la Superintendencia de Salud y Riesgos Laborales (SISALRIL), Sociedades M\u00e9dicas Especializadas, la Pontificia Universidad Cat\u00f3lica\u2026","rel":"","context":"En \u00abSALUD\u00bb","block_context":{"text":"SALUD","link":"https:\/\/lasprimeras.com.do\/index.php\/category\/salud\/"},"img":{"alt_text":"","src":"https:\/\/i0.wp.com\/lasprimeras.com.do\/wp-content\/uploads\/2025\/09\/ONCO.jpg?resize=350%2C200&ssl=1","width":350,"height":200,"srcset":"https:\/\/i0.wp.com\/lasprimeras.com.do\/wp-content\/uploads\/2025\/09\/ONCO.jpg?resize=350%2C200&ssl=1 1x, https:\/\/i0.wp.com\/lasprimeras.com.do\/wp-content\/uploads\/2025\/09\/ONCO.jpg?resize=525%2C300&ssl=1 1.5x, https:\/\/i0.wp.com\/lasprimeras.com.do\/wp-content\/uploads\/2025\/09\/ONCO.jpg?resize=700%2C400&ssl=1 2x"},"classes":[]},{"id":56371,"url":"https:\/\/lasprimeras.com.do\/index.php\/2023\/07\/31\/hospitales-y-clinicas-acatan-llamado-a-paro-laboral-para-este-lunes\/","url_meta":{"origin":56030,"position":5},"title":"Hospitales y cl\u00ednicas acatan llamado a paro laboral para este lunes","author":"Nelson Feliz","date":"31 de julio de 2023","format":false,"excerpt":"En todos los hospitales y cl\u00ednicas del pa\u00eds se han detenido las atenciones por consultas y desde las distintas especialidades, dijo el presidente del Colegio M\u00e9dico Dominicano. Los hospitales y cl\u00ednicas de la capital acataron este lunes el llamado a paro laboral instaurado por el Colegio M\u00e9dico Dominicano (CMD), en\u2026","rel":"","context":"En \u00abSin categor\u00eda\u00bb","block_context":{"text":"Sin categor\u00eda","link":"https:\/\/lasprimeras.com.do\/index.php\/category\/sin-categoria\/"},"img":{"alt_text":"Rufino Senen Caba, presidente del Colegio Medico Dominicano (CMD)JORGE LUIS MART\u00cdNEZ","src":"https:\/\/i0.wp.com\/lasprimeras.com.do\/wp-content\/uploads\/2023\/07\/Rufino-Senen-Caba.jpeg?resize=350%2C200&ssl=1","width":350,"height":200,"srcset":"https:\/\/i0.wp.com\/lasprimeras.com.do\/wp-content\/uploads\/2023\/07\/Rufino-Senen-Caba.jpeg?resize=350%2C200&ssl=1 1x, https:\/\/i0.wp.com\/lasprimeras.com.do\/wp-content\/uploads\/2023\/07\/Rufino-Senen-Caba.jpeg?resize=525%2C300&ssl=1 1.5x"},"classes":[]}],"jetpack_sharing_enabled":true,"_links":{"self":[{"href":"https:\/\/lasprimeras.com.do\/index.php\/wp-json\/wp\/v2\/posts\/56030","targetHints":{"allow":["GET"]}}],"collection":[{"href":"https:\/\/lasprimeras.com.do\/index.php\/wp-json\/wp\/v2\/posts"}],"about":[{"href":"https:\/\/lasprimeras.com.do\/index.php\/wp-json\/wp\/v2\/types\/post"}],"author":[{"embeddable":true,"href":"https:\/\/lasprimeras.com.do\/index.php\/wp-json\/wp\/v2\/users\/2"}],"replies":[{"embeddable":true,"href":"https:\/\/lasprimeras.com.do\/index.php\/wp-json\/wp\/v2\/comments?post=56030"}],"version-history":[{"count":1,"href":"https:\/\/lasprimeras.com.do\/index.php\/wp-json\/wp\/v2\/posts\/56030\/revisions"}],"predecessor-version":[{"id":56031,"href":"https:\/\/lasprimeras.com.do\/index.php\/wp-json\/wp\/v2\/posts\/56030\/revisions\/56031"}],"wp:featuredmedia":[{"embeddable":true,"href":"https:\/\/lasprimeras.com.do\/index.php\/wp-json\/wp\/v2\/media\/54791"}],"wp:attachment":[{"href":"https:\/\/lasprimeras.com.do\/index.php\/wp-json\/wp\/v2\/media?parent=56030"}],"wp:term":[{"taxonomy":"category","embeddable":true,"href":"https:\/\/lasprimeras.com.do\/index.php\/wp-json\/wp\/v2\/categories?post=56030"},{"taxonomy":"post_tag","embeddable":true,"href":"https:\/\/lasprimeras.com.do\/index.php\/wp-json\/wp\/v2\/tags?post=56030"}],"curies":[{"name":"wp","href":"https:\/\/api.w.org\/{rel}","templated":true}]}}