{"id":56032,"date":"2023-07-27T12:16:02","date_gmt":"2023-07-27T16:16:02","guid":{"rendered":"https:\/\/lasprimeras.com.do\/?p=56032"},"modified":"2023-07-27T12:16:03","modified_gmt":"2023-07-27T16:16:03","slug":"caasd-informa-produccion-de-agua-potable-se-situa-en-406-38-millones-de-galones-diarios","status":"publish","type":"post","link":"https:\/\/lasprimeras.com.do\/index.php\/2023\/07\/27\/caasd-informa-produccion-de-agua-potable-se-situa-en-406-38-millones-de-galones-diarios\/","title":{"rendered":"CAASD informa producci\u00f3n de agua potable se sit\u00faa en 406.38 millones de galones diarios"},"content":{"rendered":"\n<p>La Corporaci\u00f3n del Acueducto y Alcantarillado de Santo Domingo (CAASD), inform\u00f3 que la producci\u00f3n de agua potable para el Gran Santo Domingo aument\u00f3 ligeramente, pasando de 400.18 millones de galones diarios a 406.38 millones.<\/p>\n\n\n\n<p>Sin embargo, la instituci\u00f3n precis\u00f3 que a\u00fan se mantiene el d\u00e9ficit en la distribuci\u00f3n del preciado l\u00edquido para algunos sectores, sobre todo aquellos que se alimentan del acueducto Duey, Isa Mana y de los r\u00edos Nizao, Duey e Isa-Mana, debido al per\u00edodo largo de sequ\u00eda.<\/p>\n\n\n\n<p>Entre estos est\u00e1n los residenciales localizados en la avenida Rep\u00fablica de Colombia, as\u00ed como sectores de los municipios Los Alcarrizos y Pedro Brand, por lo que la CAASD mantiene el llamado a los usuarios a hacer uso racional del agua.<\/p>\n\n\n\n<p>A trav\u00e9s de su bolet\u00edn semanal, la Corporaci\u00f3n informa que los niveles de las presas Valdesia y Jig\u00fcey mantienen valores aun por debajo de lo normal. Valdesia en la cota 140.48, y jig\u00fcey en la cota 509.02.<\/p>\n\n\n\n<p>Asimismo, la CAASD espera que la producci\u00f3n de agua contin\u00fae subiendo en los pr\u00f3ximos d\u00edas, producto de una vaguada que incide en el territorio nacional. De acuerdo con la Oficina Nacional de Meteorolog\u00eda (ONAMET), se esperan aguaceros, en ocasiones intensos, en varias localidades, incluida la provincia Santo Domingo.<\/p>\n\n\n\n<p>Para cubrir la demanda en sectores con escasez de agua potable, la instituci\u00f3n mantiene activado el programa de suministro con camiones cisterna.<\/p>\n","protected":false},"excerpt":{"rendered":"<p>La Corporaci\u00f3n del Acueducto y Alcantarillado de Santo Domingo (CAASD), inform\u00f3 que la producci\u00f3n de agua potable para el Gran Santo Domingo aument\u00f3 ligeramente, pasando de 400.18 millones de galones&hellip;<\/p>\n","protected":false},"author":2,"featured_media":56033,"comment_status":"open","ping_status":"open","sticky":false,"template":"","format":"standard","meta":{"content-type":"","jetpack_post_was_ever_published":false,"_jetpack_newsletter_access":"","_jetpack_dont_email_post_to_subs":false,"_jetpack_newsletter_tier_id":0,"_jetpack_memberships_contains_paywalled_content":false,"_jetpack_memberships_contains_paid_content":false,"footnotes":""},"categories":[35,25],"tags":[697],"class_list":["post-56032","post","type-post","status-publish","format-standard","has-post-thumbnail","hentry","category-nacionales","category-portada","tag-caasd"],"jetpack_featured_media_url":"https:\/\/lasprimeras.com.do\/wp-content\/uploads\/2023\/07\/FELIPE-SUBERVI-2.jpg","jetpack-related-posts":[{"id":53317,"url":"https:\/\/lasprimeras.com.do\/index.php\/2023\/06\/25\/caasd-registra-produccion-de-agua-potable-de-373-12-millones-de-galones\/","url_meta":{"origin":56032,"position":0},"title":"CAASD registra producci\u00f3n de agua potable de 373.12 millones de galones","author":"Nelson Feliz","date":"25 de junio de 2023","format":false,"excerpt":"La instituci\u00f3n informa, adem\u00e1s, que mantiene activado su comit\u00e9 de emergencia ante posibilidad de lluvias por incidencia de tormentas tropicales. La Corporaci\u00f3n del Acueducto y Alcantarillado de Santo Domingo (CAASD), inform\u00f3 que la producci\u00f3n de agua potable que distribuye a sectores del Gran Santo Domingo se sit\u00faa en 373.12 millones\u2026","rel":"","context":"En \u00abNACIONALES\u00bb","block_context":{"text":"NACIONALES","link":"https:\/\/lasprimeras.com.do\/index.php\/category\/nacionales\/"},"img":{"alt_text":"CAASD informa que el d\u00e9ficit se debe fundamentalmente a que la producci\u00f3n en los acueductos Duey, Isa Mana y Valdesia se mantiene reducida a los niveles que ten\u00edan antes de las lluvias.","src":"https:\/\/i0.wp.com\/lasprimeras.com.do\/wp-content\/uploads\/2023\/06\/presa.jpg?resize=350%2C200&ssl=1","width":350,"height":200,"srcset":"https:\/\/i0.wp.com\/lasprimeras.com.do\/wp-content\/uploads\/2023\/06\/presa.jpg?resize=350%2C200&ssl=1 1x, https:\/\/i0.wp.com\/lasprimeras.com.do\/wp-content\/uploads\/2023\/06\/presa.jpg?resize=525%2C300&ssl=1 1.5x, https:\/\/i0.wp.com\/lasprimeras.com.do\/wp-content\/uploads\/2023\/06\/presa.jpg?resize=700%2C400&ssl=1 2x"},"classes":[]},{"id":51614,"url":"https:\/\/lasprimeras.com.do\/index.php\/2023\/06\/01\/caasd-informa-produccion-de-agua-potable-se-mantiene-en-400-millones-de-galones\/","url_meta":{"origin":56032,"position":1},"title":"CAASD informa producci\u00f3n de agua potable se mantiene en 400 millones de galones","author":"prenxa100","date":"1 de junio de 2023","format":false,"excerpt":"La instituci\u00f3n destac\u00f3 que a trav\u00e9s de camiones cisterna lleva el preciado l\u00edquido a las comunidades que enfrentan dificultad para obtener el servicio. https:\/\/youtu.be\/FCPE5wOoM98 Santo Domingo. \u2013 La Corporaci\u00f3n del Acueducto y Alcantarillado de Santo Domingo (CAASD) inform\u00f3 que la producci\u00f3n de agua potable se mantiene sobre los 400 millones\u2026","rel":"","context":"En \u00abNACIONALES\u00bb","block_context":{"text":"NACIONALES","link":"https:\/\/lasprimeras.com.do\/index.php\/category\/nacionales\/"},"img":{"alt_text":"","src":"https:\/\/i0.wp.com\/img.youtube.com\/vi\/FCPE5wOoM98\/0.jpg?resize=350%2C200","width":350,"height":200},"classes":[]},{"id":56649,"url":"https:\/\/lasprimeras.com.do\/index.php\/2023\/08\/03\/produccion-de-agua-potable-se-situo-esta-semana-en-398-99-millones-de-galones-diarios\/","url_meta":{"origin":56032,"position":2},"title":"Producci\u00f3n de agua potable se situ\u00f3 esta semana en 398.99 millones de galones diarios","author":"Nelson Feliz","date":"3 de agosto de 2023","format":false,"excerpt":"La Corporaci\u00f3n del Acueducto y Alcantarillado de Santo Domingo (CAASD) inform\u00f3 que la producci\u00f3n de agua potable para el Gran Santo Domingo se encuentra en 398. 99 millones de galones diarios, marcando una reducci\u00f3n de 7.39 millones respecto a la semana pasada. La instituci\u00f3n informa, adem\u00e1s, que el d\u00e9ficit todav\u00eda\u2026","rel":"","context":"En \u00abNACIONALES\u00bb","block_context":{"text":"NACIONALES","link":"https:\/\/lasprimeras.com.do\/index.php\/category\/nacionales\/"},"img":{"alt_text":"CAASD","src":"https:\/\/i0.wp.com\/lasprimeras.com.do\/wp-content\/uploads\/2023\/08\/CAASD-1.jpg?resize=350%2C200&ssl=1","width":350,"height":200,"srcset":"https:\/\/i0.wp.com\/lasprimeras.com.do\/wp-content\/uploads\/2023\/08\/CAASD-1.jpg?resize=350%2C200&ssl=1 1x, https:\/\/i0.wp.com\/lasprimeras.com.do\/wp-content\/uploads\/2023\/08\/CAASD-1.jpg?resize=525%2C300&ssl=1 1.5x, https:\/\/i0.wp.com\/lasprimeras.com.do\/wp-content\/uploads\/2023\/08\/CAASD-1.jpg?resize=700%2C400&ssl=1 2x"},"classes":[]},{"id":54890,"url":"https:\/\/lasprimeras.com.do\/index.php\/2023\/07\/16\/la-caasd-aumenta-produccion-de-agua-hasta-los-400-millones-de-galones\/","url_meta":{"origin":56032,"position":3},"title":"La CAASD aumenta producci\u00f3n de agua hasta los 400 millones de galones","author":"Nelson Feliz","date":"16 de julio de 2023","format":false,"excerpt":"La Corporaci\u00f3n del Acueducto y Alcantarillado de Santo Domingo (CAASD), inform\u00f3 que pese a que la producci\u00f3n aument\u00f3 ligeramente en 11.26 millones de galones, a\u00fan se mantiene el d\u00e9ficit de agua potable en algunos sectores del Gran Santo Domingo. A la fecha, la producci\u00f3n de agua se situ\u00f3 en 400.18\u2026","rel":"","context":"En \u00abNACIONALES\u00bb","block_context":{"text":"NACIONALES","link":"https:\/\/lasprimeras.com.do\/index.php\/category\/nacionales\/"},"img":{"alt_text":"Fellito Subervi","src":"https:\/\/i0.wp.com\/lasprimeras.com.do\/wp-content\/uploads\/2023\/07\/Fellito-Subervi-4.jpg?resize=350%2C200&ssl=1","width":350,"height":200,"srcset":"https:\/\/i0.wp.com\/lasprimeras.com.do\/wp-content\/uploads\/2023\/07\/Fellito-Subervi-4.jpg?resize=350%2C200&ssl=1 1x, https:\/\/i0.wp.com\/lasprimeras.com.do\/wp-content\/uploads\/2023\/07\/Fellito-Subervi-4.jpg?resize=525%2C300&ssl=1 1.5x, https:\/\/i0.wp.com\/lasprimeras.com.do\/wp-content\/uploads\/2023\/07\/Fellito-Subervi-4.jpg?resize=700%2C400&ssl=1 2x"},"classes":[]},{"id":53891,"url":"https:\/\/lasprimeras.com.do\/index.php\/2023\/07\/03\/produccion-de-agua-potable-ronda-los-373-millones-de-galones-para-el-gsd\/","url_meta":{"origin":56032,"position":4},"title":"Producci\u00f3n de agua potable ronda los 373 millones de galones para el GSD","author":"Nelson Feliz","date":"3 de julio de 2023","format":false,"excerpt":"Los sectores m\u00e1s afectados por la falta de agua potable contin\u00faan siendo los municipios de Pedro Brand, Los Alcarrizos y Santo Domingo Este, as\u00ed como los sectores Los Girasoles y Pantoja. La Corporaci\u00f3n del Acueducto y Alcantarillado de Santo Domingo (CAASD), inform\u00f3 que la producci\u00f3n de agua potable para el\u2026","rel":"","context":"En \u00abNACIONALES\u00bb","block_context":{"text":"NACIONALES","link":"https:\/\/lasprimeras.com.do\/index.php\/category\/nacionales\/"},"img":{"alt_text":"CAASD","src":"https:\/\/i0.wp.com\/lasprimeras.com.do\/wp-content\/uploads\/2023\/06\/caasd.jpg?resize=350%2C200&ssl=1","width":350,"height":200,"srcset":"https:\/\/i0.wp.com\/lasprimeras.com.do\/wp-content\/uploads\/2023\/06\/caasd.jpg?resize=350%2C200&ssl=1 1x, https:\/\/i0.wp.com\/lasprimeras.com.do\/wp-content\/uploads\/2023\/06\/caasd.jpg?resize=525%2C300&ssl=1 1.5x, https:\/\/i0.wp.com\/lasprimeras.com.do\/wp-content\/uploads\/2023\/06\/caasd.jpg?resize=700%2C400&ssl=1 2x"},"classes":[]},{"id":78901,"url":"https:\/\/lasprimeras.com.do\/index.php\/2024\/03\/21\/caasd-informa-sequia-estacional-reduce-produccion-de-agua-potable\/","url_meta":{"origin":56032,"position":5},"title":"CAASD informa sequ\u00eda estacional reduce producci\u00f3n de agua potable","author":"BIMARY DE JES\u00daS Matos","date":"21 de marzo de 2024","format":false,"excerpt":"Santo Domingo. \u2013 La Corporaci\u00f3n del Acueducto y Alcantarillado de Santo Domingo (CAASD) inform\u00f3 que la producci\u00f3n de agua potable se sit\u00faa en unos 379 millones de galones diarios, debido a la reducci\u00f3n de lluvias que ha impactado las cuencas de los r\u00edos, producto de la sequ\u00eda estacionaria que atraviesa\u2026","rel":"","context":"En \u00abPORTADA\u00bb","block_context":{"text":"PORTADA","link":"https:\/\/lasprimeras.com.do\/index.php\/category\/portada\/"},"img":{"alt_text":"","src":"https:\/\/i0.wp.com\/lasprimeras.com.do\/wp-content\/uploads\/2024\/03\/WhatsApp-Image-2024-03-21-at-2.24.18-PM.jpeg?resize=350%2C200&ssl=1","width":350,"height":200,"srcset":"https:\/\/i0.wp.com\/lasprimeras.com.do\/wp-content\/uploads\/2024\/03\/WhatsApp-Image-2024-03-21-at-2.24.18-PM.jpeg?resize=350%2C200&ssl=1 1x, https:\/\/i0.wp.com\/lasprimeras.com.do\/wp-content\/uploads\/2024\/03\/WhatsApp-Image-2024-03-21-at-2.24.18-PM.jpeg?resize=525%2C300&ssl=1 1.5x, https:\/\/i0.wp.com\/lasprimeras.com.do\/wp-content\/uploads\/2024\/03\/WhatsApp-Image-2024-03-21-at-2.24.18-PM.jpeg?resize=700%2C400&ssl=1 2x, https:\/\/i0.wp.com\/lasprimeras.com.do\/wp-content\/uploads\/2024\/03\/WhatsApp-Image-2024-03-21-at-2.24.18-PM.jpeg?resize=1050%2C600&ssl=1 3x"},"classes":[]}],"jetpack_sharing_enabled":true,"_links":{"self":[{"href":"https:\/\/lasprimeras.com.do\/index.php\/wp-json\/wp\/v2\/posts\/56032","targetHints":{"allow":["GET"]}}],"collection":[{"href":"https:\/\/lasprimeras.com.do\/index.php\/wp-json\/wp\/v2\/posts"}],"about":[{"href":"https:\/\/lasprimeras.com.do\/index.php\/wp-json\/wp\/v2\/types\/post"}],"author":[{"embeddable":true,"href":"https:\/\/lasprimeras.com.do\/index.php\/wp-json\/wp\/v2\/users\/2"}],"replies":[{"embeddable":true,"href":"https:\/\/lasprimeras.com.do\/index.php\/wp-json\/wp\/v2\/comments?post=56032"}],"version-history":[{"count":1,"href":"https:\/\/lasprimeras.com.do\/index.php\/wp-json\/wp\/v2\/posts\/56032\/revisions"}],"predecessor-version":[{"id":56034,"href":"https:\/\/lasprimeras.com.do\/index.php\/wp-json\/wp\/v2\/posts\/56032\/revisions\/56034"}],"wp:featuredmedia":[{"embeddable":true,"href":"https:\/\/lasprimeras.com.do\/index.php\/wp-json\/wp\/v2\/media\/56033"}],"wp:attachment":[{"href":"https:\/\/lasprimeras.com.do\/index.php\/wp-json\/wp\/v2\/media?parent=56032"}],"wp:term":[{"taxonomy":"category","embeddable":true,"href":"https:\/\/lasprimeras.com.do\/index.php\/wp-json\/wp\/v2\/categories?post=56032"},{"taxonomy":"post_tag","embeddable":true,"href":"https:\/\/lasprimeras.com.do\/index.php\/wp-json\/wp\/v2\/tags?post=56032"}],"curies":[{"name":"wp","href":"https:\/\/api.w.org\/{rel}","templated":true}]}}