{"id":56035,"date":"2023-07-27T12:29:08","date_gmt":"2023-07-27T16:29:08","guid":{"rendered":"https:\/\/lasprimeras.com.do\/?p=56035"},"modified":"2023-07-27T12:29:10","modified_gmt":"2023-07-27T16:29:10","slug":"el-gobierno-del-prm-es-intolerante-con-la-prensa-afirma-radhames-jimenez","status":"publish","type":"post","link":"https:\/\/lasprimeras.com.do\/index.php\/2023\/07\/27\/el-gobierno-del-prm-es-intolerante-con-la-prensa-afirma-radhames-jimenez\/","title":{"rendered":"El gobierno del PRM es intolerante con la prensa afirma Radham\u00e9s Jim\u00e9nez"},"content":{"rendered":"\n<p>Juramenta nuevos miembros en la FP.<\/p>\n\n\n\n<p>El vicepresidente y coordinador pol\u00edtico de la Fuerza del Pueblo, Radham\u00e9s Jim\u00e9nez Pe\u00f1a, afirm\u00f3 que el gobierno del Partido Revolucionario Moderno, es intolerante con la prensa, por las constantes presiones que reciben los profesionales de la comunicaci\u00f3n en los diversos medios donde laboran.<\/p>\n\n\n\n<p>El dirigente pol\u00edtico opositor refiri\u00f3 que el gobierno del PRM, se siente due\u00f1o y se\u00f1ores de los medios de comunicaci\u00f3n, llegando al punto de convertirse en intolerantes con aquellos comunicadores que no le son afines, ni responden a sus intereses.<\/p>\n\n\n\n<p>\u201cAhora en este gobierno del PRM, que se sienten due\u00f1os y se\u00f1ores de los medios de comunicaci\u00f3n, se han convertido en intolerantes con aquellos periodistas, informadores p\u00fablicos, creadores de opini\u00f3n que no le son afines y presionan a los due\u00f1os de esos medios para que saquen a esos periodistas, violando el art\u00edculo 49, de la Constituci\u00f3n de la Rep\u00fablica, la m\u00e1s democr\u00e1tica y liberal de Am\u00e9rica Latina que es un legado de nuestro l\u00edder, el compa\u00f1ero Leonel Fern\u00e1ndez\u201d precis\u00f3 Jim\u00e9nez.<\/p>\n\n\n\n<p>El miembro de la Direcci\u00f3n Pol\u00edtica de la FP, sostuvo que el art\u00edculo 49 de la Constituci\u00f3n, establece la libertad de expresi\u00f3n y difusi\u00f3n del pensamiento en la Rep\u00fablica Dominicana, como un derecho fundamental, tambi\u00e9n en el ac\u00e1pite 3, de ese mismo art\u00edculo se establece la protecci\u00f3n del secreto profesional y eso se est\u00e1 vulnerando.<\/p>\n\n\n\n<p>Juramentados<\/p>\n\n\n\n<p>Dentro de los juramentados destaca Crist\u00f3bal Polanco, exmiembro de la Direcci\u00f3n Central del Partido de la Liberaci\u00f3n Dominicana, quien habl\u00f3 en nombre de los juramentados. Refiri\u00f3 que abandon\u00f3 su antigua casa porque ya no representan los mejores intereses del pueblo dominicano, adem\u00e1s perdi\u00f3 la m\u00edstica y razones que dieron origen a su fundaci\u00f3n.<\/p>\n\n\n\n<p>Acompa\u00f1aron a Polanco: Angela Galva, Luis Polanco, M\u00e1rtires Mercedes, Waleska Polanco, Julio C\u00e9sar Marmolejos, as\u00ed como dem\u00e1s personalidades que se juramentaron en la organizaci\u00f3n que lidera Leonel Fern\u00e1ndez.<\/p>\n","protected":false},"excerpt":{"rendered":"<p>Juramenta nuevos miembros en la FP. El vicepresidente y coordinador pol\u00edtico de la Fuerza del Pueblo, Radham\u00e9s Jim\u00e9nez Pe\u00f1a, afirm\u00f3 que el gobierno del Partido Revolucionario Moderno, es intolerante con&hellip;<\/p>\n","protected":false},"author":2,"featured_media":56036,"comment_status":"open","ping_status":"open","sticky":false,"template":"","format":"standard","meta":{"content-type":"","jetpack_post_was_ever_published":false,"_jetpack_newsletter_access":"","_jetpack_dont_email_post_to_subs":false,"_jetpack_newsletter_tier_id":0,"_jetpack_memberships_contains_paywalled_content":false,"_jetpack_memberships_contains_paid_content":false,"footnotes":""},"categories":[25],"tags":[171,5444,2080,31,270],"class_list":["post-56035","post","type-post","status-publish","format-standard","has-post-thumbnail","hentry","category-portada","tag-gobierno","tag-intolerante","tag-prensa","tag-prm","tag-radhames-jimenez"],"jetpack_featured_media_url":"https:\/\/lasprimeras.com.do\/wp-content\/uploads\/2023\/07\/Radhames-Jimenez-3.jpg","jetpack-related-posts":[{"id":106653,"url":"https:\/\/lasprimeras.com.do\/index.php\/2025\/08\/17\/incapacidad-del-gobierno-del-prm-tiene-al-pueblo-hastiado-con-los-apagones-afirma-radhames-jimenez\/","url_meta":{"origin":56035,"position":0},"title":"\u201cIncapacidad del gobierno del PRM tiene al pueblo hastiado con los apagones\u201d, afirma Radham\u00e9s Jim\u00e9nez","author":"Nelson Feliz","date":"17 de agosto de 2025","format":false,"excerpt":"El vicepresidente y coordinador pol\u00edtico de la Fuerza del Pueblo Radham\u00e9s Jim\u00e9nez Pe\u00f1a, afirm\u00f3 que la incapacidad del gobierno del PRM tiene al pueblo hastiado con las largas tandas de apagones en todo el territorio nacional, y las autoridades no dan la cara. Expres\u00f3 que a pesar de ser el\u2026","rel":"","context":"En \u00abPOLITICA\u00bb","block_context":{"text":"POLITICA","link":"https:\/\/lasprimeras.com.do\/index.php\/category\/politica\/"},"img":{"alt_text":"Radhames Jimenez","src":"https:\/\/i0.wp.com\/lasprimeras.com.do\/wp-content\/uploads\/2023\/12\/Radhames-Jimenez.jpg?resize=350%2C200&ssl=1","width":350,"height":200,"srcset":"https:\/\/i0.wp.com\/lasprimeras.com.do\/wp-content\/uploads\/2023\/12\/Radhames-Jimenez.jpg?resize=350%2C200&ssl=1 1x, https:\/\/i0.wp.com\/lasprimeras.com.do\/wp-content\/uploads\/2023\/12\/Radhames-Jimenez.jpg?resize=525%2C300&ssl=1 1.5x, https:\/\/i0.wp.com\/lasprimeras.com.do\/wp-content\/uploads\/2023\/12\/Radhames-Jimenez.jpg?resize=700%2C400&ssl=1 2x"},"classes":[]},{"id":114195,"url":"https:\/\/lasprimeras.com.do\/index.php\/2025\/11\/11\/con-las-manos-arriba-tiene-la-delincuencia-al-gobierno-del-prm-afirma-radhames-jimenez-pena\/","url_meta":{"origin":56035,"position":1},"title":"\u201cCon las manos arriba tiene la delincuencia al Gobierno del PRM\u201d, afirma Radham\u00e9s Jim\u00e9nez Pe\u00f1a","author":"Nelson Feliz","date":"11 de noviembre de 2025","format":false,"excerpt":"El ex-procurador general de la Rep\u00fablica y vicepresidente del partido Fuerza del Pueblo, Radham\u00e9s Jim\u00e9nez Pe\u00f1a, expres\u00f3 que la delincuencia y la criminalidad tienen a las autoridades y al Gobierno del PRM con las manos arriba, ya que no han sido lo suficientemente competentes para dar respuestas contundentes al pa\u00eds\u2026","rel":"","context":"En \u00abPOLITICA\u00bb","block_context":{"text":"POLITICA","link":"https:\/\/lasprimeras.com.do\/index.php\/category\/politica\/"},"img":{"alt_text":"","src":"https:\/\/i0.wp.com\/lasprimeras.com.do\/wp-content\/uploads\/2025\/11\/Radhames-Jimenez-1.jpg?resize=350%2C200&ssl=1","width":350,"height":200,"srcset":"https:\/\/i0.wp.com\/lasprimeras.com.do\/wp-content\/uploads\/2025\/11\/Radhames-Jimenez-1.jpg?resize=350%2C200&ssl=1 1x, https:\/\/i0.wp.com\/lasprimeras.com.do\/wp-content\/uploads\/2025\/11\/Radhames-Jimenez-1.jpg?resize=525%2C300&ssl=1 1.5x, https:\/\/i0.wp.com\/lasprimeras.com.do\/wp-content\/uploads\/2025\/11\/Radhames-Jimenez-1.jpg?resize=700%2C400&ssl=1 2x"},"classes":[]},{"id":103702,"url":"https:\/\/lasprimeras.com.do\/index.php\/2025\/07\/17\/cierre-del-metro-en-horas-laborables-demuestra-improvisacion-del-gobierno-del-prm-afirma-radhames-jimenez\/","url_meta":{"origin":56035,"position":2},"title":"\u201cCierre del metro en horas laborables demuestra improvisaci\u00f3n del gobierno del PRM\u201d, afirma Radham\u00e9s Jim\u00e9nez","author":"Nelson Feliz","date":"17 de julio de 2025","format":false,"excerpt":"El vicepresidente y coordinador pol\u00edtico de la Fuerza del Pueblo, Radham\u00e9s Jim\u00e9nez Pe\u00f1a, calific\u00f3 de improvisado al gobierno del PRM, por el cierre del metro en Santo Domingo Norte en horarios laborables, afectando de manera directa a miles de ciudadanos que todos los d\u00edas utilizan ese servicio de transporte masivo.\u2026","rel":"","context":"En \u00abPOLITICA\u00bb","block_context":{"text":"POLITICA","link":"https:\/\/lasprimeras.com.do\/index.php\/category\/politica\/"},"img":{"alt_text":"","src":"https:\/\/i0.wp.com\/lasprimeras.com.do\/wp-content\/uploads\/2025\/07\/Radhames-Jimenez-1.jpg?resize=350%2C200&ssl=1","width":350,"height":200,"srcset":"https:\/\/i0.wp.com\/lasprimeras.com.do\/wp-content\/uploads\/2025\/07\/Radhames-Jimenez-1.jpg?resize=350%2C200&ssl=1 1x, https:\/\/i0.wp.com\/lasprimeras.com.do\/wp-content\/uploads\/2025\/07\/Radhames-Jimenez-1.jpg?resize=525%2C300&ssl=1 1.5x, https:\/\/i0.wp.com\/lasprimeras.com.do\/wp-content\/uploads\/2025\/07\/Radhames-Jimenez-1.jpg?resize=700%2C400&ssl=1 2x"},"classes":[]},{"id":102503,"url":"https:\/\/lasprimeras.com.do\/index.php\/2025\/07\/05\/radhames-jimenez-califica-al-gobierno-del-prm-de-fallido-e-inoperante\/","url_meta":{"origin":56035,"position":3},"title":"Radham\u00e9s Jim\u00e9nez califica al gobierno del PRM de fallido e inoperante","author":"Nelson Feliz","date":"5 de julio de 2025","format":false,"excerpt":"El vicepresidente y coordinador pol\u00edtico de la Fuerza del Pueblo Radham\u00e9s Jim\u00e9nez Pe\u00f1a, calific\u00f3 al gobierno del PRM de fallido e inoperante, que no le dejar\u00e1 ning\u00fan legado al pa\u00eds y a las nuevas generaciones, ya que tiene a la ciudadan\u00eda al borde de la desesperaci\u00f3n con el descalabro de\u2026","rel":"","context":"En \u00abPOLITICA\u00bb","block_context":{"text":"POLITICA","link":"https:\/\/lasprimeras.com.do\/index.php\/category\/politica\/"},"img":{"alt_text":"Radham\u00e9s Jim\u00e9nez","src":"https:\/\/i0.wp.com\/lasprimeras.com.do\/wp-content\/uploads\/2025\/07\/Radhames-Jimenez.jpg?resize=350%2C200&ssl=1","width":350,"height":200,"srcset":"https:\/\/i0.wp.com\/lasprimeras.com.do\/wp-content\/uploads\/2025\/07\/Radhames-Jimenez.jpg?resize=350%2C200&ssl=1 1x, https:\/\/i0.wp.com\/lasprimeras.com.do\/wp-content\/uploads\/2025\/07\/Radhames-Jimenez.jpg?resize=525%2C300&ssl=1 1.5x, https:\/\/i0.wp.com\/lasprimeras.com.do\/wp-content\/uploads\/2025\/07\/Radhames-Jimenez.jpg?resize=700%2C400&ssl=1 2x"},"classes":[]},{"id":124384,"url":"https:\/\/lasprimeras.com.do\/index.php\/2026\/03\/11\/radhames-jimenez-cuestiona-al-prm-dice-es-una-plaga-y-nunca-bajo-combustibles\/","url_meta":{"origin":56035,"position":4},"title":"Radham\u00e9s Jim\u00e9nez cuestiona al PRM dice es una \u201cplaga\u201d y nunca baj\u00f3 combustibles","author":"Nelson Feliz","date":"11 de marzo de 2026","format":false,"excerpt":"El vicepresidente del partido Fuerza del Pueblo, Radham\u00e9s Jim\u00e9nez Pe\u00f1a, afirm\u00f3 que el gobierno del Partido Revolucionario Moderno se ha convertido en una \u201cplaga\u201d para la Rep\u00fablica Dominicana, al tiempo que cuestion\u00f3 que durante los \u00faltimos a\u00f1os, aun comprando petr\u00f3leo a precios internacionales m\u00e1s bajos, nunca redujeran el precio de\u2026","rel":"","context":"En \u00abPOLITICA\u00bb","block_context":{"text":"POLITICA","link":"https:\/\/lasprimeras.com.do\/index.php\/category\/politica\/"},"img":{"alt_text":"","src":"https:\/\/i0.wp.com\/lasprimeras.com.do\/wp-content\/uploads\/2026\/03\/combuston.jpg?resize=350%2C200&ssl=1","width":350,"height":200,"srcset":"https:\/\/i0.wp.com\/lasprimeras.com.do\/wp-content\/uploads\/2026\/03\/combuston.jpg?resize=350%2C200&ssl=1 1x, https:\/\/i0.wp.com\/lasprimeras.com.do\/wp-content\/uploads\/2026\/03\/combuston.jpg?resize=525%2C300&ssl=1 1.5x, https:\/\/i0.wp.com\/lasprimeras.com.do\/wp-content\/uploads\/2026\/03\/combuston.jpg?resize=700%2C400&ssl=1 2x, https:\/\/i0.wp.com\/lasprimeras.com.do\/wp-content\/uploads\/2026\/03\/combuston.jpg?resize=1050%2C600&ssl=1 3x"},"classes":[]},{"id":128228,"url":"https:\/\/lasprimeras.com.do\/index.php\/2026\/04\/20\/en-rd-lo-que-tenemos-de-gobierno-es-una-caricatura-comica-afirma-radhames-jimenez\/","url_meta":{"origin":56035,"position":5},"title":"\u201cEn RD lo que tenemos de gobierno es una caricatura c\u00f3mica\u201d, afirma Radham\u00e9s Jim\u00e9nez","author":"Nelson Feliz","date":"20 de abril de 2026","format":false,"excerpt":"El vicepresidente y coordinador pol\u00edtico de la Fuerza del Pueblo Radham\u00e9s Jim\u00e9nez Pe\u00f1a, calific\u00f3 al gobierno del PRM, de \u201ccaricatura c\u00f3mica\u201d, por los altos niveles de improvisaci\u00f3n que exhibe, la falta de planificaci\u00f3n, y la descoordinaci\u00f3n en cada acci\u00f3n tomada, hechos que impactan negativamente en toda la ciudadan\u00eda. \u201cPara una\u2026","rel":"","context":"En \u00abPOLITICA\u00bb","block_context":{"text":"POLITICA","link":"https:\/\/lasprimeras.com.do\/index.php\/category\/politica\/"},"img":{"alt_text":"","src":"https:\/\/i0.wp.com\/lasprimeras.com.do\/wp-content\/uploads\/2026\/04\/Radhames-Jimenez-1.jpg?resize=350%2C200&ssl=1","width":350,"height":200,"srcset":"https:\/\/i0.wp.com\/lasprimeras.com.do\/wp-content\/uploads\/2026\/04\/Radhames-Jimenez-1.jpg?resize=350%2C200&ssl=1 1x, https:\/\/i0.wp.com\/lasprimeras.com.do\/wp-content\/uploads\/2026\/04\/Radhames-Jimenez-1.jpg?resize=525%2C300&ssl=1 1.5x, https:\/\/i0.wp.com\/lasprimeras.com.do\/wp-content\/uploads\/2026\/04\/Radhames-Jimenez-1.jpg?resize=700%2C400&ssl=1 2x, https:\/\/i0.wp.com\/lasprimeras.com.do\/wp-content\/uploads\/2026\/04\/Radhames-Jimenez-1.jpg?resize=1050%2C600&ssl=1 3x"},"classes":[]}],"jetpack_sharing_enabled":true,"_links":{"self":[{"href":"https:\/\/lasprimeras.com.do\/index.php\/wp-json\/wp\/v2\/posts\/56035","targetHints":{"allow":["GET"]}}],"collection":[{"href":"https:\/\/lasprimeras.com.do\/index.php\/wp-json\/wp\/v2\/posts"}],"about":[{"href":"https:\/\/lasprimeras.com.do\/index.php\/wp-json\/wp\/v2\/types\/post"}],"author":[{"embeddable":true,"href":"https:\/\/lasprimeras.com.do\/index.php\/wp-json\/wp\/v2\/users\/2"}],"replies":[{"embeddable":true,"href":"https:\/\/lasprimeras.com.do\/index.php\/wp-json\/wp\/v2\/comments?post=56035"}],"version-history":[{"count":1,"href":"https:\/\/lasprimeras.com.do\/index.php\/wp-json\/wp\/v2\/posts\/56035\/revisions"}],"predecessor-version":[{"id":56037,"href":"https:\/\/lasprimeras.com.do\/index.php\/wp-json\/wp\/v2\/posts\/56035\/revisions\/56037"}],"wp:featuredmedia":[{"embeddable":true,"href":"https:\/\/lasprimeras.com.do\/index.php\/wp-json\/wp\/v2\/media\/56036"}],"wp:attachment":[{"href":"https:\/\/lasprimeras.com.do\/index.php\/wp-json\/wp\/v2\/media?parent=56035"}],"wp:term":[{"taxonomy":"category","embeddable":true,"href":"https:\/\/lasprimeras.com.do\/index.php\/wp-json\/wp\/v2\/categories?post=56035"},{"taxonomy":"post_tag","embeddable":true,"href":"https:\/\/lasprimeras.com.do\/index.php\/wp-json\/wp\/v2\/tags?post=56035"}],"curies":[{"name":"wp","href":"https:\/\/api.w.org\/{rel}","templated":true}]}}