{"id":56041,"date":"2023-07-27T12:57:37","date_gmt":"2023-07-27T16:57:37","guid":{"rendered":"https:\/\/lasprimeras.com.do\/?p=56041"},"modified":"2023-07-27T12:57:38","modified_gmt":"2023-07-27T16:57:38","slug":"mas-de-168-200-migrantes-venezolanos-han-cruzado-honduras-rumbo-a-ee-uu-en-2023","status":"publish","type":"post","link":"https:\/\/lasprimeras.com.do\/index.php\/2023\/07\/27\/mas-de-168-200-migrantes-venezolanos-han-cruzado-honduras-rumbo-a-ee-uu-en-2023\/","title":{"rendered":"M\u00e1s de 168.200 migrantes venezolanos han cruzado Honduras rumbo a EE.UU. en 2023"},"content":{"rendered":"\n<p>M\u00e1s de 168.000 migrantes en tr\u00e1nsito hacia Estados Unidos han entrado de forma irregular este a\u00f1o a Honduras, el 40 % (67.092) de ellos venezolanos, seg\u00fan cifras del Instituto Nacional de Migraci\u00f3n (INM) consultadas este jueves por EFE.<\/p>\n\n\n\n<p>El n\u00famero de migrantes que ingresaron al pa\u00eds entre el 1 de enero y el 23 de julio es un 163,2 % superior a los 63.920 extranjeros registrados en igual per\u00edodo de 2022, a\u00f1o en que transitaron por Honduras alrededor de 188.858 de estos viajeros, seg\u00fan las cifras del INM.<\/p>\n\n\n\n<p>A falta de cuatro d\u00edas para que acabe el mes, julio ha sido el de mayor flujo este a\u00f1o, con 32.741 migrantes irregulares que ingresaron al pa\u00eds centroamericano, detall\u00f3 la instituci\u00f3n.<\/p>\n\n\n\n<p>Del total de migrantes que han llegado a Honduras, 67.092 eran de Venezuela, seguido de Ecuador (22.801), Hait\u00ed (18.824), Cuba (15.044), China (5.438), Mauritania (4.062), Colombia (3.832), Uzbekist\u00e1n (3.589), Senegal (3.244) e India (2.567), precis\u00f3 el INM.<\/p>\n\n\n\n<p>Los restantes 21.741 migrantes que ingresaron al pa\u00eds proceden de m\u00e1s de una treintena de pa\u00edses del mundo, incluidos asi\u00e1ticos y africanos.<\/p>\n\n\n\n<p>De mantenerse el ritmo de entradas al pa\u00eds, este a\u00f1o podr\u00eda cerrar con la llegada de m\u00e1s de 200.000 migrantes, seg\u00fan estimaciones de diferentes organismos hondure\u00f1os.<\/p>\n\n\n\n<p>Muchos de los migrantes irregulares son acogidos en cuatro Centros de Atenci\u00f3n al Migrante Irregular (CAMI) habilitados por el Gobierno, donde toman sus datos biom\u00e9tricos y reciben alimentaci\u00f3n y atenci\u00f3n m\u00e9dica.<\/p>\n\n\n\n<p>En una entrevista con EFE en junio, el jefe de misi\u00f3n de la Organizaci\u00f3n Internacional para las Migraciones (OIM), Nicola Graviano, dijo que el organismo ha seguido &#8220;muy de cerca&#8221; el aumento de migrantes en tr\u00e1nsito por el pa\u00eds desde 2022.<\/p>\n\n\n\n<p>Los migrantes abandonan su pa\u00eds de origen por motivaciones &#8220;econ\u00f3micas, reunificaci\u00f3n familiar y escapar de situaciones de violencia&#8221;, enfatiz\u00f3.<\/p>\n\n\n\n<p>Seg\u00fan Graviano, estos viajeros se enfrentan a &#8220;m\u00faltiples riesgos&#8221; durante su largo recorrido y puso como ejemplo, la selva del Dari\u00e9n, la frontera natural entre Colombia y Panam\u00e1, que en los \u00faltimos a\u00f1os se ha convertido en &#8220;uno de los corredores migratorios m\u00e1s peligrosos del mundo&#8221;.<\/p>\n\n\n\n<p>En Honduras, un paso obligado de migrantes latinoamericanos, africanos y asi\u00e1ticos, los migrantes sufren muchos atropellos, principalmente en el cobro ilegal del transporte interurbano, o de agentes policiales, de acuerdo al Comisionado Nacional de Derechos Humanos (Conadeh).<\/p>\n\n\n\n<p>Muchos de los migrantes que transitan por Honduras lo hacen por &#8220;puntos ciegos&#8221; a trav\u00e9s de traficantes de personas, conocidos como &#8220;coyotes&#8221;, que no siempre los llevan hasta la frontera con Guatemala, de acuerdo con autoridades y organismos de derechos humanos.<\/p>\n\n\n\n<p>Agencia EFE<\/p>\n","protected":false},"excerpt":{"rendered":"<p>M\u00e1s de 168.000 migrantes en tr\u00e1nsito hacia Estados Unidos han entrado de forma irregular este a\u00f1o a Honduras, el 40 % (67.092) de ellos venezolanos, seg\u00fan cifras del Instituto Nacional&hellip;<\/p>\n","protected":false},"author":2,"featured_media":56042,"comment_status":"open","ping_status":"open","sticky":false,"template":"","format":"standard","meta":{"content-type":"","jetpack_post_was_ever_published":false,"_jetpack_newsletter_access":"","_jetpack_dont_email_post_to_subs":false,"_jetpack_newsletter_tier_id":0,"_jetpack_memberships_contains_paywalled_content":false,"_jetpack_memberships_contains_paid_content":false,"footnotes":""},"categories":[1],"tags":[206,68,907,5448],"class_list":["post-56041","post","type-post","status-publish","format-standard","has-post-thumbnail","hentry","category-sin-categoria","tag-ee-uu","tag-honduras","tag-migrantes","tag-venezolanos"],"jetpack_featured_media_url":"https:\/\/lasprimeras.com.do\/wp-content\/uploads\/2023\/07\/venezolanos.jpg","jetpack-related-posts":[{"id":93811,"url":"https:\/\/lasprimeras.com.do\/index.php\/2025\/02\/21\/trump-acuerda-con-honduras-y-venezuela-la-deportacion-de-venezolanos-en-guantanamo\/","url_meta":{"origin":56041,"position":0},"title":"Trump acuerda con Honduras y Venezuela la deportaci\u00f3n de venezolanos en Guant\u00e1namo","author":"Nelson Feliz","date":"21 de febrero de 2025","format":false,"excerpt":"La canciller\u00eda del r\u00e9gimen de Venezuela confirm\u00f3 la repatriaci\u00f3n de 177 migrantes venezolanos, asegurando que fueron \"injustamente llevados\" a Guant\u00e1namo. Por Ra\u00fal Castillo El Gobierno de Estados Unidos confirm\u00f3 este jueves que ha comenzado a trasladar a 177 migrantes venezolanos retenidos en la base militar de Guant\u00e1namo hacia su pa\u00eds\u2026","rel":"","context":"En \u00abINTERNACIONALES\u00bb","block_context":{"text":"INTERNACIONALES","link":"https:\/\/lasprimeras.com.do\/index.php\/category\/sin-categoria\/internacionales\/"},"img":{"alt_text":"","src":"https:\/\/i0.wp.com\/lasprimeras.com.do\/wp-content\/uploads\/2025\/02\/acuerda.png?resize=350%2C200&ssl=1","width":350,"height":200,"srcset":"https:\/\/i0.wp.com\/lasprimeras.com.do\/wp-content\/uploads\/2025\/02\/acuerda.png?resize=350%2C200&ssl=1 1x, https:\/\/i0.wp.com\/lasprimeras.com.do\/wp-content\/uploads\/2025\/02\/acuerda.png?resize=525%2C300&ssl=1 1.5x, https:\/\/i0.wp.com\/lasprimeras.com.do\/wp-content\/uploads\/2025\/02\/acuerda.png?resize=700%2C400&ssl=1 2x"},"classes":[]},{"id":93836,"url":"https:\/\/lasprimeras.com.do\/index.php\/2025\/02\/21\/aterriza-en-venezuela-avion-con-177-migrantes-de-guantanamo\/","url_meta":{"origin":56041,"position":1},"title":"Aterriza en Venezuela avi\u00f3n con 177 migrantes de Guant\u00e1namo","author":"Nelson Feliz","date":"21 de febrero de 2025","format":false,"excerpt":"CARACAS.- Un grupo de 177 migrantes venezolanos retorn\u00f3 la noche de este jueves a su pa\u00eds en un avi\u00f3n procedente de Honduras, a donde hab\u00edan llegado desde la base militar estadounidense de Guant\u00e1namo (Cuba), en la que estuvieron retenidos. El avi\u00f3n de la aerol\u00ednea estatal venezolana Conviasa aterriz\u00f3 en el\u2026","rel":"","context":"En \u00abINTERNACIONALES\u00bb","block_context":{"text":"INTERNACIONALES","link":"https:\/\/lasprimeras.com.do\/index.php\/category\/sin-categoria\/internacionales\/"},"img":{"alt_text":"","src":"https:\/\/i0.wp.com\/lasprimeras.com.do\/wp-content\/uploads\/2025\/02\/Guantanamo.png?resize=350%2C200&ssl=1","width":350,"height":200,"srcset":"https:\/\/i0.wp.com\/lasprimeras.com.do\/wp-content\/uploads\/2025\/02\/Guantanamo.png?resize=350%2C200&ssl=1 1x, https:\/\/i0.wp.com\/lasprimeras.com.do\/wp-content\/uploads\/2025\/02\/Guantanamo.png?resize=525%2C300&ssl=1 1.5x, https:\/\/i0.wp.com\/lasprimeras.com.do\/wp-content\/uploads\/2025\/02\/Guantanamo.png?resize=700%2C400&ssl=1 2x"},"classes":[]},{"id":69094,"url":"https:\/\/lasprimeras.com.do\/index.php\/2023\/11\/29\/dominicanos-entre-los-87-migrantes-hallados-en-la-parte-trasera-de-una-patana-en-mexico\/","url_meta":{"origin":56041,"position":2},"title":"Dominicanos entre los 87 migrantes hallados en la parte trasera de una patana en M\u00e9xico","author":"Nelson Feliz","date":"29 de noviembre de 2023","format":false,"excerpt":"M\u00e9xico, EFE.-.El Instituto Nacional de Migraci\u00f3n (INM) de M\u00e9xico revel\u00f3 este mi\u00e9rcoles el hallazgo de 87 migrantes de Latinoam\u00e9rica y Asia en la parte trasera de un tractocami\u00f3n que circulaba en la carretera Tapachula-Huehuet\u00e1n, en el sure\u00f1o estado de Chiapas, fronterizo con Guatemala. El organismo inform\u00f3 en un comunicado que,\u2026","rel":"","context":"En \u00abSin categor\u00eda\u00bb","block_context":{"text":"Sin categor\u00eda","link":"https:\/\/lasprimeras.com.do\/index.php\/category\/sin-categoria\/"},"img":{"alt_text":"","src":"https:\/\/i0.wp.com\/lasprimeras.com.do\/wp-content\/uploads\/2023\/11\/migrantes-dominicanos.jpg?resize=350%2C200&ssl=1","width":350,"height":200,"srcset":"https:\/\/i0.wp.com\/lasprimeras.com.do\/wp-content\/uploads\/2023\/11\/migrantes-dominicanos.jpg?resize=350%2C200&ssl=1 1x, https:\/\/i0.wp.com\/lasprimeras.com.do\/wp-content\/uploads\/2023\/11\/migrantes-dominicanos.jpg?resize=525%2C300&ssl=1 1.5x, https:\/\/i0.wp.com\/lasprimeras.com.do\/wp-content\/uploads\/2023\/11\/migrantes-dominicanos.jpg?resize=700%2C400&ssl=1 2x"},"classes":[]},{"id":97241,"url":"https:\/\/lasprimeras.com.do\/index.php\/2025\/04\/17\/migrantes-suspenden-transito-a-ee-uu-y-viacrucis-por-inseguridad-y-politicas-restrictivas\/","url_meta":{"origin":56041,"position":3},"title":"Migrantes suspenden tr\u00e1nsito a EE. UU. y viacrucis por inseguridad y pol\u00edticas restrictivas","author":"Nelson Feliz","date":"17 de abril de 2025","format":false,"excerpt":"TAPACHULA, EFE.\u2014 El \u2018viacrucis migrante\u2019, una manifestaci\u00f3n simb\u00f3lica que por a\u00f1os visibiliz\u00f3 el sufrimiento de miles de personas en tr\u00e1nsito hacia Estados Unidos, fue suspendido este 2025 en la frontera sur de M\u00e9xico debido al miedo de los migrantes a ser v\u00edctimas del crimen organizado y a las pol\u00edticas migratorias\u2026","rel":"","context":"En \u00abINTERNACIONALES\u00bb","block_context":{"text":"INTERNACIONALES","link":"https:\/\/lasprimeras.com.do\/index.php\/category\/sin-categoria\/internacionales\/"},"img":{"alt_text":"","src":"","width":0,"height":0},"classes":[]},{"id":65709,"url":"https:\/\/lasprimeras.com.do\/index.php\/2023\/10\/31\/migrantes-salen-en-caravana-desde-mexico\/","url_meta":{"origin":56041,"position":4},"title":"Migrantes salen en caravana desde M\u00e9xico","author":"BIMARY DE JES\u00daS Matos","date":"31 de octubre de 2023","format":false,"excerpt":"Tapachula. Una caravana de 7,000 migrantes parti\u00f3 ayer de la frontera sur de M\u00e9xico tras su frustraci\u00f3n por la falta de avances en la Cumbre Migratoria de Latinoam\u00e9rica realizada el pasado 22 de octubre. Al menos seis hombres venezolanos y hondure\u00f1os y cinco mujeres, salieron encadenados y con banderines blancos\u2026","rel":"","context":"En \u00abSin categor\u00eda\u00bb","block_context":{"text":"Sin categor\u00eda","link":"https:\/\/lasprimeras.com.do\/index.php\/category\/sin-categoria\/"},"img":{"alt_text":"","src":"","width":0,"height":0},"classes":[]},{"id":58495,"url":"https:\/\/lasprimeras.com.do\/index.php\/2023\/08\/24\/al-menos-11-migrantes-venezolanos-secuestrados-son-localizados-en-una-vivienda-de-mexico\/","url_meta":{"origin":56041,"position":5},"title":"Al menos 11 migrantes venezolanos secuestrados son localizados en una vivienda de M\u00e9xico","author":"Nelson Feliz","date":"24 de agosto de 2023","format":false,"excerpt":"La Agencia Estatal de Investigaciones de M\u00e9xico revel\u00f3 que una persona denunci\u00f3 la presencia de personas privadas de su libertad en una casa en Nuevo Le\u00f3n. Por EFE Un grupo de 11 migrantes de origen venezolano fueron localizados en Monterrey en Nuevo Le\u00f3n, M\u00e9xico, cuando permanec\u00edan en una vivienda presuntamente\u2026","rel":"","context":"En \u00abSin categor\u00eda\u00bb","block_context":{"text":"Sin categor\u00eda","link":"https:\/\/lasprimeras.com.do\/index.php\/category\/sin-categoria\/"},"img":{"alt_text":"Cuando los oficiales de AEI llegaron al sitio pudieron escuchar los gritos de ayuda de las personas en el interior de la vivienda. Cr\u00e9dito: ALFREDO ESTRELLA | AFP \/ Getty Images","src":"https:\/\/i0.wp.com\/lasprimeras.com.do\/wp-content\/uploads\/2023\/08\/AEL.jpg?resize=350%2C200&ssl=1","width":350,"height":200,"srcset":"https:\/\/i0.wp.com\/lasprimeras.com.do\/wp-content\/uploads\/2023\/08\/AEL.jpg?resize=350%2C200&ssl=1 1x, https:\/\/i0.wp.com\/lasprimeras.com.do\/wp-content\/uploads\/2023\/08\/AEL.jpg?resize=525%2C300&ssl=1 1.5x, https:\/\/i0.wp.com\/lasprimeras.com.do\/wp-content\/uploads\/2023\/08\/AEL.jpg?resize=700%2C400&ssl=1 2x"},"classes":[]}],"jetpack_sharing_enabled":true,"_links":{"self":[{"href":"https:\/\/lasprimeras.com.do\/index.php\/wp-json\/wp\/v2\/posts\/56041","targetHints":{"allow":["GET"]}}],"collection":[{"href":"https:\/\/lasprimeras.com.do\/index.php\/wp-json\/wp\/v2\/posts"}],"about":[{"href":"https:\/\/lasprimeras.com.do\/index.php\/wp-json\/wp\/v2\/types\/post"}],"author":[{"embeddable":true,"href":"https:\/\/lasprimeras.com.do\/index.php\/wp-json\/wp\/v2\/users\/2"}],"replies":[{"embeddable":true,"href":"https:\/\/lasprimeras.com.do\/index.php\/wp-json\/wp\/v2\/comments?post=56041"}],"version-history":[{"count":1,"href":"https:\/\/lasprimeras.com.do\/index.php\/wp-json\/wp\/v2\/posts\/56041\/revisions"}],"predecessor-version":[{"id":56043,"href":"https:\/\/lasprimeras.com.do\/index.php\/wp-json\/wp\/v2\/posts\/56041\/revisions\/56043"}],"wp:featuredmedia":[{"embeddable":true,"href":"https:\/\/lasprimeras.com.do\/index.php\/wp-json\/wp\/v2\/media\/56042"}],"wp:attachment":[{"href":"https:\/\/lasprimeras.com.do\/index.php\/wp-json\/wp\/v2\/media?parent=56041"}],"wp:term":[{"taxonomy":"category","embeddable":true,"href":"https:\/\/lasprimeras.com.do\/index.php\/wp-json\/wp\/v2\/categories?post=56041"},{"taxonomy":"post_tag","embeddable":true,"href":"https:\/\/lasprimeras.com.do\/index.php\/wp-json\/wp\/v2\/tags?post=56041"}],"curies":[{"name":"wp","href":"https:\/\/api.w.org\/{rel}","templated":true}]}}