{"id":56109,"date":"2023-07-28T06:18:24","date_gmt":"2023-07-28T10:18:24","guid":{"rendered":"https:\/\/lasprimeras.com.do\/?p=56109"},"modified":"2023-07-28T06:23:28","modified_gmt":"2023-07-28T10:23:28","slug":"estados-unidos-urge-a-sus-ciudadanos-a-abandonar-haiti-cuanto-antes","status":"publish","type":"post","link":"https:\/\/lasprimeras.com.do\/index.php\/2023\/07\/28\/estados-unidos-urge-a-sus-ciudadanos-a-abandonar-haiti-cuanto-antes\/","title":{"rendered":"Estados Unidos urge a sus ciudadanos a abandonar Hait\u00ed cuanto antes"},"content":{"rendered":"\n<p>Estados Unidos urgi\u00f3 a sus ciudadanos a &#8220;hacer planes para abandonar Hait\u00ed lo antes posible&#8221; a trav\u00e9s de medios comerciales, debido a la violencia que se registra en el pa\u00eds.<\/p>\n\n\n\n<p>En un comunicado publicado en la p\u00e1gina web de la Embajada estadounidense en Hait\u00ed, se informa que el Departamento de Estado hace este llamamiento ante &#8220;los recientes enfrentamientos armados entre las pandillas y la Polic\u00eda&#8221; y la &#8220;elevada amenaza de delitos violentos y secuestros&#8221; en Puerto Pr\u00edncipe, una situaci\u00f3n que \u00faltimamente ha afectado en especial a los barrios de Vivy Michel, Tabarre, Torcel, Tapage y Trutier.<\/p>\n\n\n\n<p>&#8220;El Gobierno de Estados Unidos ve extremadamente limitada su capacidad de proporcionar servicios de emergencia&#8221; a sus ciudadanos en Hait\u00ed, indica la nota.<\/p>\n\n\n\n<p>El Departamento de Estado sit\u00faa en el nivel 4, el m\u00e1s alto y que se corresponde con &#8220;No viajar&#8221;, los avisos relativos a Hait\u00ed, a causa de los disturbios y de delitos como los secuestros, de los que ciudadanos estadounidenses ya han sido v\u00edctimas y en los que han sufrido diversos da\u00f1os.<\/p>\n\n\n\n<p>La violencia es extrema en Hait\u00ed, donde las bandas armadas se han hecho fuertes y controlan gran parte de Puerto Pr\u00edncipe y sus alrededores, sembrando el terror entre los vecinos que, en muchos casos, optan por abandonar sus casas y convertirse en desplazados internos.<\/p>\n\n\n\n<p>Las masacres, las violaciones, los secuestros y la quema de viviendas se han convertido en algo habitual en este pa\u00eds, el m\u00e1s pobre de Am\u00e9rica.<\/p>\n\n\n\n<p>En Hait\u00ed, sumido en una crisis en todos los \u00f3rdenes, cerca del 50 % de la poblaci\u00f3n sufre inseguridad alimentaria y la mitad de sus algo m\u00e1s de 11 millones de habitantes vive en la pobreza.<\/p>\n\n\n\n<p>Agencia EFE<\/p>\n\n\n\n<p><strong>EE.UU. ordena abandonar Hait\u00ed al personal no destinado a emergencias<\/strong><\/p>\n\n\n\n<p>Jennifer Hansler<\/p>\n\n\n\n<p>El Departamento de Estado de Estados Unidos orden\u00f3 la salida de Hait\u00ed del personal que no sea de emergencia, en el marco del deterioro de la situaci\u00f3n de seguridad en el pa\u00eds.<\/p>\n\n\n\n<p>&#8220;El 27 de julio de 2023, el Departamento de Estado orden\u00f3 la salida de los familiares de los empleados del Gobierno de EE.UU. y de los empleados del Gobierno de EE.UU. que no sean de emergencia&#8221;, dijo la agencia en un aviso de viaje actualizado.<\/p>\n\n\n\n<p>&#8220;Los ciudadanos estadounidenses en Hait\u00ed deben salir de Hait\u00ed tan pronto como sea posible por transporte comercial u otras opciones de transporte privado disponibles, a la luz de la actual situaci\u00f3n de seguridad y los desaf\u00edos de infraestructura&#8221;, insta el aviso de viaje. &#8220;Los ciudadanos estadounidenses que deseen salir de Puerto Pr\u00edncipe deben estar atentos a las noticias locales y hacerlo solo cuando se considere seguro&#8221;.<\/p>\n\n\n\n<p>La orden sigue a un aviso de viaje emitido el jueves por la embajada de EE.UU. en Hait\u00ed, en el que aconseja a los ciudadanos estadounidenses que abandonen el pa\u00eds inmediatamente utilizando el transporte comercial debido a los recientes enfrentamientos armados entre grupos criminales y la polic\u00eda en Puerto Pr\u00edncipe.<\/p>\n\n\n\n<p><strong>EE.UU. aconseja a los ciudadanos salir de Hait\u00ed &#8220;lo antes posible&#8221;<\/strong><\/p>\n\n\n\n<p>El Departamento de Estado advirti\u00f3 en un comunicado de la elevada amenaza de delitos violentos y secuestros en toda la ciudad. A\u00f1adi\u00f3 que la capacidad del Gobierno de EE.UU. para proporcionar servicios de emergencia a los ciudadanos estadounidenses en Hait\u00ed est\u00e1 gravemente limitada.<\/p>\n\n\n\n<p>&#8220;Dados los recientes enfrentamientos armados entre bandas y la polic\u00eda y la alta amenaza de delitos violentos y secuestros en todo Puerto Pr\u00edncipe, el Departamento de Estado insta a los ciudadanos estadounidenses a que hagan planes para salir de Hait\u00ed lo antes posible por medios comerciales&#8221;, se\u00f1alaba el anterior aviso.<\/p>\n\n\n\n<p>&#8220;Los enfrentamientos violentos m\u00e1s recientes han afectado especialmente a los barrios de Vivy Michel, Tabarre, Torcel, Tapage y Trutier. El Gobierno de EE.UU. est\u00e1 extremadamente limitado en su capacidad para proporcionar servicios de emergencia a los ciudadanos estadounidenses en Hait\u00ed&#8221;, continuaba.(CNN)<\/p>\n","protected":false},"excerpt":{"rendered":"<p>Estados Unidos urgi\u00f3 a sus ciudadanos a &#8220;hacer planes para abandonar Hait\u00ed lo antes posible&#8221; a trav\u00e9s de medios comerciales, debido a la violencia que se registra en el pa\u00eds.&hellip;<\/p>\n","protected":false},"author":2,"featured_media":56110,"comment_status":"open","ping_status":"open","sticky":false,"template":"","format":"standard","meta":{"content-type":"","jetpack_post_was_ever_published":false,"_jetpack_newsletter_access":"","_jetpack_dont_email_post_to_subs":false,"_jetpack_newsletter_tier_id":0,"_jetpack_memberships_contains_paywalled_content":false,"_jetpack_memberships_contains_paid_content":false,"footnotes":""},"categories":[1],"tags":[5483,3006,98,217],"class_list":["post-56109","post","type-post","status-publish","format-standard","has-post-thumbnail","hentry","category-sin-categoria","tag-abandonar","tag-ciudadanos","tag-estados-unidos","tag-haiti"],"jetpack_featured_media_url":"https:\/\/lasprimeras.com.do\/wp-content\/uploads\/2023\/07\/haiti-1.jpg","jetpack-related-posts":[{"id":79843,"url":"https:\/\/lasprimeras.com.do\/index.php\/2024\/03\/31\/ee-uu-ha-conseguido-sacar-de-haiti-a-casi-500-de-sus-ciudadanos-en-dos-semanas\/","url_meta":{"origin":56109,"position":0},"title":"EE.UU. ha conseguido sacar de Hait\u00ed a casi 500 de sus ciudadanos en dos semanas","author":"Nelson Feliz","date":"31 de marzo de 2024","format":false,"excerpt":"La mayor\u00eda han abandonado sus hogares en la capital haitiana, epicentro de la violencia en el pa\u00eds. El Departamento de Estado de Estados Unidos indic\u00f3 que unos 450 ciudadanos estadounidenses han abandonado Hait\u00ed desde el pasado 17 de marzo, cuando realiz\u00f3 un vuelo desde Cabo Haitiano al Aeropuerto Internacional de\u2026","rel":"","context":"En \u00abSin categor\u00eda\u00bb","block_context":{"text":"Sin categor\u00eda","link":"https:\/\/lasprimeras.com.do\/index.php\/category\/sin-categoria\/"},"img":{"alt_text":"","src":"https:\/\/i0.wp.com\/lasprimeras.com.do\/wp-content\/uploads\/2024\/03\/Haitianos-1.jpg?resize=350%2C200&ssl=1","width":350,"height":200,"srcset":"https:\/\/i0.wp.com\/lasprimeras.com.do\/wp-content\/uploads\/2024\/03\/Haitianos-1.jpg?resize=350%2C200&ssl=1 1x, https:\/\/i0.wp.com\/lasprimeras.com.do\/wp-content\/uploads\/2024\/03\/Haitianos-1.jpg?resize=525%2C300&ssl=1 1.5x, https:\/\/i0.wp.com\/lasprimeras.com.do\/wp-content\/uploads\/2024\/03\/Haitianos-1.jpg?resize=700%2C400&ssl=1 2x"},"classes":[]},{"id":60282,"url":"https:\/\/lasprimeras.com.do\/index.php\/2023\/09\/12\/ee-uu-advierte-a-sus-ciudadanos-que-no-podran-entrar-a-rd-si-cierran-frontera-con-haiti\/","url_meta":{"origin":56109,"position":1},"title":"EE.UU. advierte a sus ciudadanos que no podr\u00e1n entrar a RD si cierran frontera con Hait\u00ed","author":"Nelson Feliz","date":"12 de septiembre de 2023","format":false,"excerpt":"Estados Unidos mantiene a Hait\u00ed en el nivel 4 de alerta de viaje, que llama a no viajar y a la salida inmediata del territorio. Los estadounidenses que se encuentran en Hait\u00ed y planean viajar hacia la Rep\u00fablica Dominicana deben salir antes del 14 de septiembre o considerar hacer \"arreglos\u2026","rel":"","context":"En \u00abPORTADA\u00bb","block_context":{"text":"PORTADA","link":"https:\/\/lasprimeras.com.do\/index.php\/category\/portada\/"},"img":{"alt_text":"RD si cierran frontera con Hait\u00ed","src":"https:\/\/i0.wp.com\/lasprimeras.com.do\/wp-content\/uploads\/2023\/09\/cierre-frontera-dajabon-aneudy-focus-0-0-896-504.jpg?resize=350%2C200&ssl=1","width":350,"height":200,"srcset":"https:\/\/i0.wp.com\/lasprimeras.com.do\/wp-content\/uploads\/2023\/09\/cierre-frontera-dajabon-aneudy-focus-0-0-896-504.jpg?resize=350%2C200&ssl=1 1x, https:\/\/i0.wp.com\/lasprimeras.com.do\/wp-content\/uploads\/2023\/09\/cierre-frontera-dajabon-aneudy-focus-0-0-896-504.jpg?resize=525%2C300&ssl=1 1.5x, https:\/\/i0.wp.com\/lasprimeras.com.do\/wp-content\/uploads\/2023\/09\/cierre-frontera-dajabon-aneudy-focus-0-0-896-504.jpg?resize=700%2C400&ssl=1 2x"},"classes":[]},{"id":108593,"url":"https:\/\/lasprimeras.com.do\/index.php\/2025\/09\/08\/abinader-reacciona-a-salida-de-policias-de-kenia-de-haiti-seguiremos-pidiendo-ayuda\/","url_meta":{"origin":56109,"position":2},"title":"Abinader reacciona a salida de polic\u00edas de Kenia de Hait\u00ed: &#8220;Seguiremos pidiendo ayuda&#8221;","author":"Nelson Feliz","date":"8 de septiembre de 2025","format":false,"excerpt":"Dijo que en septiembre volver\u00e1 a la ONU y llamar\u00e1 la atenci\u00f3n sobre el abandono de la comunidad internacional a Hait\u00ed. La Rep\u00fablica Dominicana tendr\u00e1 que adaptarse a la situaci\u00f3n que se presente en Hait\u00ed tras la salida de la misi\u00f3n de seguridad que encabeza Kenia, pautada para fin de\u2026","rel":"","context":"En \u00abNACIONALES\u00bb","block_context":{"text":"NACIONALES","link":"https:\/\/lasprimeras.com.do\/index.php\/category\/nacionales\/"},"img":{"alt_text":"","src":"https:\/\/i0.wp.com\/lasprimeras.com.do\/wp-content\/uploads\/2025\/09\/Policias-de-Kenia-en-la-mision-de-estabilizacion-en-Haiti.jpg?resize=350%2C200&ssl=1","width":350,"height":200,"srcset":"https:\/\/i0.wp.com\/lasprimeras.com.do\/wp-content\/uploads\/2025\/09\/Policias-de-Kenia-en-la-mision-de-estabilizacion-en-Haiti.jpg?resize=350%2C200&ssl=1 1x, https:\/\/i0.wp.com\/lasprimeras.com.do\/wp-content\/uploads\/2025\/09\/Policias-de-Kenia-en-la-mision-de-estabilizacion-en-Haiti.jpg?resize=525%2C300&ssl=1 1.5x, https:\/\/i0.wp.com\/lasprimeras.com.do\/wp-content\/uploads\/2025\/09\/Policias-de-Kenia-en-la-mision-de-estabilizacion-en-Haiti.jpg?resize=700%2C400&ssl=1 2x"},"classes":[]},{"id":79701,"url":"https:\/\/lasprimeras.com.do\/index.php\/2024\/03\/30\/llegan-a-paris-procedentes-de-haiti-mas-de-240-evacuados-por-francia\/","url_meta":{"origin":56109,"position":3},"title":"Llegan a Par\u00eds procedentes de Hait\u00ed m\u00e1s de 240 evacuados por Francia","author":"Nelson Feliz","date":"30 de marzo de 2024","format":false,"excerpt":"Las operaciones de evacuaci\u00f3n permitieron la salida de estos ciudadanos, tanto franceses como otros extranjeros, con escala en Martinica. Madrid, Espa\u00f1a, EUROPA PRESS.-.El Ministerio de Exteriores de Francia ha confirmado este s\u00e1bado la llegada a Par\u00eds de los m\u00e1s de 240 evacuados que abandonaron Hait\u00ed esta semana por la grav\u00edsima\u2026","rel":"","context":"En \u00abSin categor\u00eda\u00bb","block_context":{"text":"Sin categor\u00eda","link":"https:\/\/lasprimeras.com.do\/index.php\/category\/sin-categoria\/"},"img":{"alt_text":"Vuelo con evacuados de Hait\u00ed llega a Par\u00eds","src":"https:\/\/i0.wp.com\/lasprimeras.com.do\/wp-content\/uploads\/2024\/03\/Vuelo-con-evacuados-de-Haiti-llega-a-Paris.jpeg?resize=350%2C200&ssl=1","width":350,"height":200,"srcset":"https:\/\/i0.wp.com\/lasprimeras.com.do\/wp-content\/uploads\/2024\/03\/Vuelo-con-evacuados-de-Haiti-llega-a-Paris.jpeg?resize=350%2C200&ssl=1 1x, https:\/\/i0.wp.com\/lasprimeras.com.do\/wp-content\/uploads\/2024\/03\/Vuelo-con-evacuados-de-Haiti-llega-a-Paris.jpeg?resize=525%2C300&ssl=1 1.5x, https:\/\/i0.wp.com\/lasprimeras.com.do\/wp-content\/uploads\/2024\/03\/Vuelo-con-evacuados-de-Haiti-llega-a-Paris.jpeg?resize=700%2C400&ssl=1 2x"},"classes":[]},{"id":118657,"url":"https:\/\/lasprimeras.com.do\/index.php\/2026\/01\/01\/ee-uu-reafirma-su-compromiso-con-haiti-en-medio-de-la-crisis-al-conmemorarse-su-independencia\/","url_meta":{"origin":56109,"position":4},"title":"EE. UU. reafirma su compromiso con Hait\u00ed en medio de la crisis al conmemorarse su independencia","author":"Nelson Feliz","date":"1 de enero de 2026","format":false,"excerpt":"ESTADOS UNIDOS - El secretario de Estado, Marco Rubio, destac\u00f3 la resiliencia del pueblo haitiano y los avances logrados para celebrar elecciones en un mensaje publicado en la web del departamento. El Departamento de Estado de Estados Unidos felicit\u00f3 este jueves a Hait\u00ed por el 222 aniversario de la declaraci\u00f3n\u2026","rel":"","context":"En \u00abINTERNACIONALES\u00bb","block_context":{"text":"INTERNACIONALES","link":"https:\/\/lasprimeras.com.do\/index.php\/category\/sin-categoria\/internacionales\/"},"img":{"alt_text":"","src":"https:\/\/i0.wp.com\/lasprimeras.com.do\/wp-content\/uploads\/2026\/01\/Haiti-cumple-222-anos-de-la-declaracion-de-su-independencia.jpg?resize=350%2C200&ssl=1","width":350,"height":200,"srcset":"https:\/\/i0.wp.com\/lasprimeras.com.do\/wp-content\/uploads\/2026\/01\/Haiti-cumple-222-anos-de-la-declaracion-de-su-independencia.jpg?resize=350%2C200&ssl=1 1x, https:\/\/i0.wp.com\/lasprimeras.com.do\/wp-content\/uploads\/2026\/01\/Haiti-cumple-222-anos-de-la-declaracion-de-su-independencia.jpg?resize=525%2C300&ssl=1 1.5x, https:\/\/i0.wp.com\/lasprimeras.com.do\/wp-content\/uploads\/2026\/01\/Haiti-cumple-222-anos-de-la-declaracion-de-su-independencia.jpg?resize=700%2C400&ssl=1 2x"},"classes":[]},{"id":110936,"url":"https:\/\/lasprimeras.com.do\/index.php\/2025\/10\/02\/legisladores-expresan-preocupacion-por-fin-de-la-ley-hope-en-haiti\/","url_meta":{"origin":56109,"position":5},"title":"Legisladores expresan preocupaci\u00f3n por fin de la ley Hope en Hait\u00ed","author":"Nelson Feliz","date":"2 de octubre de 2025","format":false,"excerpt":"Los acuerdos con Estados Unidos crearon miles de empleos en zonas francas de Hait\u00ed El senador Omar Fern\u00e1ndez advierte que podr\u00eda incrementar la migraci\u00f3n hacia la Rep\u00fablica Dominicana- El vencimiento de los programas estadounidenses HOPE y HELP, que durante 19 a\u00f1os permitieron a Hait\u00ed exportar prendas de vestir libres de\u2026","rel":"","context":"En \u00abPOLITICA\u00bb","block_context":{"text":"POLITICA","link":"https:\/\/lasprimeras.com.do\/index.php\/category\/politica\/"},"img":{"alt_text":"","src":"https:\/\/i0.wp.com\/lasprimeras.com.do\/wp-content\/uploads\/2025\/10\/Omar-Fenrandez.jpg?resize=350%2C200&ssl=1","width":350,"height":200,"srcset":"https:\/\/i0.wp.com\/lasprimeras.com.do\/wp-content\/uploads\/2025\/10\/Omar-Fenrandez.jpg?resize=350%2C200&ssl=1 1x, https:\/\/i0.wp.com\/lasprimeras.com.do\/wp-content\/uploads\/2025\/10\/Omar-Fenrandez.jpg?resize=525%2C300&ssl=1 1.5x, https:\/\/i0.wp.com\/lasprimeras.com.do\/wp-content\/uploads\/2025\/10\/Omar-Fenrandez.jpg?resize=700%2C400&ssl=1 2x"},"classes":[]}],"jetpack_sharing_enabled":true,"_links":{"self":[{"href":"https:\/\/lasprimeras.com.do\/index.php\/wp-json\/wp\/v2\/posts\/56109","targetHints":{"allow":["GET"]}}],"collection":[{"href":"https:\/\/lasprimeras.com.do\/index.php\/wp-json\/wp\/v2\/posts"}],"about":[{"href":"https:\/\/lasprimeras.com.do\/index.php\/wp-json\/wp\/v2\/types\/post"}],"author":[{"embeddable":true,"href":"https:\/\/lasprimeras.com.do\/index.php\/wp-json\/wp\/v2\/users\/2"}],"replies":[{"embeddable":true,"href":"https:\/\/lasprimeras.com.do\/index.php\/wp-json\/wp\/v2\/comments?post=56109"}],"version-history":[{"count":2,"href":"https:\/\/lasprimeras.com.do\/index.php\/wp-json\/wp\/v2\/posts\/56109\/revisions"}],"predecessor-version":[{"id":56112,"href":"https:\/\/lasprimeras.com.do\/index.php\/wp-json\/wp\/v2\/posts\/56109\/revisions\/56112"}],"wp:featuredmedia":[{"embeddable":true,"href":"https:\/\/lasprimeras.com.do\/index.php\/wp-json\/wp\/v2\/media\/56110"}],"wp:attachment":[{"href":"https:\/\/lasprimeras.com.do\/index.php\/wp-json\/wp\/v2\/media?parent=56109"}],"wp:term":[{"taxonomy":"category","embeddable":true,"href":"https:\/\/lasprimeras.com.do\/index.php\/wp-json\/wp\/v2\/categories?post=56109"},{"taxonomy":"post_tag","embeddable":true,"href":"https:\/\/lasprimeras.com.do\/index.php\/wp-json\/wp\/v2\/tags?post=56109"}],"curies":[{"name":"wp","href":"https:\/\/api.w.org\/{rel}","templated":true}]}}