{"id":56130,"date":"2023-07-28T08:29:57","date_gmt":"2023-07-28T12:29:57","guid":{"rendered":"https:\/\/lasprimeras.com.do\/?p=56130"},"modified":"2023-07-28T08:29:58","modified_gmt":"2023-07-28T12:29:58","slug":"cultura-da-a-conocer-listado-de-obras-seleccionadas-para-la-bienal-nacional-de-artes-visuales-2023","status":"publish","type":"post","link":"https:\/\/lasprimeras.com.do\/index.php\/2023\/07\/28\/cultura-da-a-conocer-listado-de-obras-seleccionadas-para-la-bienal-nacional-de-artes-visuales-2023\/","title":{"rendered":"Cultura da a conocer listado de obras seleccionadas para la Bienal Nacional de Artes Visuales 2023"},"content":{"rendered":"\n<p>El Ministerio de Cultura dio a conocer hoy el listado de las obras seleccionadas para ser exhibidas en la XXX Bienal Nacional de Artes Visuales 2023, edici\u00f3n dedicada al consagrado artista Jorge Pineda, cuya inauguraci\u00f3n tendr\u00e1 lugar el pr\u00f3ximo 17 de agosto en el Museo de Arte Moderno.<\/p>\n\n\n\n<p>La ministra de Cultura, Milagros Germ\u00e1n, encabez\u00f3 la conferencia de prensa junto a los miembros de la Comisi\u00f3n Organizadora y al doctor Jos\u00e9 P\u00edo Santana, abogado notario que recibi\u00f3 los resultados de la selecci\u00f3n en sobre sellado por parte del jurado, integrado por Carlos Sangiovanni, Pilar Llad\u00f3 y Ferm\u00edn Ceballos.<\/p>\n\n\n\n<p>Un total de 148 obras fueron escogidas por el jurado seleccionador, de entre las 718 que fueron registradas por los 388 artistas que respondieron a la convocatoria. Para consulta, el listado de las obras est\u00e1 disponible en la p\u00e1gina web del Ministerio de Cultura www.cultura.gob.do.<\/p>\n\n\n\n<p>Entre las creaciones seleccionadas figuran 58 pinturas, 6 cer\u00e1micas, 3 acciones pl\u00e1sticas, 25 instalaciones, 1 obra de medios mixtos, 3 videos, 1 obra gr\u00e1fica, 11 esculturas, 17 fotograf\u00edas y 23 dibujos.<\/p>\n\n\n\n<p>Germ\u00e1n agradeci\u00f3 la masiva participaci\u00f3n y el entusiasmo demostrado por los artistas, as\u00ed como la intensa labor desarrollada por los integrantes del jurado seleccionador, quienes, durante esta primera fase, llevaron a cabo la evaluaci\u00f3n de las obras durante m\u00e1s de dos semanas.<\/p>\n\n\n\n<p>La titular de Cultura tambi\u00e9n resalt\u00f3 el trabajo de la Comisi\u00f3n Organizadora, \u201cque ha realizado una labor encomiable\u201d.<\/p>\n\n\n\n<p>De igual forma, el viceministro de Creatividad y Formaci\u00f3n Art\u00edstica, Giovanny Cruz, quien preside la Comisi\u00f3n Organizadora, valor\u00f3 la dedicaci\u00f3n y compromiso del jurado seleccionador y felicit\u00f3 a los artistas cuyas obras fueron escogidas.<\/p>\n\n\n\n<p><strong>Jurado Seleccionador<\/strong><\/p>\n\n\n\n<p>El jurado seleccionador est\u00e1 compuesto por los siguientes miembros: Pilar Llad\u00f3, artista y coleccionista espa\u00f1ola que preside el Consejo Internacional de Mecenazgo y la fundaci\u00f3n Amigos del Museo Reina Sof\u00eda, y es, asimismo, es miembro del Patronato Fundaci\u00f3n Museo Reina Sof\u00eda, quien se\u00f1al\u00f3 que el jurado ha realizado \u201cuna labor verdaderamente exhaustiva en la selecci\u00f3n de estas obras, que inevitablemente tiene que ser restrictiva\u201d, al tiempo que destac\u00f3 la calidad de las creaciones presentadas.<\/p>\n\n\n\n<p>De su lado, Ferm\u00edn Ceballos es un reconocido artista dominicano, especializado en cer\u00e1mica, aunque tambi\u00e9n ha trabajado la escultura, el dibujo, las instalaciones y el video, y ha sido galardonado con diversos premios, quien declar\u00f3 que \u201casumir la responsabilidad de seleccionar las obras que participar\u00e1n en la XXX Bienal de Artes Visuales ha sido un honor y un reto\u201d.<\/p>\n\n\n\n<p>El tercer integrante del jurado es Carlos Sangiovanni, artista, educador y creador gr\u00e1fico dominicano, distinguido con numerosos reconocimientos, cuya labor creativa abarca la cer\u00e1mica, los textiles, la pintura, el grabado, la serigraf\u00eda y la fotograf\u00eda, el cual indic\u00f3 que esta es la segunda ocasi\u00f3n que forma parte del jurado de selecci\u00f3n de este evento.<\/p>\n\n\n\n<p><strong>\u2018Nuevas anatom\u00edas\u2019<\/strong><\/p>\n\n\n\n<p>Durante la conferencia de prensa tambi\u00e9n fue anunciada la apertura de la muestra \u201cNuevas anatom\u00edas\u201d, en homenaje al artista visual Jorge Pineda, que ser\u00e1 inaugurada el mismo 17 de agosto en el primer piso del Museo de Arte Moderno, simult\u00e1neamente con la exposici\u00f3n de las obras seleccionadas en la XXX Bienal Nacional de Artes Visuales 2023.<\/p>\n\n\n\n<p>Dicha muestra, coordinada por Henry Mercedes Vales, incluye dibujos, pinturas e instalaciones que fueron realizadas por el maestro Pineda entre 1990 y 2015.<\/p>\n\n\n\n<p>\u201cNuevas anatom\u00edas\u201d tiene como eje central una pintura hom\u00f3nima de cinco metros de largo, realizada en ambas caras del papel, que ya fue expuesta originalmente en la Bienal Iberoamericana de Lima, exposici\u00f3n que cont\u00f3 con la curadur\u00eda de Luis Lama Mansur, cr\u00edtico y gestor art\u00edstico dominicano residente en Per\u00fa.<\/p>\n\n\n\n<p><strong>Comisi\u00f3n Organizadora<\/strong><\/p>\n\n\n\n<p>La Comisi\u00f3n Organizadora de la XXX Bienal Nacional de Artes Visuales est\u00e1 integrada por los viceministros de Creatividad y Formaci\u00f3n Art\u00edstica, Giovanny Cruz, y de Patrimonio Cultural, Gamal Michel\u00e9n; el director del MAM, Federico Fondeur; la directora de la Galer\u00eda Nacional de Bellas Artes, Marianne de Tolentino, y el presidente del Colegio Dominicano de Artistas Pl\u00e1sticos, Jos\u00e9 Sejo.<\/p>\n\n\n\n<p>Tambi\u00e9n forman parte de dicha comisi\u00f3n la presidenta de la Asociaci\u00f3n Dominicana de Cr\u00edticos de Arte, Guadalupe Casasnovas; el presidente de la Asociaci\u00f3n Dominicana de Galer\u00edas de Arte, Juan Julio Bodden Leroux, y el director de la Escuela de Cr\u00edtica e Historia de Arte de la UASD, Plinio Chah\u00edn.<\/p>\n\n\n\n<p>De igual manera, otros miembros de la misma son la curadora del MAM, Ana Agel\u00e1n Fern\u00e1ndez; el coordinador de la Unidad T\u00e9cnica de Cultura de la C\u00e1mara de Diputados, Abil Peralta Ag\u00fcero; el gestor cultural independiente Salvador Berg\u00e9s, y Mar\u00eda Amalia Le\u00f3n, representante del Centro Le\u00f3n.<\/p>\n","protected":false},"excerpt":{"rendered":"<p>El Ministerio de Cultura dio a conocer hoy el listado de las obras seleccionadas para ser exhibidas en la XXX Bienal Nacional de Artes Visuales 2023, edici\u00f3n dedicada al consagrado&hellip;<\/p>\n","protected":false},"author":2,"featured_media":56131,"comment_status":"open","ping_status":"open","sticky":false,"template":"","format":"standard","meta":{"content-type":"","jetpack_post_was_ever_published":false,"_jetpack_newsletter_access":"","_jetpack_dont_email_post_to_subs":false,"_jetpack_newsletter_tier_id":0,"_jetpack_memberships_contains_paywalled_content":false,"_jetpack_memberships_contains_paid_content":false,"footnotes":""},"categories":[84],"tags":[5502,5501,1835,5499,172,5500],"class_list":["post-56130","post","type-post","status-publish","format-standard","has-post-thumbnail","hentry","category-entretenimiento","tag-artes-visuales","tag-bienal","tag-cultura","tag-listado","tag-nacional","tag-obras-seleccionadas"],"jetpack_featured_media_url":"https:\/\/lasprimeras.com.do\/wp-content\/uploads\/2023\/07\/Federico-Fondeur-Giovanny-Cruz-Milagros-German-y-Jose-Pio-Santana.jpg","jetpack-related-posts":[{"id":59071,"url":"https:\/\/lasprimeras.com.do\/index.php\/2023\/08\/30\/ministerio-de-cultura-inaugura-la-xxx-bienal-nacional-de-artes-visuales\/","url_meta":{"origin":56130,"position":0},"title":"Ministerio de Cultura inaugura la XXX Bienal Nacional de Artes Visuales","author":"Nelson Feliz","date":"30 de agosto de 2023","format":false,"excerpt":"La muestra estar\u00e1 abierta hasta el 15 de diciembre y, junto a ella, el p\u00fablico podr\u00e1 disfrutar de la exposici\u00f3n homenaje a Jorge Pineda \u201cNuevas anatom\u00edas\u201d En un acto encabezado por la ministra de Cultura, Milagros Germ\u00e1n, fue inaugurada hoy la XXX Bienal Nacional de Artes Visuales (BNAV), el evento\u2026","rel":"","context":"En \u00abENTRETENIMIENTO\u00bb","block_context":{"text":"ENTRETENIMIENTO","link":"https:\/\/lasprimeras.com.do\/index.php\/category\/entretenimiento\/"},"img":{"alt_text":"Ministra de Cultura, Milagros Germ\u00e1n","src":"https:\/\/i0.wp.com\/lasprimeras.com.do\/wp-content\/uploads\/2023\/08\/Ministra-de-Cultura-Milagros-German.jpg?resize=350%2C200&ssl=1","width":350,"height":200,"srcset":"https:\/\/i0.wp.com\/lasprimeras.com.do\/wp-content\/uploads\/2023\/08\/Ministra-de-Cultura-Milagros-German.jpg?resize=350%2C200&ssl=1 1x, https:\/\/i0.wp.com\/lasprimeras.com.do\/wp-content\/uploads\/2023\/08\/Ministra-de-Cultura-Milagros-German.jpg?resize=525%2C300&ssl=1 1.5x, https:\/\/i0.wp.com\/lasprimeras.com.do\/wp-content\/uploads\/2023\/08\/Ministra-de-Cultura-Milagros-German.jpg?resize=700%2C400&ssl=1 2x"},"classes":[]},{"id":99764,"url":"https:\/\/lasprimeras.com.do\/index.php\/2025\/05\/27\/adav-expresa-observaciones-formales-al-ministerio-de-cultura\/","url_meta":{"origin":56130,"position":1},"title":"ADAV expresa observaciones formales al Ministerio de Cultura","author":"Nelson Feliz","date":"27 de mayo de 2025","format":false,"excerpt":"La Asociaci\u00f3n Dominicana de Artes Visuales (ADAV) solicit\u00f3 al ministro de Cultura, Roberto \u00c1ngel Salcedo, revisar y evaluar diversos aspectos contemplados en las bases de la XXXI Bienal Nacional de Artes Visuales, correspondiente a este a\u00f1o. La misiva, enviada por una representaci\u00f3n de los miembros y de la comunidad de\u2026","rel":"","context":"En \u00abENTRETENIMIENTO\u00bb","block_context":{"text":"ENTRETENIMIENTO","link":"https:\/\/lasprimeras.com.do\/index.php\/category\/entretenimiento\/"},"img":{"alt_text":"Roberto \u00c1ngel Salcedo","src":"https:\/\/i0.wp.com\/lasprimeras.com.do\/wp-content\/uploads\/2024\/10\/Roberto-Angel-Salcedo-3.jpg?resize=350%2C200&ssl=1","width":350,"height":200,"srcset":"https:\/\/i0.wp.com\/lasprimeras.com.do\/wp-content\/uploads\/2024\/10\/Roberto-Angel-Salcedo-3.jpg?resize=350%2C200&ssl=1 1x, https:\/\/i0.wp.com\/lasprimeras.com.do\/wp-content\/uploads\/2024\/10\/Roberto-Angel-Salcedo-3.jpg?resize=525%2C300&ssl=1 1.5x, https:\/\/i0.wp.com\/lasprimeras.com.do\/wp-content\/uploads\/2024\/10\/Roberto-Angel-Salcedo-3.jpg?resize=700%2C400&ssl=1 2x"},"classes":[]},{"id":103605,"url":"https:\/\/lasprimeras.com.do\/index.php\/2025\/07\/16\/muere-jose-cestero-el-emblematico-maestro-de-la-pintura-dominicana\/","url_meta":{"origin":56130,"position":2},"title":"Muere Jos\u00e9 Cestero, el emblem\u00e1tico maestro de la pintura dominicana","author":"Nelson Feliz","date":"16 de julio de 2025","format":false,"excerpt":"El Museo Jos\u00e9 Cestero indica en su portal que este realiz\u00f3 \u201cdurante su carrera art\u00edstica alrededor de un centenar de exposiciones, tanto individuales como colectivas, en el territorio dominicano, como internacional, encontr\u00e1ndose sus obras en colecciones personales e instituciones p\u00fablicas y privadas en todo el mundo\u201d. El maestro de la\u2026","rel":"","context":"En \u00abSin categor\u00eda\u00bb","block_context":{"text":"Sin categor\u00eda","link":"https:\/\/lasprimeras.com.do\/index.php\/category\/sin-categoria\/"},"img":{"alt_text":"","src":"https:\/\/i0.wp.com\/lasprimeras.com.do\/wp-content\/uploads\/2025\/07\/Jose-Cestero.jpeg?resize=350%2C200&ssl=1","width":350,"height":200,"srcset":"https:\/\/i0.wp.com\/lasprimeras.com.do\/wp-content\/uploads\/2025\/07\/Jose-Cestero.jpeg?resize=350%2C200&ssl=1 1x, https:\/\/i0.wp.com\/lasprimeras.com.do\/wp-content\/uploads\/2025\/07\/Jose-Cestero.jpeg?resize=525%2C300&ssl=1 1.5x, https:\/\/i0.wp.com\/lasprimeras.com.do\/wp-content\/uploads\/2025\/07\/Jose-Cestero.jpeg?resize=700%2C400&ssl=1 2x"},"classes":[]},{"id":111309,"url":"https:\/\/lasprimeras.com.do\/index.php\/2025\/10\/07\/presentara-en-rd-exposicion-individual-grandes-visiones-pequenos-formatos\/","url_meta":{"origin":56130,"position":3},"title":"Presentar\u00e1 en RD exposici\u00f3n individual \u00abGrandes Visiones, Peque\u00f1os Formatos\u00bb","author":"Nelson Feliz","date":"7 de octubre de 2025","format":false,"excerpt":"Por Ram\u00f3n Mercedes NUEVA YORK.- El reconocido artista pl\u00e1stico dominicano Persio Checo anunci\u00f3 en esta ciudad que llevar\u00e1 a la RD su m\u00e1s reciente exposici\u00f3n individual titulada \u201cGrandes Visiones, Peque\u00f1os Formatos\u201d. Ser\u00e1 el pr\u00f3ximo 14 de octubre, a las 7:00 p.m., en la Galer\u00eda Bodden, ubicada en la Avenida Carlos\u2026","rel":"","context":"En \u00abLA VOZ DE LA DIASPORA\u00bb","block_context":{"text":"LA VOZ DE LA DIASPORA","link":"https:\/\/lasprimeras.com.do\/index.php\/category\/la-voz-de-la-diaspora\/"},"img":{"alt_text":"","src":"https:\/\/i0.wp.com\/lasprimeras.com.do\/wp-content\/uploads\/2025\/10\/WhatsApp-Image-2025-10-07-at-11.10.01-AM-1.jpeg?resize=350%2C200&ssl=1","width":350,"height":200,"srcset":"https:\/\/i0.wp.com\/lasprimeras.com.do\/wp-content\/uploads\/2025\/10\/WhatsApp-Image-2025-10-07-at-11.10.01-AM-1.jpeg?resize=350%2C200&ssl=1 1x, https:\/\/i0.wp.com\/lasprimeras.com.do\/wp-content\/uploads\/2025\/10\/WhatsApp-Image-2025-10-07-at-11.10.01-AM-1.jpeg?resize=525%2C300&ssl=1 1.5x"},"classes":[]},{"id":81864,"url":"https:\/\/lasprimeras.com.do\/index.php\/2024\/04\/25\/artesano-crea-la-estatuilla-los-ecoistas-republica-dominicana\/","url_meta":{"origin":56130,"position":4},"title":"Artesano crea la estatuilla Los +Eco\u00edstas Rep\u00fablica Dominicana","author":"Nelson Feliz","date":"25 de abril de 2024","format":false,"excerpt":"El Grupo Pi\u00f1ero, en colaboraci\u00f3n con el Ministerio de Cultura y el Centro Nacional de Artesan\u00eda (Cenadarte), organiz\u00f3 un concurso para seleccionar al artesano dominicano encargado de dise\u00f1ar la estatuilla entregada a los galardonados. Este concurso no solo promovi\u00f3 la creatividad y la innovaci\u00f3n en la producci\u00f3n artesanal local, sino\u2026","rel":"","context":"En \u00abNACIONALES\u00bb","block_context":{"text":"NACIONALES","link":"https:\/\/lasprimeras.com.do\/index.php\/category\/nacionales\/"},"img":{"alt_text":"Reconocimiento Artesano Premios Los +Ecoistas","src":"https:\/\/i0.wp.com\/lasprimeras.com.do\/wp-content\/uploads\/2024\/04\/Reconocimiento-Artesano-Premios-Los-Ecoistas.jpg?resize=350%2C200&ssl=1","width":350,"height":200,"srcset":"https:\/\/i0.wp.com\/lasprimeras.com.do\/wp-content\/uploads\/2024\/04\/Reconocimiento-Artesano-Premios-Los-Ecoistas.jpg?resize=350%2C200&ssl=1 1x, https:\/\/i0.wp.com\/lasprimeras.com.do\/wp-content\/uploads\/2024\/04\/Reconocimiento-Artesano-Premios-Los-Ecoistas.jpg?resize=525%2C300&ssl=1 1.5x, https:\/\/i0.wp.com\/lasprimeras.com.do\/wp-content\/uploads\/2024\/04\/Reconocimiento-Artesano-Premios-Los-Ecoistas.jpg?resize=700%2C400&ssl=1 2x"},"classes":[]},{"id":80581,"url":"https:\/\/lasprimeras.com.do\/index.php\/2024\/04\/10\/coro-nacional-interpretara-seleccion-de-obras-en-el-convento-de-los-dominicos\/","url_meta":{"origin":56130,"position":5},"title":"Coro Nacional interpretar\u00e1 selecci\u00f3n de obras en el Convento de los Dominicos","author":"BIMARY DE JES\u00daS Matos","date":"10 de abril de 2024","format":false,"excerpt":"El Coro Nacional contin\u00faa su celebraci\u00f3n del 69 aniversario con un concierto en el Convento de los Dominicos, en la Zona Colonial, este jueves 11 de abril del 2024, a las 7:30 de la noche, gratuito, con un repertorio excepcional para el deleite del p\u00fablico. Bajo la direcci\u00f3n de su\u2026","rel":"","context":"En \u00abENTRETENIMIENTO\u00bb","block_context":{"text":"ENTRETENIMIENTO","link":"https:\/\/lasprimeras.com.do\/index.php\/category\/entretenimiento\/"},"img":{"alt_text":"","src":"https:\/\/i0.wp.com\/lasprimeras.com.do\/wp-content\/uploads\/2024\/04\/6a0c8a05-4f4b-48f5-a1d9-1ad180753c4a-18.jpg?resize=350%2C200&ssl=1","width":350,"height":200,"srcset":"https:\/\/i0.wp.com\/lasprimeras.com.do\/wp-content\/uploads\/2024\/04\/6a0c8a05-4f4b-48f5-a1d9-1ad180753c4a-18.jpg?resize=350%2C200&ssl=1 1x, https:\/\/i0.wp.com\/lasprimeras.com.do\/wp-content\/uploads\/2024\/04\/6a0c8a05-4f4b-48f5-a1d9-1ad180753c4a-18.jpg?resize=525%2C300&ssl=1 1.5x, https:\/\/i0.wp.com\/lasprimeras.com.do\/wp-content\/uploads\/2024\/04\/6a0c8a05-4f4b-48f5-a1d9-1ad180753c4a-18.jpg?resize=700%2C400&ssl=1 2x"},"classes":[]}],"jetpack_sharing_enabled":true,"_links":{"self":[{"href":"https:\/\/lasprimeras.com.do\/index.php\/wp-json\/wp\/v2\/posts\/56130","targetHints":{"allow":["GET"]}}],"collection":[{"href":"https:\/\/lasprimeras.com.do\/index.php\/wp-json\/wp\/v2\/posts"}],"about":[{"href":"https:\/\/lasprimeras.com.do\/index.php\/wp-json\/wp\/v2\/types\/post"}],"author":[{"embeddable":true,"href":"https:\/\/lasprimeras.com.do\/index.php\/wp-json\/wp\/v2\/users\/2"}],"replies":[{"embeddable":true,"href":"https:\/\/lasprimeras.com.do\/index.php\/wp-json\/wp\/v2\/comments?post=56130"}],"version-history":[{"count":1,"href":"https:\/\/lasprimeras.com.do\/index.php\/wp-json\/wp\/v2\/posts\/56130\/revisions"}],"predecessor-version":[{"id":56132,"href":"https:\/\/lasprimeras.com.do\/index.php\/wp-json\/wp\/v2\/posts\/56130\/revisions\/56132"}],"wp:featuredmedia":[{"embeddable":true,"href":"https:\/\/lasprimeras.com.do\/index.php\/wp-json\/wp\/v2\/media\/56131"}],"wp:attachment":[{"href":"https:\/\/lasprimeras.com.do\/index.php\/wp-json\/wp\/v2\/media?parent=56130"}],"wp:term":[{"taxonomy":"category","embeddable":true,"href":"https:\/\/lasprimeras.com.do\/index.php\/wp-json\/wp\/v2\/categories?post=56130"},{"taxonomy":"post_tag","embeddable":true,"href":"https:\/\/lasprimeras.com.do\/index.php\/wp-json\/wp\/v2\/tags?post=56130"}],"curies":[{"name":"wp","href":"https:\/\/api.w.org\/{rel}","templated":true}]}}