{"id":56133,"date":"2023-07-28T08:42:37","date_gmt":"2023-07-28T12:42:37","guid":{"rendered":"https:\/\/lasprimeras.com.do\/?p=56133"},"modified":"2023-07-28T08:42:38","modified_gmt":"2023-07-28T12:42:38","slug":"contraloria-general-de-la-republica-inaugura-uai-en-el-inesdyc","status":"publish","type":"post","link":"https:\/\/lasprimeras.com.do\/index.php\/2023\/07\/28\/contraloria-general-de-la-republica-inaugura-uai-en-el-inesdyc\/","title":{"rendered":"Contralor\u00eda General de la Rep\u00fablica inaugura UAI en el INESDYC"},"content":{"rendered":"\n<p>El contralor general de la Rep\u00fablica F\u00e9lix Santana Garc\u00eda y el rector del INESDYC, Jos\u00e9 Rafael Espaillat, inauguraron la Unidad de Auditor\u00eda Interna (UAI) 261, la cual est\u00e1 ubicada en el Instituto de Educaci\u00f3n Superior en Formaci\u00f3n Diplom\u00e1tica y Consular.<\/p>\n\n\n\n<p>La apertura fue encabezada por Santana Garc\u00eda y Rafael Espaillat, quienes resaltaron la importancia de esta oficina para lograr una mejora y agilizaci\u00f3n en los procesos, y la correcta rendici\u00f3n de cuentas administrativas y financieras.<\/p>\n\n\n\n<p>Santana Garc\u00eda reiter\u00f3 que la ampliaci\u00f3n de la presencia de la Contralor\u00eda en las entidades obedece a un mandato de la Ley 10-07 y su reglamento de aplicaci\u00f3n 491-07, as\u00ed como tambi\u00e9n a los art\u00edculos 246 y 247 de la Constituci\u00f3n de la Rep\u00fablica Dominicana.<\/p>\n\n\n\n<p>Adem\u00e1s, resalt\u00f3 que regularmente cada semana se instala una UAI, en diferentes instituciones del Estado dominicano. &#8220;Ahora se detectan menos errores, precisamente por la labor que est\u00e1 desempe\u00f1ando cada auditor en las diferentes unidades de auditor\u00eda.<\/p>\n\n\n\n<p>Ellos se convierten en el brazo, en el colaborador con el funcionario directamente para que menos documentos, contratos y libramientos lleguen a la sede de la Contralor\u00eda sin errores o con menos fallas&#8221;, dijo el contralor.<\/p>\n\n\n\n<p>Mientras, Espaillat valor\u00f3 la importancia en la profesionalizaci\u00f3n de los funcionarios en temas relacionados a la diplomacia, relaciones internacionales, consulares, entre otros temas de inter\u00e9s, sobre todo a los funcionarios designados en el servicio exterior.<\/p>\n\n\n\n<p>&#8220;El mundo ha cambiado y debemos adaptarnos a los tiempos, nuestros estudiantes est\u00e1n por todo el mundo, por tal raz\u00f3n, hemos robustecido la formaci\u00f3n de manera virtual. Tenemos una oferta acad\u00e9mica bien diversificada, programas de Postgrado, como la Maestr\u00eda en Diplomacia y Servicio Consular, la Especialidad en Diplomacia Comercial, m\u00e1s de 20 programas de Educaci\u00f3n Continua que incluye cursos, diplomados, as\u00ed como 6 idiomas&#8221;, indic\u00f3 el rector.<\/p>\n\n\n\n<p>Acompa\u00f1aron a los funcionarios, Dionicio F\u00e9lix Castro, director de Auditor\u00eda Interna; Oscar L\u00f3pez Reyes, director de Comunicaciones; Carmen Abreu, encargada administrativa del INESDYC; Cristina Olivo, encargada de la UAI y otros servidores p\u00fablicos de ambas instituciones.<\/p>\n","protected":false},"excerpt":{"rendered":"<p>El contralor general de la Rep\u00fablica F\u00e9lix Santana Garc\u00eda y el rector del INESDYC, Jos\u00e9 Rafael Espaillat, inauguraron la Unidad de Auditor\u00eda Interna (UAI) 261, la cual est\u00e1 ubicada en&hellip;<\/p>\n","protected":false},"author":2,"featured_media":56134,"comment_status":"open","ping_status":"open","sticky":false,"template":"","format":"standard","meta":{"content-type":"","jetpack_post_was_ever_published":false,"_jetpack_newsletter_access":"","_jetpack_dont_email_post_to_subs":false,"_jetpack_newsletter_tier_id":0,"_jetpack_memberships_contains_paywalled_content":false,"_jetpack_memberships_contains_paid_content":false,"footnotes":""},"categories":[39],"tags":[911,1444,5504,1906,5503],"class_list":["post-56133","post","type-post","status-publish","format-standard","has-post-thumbnail","hentry","category-economia","tag-contraloria","tag-general","tag-inesdyc","tag-republica","tag-unidad-de-auditoria-interna"],"jetpack_featured_media_url":"https:\/\/lasprimeras.com.do\/wp-content\/uploads\/2023\/07\/contralor-1-1.jpg","jetpack-related-posts":[{"id":104181,"url":"https:\/\/lasprimeras.com.do\/index.php\/2025\/07\/22\/contralor-sostiene-encuentro-con-supervisores-y-encargados-de-unidades-de-auditoria-interna\/","url_meta":{"origin":56133,"position":0},"title":"Contralor sostiene encuentro con supervisores y encargados de Unidades de Auditor\u00eda Interna","author":"Nelson Feliz","date":"22 de julio de 2025","format":false,"excerpt":"El contralor general de la Rep\u00fablica F\u00e9lix Santana Garc\u00eda, resalt\u00f3 que el Gobierno dominicano, encabezado por el presidente Luis Abinader, tiene la firme voluntad de consolidar una cultura de control preventivo que garantice el uso correcto de los recursos p\u00fablicos. \u201cEl presidente Abinader cree en un Estado decente, en una\u2026","rel":"","context":"En \u00abECONOM\u00cdA\u00bb","block_context":{"text":"ECONOM\u00cdA","link":"https:\/\/lasprimeras.com.do\/index.php\/category\/economia\/"},"img":{"alt_text":"","src":"https:\/\/i0.wp.com\/lasprimeras.com.do\/wp-content\/uploads\/2025\/07\/Felix-Santana-Garcia.jpg?resize=350%2C200&ssl=1","width":350,"height":200,"srcset":"https:\/\/i0.wp.com\/lasprimeras.com.do\/wp-content\/uploads\/2025\/07\/Felix-Santana-Garcia.jpg?resize=350%2C200&ssl=1 1x, https:\/\/i0.wp.com\/lasprimeras.com.do\/wp-content\/uploads\/2025\/07\/Felix-Santana-Garcia.jpg?resize=525%2C300&ssl=1 1.5x, https:\/\/i0.wp.com\/lasprimeras.com.do\/wp-content\/uploads\/2025\/07\/Felix-Santana-Garcia.jpg?resize=700%2C400&ssl=1 2x"},"classes":[]},{"id":120021,"url":"https:\/\/lasprimeras.com.do\/index.php\/2026\/01\/20\/contraloria-instala-unidad-de-auditoria-interna-en-senasa\/","url_meta":{"origin":56133,"position":1},"title":"Contralor\u00eda instala Unidad de Auditor\u00eda Interna en Senasa","author":"Nelson Feliz","date":"20 de enero de 2026","format":false,"excerpt":"La Contralor\u00eda General de la Rep\u00fablica instal\u00f3 una nueva Unidad de Auditor\u00eda Interna (UAI), en la sede central del Seguro Nacional de Salud (Senasa), a solicitud expresa de su nuevo incumbente Edward Guzm\u00e1n, como parte de un proceso de fortalecimiento del control interno y prevenci\u00f3n de irregularidades. El acto de\u2026","rel":"","context":"En \u00abECONOM\u00cdA\u00bb","block_context":{"text":"ECONOM\u00cdA","link":"https:\/\/lasprimeras.com.do\/index.php\/category\/economia\/"},"img":{"alt_text":"SeNaSa","src":"https:\/\/i0.wp.com\/lasprimeras.com.do\/wp-content\/uploads\/2025\/07\/Fachada-SeNaSa.jpg?resize=350%2C200&ssl=1","width":350,"height":200,"srcset":"https:\/\/i0.wp.com\/lasprimeras.com.do\/wp-content\/uploads\/2025\/07\/Fachada-SeNaSa.jpg?resize=350%2C200&ssl=1 1x, https:\/\/i0.wp.com\/lasprimeras.com.do\/wp-content\/uploads\/2025\/07\/Fachada-SeNaSa.jpg?resize=525%2C300&ssl=1 1.5x, https:\/\/i0.wp.com\/lasprimeras.com.do\/wp-content\/uploads\/2025\/07\/Fachada-SeNaSa.jpg?resize=700%2C400&ssl=1 2x"},"classes":[]},{"id":102217,"url":"https:\/\/lasprimeras.com.do\/index.php\/2025\/07\/02\/contraloria-dispone-inventario-de-bienes-para-fortalecer-la-transparencia-publica\/","url_meta":{"origin":56133,"position":2},"title":"Contralor\u00eda dispone inventario de bienes para fortalecer la transparencia p\u00fablica","author":"Nelson Feliz","date":"2 de julio de 2025","format":false,"excerpt":"La Contralor\u00eda General de la Rep\u00fablica emite la circular IN-CGR-CIR-2025-0007, mediante la cual instruye a todas las instituciones p\u00fablicas a realizar un Inventario General de Bienes de Cambio o de Consumo al 30 de junio de 2025. Con esta iniciativa Contralor\u00eda buscar reforzar la eficiencia y el control en la\u2026","rel":"","context":"En \u00abECONOM\u00cdA\u00bb","block_context":{"text":"ECONOM\u00cdA","link":"https:\/\/lasprimeras.com.do\/index.php\/category\/economia\/"},"img":{"alt_text":"","src":"https:\/\/i0.wp.com\/lasprimeras.com.do\/wp-content\/uploads\/2025\/06\/Contralor-Felix-Santana-Garcia.jpg?resize=350%2C200&ssl=1","width":350,"height":200,"srcset":"https:\/\/i0.wp.com\/lasprimeras.com.do\/wp-content\/uploads\/2025\/06\/Contralor-Felix-Santana-Garcia.jpg?resize=350%2C200&ssl=1 1x, https:\/\/i0.wp.com\/lasprimeras.com.do\/wp-content\/uploads\/2025\/06\/Contralor-Felix-Santana-Garcia.jpg?resize=525%2C300&ssl=1 1.5x, https:\/\/i0.wp.com\/lasprimeras.com.do\/wp-content\/uploads\/2025\/06\/Contralor-Felix-Santana-Garcia.jpg?resize=700%2C400&ssl=1 2x"},"classes":[]},{"id":109492,"url":"https:\/\/lasprimeras.com.do\/index.php\/2025\/09\/18\/contraloria-expande-accionar-en-mayor-cantidad-de-instituciones-estatales\/","url_meta":{"origin":56133,"position":3},"title":"Contralor\u00eda expande accionar en mayor cantidad de instituciones estatales","author":"Nelson Feliz","date":"18 de septiembre de 2025","format":false,"excerpt":"El contralor general de la Rep\u00fablica revel\u00f3 que al iniciar la gesti\u00f3n del presidente Luis Abinader el Estado contaba con 206 Unidades de Auditor\u00eda Interna (UAI), y en lo que va de su gobierno las mismas han ascendido a 306, para un aumento de 98 m\u00e1s que en las administraciones\u2026","rel":"","context":"En \u00abECONOM\u00cdA\u00bb","block_context":{"text":"ECONOM\u00cdA","link":"https:\/\/lasprimeras.com.do\/index.php\/category\/economia\/"},"img":{"alt_text":"","src":"https:\/\/i0.wp.com\/lasprimeras.com.do\/wp-content\/uploads\/2025\/09\/Contraloria.jpg?resize=350%2C200&ssl=1","width":350,"height":200,"srcset":"https:\/\/i0.wp.com\/lasprimeras.com.do\/wp-content\/uploads\/2025\/09\/Contraloria.jpg?resize=350%2C200&ssl=1 1x, https:\/\/i0.wp.com\/lasprimeras.com.do\/wp-content\/uploads\/2025\/09\/Contraloria.jpg?resize=525%2C300&ssl=1 1.5x, https:\/\/i0.wp.com\/lasprimeras.com.do\/wp-content\/uploads\/2025\/09\/Contraloria.jpg?resize=700%2C400&ssl=1 2x"},"classes":[]},{"id":101715,"url":"https:\/\/lasprimeras.com.do\/index.php\/2025\/06\/25\/contraloria-audita-50-nominas-de-ayuntamientos-y-juntas-distritales\/","url_meta":{"origin":56133,"position":4},"title":"Contralor\u00eda audita 50 n\u00f3minas de ayuntamientos y juntas distritales","author":"Nelson Feliz","date":"25 de junio de 2025","format":false,"excerpt":"La Contralor\u00eda General de la Rep\u00fablica (CGR) realiz\u00f3 50 auditor\u00edas focalizadas en n\u00f3minas y 11 de alcance general en ayuntamientos y juntas distritales, en lo que va de este a\u00f1o 2025, con el prop\u00f3sito de sanear y regularizar sus estructuras de personal. El contralor general de la Rep\u00fablica, F\u00e9lix Santana\u2026","rel":"","context":"En \u00abECONOM\u00cdA\u00bb","block_context":{"text":"ECONOM\u00cdA","link":"https:\/\/lasprimeras.com.do\/index.php\/category\/economia\/"},"img":{"alt_text":"","src":"https:\/\/i0.wp.com\/lasprimeras.com.do\/wp-content\/uploads\/2025\/06\/Contralor-Felix-Santana-Garcia.jpg?resize=350%2C200&ssl=1","width":350,"height":200,"srcset":"https:\/\/i0.wp.com\/lasprimeras.com.do\/wp-content\/uploads\/2025\/06\/Contralor-Felix-Santana-Garcia.jpg?resize=350%2C200&ssl=1 1x, https:\/\/i0.wp.com\/lasprimeras.com.do\/wp-content\/uploads\/2025\/06\/Contralor-Felix-Santana-Garcia.jpg?resize=525%2C300&ssl=1 1.5x, https:\/\/i0.wp.com\/lasprimeras.com.do\/wp-content\/uploads\/2025\/06\/Contralor-Felix-Santana-Garcia.jpg?resize=700%2C400&ssl=1 2x"},"classes":[]},{"id":124786,"url":"https:\/\/lasprimeras.com.do\/index.php\/2026\/03\/16\/contraloria-inaugura-unidad-de-auditoria-interna-en-el-ministerio-de-justicia\/","url_meta":{"origin":56133,"position":5},"title":"Contralor\u00eda inaugura Unidad de Auditor\u00eda Interna en el Ministerio de Justicia","author":"Nelson Feliz","date":"16 de marzo de 2026","format":false,"excerpt":"El contralor general de la Rep\u00fablica, Geraldo Espinosa, y el ministro de Justicia, Antoliano Peralta, encabezaron la inauguraci\u00f3n de una Unidad de Auditor\u00eda Interna (UAI) en el Ministerio de Justicia, una iniciativa orientada a fortalecer el control preventivo y el seguimiento a la gesti\u00f3n administrativa de esta nueva instituci\u00f3n del\u2026","rel":"","context":"En \u00abNACIONALES\u00bb","block_context":{"text":"NACIONALES","link":"https:\/\/lasprimeras.com.do\/index.php\/category\/nacionales\/"},"img":{"alt_text":"Geraldo Espinosa","src":"https:\/\/i0.wp.com\/lasprimeras.com.do\/wp-content\/uploads\/2026\/03\/Geraldo-Espinosa.jpg?resize=350%2C200&ssl=1","width":350,"height":200,"srcset":"https:\/\/i0.wp.com\/lasprimeras.com.do\/wp-content\/uploads\/2026\/03\/Geraldo-Espinosa.jpg?resize=350%2C200&ssl=1 1x, https:\/\/i0.wp.com\/lasprimeras.com.do\/wp-content\/uploads\/2026\/03\/Geraldo-Espinosa.jpg?resize=525%2C300&ssl=1 1.5x, https:\/\/i0.wp.com\/lasprimeras.com.do\/wp-content\/uploads\/2026\/03\/Geraldo-Espinosa.jpg?resize=700%2C400&ssl=1 2x"},"classes":[]}],"jetpack_sharing_enabled":true,"_links":{"self":[{"href":"https:\/\/lasprimeras.com.do\/index.php\/wp-json\/wp\/v2\/posts\/56133","targetHints":{"allow":["GET"]}}],"collection":[{"href":"https:\/\/lasprimeras.com.do\/index.php\/wp-json\/wp\/v2\/posts"}],"about":[{"href":"https:\/\/lasprimeras.com.do\/index.php\/wp-json\/wp\/v2\/types\/post"}],"author":[{"embeddable":true,"href":"https:\/\/lasprimeras.com.do\/index.php\/wp-json\/wp\/v2\/users\/2"}],"replies":[{"embeddable":true,"href":"https:\/\/lasprimeras.com.do\/index.php\/wp-json\/wp\/v2\/comments?post=56133"}],"version-history":[{"count":1,"href":"https:\/\/lasprimeras.com.do\/index.php\/wp-json\/wp\/v2\/posts\/56133\/revisions"}],"predecessor-version":[{"id":56135,"href":"https:\/\/lasprimeras.com.do\/index.php\/wp-json\/wp\/v2\/posts\/56133\/revisions\/56135"}],"wp:featuredmedia":[{"embeddable":true,"href":"https:\/\/lasprimeras.com.do\/index.php\/wp-json\/wp\/v2\/media\/56134"}],"wp:attachment":[{"href":"https:\/\/lasprimeras.com.do\/index.php\/wp-json\/wp\/v2\/media?parent=56133"}],"wp:term":[{"taxonomy":"category","embeddable":true,"href":"https:\/\/lasprimeras.com.do\/index.php\/wp-json\/wp\/v2\/categories?post=56133"},{"taxonomy":"post_tag","embeddable":true,"href":"https:\/\/lasprimeras.com.do\/index.php\/wp-json\/wp\/v2\/tags?post=56133"}],"curies":[{"name":"wp","href":"https:\/\/api.w.org\/{rel}","templated":true}]}}