{"id":56140,"date":"2023-07-28T11:40:05","date_gmt":"2023-07-28T15:40:05","guid":{"rendered":"https:\/\/lasprimeras.com.do\/?p=56140"},"modified":"2023-07-28T11:40:07","modified_gmt":"2023-07-28T15:40:07","slug":"alcalde-carlos-guzman-inaugura-parque-y-entrada-de-comunidad-jacagua","status":"publish","type":"post","link":"https:\/\/lasprimeras.com.do\/index.php\/2023\/07\/28\/alcalde-carlos-guzman-inaugura-parque-y-entrada-de-comunidad-jacagua\/","title":{"rendered":"Alcalde Carlos Guzm\u00e1n inaugura parque y entrada de comunidad Jacagua"},"content":{"rendered":"\n<p><strong>Guzm\u00e1n tambi\u00e9n dej\u00f3 totalmente saneado el drenaje pluvial de La Mina en los Guaricanos y entreg\u00f3 una cancha deportiva y un centro comunal remozados.<\/strong><\/p>\n\n\n\n<p>El alcalde de Santo Domingo Norte (SDN), Carlos Guzm\u00e1n, inaugur\u00f3 oficialmente el parque y la entrada de la comunidad Jacagua, en una alianza estrat\u00e9gica con la compa\u00f1\u00eda D.S para garantizar un entono limpio, seguro y tranquilo.<\/p>\n\n\n\n<p>Guzm\u00e1n indic\u00f3 que en el espacio inaugurado, operaba un vertedero improvisado que intranquilizaba a los comunitarios de la zona afectando su salud y generando gran malestar principalmente entre ni\u00f1os, j\u00f3venes y personas de la tercera edad.<\/p>\n\n\n\n<p>Agreg\u00f3 que en el lugar tambi\u00e9n se elabor\u00f3 un gran mural cultural y creativo, que destaca la flora y fauna del municipio Santo Domingo Norte (SDN), evitando la creaci\u00f3n de vertederos improvisados y manteniendo transitables los espacios p\u00fablicos por donde cruzan los peatones.<\/p>\n\n\n\n<p>\u201cYo hab\u00eda prometido que Jacagua iba a tener un entrada decente acompa\u00f1ada de un parque. \u00bfQu\u00e9 tenemos que hacer? Seguir trabajado, porque al trabajo no le gana nadie\u201d, expres\u00f3 Carlos Guzm\u00e1n, en medio del acto de apertura de las obras.<\/p>\n\n\n\n<p>Los l\u00edderes comunitarios de Jacagua ubicada pr\u00f3xima a la Avenida Jacobo Majluta, valoraron el impacto de la obra, agradeciendo a Carlos Guzm\u00e1n por construir un espacio seguro y amigable para el sano entretenimiento de las personas, que no contaban con un \u00e1rea para recrearse.<\/p>\n\n\n\n<figure class=\"wp-block-image size-full is-resized\"><img decoding=\"async\" src=\"https:\/\/lasprimeras.com.do\/wp-content\/uploads\/2023\/07\/SDN.jpg\" alt=\"\" class=\"wp-image-56142\" width=\"838\" height=\"470\" srcset=\"https:\/\/lasprimeras.com.do\/wp-content\/uploads\/2023\/07\/SDN.jpg 700w, https:\/\/lasprimeras.com.do\/wp-content\/uploads\/2023\/07\/SDN-300x168.jpg 300w\" sizes=\"(max-width: 838px) 100vw, 838px\" \/><\/figure>\n\n\n\n<p><strong>Alcalde Carlos Guzm\u00e1n tambi\u00e9n lleva soluciones concretas a La Mina, Los Guaricanos<\/strong><\/p>\n\n\n\n<p>M\u00e1s temprano, el alcalde Carlos Guzm\u00e1n recorri\u00f3 todos los barrios del sector La Mina en Los Guaricanos, donde dej\u00f3 totalmente saneado todo el drenaje pluvial de la zona, un problema que por m\u00e1s de 20 a\u00f1os ha estado afectaba a los residentes de la zona, cuyas viviendas se inundaban con el paso de las lluvias.<\/p>\n\n\n\n<p>Con equipos pesados y la integraci\u00f3n del personal de varias direcciones, se intervinieron todas las alcantarillas de la zona, as\u00ed como los desag\u00fces y pozos s\u00e9pticos de distintas calles.<\/p>\n\n\n\n<p>Adem\u00e1s se realizaron trabajos de fumigaci\u00f3n, recogida de escombros y desechos s\u00f3lidos, chequeos m\u00e9dicos y entrega de medicamentos b\u00e1sicos.<\/p>\n\n\n\n<p>En medio del programa Impacto Social Comunitario que desarrolla cada s\u00e1bado, Guzm\u00e1n tambi\u00e9n entreg\u00f3 remozada una cancha deportiva y un centro comunal en beneficios de cientos de comunitarios de la Mina.<\/p>\n\n\n\n<p>Adem\u00e1s salud\u00f3 y sostuvo diversas reuniones con sectores sociales, culturales, deportivos y pol\u00edticos de la zona, asegurando que continuar\u00e1 llevando m\u00e1s progreso y bienestar a todos los ciudadanos de SDN con obras de gran valor para el desarrollo.<\/p>\n\n\n\n<p>Carlos Guzm\u00e1n estuvo acompa\u00f1ado de colaboradores de la Alcald\u00eda de Santo Domingo Norte (ASDN), as\u00ed como con empresarios, pol\u00edticos y representantes de juntas de vecinos.<\/p>\n","protected":false},"excerpt":{"rendered":"<p>Guzm\u00e1n tambi\u00e9n dej\u00f3 totalmente saneado el drenaje pluvial de La Mina en los Guaricanos y entreg\u00f3 una cancha deportiva y un centro comunal remozados. El alcalde de Santo Domingo Norte&hellip;<\/p>\n","protected":false},"author":2,"featured_media":56141,"comment_status":"open","ping_status":"open","sticky":false,"template":"","format":"standard","meta":{"content-type":"","jetpack_post_was_ever_published":false,"_jetpack_newsletter_access":"","_jetpack_dont_email_post_to_subs":false,"_jetpack_newsletter_tier_id":0,"_jetpack_memberships_contains_paywalled_content":false,"_jetpack_memberships_contains_paid_content":false,"footnotes":""},"categories":[35,25],"tags":[161,2940,2152,5511,723],"class_list":["post-56140","post","type-post","status-publish","format-standard","has-post-thumbnail","hentry","category-nacionales","category-portada","tag-alcalde","tag-carlos-guzman","tag-comunidad","tag-jacagua","tag-parque"],"jetpack_featured_media_url":"https:\/\/lasprimeras.com.do\/wp-content\/uploads\/2023\/07\/Carlos-Guzman.jpg","jetpack-related-posts":[{"id":81731,"url":"https:\/\/lasprimeras.com.do\/index.php\/2024\/04\/24\/alcalde-carlos-guzman-entrega-mas-de-20-obras-en-su-ultimo-dia-de-gestion-municipal\/","url_meta":{"origin":56140,"position":0},"title":"Alcalde Carlos Guzm\u00e1n entrega m\u00e1s de 20 obras en su \u00faltimo d\u00eda de gesti\u00f3n municipal","author":"BIMARY DE JES\u00daS Matos","date":"24 de abril de 2024","format":false,"excerpt":"Santo Domingo, RD. - El alcalde de Santo Domingo Norte (SDN), Carlos Guzm\u00e1n, dej\u00f3 inaugurada la primera etapa de la cancha de basketball y un \u00e1rea infantil y de esparcimiento familiar en la comunidad 26 de Enero, en Los M\u00faltis de Los Guaricanos, respectivamente. Tambi\u00e9n el alcalde de SDN entreg\u00f3\u2026","rel":"","context":"En \u00abPORTADA\u00bb","block_context":{"text":"PORTADA","link":"https:\/\/lasprimeras.com.do\/index.php\/category\/portada\/"},"img":{"alt_text":"","src":"https:\/\/i0.wp.com\/lasprimeras.com.do\/wp-content\/uploads\/2024\/04\/IMG-20240424-WA0010-1.jpg?resize=350%2C200&ssl=1","width":350,"height":200,"srcset":"https:\/\/i0.wp.com\/lasprimeras.com.do\/wp-content\/uploads\/2024\/04\/IMG-20240424-WA0010-1.jpg?resize=350%2C200&ssl=1 1x, https:\/\/i0.wp.com\/lasprimeras.com.do\/wp-content\/uploads\/2024\/04\/IMG-20240424-WA0010-1.jpg?resize=525%2C300&ssl=1 1.5x, https:\/\/i0.wp.com\/lasprimeras.com.do\/wp-content\/uploads\/2024\/04\/IMG-20240424-WA0010-1.jpg?resize=700%2C400&ssl=1 2x"},"classes":[]},{"id":114318,"url":"https:\/\/lasprimeras.com.do\/index.php\/2025\/11\/12\/miguel-florentino-favorece-victor-pavon-sea-proximo-candidato-alcalde-sdn\/","url_meta":{"origin":56140,"position":1},"title":"Miguel Florentino favorece V\u00edctor Pav\u00f3n sea pr\u00f3ximo candidato alcalde SDN","author":"Nelson Feliz","date":"12 de noviembre de 2025","format":false,"excerpt":"El miembro de la Direcci\u00f3n Central del Partido Fuerza del Pueblo (FP) y dirigente fundador de esa organizaci\u00f3n en Santo Domingo Norte (SDN), Miguel Florentino, favoreci\u00f3 que para el pr\u00f3ximo torneo electoral municipal sea escogido como candidato a alcalde el empresario V\u00edctor Pav\u00f3n. Florentino dijo que V\u00edctor Pav\u00f3n viene trabajando\u2026","rel":"","context":"En \u00abPOLITICA\u00bb","block_context":{"text":"POLITICA","link":"https:\/\/lasprimeras.com.do\/index.php\/category\/politica\/"},"img":{"alt_text":"","src":"https:\/\/i0.wp.com\/lasprimeras.com.do\/wp-content\/uploads\/2025\/11\/Miguel-Florentino.jpg?resize=350%2C200&ssl=1","width":350,"height":200,"srcset":"https:\/\/i0.wp.com\/lasprimeras.com.do\/wp-content\/uploads\/2025\/11\/Miguel-Florentino.jpg?resize=350%2C200&ssl=1 1x, https:\/\/i0.wp.com\/lasprimeras.com.do\/wp-content\/uploads\/2025\/11\/Miguel-Florentino.jpg?resize=525%2C300&ssl=1 1.5x, https:\/\/i0.wp.com\/lasprimeras.com.do\/wp-content\/uploads\/2025\/11\/Miguel-Florentino.jpg?resize=700%2C400&ssl=1 2x"},"classes":[]},{"id":53736,"url":"https:\/\/lasprimeras.com.do\/index.php\/2023\/06\/30\/alcalde-carlos-guzman-llama-a-empresariado-seguir-invirtiendo-en-sdn\/","url_meta":{"origin":56140,"position":2},"title":"Alcalde Carlos Guzm\u00e1n llama a empresariado seguir invirtiendo en SDN","author":"Nelson Feliz","date":"30 de junio de 2023","format":false,"excerpt":"Por Mart\u00edn Restituyo El alcalde de Santo Domingo Norte (SDN), Carlos Guzm\u00e1n, llam\u00f3 al empresariado a seguir confiando e invirtiendo en el municipio, afirmando que ha hecho un gran aporte en la creaci\u00f3n de empleos y el mejoramiento de los espacios p\u00fablicos. Guzm\u00e1n, asegur\u00f3 que continuar\u00e1 apoyando y brindando todas\u2026","rel":"","context":"En \u00abNACIONALES\u00bb","block_context":{"text":"NACIONALES","link":"https:\/\/lasprimeras.com.do\/index.php\/category\/nacionales\/"},"img":{"alt_text":"Carlos Guzman","src":"https:\/\/i0.wp.com\/lasprimeras.com.do\/wp-content\/uploads\/2023\/06\/Carlos-Guzman-3.jpg?resize=350%2C200&ssl=1","width":350,"height":200,"srcset":"https:\/\/i0.wp.com\/lasprimeras.com.do\/wp-content\/uploads\/2023\/06\/Carlos-Guzman-3.jpg?resize=350%2C200&ssl=1 1x, https:\/\/i0.wp.com\/lasprimeras.com.do\/wp-content\/uploads\/2023\/06\/Carlos-Guzman-3.jpg?resize=525%2C300&ssl=1 1.5x, https:\/\/i0.wp.com\/lasprimeras.com.do\/wp-content\/uploads\/2023\/06\/Carlos-Guzman-3.jpg?resize=700%2C400&ssl=1 2x"},"classes":[]},{"id":61841,"url":"https:\/\/lasprimeras.com.do\/index.php\/2023\/10\/01\/alcalde-carlos-guzman-deja-iniciada-trabajos-varias-obras-en-sdn\/","url_meta":{"origin":56140,"position":3},"title":"Alcalde Carlos Guzm\u00e1n deja iniciada trabajos varias obras en SDN","author":"Nelson Feliz","date":"1 de octubre de 2023","format":false,"excerpt":"Presidentes de juntas de vecinos y l\u00edderes comunitarios reconocieron que Guzm\u00e1n ha entregado obras de gran impacto en Villa Mella, Los Guaricanos, Sabana Perdida y zonas rurales. Por Martin Restituyo El alcalde de Santo Domingo Norte (SDN), Carlos Guzm\u00e1n, dej\u00f3 iniciados los trabajos de remozamiento del Cuartel de los Bomberos\u2026","rel":"","context":"En \u00abPORTADA\u00bb","block_context":{"text":"PORTADA","link":"https:\/\/lasprimeras.com.do\/index.php\/category\/portada\/"},"img":{"alt_text":"Carlos Guzman","src":"https:\/\/i0.wp.com\/lasprimeras.com.do\/wp-content\/uploads\/2023\/10\/Carlos-Guzman.jpg?resize=350%2C200&ssl=1","width":350,"height":200,"srcset":"https:\/\/i0.wp.com\/lasprimeras.com.do\/wp-content\/uploads\/2023\/10\/Carlos-Guzman.jpg?resize=350%2C200&ssl=1 1x, https:\/\/i0.wp.com\/lasprimeras.com.do\/wp-content\/uploads\/2023\/10\/Carlos-Guzman.jpg?resize=525%2C300&ssl=1 1.5x, https:\/\/i0.wp.com\/lasprimeras.com.do\/wp-content\/uploads\/2023\/10\/Carlos-Guzman.jpg?resize=700%2C400&ssl=1 2x"},"classes":[]},{"id":59399,"url":"https:\/\/lasprimeras.com.do\/index.php\/2023\/09\/03\/alcalde-carlos-guzman-entrega-vivienda-en-los-guaricanos-e-inaugura-cancha-en-villa-mella\/","url_meta":{"origin":56140,"position":4},"title":"Alcalde Carlos Guzm\u00e1n entrega vivienda en Los Guaricanos e inaugura cancha en Villa Mella","author":"Nelson Feliz","date":"3 de septiembre de 2023","format":false,"excerpt":"Guzm\u00e1n ha reconstruido m\u00e1s de 30 viviendas y entregando m\u00e1s de 50 canchas deportivas totalmente remozadas en todo SDN. El alcalde de Santo Domingo Norte (SDN), Carlos Guzm\u00e1n, entreg\u00f3 una humilde vivienda a una comunitaria, que llevaba m\u00e1s de 25 a\u00f1os viviendo en condiciones dif\u00edciles bajo las inclemencias del tiempo,\u2026","rel":"","context":"En \u00abPORTADA\u00bb","block_context":{"text":"PORTADA","link":"https:\/\/lasprimeras.com.do\/index.php\/category\/portada\/"},"img":{"alt_text":"Carlos Guzman","src":"https:\/\/i0.wp.com\/lasprimeras.com.do\/wp-content\/uploads\/2023\/09\/Carlos-Guzman-Casa.jpg?resize=350%2C200&ssl=1","width":350,"height":200,"srcset":"https:\/\/i0.wp.com\/lasprimeras.com.do\/wp-content\/uploads\/2023\/09\/Carlos-Guzman-Casa.jpg?resize=350%2C200&ssl=1 1x, https:\/\/i0.wp.com\/lasprimeras.com.do\/wp-content\/uploads\/2023\/09\/Carlos-Guzman-Casa.jpg?resize=525%2C300&ssl=1 1.5x, https:\/\/i0.wp.com\/lasprimeras.com.do\/wp-content\/uploads\/2023\/09\/Carlos-Guzman-Casa.jpg?resize=700%2C400&ssl=1 2x"},"classes":[]},{"id":63182,"url":"https:\/\/lasprimeras.com.do\/index.php\/2023\/10\/10\/alcalde-carlos-guzman-deja-iniciados-varias-obras-en-villa-mella-y-los-guaricanos\/","url_meta":{"origin":56140,"position":5},"title":"Alcalde Carlos Guzm\u00e1n deja iniciados varias obras en Villa Mella y Los Guaricanos","author":"Nelson Feliz","date":"10 de octubre de 2023","format":false,"excerpt":"Hasta la fecha, Guzm\u00e1n ha entregado 14 parques, alrededor de 50 canchas deportivas, 5 centros comunales y ha instalado m\u00e1s de 700 l\u00e1mparas en avenidas y barrios de SDN. Por Martin Restituyo El alcalde de Santo Domingo Norte (SDN), Carlos Guzm\u00e1n, dio el primer picazo para la construcci\u00f3n de una\u2026","rel":"","context":"En \u00abPORTADA\u00bb","block_context":{"text":"PORTADA","link":"https:\/\/lasprimeras.com.do\/index.php\/category\/portada\/"},"img":{"alt_text":"Carlos Guzm\u00e1n","src":"https:\/\/i0.wp.com\/lasprimeras.com.do\/wp-content\/uploads\/2023\/10\/Carlos-Guzman-1.jpg?resize=350%2C200&ssl=1","width":350,"height":200,"srcset":"https:\/\/i0.wp.com\/lasprimeras.com.do\/wp-content\/uploads\/2023\/10\/Carlos-Guzman-1.jpg?resize=350%2C200&ssl=1 1x, https:\/\/i0.wp.com\/lasprimeras.com.do\/wp-content\/uploads\/2023\/10\/Carlos-Guzman-1.jpg?resize=525%2C300&ssl=1 1.5x"},"classes":[]}],"jetpack_sharing_enabled":true,"_links":{"self":[{"href":"https:\/\/lasprimeras.com.do\/index.php\/wp-json\/wp\/v2\/posts\/56140","targetHints":{"allow":["GET"]}}],"collection":[{"href":"https:\/\/lasprimeras.com.do\/index.php\/wp-json\/wp\/v2\/posts"}],"about":[{"href":"https:\/\/lasprimeras.com.do\/index.php\/wp-json\/wp\/v2\/types\/post"}],"author":[{"embeddable":true,"href":"https:\/\/lasprimeras.com.do\/index.php\/wp-json\/wp\/v2\/users\/2"}],"replies":[{"embeddable":true,"href":"https:\/\/lasprimeras.com.do\/index.php\/wp-json\/wp\/v2\/comments?post=56140"}],"version-history":[{"count":1,"href":"https:\/\/lasprimeras.com.do\/index.php\/wp-json\/wp\/v2\/posts\/56140\/revisions"}],"predecessor-version":[{"id":56143,"href":"https:\/\/lasprimeras.com.do\/index.php\/wp-json\/wp\/v2\/posts\/56140\/revisions\/56143"}],"wp:featuredmedia":[{"embeddable":true,"href":"https:\/\/lasprimeras.com.do\/index.php\/wp-json\/wp\/v2\/media\/56141"}],"wp:attachment":[{"href":"https:\/\/lasprimeras.com.do\/index.php\/wp-json\/wp\/v2\/media?parent=56140"}],"wp:term":[{"taxonomy":"category","embeddable":true,"href":"https:\/\/lasprimeras.com.do\/index.php\/wp-json\/wp\/v2\/categories?post=56140"},{"taxonomy":"post_tag","embeddable":true,"href":"https:\/\/lasprimeras.com.do\/index.php\/wp-json\/wp\/v2\/tags?post=56140"}],"curies":[{"name":"wp","href":"https:\/\/api.w.org\/{rel}","templated":true}]}}