{"id":56144,"date":"2023-07-28T11:45:27","date_gmt":"2023-07-28T15:45:27","guid":{"rendered":"https:\/\/lasprimeras.com.do\/?p=56144"},"modified":"2023-07-28T11:45:29","modified_gmt":"2023-07-28T15:45:29","slug":"cntu-llama-conductores-a-reducir-velocidad-para-evitar-accidentes","status":"publish","type":"post","link":"https:\/\/lasprimeras.com.do\/index.php\/2023\/07\/28\/cntu-llama-conductores-a-reducir-velocidad-para-evitar-accidentes\/","title":{"rendered":"CNTU llama conductores a reducir velocidad para evitar accidentes"},"content":{"rendered":"\n<p>P\u00e9rez Figuereo pide se\u00f1alizaci\u00f3n vial y reparaci\u00f3n de los sem\u00e1foros.<\/p>\n\n\n\n<p>El presidente de la Central Nacional Transporte Unificado (CNTU), William P\u00e9rez Figuereo, solicit\u00f3 hoy a los directores del Instituto Nacional de Tr\u00e1nsito y Transporte Terrestre (Intrant), y Seguridad de Tr\u00e1nsito y Transporte Terrestre (DIGESETT), interpongan sus buenos oficios e inicien un programa de se\u00f1alizaci\u00f3n vial y reparaci\u00f3n de los sem\u00e1foros de las diferentes v\u00edas del Distrito Nacional, el Gran Santo Domingo y Santo Domingo Oeste.<\/p>\n\n\n\n<p>P\u00e9rez Figuereo, pidi\u00f3 a todos los conductores y ch\u00f3feres del transporte p\u00fablico que respeten las se\u00f1ales de tr\u00e1nsito, adem\u00e1s que conduzcan con una velocidad controlada, para reducir los accidentes en las diferentes carreteras y autopistas de la Rep\u00fablica Dominicana.<\/p>\n\n\n\n<p>El dirigente choferil, se hace necesario que se respete el paso de la zebras y que todas las intersecciones ser\u00e1n se\u00f1alizadas, por los agentes de la DIGESETT de manera permanente.<\/p>\n\n\n\n<p>Al participar recientemente en una Cumbre de Transporte en los Estados Unidos, P\u00e9rez Figuereo, se\u00f1al\u00f3 que los representantes del transporte de diferentes pa\u00edses, atribuyen la mayor\u00eda de accidentes que suceden en la Rep\u00fablica Dominicana, se debe b\u00e1sicamente a la alta velocidad de los autom\u00f3viles.<\/p>\n\n\n\n<p>Por eso, nosotros como representantes de la CNTU, solicitamos a los ch\u00f3feres de veh\u00edculos pesados que deben transitar a una velocidad moderada, para reducir las muertes por accidentes.<\/p>\n\n\n\n<p>William P\u00e9rez Figuereo, sostuvo que la Alcald\u00eda del municipio Santo Domingo Oeste, asumir\u00e1 los resultados de la cumbre que particip\u00f3 CNTU, en Estados Unidos junto a los representantes de Colombia, Venezuela y Espa\u00f1a.<\/p>\n","protected":false},"excerpt":{"rendered":"<p>P\u00e9rez Figuereo pide se\u00f1alizaci\u00f3n vial y reparaci\u00f3n de los sem\u00e1foros. El presidente de la Central Nacional Transporte Unificado (CNTU), William P\u00e9rez Figuereo, solicit\u00f3 hoy a los directores del Instituto Nacional&hellip;<\/p>\n","protected":false},"author":2,"featured_media":53502,"comment_status":"open","ping_status":"open","sticky":false,"template":"","format":"standard","meta":{"content-type":"","jetpack_post_was_ever_published":false,"_jetpack_newsletter_access":"","_jetpack_dont_email_post_to_subs":false,"_jetpack_newsletter_tier_id":0,"_jetpack_memberships_contains_paywalled_content":false,"_jetpack_memberships_contains_paid_content":false,"footnotes":""},"categories":[35,25],"tags":[3999],"class_list":["post-56144","post","type-post","status-publish","format-standard","has-post-thumbnail","hentry","category-nacionales","category-portada","tag-william-perez-figuereo"],"jetpack_featured_media_url":"https:\/\/lasprimeras.com.do\/wp-content\/uploads\/2023\/06\/William-Perez-Figuereo.jpg","jetpack-related-posts":[{"id":85852,"url":"https:\/\/lasprimeras.com.do\/index.php\/2024\/07\/10\/cntu-propone-plan-conjunto-para-reducir-muertes-por-accidentes-de-transito\/","url_meta":{"origin":56144,"position":0},"title":"CNTU propone plan conjunto para reducir muertes por accidentes de tr\u00e1nsito","author":"Nelson Feliz","date":"10 de julio de 2024","format":false,"excerpt":"El presidente de la Central Nacional de Transportistas Unificados (CNTU), William P\u00e9rez Figuereo, propuso al gobierno la ejecuci\u00f3n de un plan conjunto interinstitucional, para reducir los accidentes de tr\u00e1nsito y las altas estad\u00edsticas de muertes est\u00e1 en la Rep\u00fablica Dominicana. P\u00e9rez Figuereo, plante\u00f3 al Ejecutivo, articular acciones unificadas preventivas, entre\u2026","rel":"","context":"En \u00abNACIONALES\u00bb","block_context":{"text":"NACIONALES","link":"https:\/\/lasprimeras.com.do\/index.php\/category\/nacionales\/"},"img":{"alt_text":"William P\u00e9rez Figuereo","src":"https:\/\/i0.wp.com\/lasprimeras.com.do\/wp-content\/uploads\/2024\/07\/William-Perez-Figuereo.jpg?resize=350%2C200&ssl=1","width":350,"height":200,"srcset":"https:\/\/i0.wp.com\/lasprimeras.com.do\/wp-content\/uploads\/2024\/07\/William-Perez-Figuereo.jpg?resize=350%2C200&ssl=1 1x, https:\/\/i0.wp.com\/lasprimeras.com.do\/wp-content\/uploads\/2024\/07\/William-Perez-Figuereo.jpg?resize=525%2C300&ssl=1 1.5x, https:\/\/i0.wp.com\/lasprimeras.com.do\/wp-content\/uploads\/2024\/07\/William-Perez-Figuereo.jpg?resize=700%2C400&ssl=1 2x"},"classes":[]},{"id":89877,"url":"https:\/\/lasprimeras.com.do\/index.php\/2024\/10\/06\/presidente-cntu-propone-al-intrant-sincronizar-semaforos-para-reducir-entaponamientos\/","url_meta":{"origin":56144,"position":1},"title":"Presidente CNTU propone al Intrant sincronizar sem\u00e1foros para reducir entaponamientos","author":"Nelson Feliz","date":"6 de octubre de 2024","format":false,"excerpt":"El presidente de la Central Nacional de Transportistas Unificados (CNTU), William P\u00e9rez Figuereo, propuso\u00a0HOY\u00a0al director del Instituto Nacional de Tr\u00e1nsito y Transporte (Intrant), ingeniero Milton Morrison, que se hace necesario la sincronizaci\u00f3n de los sem\u00e1foros con el objetivo de contrarrestar el problema y salvaguardar la integridad de la poblaci\u00f3n. P\u00e9rez\u2026","rel":"","context":"En \u00abNACIONALES\u00bb","block_context":{"text":"NACIONALES","link":"https:\/\/lasprimeras.com.do\/index.php\/category\/nacionales\/"},"img":{"alt_text":"William P\u00e9rez Figuereo","src":"https:\/\/i0.wp.com\/lasprimeras.com.do\/wp-content\/uploads\/2024\/10\/William-Perez-Figuereo-1.jpg?resize=350%2C200&ssl=1","width":350,"height":200,"srcset":"https:\/\/i0.wp.com\/lasprimeras.com.do\/wp-content\/uploads\/2024\/10\/William-Perez-Figuereo-1.jpg?resize=350%2C200&ssl=1 1x, https:\/\/i0.wp.com\/lasprimeras.com.do\/wp-content\/uploads\/2024\/10\/William-Perez-Figuereo-1.jpg?resize=525%2C300&ssl=1 1.5x, https:\/\/i0.wp.com\/lasprimeras.com.do\/wp-content\/uploads\/2024\/10\/William-Perez-Figuereo-1.jpg?resize=700%2C400&ssl=1 2x"},"classes":[]},{"id":109034,"url":"https:\/\/lasprimeras.com.do\/index.php\/2025\/09\/12\/cntu-llama-a-la-conciencia-ciudadana-y-valora-avances-en-el-transporte-colectivo\/","url_meta":{"origin":56144,"position":2},"title":"CNTU llama a la conciencia ciudadana y valora avances en el transporte colectivo","author":"Nelson Feliz","date":"12 de septiembre de 2025","format":false,"excerpt":"El presidente de la Central Nacional del Transporte Unificado (CNTU), William P\u00e9rez Figuereo, expres\u00f3 su preocupaci\u00f3n por la alta incidencia de accidentes de tr\u00e1nsito en la Rep\u00fablica Dominicana, los cuales calific\u00f3 como \u201cuna verdadera tragedia nacional\u201d que afecta a cientos de familias cada a\u00f1o. P\u00e9rez Figuereo record\u00f3 que el pasado\u2026","rel":"","context":"En \u00abNACIONALES\u00bb","block_context":{"text":"NACIONALES","link":"https:\/\/lasprimeras.com.do\/index.php\/category\/nacionales\/"},"img":{"alt_text":"accidentes","src":"https:\/\/i0.wp.com\/lasprimeras.com.do\/wp-content\/uploads\/2023\/10\/accidentes.jpeg?resize=350%2C200&ssl=1","width":350,"height":200,"srcset":"https:\/\/i0.wp.com\/lasprimeras.com.do\/wp-content\/uploads\/2023\/10\/accidentes.jpeg?resize=350%2C200&ssl=1 1x, https:\/\/i0.wp.com\/lasprimeras.com.do\/wp-content\/uploads\/2023\/10\/accidentes.jpeg?resize=525%2C300&ssl=1 1.5x, https:\/\/i0.wp.com\/lasprimeras.com.do\/wp-content\/uploads\/2023\/10\/accidentes.jpeg?resize=700%2C400&ssl=1 2x"},"classes":[]},{"id":58276,"url":"https:\/\/lasprimeras.com.do\/index.php\/2023\/08\/22\/presidente-cntu-exhorta-a-choferes-abstenerse-a-trabajar-durante-la-tormenta-franklin\/","url_meta":{"origin":56144,"position":3},"title":"Presidente CNTU exhorta a ch\u00f3feres abstenerse a trabajar durante la tormenta Franklin","author":"Nelson Feliz","date":"22 de agosto de 2023","format":false,"excerpt":"El presidente de la Central Nacional de Transportistas Unificados (CNTU), William P\u00e9rez Figuereo, exhort\u00f3 a los ch\u00f3feres y conductores que se encuentra afiliados en esa entidad, abstenerse a laborar si sus unidades no est\u00e1n en perfecta condiciones durante el paso de la tormenta tropical Franklin. P\u00e9rez Figuereo, pidi\u00f3 a los\u2026","rel":"","context":"En \u00abNACIONALES\u00bb","block_context":{"text":"NACIONALES","link":"https:\/\/lasprimeras.com.do\/index.php\/category\/nacionales\/"},"img":{"alt_text":"William Perez Figuereo","src":"https:\/\/i0.wp.com\/lasprimeras.com.do\/wp-content\/uploads\/2023\/06\/William-Perez-Figuereo.jpg?resize=350%2C200&ssl=1","width":350,"height":200,"srcset":"https:\/\/i0.wp.com\/lasprimeras.com.do\/wp-content\/uploads\/2023\/06\/William-Perez-Figuereo.jpg?resize=350%2C200&ssl=1 1x, https:\/\/i0.wp.com\/lasprimeras.com.do\/wp-content\/uploads\/2023\/06\/William-Perez-Figuereo.jpg?resize=525%2C300&ssl=1 1.5x, https:\/\/i0.wp.com\/lasprimeras.com.do\/wp-content\/uploads\/2023\/06\/William-Perez-Figuereo.jpg?resize=700%2C400&ssl=1 2x, https:\/\/i0.wp.com\/lasprimeras.com.do\/wp-content\/uploads\/2023\/06\/William-Perez-Figuereo.jpg?resize=1050%2C600&ssl=1 3x, https:\/\/i0.wp.com\/lasprimeras.com.do\/wp-content\/uploads\/2023\/06\/William-Perez-Figuereo.jpg?resize=1400%2C800&ssl=1 4x"},"classes":[]},{"id":72426,"url":"https:\/\/lasprimeras.com.do\/index.php\/2023\/12\/29\/cntu-llama-a-usuarios-a-ser-veedores-del-transporte-publico-durante-festividades-de-fin-de-ano\/","url_meta":{"origin":56144,"position":4},"title":"CNTU llama a usuarios a ser veedores del transporte p\u00fablico durante festividades de fin de a\u00f1o","author":"Nelson Feliz","date":"29 de diciembre de 2023","format":false,"excerpt":"Por Mart\u00edn Restituyo La Central Nacional de Transporte Unificado (CNTU), llam\u00f3 a los usuarios a que se conviertan en sus propios veedores del comportamiento de proceso del transporte y el tr\u00e1nsito durante las fiestas del fin de a\u00f1o y la llegada del nuevo a\u00f1o 2024. El presidente de la CNTU,\u2026","rel":"","context":"En \u00abNACIONALES\u00bb","block_context":{"text":"NACIONALES","link":"https:\/\/lasprimeras.com.do\/index.php\/category\/nacionales\/"},"img":{"alt_text":"William Perez Figuereo","src":"https:\/\/i0.wp.com\/lasprimeras.com.do\/wp-content\/uploads\/2023\/06\/William-Perez-Figuereo.jpg?resize=350%2C200&ssl=1","width":350,"height":200,"srcset":"https:\/\/i0.wp.com\/lasprimeras.com.do\/wp-content\/uploads\/2023\/06\/William-Perez-Figuereo.jpg?resize=350%2C200&ssl=1 1x, https:\/\/i0.wp.com\/lasprimeras.com.do\/wp-content\/uploads\/2023\/06\/William-Perez-Figuereo.jpg?resize=525%2C300&ssl=1 1.5x, https:\/\/i0.wp.com\/lasprimeras.com.do\/wp-content\/uploads\/2023\/06\/William-Perez-Figuereo.jpg?resize=700%2C400&ssl=1 2x, https:\/\/i0.wp.com\/lasprimeras.com.do\/wp-content\/uploads\/2023\/06\/William-Perez-Figuereo.jpg?resize=1050%2C600&ssl=1 3x, https:\/\/i0.wp.com\/lasprimeras.com.do\/wp-content\/uploads\/2023\/06\/William-Perez-Figuereo.jpg?resize=1400%2C800&ssl=1 4x"},"classes":[]},{"id":69492,"url":"https:\/\/lasprimeras.com.do\/index.php\/2023\/12\/03\/cntu-y-rd-vial-recuerdan-victimas-fatales-de-accidentes-en-navidades-anteriores\/","url_meta":{"origin":56144,"position":5},"title":"CNTU y RD Vial recuerdan v\u00edctimas fatales de accidentes en navidades anteriores","author":"Nelson Feliz","date":"3 de diciembre de 2023","format":false,"excerpt":"Los presidentes de la Central Nacional del Transporte Unificado (CNTU) y RD Vial, William P\u00e9rez Figuereo y Mar\u00eda D\u00edaz, recordaron hoy las v\u00edctimas fatales que se han registrado en navidades anteriores a causas de los accidentes de tr\u00e1nsito. P\u00e9rez Figuereo y Mar\u00eda D\u00edaz, expertos en tr\u00e1nsito y transporte en Rep\u00fablica\u2026","rel":"","context":"En \u00abNACIONALES\u00bb","block_context":{"text":"NACIONALES","link":"https:\/\/lasprimeras.com.do\/index.php\/category\/nacionales\/"},"img":{"alt_text":"William P\u00e9rez Figuereo y Mar\u00eda D\u00edaz","src":"https:\/\/i0.wp.com\/lasprimeras.com.do\/wp-content\/uploads\/2023\/12\/William-Perez-Figuereo-y-Maria-Diaz.jpg?resize=350%2C200&ssl=1","width":350,"height":200,"srcset":"https:\/\/i0.wp.com\/lasprimeras.com.do\/wp-content\/uploads\/2023\/12\/William-Perez-Figuereo-y-Maria-Diaz.jpg?resize=350%2C200&ssl=1 1x, https:\/\/i0.wp.com\/lasprimeras.com.do\/wp-content\/uploads\/2023\/12\/William-Perez-Figuereo-y-Maria-Diaz.jpg?resize=525%2C300&ssl=1 1.5x, https:\/\/i0.wp.com\/lasprimeras.com.do\/wp-content\/uploads\/2023\/12\/William-Perez-Figuereo-y-Maria-Diaz.jpg?resize=700%2C400&ssl=1 2x"},"classes":[]}],"jetpack_sharing_enabled":true,"_links":{"self":[{"href":"https:\/\/lasprimeras.com.do\/index.php\/wp-json\/wp\/v2\/posts\/56144","targetHints":{"allow":["GET"]}}],"collection":[{"href":"https:\/\/lasprimeras.com.do\/index.php\/wp-json\/wp\/v2\/posts"}],"about":[{"href":"https:\/\/lasprimeras.com.do\/index.php\/wp-json\/wp\/v2\/types\/post"}],"author":[{"embeddable":true,"href":"https:\/\/lasprimeras.com.do\/index.php\/wp-json\/wp\/v2\/users\/2"}],"replies":[{"embeddable":true,"href":"https:\/\/lasprimeras.com.do\/index.php\/wp-json\/wp\/v2\/comments?post=56144"}],"version-history":[{"count":1,"href":"https:\/\/lasprimeras.com.do\/index.php\/wp-json\/wp\/v2\/posts\/56144\/revisions"}],"predecessor-version":[{"id":56145,"href":"https:\/\/lasprimeras.com.do\/index.php\/wp-json\/wp\/v2\/posts\/56144\/revisions\/56145"}],"wp:featuredmedia":[{"embeddable":true,"href":"https:\/\/lasprimeras.com.do\/index.php\/wp-json\/wp\/v2\/media\/53502"}],"wp:attachment":[{"href":"https:\/\/lasprimeras.com.do\/index.php\/wp-json\/wp\/v2\/media?parent=56144"}],"wp:term":[{"taxonomy":"category","embeddable":true,"href":"https:\/\/lasprimeras.com.do\/index.php\/wp-json\/wp\/v2\/categories?post=56144"},{"taxonomy":"post_tag","embeddable":true,"href":"https:\/\/lasprimeras.com.do\/index.php\/wp-json\/wp\/v2\/tags?post=56144"}],"curies":[{"name":"wp","href":"https:\/\/api.w.org\/{rel}","templated":true}]}}