{"id":56146,"date":"2023-07-28T11:59:09","date_gmt":"2023-07-28T15:59:09","guid":{"rendered":"https:\/\/lasprimeras.com.do\/?p=56146"},"modified":"2023-07-28T11:59:10","modified_gmt":"2023-07-28T15:59:10","slug":"mescyt-aprueba-a-unanimidad-ensenanza-de-la-constitucion-en-las-universidades-del-pais","status":"publish","type":"post","link":"https:\/\/lasprimeras.com.do\/index.php\/2023\/07\/28\/mescyt-aprueba-a-unanimidad-ensenanza-de-la-constitucion-en-las-universidades-del-pais\/","title":{"rendered":"MESCYT aprueba a unanimidad ense\u00f1anza de la Constituci\u00f3n en las universidades del pa\u00eds"},"content":{"rendered":"\n<p>El Ministerio de Educaci\u00f3n Superior, Ciencia y Tecnolog\u00eda (Mescyt), a trav\u00e9s del Consejo Nacional de Educaci\u00f3n Superior (Conescyt), aprob\u00f3 con unanimidad de votos la ense\u00f1anza de la Constituci\u00f3n en las Instituciones de Educaci\u00f3n Superior (IES) en presencia del presidente del Tribunal Constitucional de la Rep\u00fablica Dominicana, Milton Ray Guevara.<\/p>\n\n\n\n<p>Durante una sesi\u00f3n de trabajo, celebrada en la Pontificia Universidad Cat\u00f3lica Madre y Maestra (PUCMM), el presidente del Conescyt, doctor Franklin Garc\u00eda Ferm\u00edn, en su condici\u00f3n de ministro de Educaci\u00f3n Superior, Ciencia y Tecnolog\u00eda, resalt\u00f3 el trabajo que realizan los t\u00e9cnicos educativos para adecuar las carreras universitarias a la demanda del mercado laboral.<\/p>\n\n\n\n<p>La ense\u00f1anza de la Constituci\u00f3n en las universidades fue uno de los temas de agenda en la tercera sesi\u00f3n ordinaria del Conescyt, que cont\u00f3 con una amplia participaci\u00f3n de los miembros de la entidad.<\/p>\n\n\n\n<p>Garc\u00eda Ferm\u00edn dijo que la iniciativa se desprende del acuerdo de cooperaci\u00f3n interinstitucional suscrito por el TC y el Mescyt en el 2021, que contribuir\u00e1 al sustancial prop\u00f3sito de fortalecer las competencias de los futuros profesionales en el conocimiento de sus derechos y deberes, los fundamentos del ordenamiento constitucional dominicano, la formaci\u00f3n social y c\u00edvica, los valores patrios y la convivencia pac\u00edfica en la sociedad.<\/p>\n\n\n\n<p>De su lado, el magistrado Ray Guevara afirm\u00f3 que la defensa de la Constituci\u00f3n empieza por su conocimiento.<\/p>\n\n\n\n<p>Se\u00f1al\u00f3 que la Constituci\u00f3n de 2010 traz\u00f3 las pautas para una verdadera revoluci\u00f3n educativa, al incluir varias disposiciones sobre el derecho a la educaci\u00f3n, se\u00f1alando la obligatoriedad de la ense\u00f1anza de la Constituci\u00f3n en todas las instituciones educativas p\u00fablicas y privadas (art. 63.13).<\/p>\n\n\n\n<p>Indic\u00f3 que en el pa\u00eds la ense\u00f1anza de la Constituci\u00f3n se encuentra como precedente legislativo, en la ley n\u00fam. 76 de 1846, sobre la instrucci\u00f3n p\u00fablica, que en art\u00edculo 8 dispone: \u201cEn todas las escuelas primarias se ense\u00f1ar\u00e1 a leer, escribir, las cuatro simples reglas fundamentales de aritm\u00e9tica, el catecismo de la doctrina cristiana, y la Constituci\u00f3n de la Rep\u00fablica\u201d.<\/p>\n\n\n\n<p>\u201cSin embargo, no existe revoluci\u00f3n educativa sin una formaci\u00f3n ciudadana en materia de derechos y deberes\u201d, sostuvo el presidente del TC, se\u00f1alando la urgencia de la formaci\u00f3n ciudadana en la regi\u00f3n latinoamericana ante las hist\u00f3ricas dificultades para consolidar la democracia.<\/p>\n\n\n\n<p>El jurista agradeci\u00f3 a la doctora Rosal\u00eda Sosa, vicerrectora de Extensi\u00f3n de la Universidad Aut\u00f3noma de Santo Domingo (UASD) e ide\u00f3loga del proyecto original, quien plante\u00f3 la posibilidad de un proyecto piloto para la ense\u00f1anza de la Constituci\u00f3n en todas las carreras de la academia estatal.<\/p>\n\n\n\n<p>En el acto tambi\u00e9n intervino la doctora Rosal\u00eda Sosa, quien agradeci\u00f3 al magistrado Ray Guevara haber acogido, en el 2018, su propuesta para llevar la ense\u00f1anza de la Constituci\u00f3n a las aulas universitarias.<\/p>\n\n\n\n<p>Sosa resalt\u00f3 la importancia de desarrollar la pertenencia de la Constituci\u00f3n, apostando a la ense\u00f1anza como el camino para que los ciudadanos se apropien de la ley sustantiva.<\/p>\n\n\n\n<p>Adem\u00e1s, en la actividad tambi\u00e9n se jurament\u00f3 al reverendo padre doctor Secilio Espinal Espinal, rector de la PUCMM, presidente de la Asociaci\u00f3n Dominicana de Universidades Cat\u00f3licas e Institutos Especializados Cat\u00f3licos de la Rep\u00fablica Dominicana (ADUCA), como nuevo miembro del Consejo.<\/p>\n\n\n\n<p>El rector de la PUCMM agradeci\u00f3 la oportunidad y la acogida del Consejo a ADUCA, de la cual explic\u00f3 fue formalmente constituida mediante asamblea en noviembre de 2022, aunque funcion\u00f3 durante a\u00f1os, con reuniones peri\u00f3dicas de todos los rectores de universidades e institutos cat\u00f3licos.<\/p>\n\n\n\n<p>\u201cDesde las universidades cat\u00f3licas e institutos especializados se procura fomentar la sana convivencia y el esp\u00edritu de mutua cooperaci\u00f3n en aras del desarrollo de proyectos comunes e intercambio acad\u00e9mico, que beneficien a todo el sistema educativo y a la sociedad dominicana\u201d, explic\u00f3 Espinal Espinal a los dem\u00e1s miembros presentes del Consejo.<\/p>\n\n\n\n<p>Enfatiz\u00f3 que ADUCA \u201cno es una asociaci\u00f3n cerrada\u201d, siendo uno de sus principales objetivos de \u00e9sta el intercambio con todas las universidades para afrontar los desaf\u00edos y problemas sociales, \u201cy lograr ese objetivo de toda instituci\u00f3n de educaci\u00f3n superior, que es la transformaci\u00f3n de la sociedad\u201d.<\/p>\n\n\n\n<p><strong>Asistentes a la reuni\u00f3n<\/strong><\/p>\n\n\n\n<p>Entre los centros acad\u00e9micos que asistieron a la reuni\u00f3n figuran las universidades Abierta para Adultos (UAPA), Central del Este (UCE), Tecnol\u00f3gica del Sur (UTESUR), la Experimental F\u00e9lix Adams (UNEFA), Cat\u00f3lica de Santo Domingo (UCSD), Francisco Henr\u00edquez y Carvajal (UFHEC) y los institutos Loyola, San Valero y Superior Comunitario.<\/p>\n\n\n\n<p>En la sesi\u00f3n del CONESCyT estuvieron presentes los viceministros Jos\u00e9 Cancel, Juan Francisco Viloria, Genaro Rodr\u00edguez y el director de Gabinete, Juan Medina.<\/p>\n\n\n\n<p>Adem\u00e1s, la extitular del MESCyT, Ligia Amada Melo viuda Cardona; el presidente de la Asociaci\u00f3n Dominicana de Universidades (ADOU), Jos\u00e9 Alejandro Aybar; el presidente de la Asociaci\u00f3n Dominicana de Rectores (ADRU), Jos\u00e9 Hazim Torres; el presidente de la Asociaciones de Universidades Privadas de Rep\u00fablica Dominicana (AURED), Ricardo Winter; el rector de la Universidad APEC, Franklyn Holgu\u00edn Hach\u00e9, entre otras personalidades del mundo acad\u00e9mico superior.<\/p>\n","protected":false},"excerpt":{"rendered":"<p>El Ministerio de Educaci\u00f3n Superior, Ciencia y Tecnolog\u00eda (Mescyt), a trav\u00e9s del Consejo Nacional de Educaci\u00f3n Superior (Conescyt), aprob\u00f3 con unanimidad de votos la ense\u00f1anza de la Constituci\u00f3n en las&hellip;<\/p>\n","protected":false},"author":2,"featured_media":56147,"comment_status":"open","ping_status":"open","sticky":false,"template":"","format":"standard","meta":{"content-type":"","jetpack_post_was_ever_published":false,"_jetpack_newsletter_access":"","_jetpack_dont_email_post_to_subs":false,"_jetpack_newsletter_tier_id":0,"_jetpack_memberships_contains_paywalled_content":false,"_jetpack_memberships_contains_paid_content":false,"footnotes":""},"categories":[35],"tags":[408,764,4907,1736,5512,4721],"class_list":["post-56146","post","type-post","status-publish","format-standard","has-post-thumbnail","hentry","category-nacionales","tag-aprueba","tag-constitucion","tag-ensenanza","tag-mescyt","tag-unanimidad","tag-universidades"],"jetpack_featured_media_url":"https:\/\/lasprimeras.com.do\/wp-content\/uploads\/2023\/07\/mescyt-2.jpg","jetpack-related-posts":[{"id":70459,"url":"https:\/\/lasprimeras.com.do\/index.php\/2023\/12\/11\/mescyt-aprueba-reclasificacion-de-la-unade-que-paso-de-instituto-a-universidad\/","url_meta":{"origin":56146,"position":0},"title":"MESCyT aprueba reclasificaci\u00f3n de la UNADE que pas\u00f3 de instituto a universidad","author":"Nelson Feliz","date":"11 de diciembre de 2023","format":false,"excerpt":"Por Martin Restituyo El titular del Ministerio de Educaci\u00f3n Superior, Ciencia y Tecnolog\u00eda, doctor Franklin Garc\u00eda Ferm\u00edn, dio lectura a la resoluci\u00f3n No. 31-2023, del Consejo Nacional de Educaci\u00f3n Superior Ciencias y Tecnolog\u00edas (CONESCyT), donde se aprueba la reclasificaci\u00f3n de la UNADE. Posteriormente se entreg\u00f3 a la vicepresidenta de la\u2026","rel":"","context":"En \u00abNACIONALES\u00bb","block_context":{"text":"NACIONALES","link":"https:\/\/lasprimeras.com.do\/index.php\/category\/nacionales\/"},"img":{"alt_text":"MESCyT","src":"https:\/\/i0.wp.com\/lasprimeras.com.do\/wp-content\/uploads\/2023\/12\/Raquel-Pena-1.jpg?resize=350%2C200&ssl=1","width":350,"height":200,"srcset":"https:\/\/i0.wp.com\/lasprimeras.com.do\/wp-content\/uploads\/2023\/12\/Raquel-Pena-1.jpg?resize=350%2C200&ssl=1 1x, https:\/\/i0.wp.com\/lasprimeras.com.do\/wp-content\/uploads\/2023\/12\/Raquel-Pena-1.jpg?resize=525%2C300&ssl=1 1.5x, https:\/\/i0.wp.com\/lasprimeras.com.do\/wp-content\/uploads\/2023\/12\/Raquel-Pena-1.jpg?resize=700%2C400&ssl=1 2x"},"classes":[]},{"id":122638,"url":"https:\/\/lasprimeras.com.do\/index.php\/2026\/02\/19\/ministro-del-mescyt-reafirma-compromiso-con-la-soberania\/","url_meta":{"origin":56146,"position":1},"title":"Ministro del MESCyT reafirma compromiso con la soberan\u00eda","author":"Nelson Feliz","date":"19 de febrero de 2026","format":false,"excerpt":"El ministro de Educaci\u00f3n Superior, Ciencia y Tecnolog\u00eda (MESCyT), Rafael Santos Bad\u00eda, exalt\u00f3 el legado del patricio Juan Pablo Duarte y de los fundadores de la Rep\u00fablica al participar en el acto solemne de izamiento de la bandera nacional, coordinado por la instituci\u00f3n junto al Senado de la Rep\u00fablica, en\u2026","rel":"","context":"En \u00abNACIONALES\u00bb","block_context":{"text":"NACIONALES","link":"https:\/\/lasprimeras.com.do\/index.php\/category\/nacionales\/"},"img":{"alt_text":"","src":"https:\/\/i0.wp.com\/lasprimeras.com.do\/wp-content\/uploads\/2026\/02\/RAFAEL-SANTOS-BADIA-1-1.jpg?resize=350%2C200&ssl=1","width":350,"height":200,"srcset":"https:\/\/i0.wp.com\/lasprimeras.com.do\/wp-content\/uploads\/2026\/02\/RAFAEL-SANTOS-BADIA-1-1.jpg?resize=350%2C200&ssl=1 1x, https:\/\/i0.wp.com\/lasprimeras.com.do\/wp-content\/uploads\/2026\/02\/RAFAEL-SANTOS-BADIA-1-1.jpg?resize=525%2C300&ssl=1 1.5x, https:\/\/i0.wp.com\/lasprimeras.com.do\/wp-content\/uploads\/2026\/02\/RAFAEL-SANTOS-BADIA-1-1.jpg?resize=700%2C400&ssl=1 2x"},"classes":[]},{"id":94059,"url":"https:\/\/lasprimeras.com.do\/index.php\/2025\/02\/24\/mescyt-rinde-homenaje-a-melanio-hernandez-por-su-trayectoria-en-el-campo-de-la-educacion\/","url_meta":{"origin":56146,"position":2},"title":"MESCyT rinde homenaje a Melanio Hern\u00e1ndez por su trayectoria en el campo de la educaci\u00f3n","author":"Nelson Feliz","date":"24 de febrero de 2025","format":false,"excerpt":"El acto estuvo encabezado por el ministro, doctor Franklin Garc\u00eda Ferm\u00edn, as\u00ed como funcionarios de la instituci\u00f3n y personalidades del mundo acad\u00e9mico. El Ministerio de Educaci\u00f3n Superior, Ciencia y Tecnolog\u00eda (MESCyT) tribut\u00f3 un homenaje a Melanio Hern\u00e1ndez por sus aportes al desarrollo de la educaci\u00f3n dominicana, sobre todo en el\u2026","rel":"","context":"En \u00abNACIONALES\u00bb","block_context":{"text":"NACIONALES","link":"https:\/\/lasprimeras.com.do\/index.php\/category\/nacionales\/"},"img":{"alt_text":"","src":"https:\/\/i0.wp.com\/lasprimeras.com.do\/wp-content\/uploads\/2025\/02\/fermin-1.jpg?resize=350%2C200&ssl=1","width":350,"height":200,"srcset":"https:\/\/i0.wp.com\/lasprimeras.com.do\/wp-content\/uploads\/2025\/02\/fermin-1.jpg?resize=350%2C200&ssl=1 1x, https:\/\/i0.wp.com\/lasprimeras.com.do\/wp-content\/uploads\/2025\/02\/fermin-1.jpg?resize=525%2C300&ssl=1 1.5x, https:\/\/i0.wp.com\/lasprimeras.com.do\/wp-content\/uploads\/2025\/02\/fermin-1.jpg?resize=700%2C400&ssl=1 2x"},"classes":[]},{"id":55982,"url":"https:\/\/lasprimeras.com.do\/index.php\/2023\/07\/27\/mescyt-entrega-2-mil-certificados-de-titulos-a-igual-numero-de-docentes-y-estudiantes\/","url_meta":{"origin":56146,"position":3},"title":"Mescyt entrega 2 mil certificados de t\u00edtulos a igual n\u00famero de docentes y estudiantes","author":"Nelson Feliz","date":"27 de julio de 2023","format":false,"excerpt":"En el acto, encabezado por la vicepresidenta Raquel Pe\u00f1a, y el ministro Franklin Garc\u00eda Ferm\u00edn, se entregaron 2 mil tablets a los participantes en la jornada de capacitaci\u00f3n tecnol\u00f3gica. El Ministerio de Educaci\u00f3n Superior, Ciencia y Tecnolog\u00eda (Mescyt) entreg\u00f3 2 mil certificados a igual n\u00famero de docentes y estudiantes de\u2026","rel":"","context":"En \u00abNACIONALES\u00bb","block_context":{"text":"NACIONALES","link":"https:\/\/lasprimeras.com.do\/index.php\/category\/nacionales\/"},"img":{"alt_text":"MESCYT","src":"https:\/\/i0.wp.com\/lasprimeras.com.do\/wp-content\/uploads\/2023\/07\/MESCYT.jpg?resize=350%2C200&ssl=1","width":350,"height":200,"srcset":"https:\/\/i0.wp.com\/lasprimeras.com.do\/wp-content\/uploads\/2023\/07\/MESCYT.jpg?resize=350%2C200&ssl=1 1x, https:\/\/i0.wp.com\/lasprimeras.com.do\/wp-content\/uploads\/2023\/07\/MESCYT.jpg?resize=525%2C300&ssl=1 1.5x, https:\/\/i0.wp.com\/lasprimeras.com.do\/wp-content\/uploads\/2023\/07\/MESCYT.jpg?resize=700%2C400&ssl=1 2x"},"classes":[]},{"id":60912,"url":"https:\/\/lasprimeras.com.do\/index.php\/2023\/09\/20\/fermin-exhorta-a-jovenes-beneficiados-con-becas-a-seguir-estudiando-aun-despues-de-obtener-un-titulo-de-grado\/","url_meta":{"origin":56146,"position":4},"title":"Ferm\u00edn exhorta a j\u00f3venes beneficiados con becas a seguir estudiando a\u00fan despu\u00e9s de obtener un t\u00edtulo de grado","author":"Nelson Feliz","date":"20 de septiembre de 2023","format":false,"excerpt":"El ministro de Educaci\u00f3n Superior, Ciencia y Tecnolog\u00eda encabeza entrega de 250 becas a j\u00f3venes municipio Santo Domingo Este. Por Mart\u00edn Restituyo El ministro de Educaci\u00f3n Superior, Ciencia y Tecnolog\u00eda, doctor Franklin Garc\u00eda Ferm\u00edn, inst\u00f3 a los j\u00f3venes dominicanos, que han sido beneficiados con becas otorgadas por el gobierno del\u2026","rel":"","context":"En \u00abNACIONALES\u00bb","block_context":{"text":"NACIONALES","link":"https:\/\/lasprimeras.com.do\/index.php\/category\/nacionales\/"},"img":{"alt_text":"Franklin Garc\u00eda Ferm\u00edn","src":"https:\/\/i0.wp.com\/lasprimeras.com.do\/wp-content\/uploads\/2023\/09\/Franklin-Garcia-Fermin-1.jpg?resize=350%2C200&ssl=1","width":350,"height":200,"srcset":"https:\/\/i0.wp.com\/lasprimeras.com.do\/wp-content\/uploads\/2023\/09\/Franklin-Garcia-Fermin-1.jpg?resize=350%2C200&ssl=1 1x, https:\/\/i0.wp.com\/lasprimeras.com.do\/wp-content\/uploads\/2023\/09\/Franklin-Garcia-Fermin-1.jpg?resize=525%2C300&ssl=1 1.5x, https:\/\/i0.wp.com\/lasprimeras.com.do\/wp-content\/uploads\/2023\/09\/Franklin-Garcia-Fermin-1.jpg?resize=700%2C400&ssl=1 2x"},"classes":[]},{"id":103424,"url":"https:\/\/lasprimeras.com.do\/index.php\/2025\/07\/15\/mescyt-impulsa-alianza-global-con-huawei-mas-innovacion-para-las-universidades-dominicanas\/","url_meta":{"origin":56146,"position":5},"title":"MESCyT impulsa alianza global con Huawei: m\u00e1s innovaci\u00f3n para las universidades dominicanas","author":"Nelson Feliz","date":"15 de julio de 2025","format":false,"excerpt":"Educaci\u00f3n dominicana se conecta con Huawei y China para transformar el futuro. RD Afianza alianza con Huawei para llevar la educaci\u00f3n superior al futuro digital. Shenzhen, China \u2013. Una delegaci\u00f3n oficial de alto nivel de la Rep\u00fablica Dominicana, encabezada por el ministro de Educaci\u00f3n Superior, Ciencia y Tecnolog\u00eda (MESCyT), doctor\u2026","rel":"","context":"En \u00abNACIONALES\u00bb","block_context":{"text":"NACIONALES","link":"https:\/\/lasprimeras.com.do\/index.php\/category\/nacionales\/"},"img":{"alt_text":"","src":"https:\/\/i0.wp.com\/lasprimeras.com.do\/wp-content\/uploads\/2025\/07\/MESCyT.jpg?resize=350%2C200&ssl=1","width":350,"height":200,"srcset":"https:\/\/i0.wp.com\/lasprimeras.com.do\/wp-content\/uploads\/2025\/07\/MESCyT.jpg?resize=350%2C200&ssl=1 1x, https:\/\/i0.wp.com\/lasprimeras.com.do\/wp-content\/uploads\/2025\/07\/MESCyT.jpg?resize=525%2C300&ssl=1 1.5x, https:\/\/i0.wp.com\/lasprimeras.com.do\/wp-content\/uploads\/2025\/07\/MESCyT.jpg?resize=700%2C400&ssl=1 2x"},"classes":[]}],"jetpack_sharing_enabled":true,"_links":{"self":[{"href":"https:\/\/lasprimeras.com.do\/index.php\/wp-json\/wp\/v2\/posts\/56146","targetHints":{"allow":["GET"]}}],"collection":[{"href":"https:\/\/lasprimeras.com.do\/index.php\/wp-json\/wp\/v2\/posts"}],"about":[{"href":"https:\/\/lasprimeras.com.do\/index.php\/wp-json\/wp\/v2\/types\/post"}],"author":[{"embeddable":true,"href":"https:\/\/lasprimeras.com.do\/index.php\/wp-json\/wp\/v2\/users\/2"}],"replies":[{"embeddable":true,"href":"https:\/\/lasprimeras.com.do\/index.php\/wp-json\/wp\/v2\/comments?post=56146"}],"version-history":[{"count":1,"href":"https:\/\/lasprimeras.com.do\/index.php\/wp-json\/wp\/v2\/posts\/56146\/revisions"}],"predecessor-version":[{"id":56148,"href":"https:\/\/lasprimeras.com.do\/index.php\/wp-json\/wp\/v2\/posts\/56146\/revisions\/56148"}],"wp:featuredmedia":[{"embeddable":true,"href":"https:\/\/lasprimeras.com.do\/index.php\/wp-json\/wp\/v2\/media\/56147"}],"wp:attachment":[{"href":"https:\/\/lasprimeras.com.do\/index.php\/wp-json\/wp\/v2\/media?parent=56146"}],"wp:term":[{"taxonomy":"category","embeddable":true,"href":"https:\/\/lasprimeras.com.do\/index.php\/wp-json\/wp\/v2\/categories?post=56146"},{"taxonomy":"post_tag","embeddable":true,"href":"https:\/\/lasprimeras.com.do\/index.php\/wp-json\/wp\/v2\/tags?post=56146"}],"curies":[{"name":"wp","href":"https:\/\/api.w.org\/{rel}","templated":true}]}}