{"id":56155,"date":"2023-07-28T12:54:42","date_gmt":"2023-07-28T16:54:42","guid":{"rendered":"https:\/\/lasprimeras.com.do\/?p=56155"},"modified":"2023-07-28T12:54:44","modified_gmt":"2023-07-28T16:54:44","slug":"lopez-obrador-acusa-a-la-onu-de-sectaria-por-criticar-al-ejercito-en-el-caso-ayotzinapa","status":"publish","type":"post","link":"https:\/\/lasprimeras.com.do\/index.php\/2023\/07\/28\/lopez-obrador-acusa-a-la-onu-de-sectaria-por-criticar-al-ejercito-en-el-caso-ayotzinapa\/","title":{"rendered":"L\u00f3pez Obrador acusa a la ONU de &#8220;sectaria&#8221; por criticar al Ej\u00e9rcito en el caso Ayotzinapa"},"content":{"rendered":"\n<p>El presidente mexicano, Andr\u00e9s Manuel L\u00f3pez Obrador, acus\u00f3 este viernes a la ONU de ser &#8220;sectaria&#8221; y &#8220;tendenciosa&#8221; porque el organismo critic\u00f3 el rol del Ej\u00e9rcito en el caso de los 43 estudiantes desaparecidos de la escuela de Ayotzinapa.<\/p>\n\n\n\n<p>\u201cLa misma ONU act\u00faa de manera sectaria, parcial, tendenciosa. Se los fui a decir, cuando estuve en Nueva York (en 2021), que s\u00f3lo se pronuncian cuando se trata de afectar a Gobiernos surgidos de movimientos populares y democr\u00e1ticos\u201d, manifest\u00f3 el mandatario en su rueda de prensa matutina.<\/p>\n\n\n\n<p>L\u00f3pez Obrador respondi\u00f3 al pronunciamiento de la oficina en M\u00e9xico del Alto Comisionado de las Naciones Unidas para los Derechos Humanos (ONU-DH), que lament\u00f3 este jueves la falta de cooperaci\u00f3n de las Fuerzas Armadas para esclarecer la desaparici\u00f3n de los 43 estudiantes en el sure\u00f1o estado de Guerrero en 2014.<\/p>\n\n\n\n<p>La ONU-DH celebr\u00f3 el trabajo del Grupo Interdisciplinario de Expertos Independientes (GIEI) de la Comisi\u00f3n Interamericana de Derechos Humanos (CIDH), que el martes pasado present\u00f3 su \u00faltimo informe sobre el caso, en el que se\u00f1ala la resistencia del Ej\u00e9rcito a entregar informaci\u00f3n acerca de su participaci\u00f3n en el caso.<\/p>\n\n\n\n<p>Pero el mandatario contest\u00f3 que \u201cno es cierto, es una campa\u00f1a en contra del Ej\u00e9rcito de M\u00e9xico, sin fundamento, en general no tienen raz\u00f3n. Es una campa\u00f1a para socavar, para debilitar a las Fuerzas Armadas\u201d.<\/p>\n\n\n\n<p>Tambi\u00e9n acus\u00f3 a la Organizaci\u00f3n de Estados Americanos (OEA) y a la ONU de actuar &#8220;solo en funci\u00f3n de los intereses que representan, que no son los intereses del pueblo\u201d.<\/p>\n\n\n\n<p>\u201cLo que sucede es que hay una tendencia a culpar a las instituciones, en este caso, al Ej\u00e9rcito mexicano, sin pruebas, sin elementos. Estamos avanzando y se les olvida tambi\u00e9n que el Ej\u00e9rcito mexicano es un Ej\u00e9rcito surgido de un movimiento revolucionario y es parte de nuestro pueblo\u201d, remarc\u00f3 L\u00f3pez Obrador.<\/p>\n\n\n\n<p>La pol\u00e9mica sobre la actuaci\u00f3n de las Fuerzas Armadas ha crecido desde el informe del GIEI, que sali\u00f3 de M\u00e9xico por no encontrar condiciones para continuar con la investigaci\u00f3n.<\/p>\n\n\n\n<p>Seg\u00fan la pol\u00e9mica versi\u00f3n del Gobierno de Enrique Pe\u00f1a Nieto (2012-2018), la llamada \u201cverdad hist\u00f3rica\u201d, polic\u00edas corruptos detuvieron a los 43 estudiantes en septiembre de 2014 y los entregaron al cartel Guerreros Unidos, que los asesinaron e incineraron en un basurero.<\/p>\n\n\n\n<p>Sin embargo, el GIEI derrib\u00f3 esta versi\u00f3n y la Comisi\u00f3n para la Verdad y Acceso a la Justicia concluy\u00f3 el a\u00f1o pasado que la desaparici\u00f3n de los 43 estudiantes fue un \u201ccrimen de Estado\u201d en el que estuvieron involucrados autoridades de todos los niveles, incluidos miembros de las Fuerzas Armadas.<\/p>\n\n\n\n<p>L\u00f3pez Obrador, quien prometi\u00f3 en su campa\u00f1a electoral resolver el caso, defendi\u00f3 que su Gobierno ha actuado, con m\u00e1s de 100 detenidos, incluyendo al extitular de la extinta Procuradur\u00eda General de la Rep\u00fablica (PGR) Jes\u00fas Murillo Karam (2012-2015) y dos generales.<\/p>\n\n\n\n<p>Agencia EFE<\/p>\n","protected":false},"excerpt":{"rendered":"<p>El presidente mexicano, Andr\u00e9s Manuel L\u00f3pez Obrador, acus\u00f3 este viernes a la ONU de ser &#8220;sectaria&#8221; y &#8220;tendenciosa&#8221; porque el organismo critic\u00f3 el rol del Ej\u00e9rcito en el caso de&hellip;<\/p>\n","protected":false},"author":2,"featured_media":56156,"comment_status":"open","ping_status":"open","sticky":false,"template":"","format":"standard","meta":{"content-type":"","jetpack_post_was_ever_published":false,"_jetpack_newsletter_access":"","_jetpack_dont_email_post_to_subs":false,"_jetpack_newsletter_tier_id":0,"_jetpack_memberships_contains_paywalled_content":false,"_jetpack_memberships_contains_paid_content":false,"footnotes":""},"categories":[1],"tags":[3242,5519,73,93,5518],"class_list":["post-56155","post","type-post","status-publish","format-standard","has-post-thumbnail","hentry","category-sin-categoria","tag-andres-manuel-lopez-obrador","tag-caso-ayotzinapa","tag-ejercito","tag-onu","tag-sectaria"],"jetpack_featured_media_url":"https:\/\/lasprimeras.com.do\/wp-content\/uploads\/2023\/07\/Lopez-Obrador.jpg","jetpack-related-posts":[{"id":52236,"url":"https:\/\/lasprimeras.com.do\/index.php\/2023\/06\/08\/lopez-obrador-celebra-disminucion-de-la-inflacion-en-mayo-vamos-avanzando\/","url_meta":{"origin":56155,"position":0},"title":"L\u00f3pez Obrador celebra disminuci\u00f3n de la inflaci\u00f3n en mayo; &#8216;vamos avanzando&#8217;","author":"prenxa100","date":"8 de junio de 2023","format":false,"excerpt":"De acuerdo al mandatario la estimaci\u00f3n del Inegi es un espaldarazo para las pol\u00edticas econ\u00f3micas del pa\u00eds. FERNANDO D\u00c1VILA El presidente de M\u00e9xico, Andr\u00e9s Manuel L\u00f3pez Obrador se pronunci\u00f3 este jueves sobre la situaci\u00f3n econ\u00f3mica del pa\u00eds, de la cual anunci\u00f3 que el Instituto Nacional de Estad\u00edstica y Geograf\u00eda (Inegi)\u2026","rel":"","context":"En \u00abECONOM\u00cdA\u00bb","block_context":{"text":"ECONOM\u00cdA","link":"https:\/\/lasprimeras.com.do\/index.php\/category\/economia\/"},"img":{"alt_text":"","src":"","width":0,"height":0},"classes":[]},{"id":58023,"url":"https:\/\/lasprimeras.com.do\/index.php\/2023\/08\/18\/lopez-obrador-niega-violar-el-t-mec-pese-al-panel-de-controversias-por-el-maiz-transgenico\/","url_meta":{"origin":56155,"position":1},"title":"L\u00f3pez Obrador niega violar el T-MEC pese al panel de controversias por el ma\u00edz transg\u00e9nico","author":"Nelson Feliz","date":"18 de agosto de 2023","format":false,"excerpt":"El presidente mexicano, Andr\u00e9s Manuel L\u00f3pez Obrador, neg\u00f3 este viernes que su Gobierno viole el Tratado entre M\u00e9xico, Estados Unidos y Canad\u00e1 (T-MEC) pese al panel de controversias que pidi\u00f3 Washington para resolver el conflicto por las restricciones al ma\u00edz transg\u00e9nico. \"No estamos violando el tratado porque en el tratado\u2026","rel":"","context":"En \u00abSin categor\u00eda\u00bb","block_context":{"text":"Sin categor\u00eda","link":"https:\/\/lasprimeras.com.do\/index.php\/category\/sin-categoria\/"},"img":{"alt_text":"Andr\u00e9s Manuel L\u00f3pez Obrador","src":"https:\/\/i0.wp.com\/lasprimeras.com.do\/wp-content\/uploads\/2023\/08\/Andres-Manuel-Lopez-Obrador-1.jpg?resize=350%2C200&ssl=1","width":350,"height":200,"srcset":"https:\/\/i0.wp.com\/lasprimeras.com.do\/wp-content\/uploads\/2023\/08\/Andres-Manuel-Lopez-Obrador-1.jpg?resize=350%2C200&ssl=1 1x, https:\/\/i0.wp.com\/lasprimeras.com.do\/wp-content\/uploads\/2023\/08\/Andres-Manuel-Lopez-Obrador-1.jpg?resize=525%2C300&ssl=1 1.5x, https:\/\/i0.wp.com\/lasprimeras.com.do\/wp-content\/uploads\/2023\/08\/Andres-Manuel-Lopez-Obrador-1.jpg?resize=700%2C400&ssl=1 2x"},"classes":[]},{"id":89554,"url":"https:\/\/lasprimeras.com.do\/index.php\/2024\/09\/28\/lopez-obrador-despide-gira-con-la-apertura-de-zona-naval-sin-mensaje-de-sheinbaum\/","url_meta":{"origin":56155,"position":2},"title":"L\u00f3pez Obrador despide gira con la apertura de zona naval sin mensaje de Sheinbaum","author":"Nelson Feliz","date":"28 de septiembre de 2024","format":false,"excerpt":"Ciudad de M\u00e9xico (EFE).- El presidente saliente de M\u00e9xico, Andr\u00e9s Manuel L\u00f3pez Obrador, despidi\u00f3 este s\u00e1bado su gira de transici\u00f3n con la presidenta electa, Claudia Sheinbaum, con la inauguraci\u00f3n del sector naval en Boca de Chila, en el estado de Nayarit, sin el discurso de su sucesora, que asumir\u00e1 el\u2026","rel":"","context":"En \u00abSin categor\u00eda\u00bb","block_context":{"text":"Sin categor\u00eda","link":"https:\/\/lasprimeras.com.do\/index.php\/category\/sin-categoria\/"},"img":{"alt_text":"Andr\u00e9s Manuel L\u00f3pez Obrador","src":"https:\/\/i0.wp.com\/lasprimeras.com.do\/wp-content\/uploads\/2024\/09\/Andres-Manuel-Lopez-Obrador.jpg?resize=350%2C200&ssl=1","width":350,"height":200,"srcset":"https:\/\/i0.wp.com\/lasprimeras.com.do\/wp-content\/uploads\/2024\/09\/Andres-Manuel-Lopez-Obrador.jpg?resize=350%2C200&ssl=1 1x, https:\/\/i0.wp.com\/lasprimeras.com.do\/wp-content\/uploads\/2024\/09\/Andres-Manuel-Lopez-Obrador.jpg?resize=525%2C300&ssl=1 1.5x, https:\/\/i0.wp.com\/lasprimeras.com.do\/wp-content\/uploads\/2024\/09\/Andres-Manuel-Lopez-Obrador.jpg?resize=700%2C400&ssl=1 2x"},"classes":[]},{"id":67210,"url":"https:\/\/lasprimeras.com.do\/index.php\/2023\/11\/14\/confirmo-casa-blanca-reunion-biden-lopez-obrador-en-eeuu\/","url_meta":{"origin":56155,"position":3},"title":"Confirm\u00f3 Casa Blanca reuni\u00f3n Biden-L\u00f3pez Obrador en EEUU","author":"BIMARY DE JES\u00daS Matos","date":"14 de noviembre de 2023","format":false,"excerpt":"Washington.- El presidente de Estados Unidos, Joe Biden, se reunir\u00e1 con su par de M\u00e9xico, Andr\u00e9s Manuel L\u00f3pez Obrador, al margen de la reuni\u00f3n anual del Foro de Cooperaci\u00f3n Econ\u00f3mica Asia-Pac\u00edfico, confirm\u00f3 hoy la Casa Blanca. Biden y L\u00f3pez Obrador sostendr\u00e1n su encuentro el viernes en San Francisco, California, donde\u2026","rel":"","context":"En \u00abSin categor\u00eda\u00bb","block_context":{"text":"Sin categor\u00eda","link":"https:\/\/lasprimeras.com.do\/index.php\/category\/sin-categoria\/"},"img":{"alt_text":"","src":"https:\/\/i0.wp.com\/lasprimeras.com.do\/wp-content\/uploads\/2023\/11\/WhatsApp-Image-2023-11-13-at-6.59.24-PM-5.jpeg?resize=350%2C200&ssl=1","width":350,"height":200,"srcset":"https:\/\/i0.wp.com\/lasprimeras.com.do\/wp-content\/uploads\/2023\/11\/WhatsApp-Image-2023-11-13-at-6.59.24-PM-5.jpeg?resize=350%2C200&ssl=1 1x, https:\/\/i0.wp.com\/lasprimeras.com.do\/wp-content\/uploads\/2023\/11\/WhatsApp-Image-2023-11-13-at-6.59.24-PM-5.jpeg?resize=525%2C300&ssl=1 1.5x"},"classes":[]},{"id":62288,"url":"https:\/\/lasprimeras.com.do\/index.php\/2023\/10\/04\/el-presidente-de-mexico-dice-que-10-000-migrantes-al-dia-se-dirigen-a-la-frontera-con-ee-uu\/","url_meta":{"origin":56155,"position":4},"title":"El presidente de M\u00e9xico dice que 10.000 migrantes al d\u00eda se dirigen a la frontera con EE.UU.","author":"Nelson Feliz","date":"4 de octubre de 2023","format":false,"excerpt":"L\u00f3pez Obrador culpa a Cuba de las sanciones de Estados Unidos. CIUDAD DE M\u00c9XICO (AP) \u2014 El presidente de M\u00e9xico manifest\u00f3 que alrededor de 10.000 migrantes por d\u00eda se dirigen a la frontera con Estados Unidos y culp\u00f3 de la afluencia a las sanciones econ\u00f3micas de Estados Unidos a pa\u00edses\u2026","rel":"","context":"En \u00abSin categor\u00eda\u00bb","block_context":{"text":"Sin categor\u00eda","link":"https:\/\/lasprimeras.com.do\/index.php\/category\/sin-categoria\/"},"img":{"alt_text":"","src":"https:\/\/i0.wp.com\/lasprimeras.com.do\/wp-content\/uploads\/2023\/10\/migrantes.jpg?resize=350%2C200&ssl=1","width":350,"height":200,"srcset":"https:\/\/i0.wp.com\/lasprimeras.com.do\/wp-content\/uploads\/2023\/10\/migrantes.jpg?resize=350%2C200&ssl=1 1x, https:\/\/i0.wp.com\/lasprimeras.com.do\/wp-content\/uploads\/2023\/10\/migrantes.jpg?resize=525%2C300&ssl=1 1.5x, https:\/\/i0.wp.com\/lasprimeras.com.do\/wp-content\/uploads\/2023\/10\/migrantes.jpg?resize=700%2C400&ssl=1 2x"},"classes":[]},{"id":84042,"url":"https:\/\/lasprimeras.com.do\/index.php\/2024\/05\/30\/un-mexico-violento-y-polarizado-acude-a-las-urnas-para-elegir-entre-2-candidatas-presidenciales-mujeres\/","url_meta":{"origin":56155,"position":5},"title":"Un M\u00e9xico violento y polarizado acude a las urnas para elegir entre 2 candidatas presidenciales mujeres","author":"Nelson Feliz","date":"30 de mayo de 2024","format":false,"excerpt":"POR MARK STEVENSON Y MAR\u00cdA VERZA CIUDAD DE M\u00c9XICO (AP) \u2014 M\u00e9xico llega a las elecciones del domingo profundamente dividido: amigos y familiares ya no hablan de pol\u00edtica por temor a empeorar divisiones insalvables, mientras que los c\u00e1rteles de la droga han dividido al pa\u00eds en una colcha de feudos\u2026","rel":"","context":"En \u00abSin categor\u00eda\u00bb","block_context":{"text":"Sin categor\u00eda","link":"https:\/\/lasprimeras.com.do\/index.php\/category\/sin-categoria\/"},"img":{"alt_text":"","src":"https:\/\/i0.wp.com\/lasprimeras.com.do\/wp-content\/uploads\/2024\/05\/Candidatas.jpg?resize=350%2C200&ssl=1","width":350,"height":200,"srcset":"https:\/\/i0.wp.com\/lasprimeras.com.do\/wp-content\/uploads\/2024\/05\/Candidatas.jpg?resize=350%2C200&ssl=1 1x, https:\/\/i0.wp.com\/lasprimeras.com.do\/wp-content\/uploads\/2024\/05\/Candidatas.jpg?resize=525%2C300&ssl=1 1.5x, https:\/\/i0.wp.com\/lasprimeras.com.do\/wp-content\/uploads\/2024\/05\/Candidatas.jpg?resize=700%2C400&ssl=1 2x"},"classes":[]}],"jetpack_sharing_enabled":true,"_links":{"self":[{"href":"https:\/\/lasprimeras.com.do\/index.php\/wp-json\/wp\/v2\/posts\/56155","targetHints":{"allow":["GET"]}}],"collection":[{"href":"https:\/\/lasprimeras.com.do\/index.php\/wp-json\/wp\/v2\/posts"}],"about":[{"href":"https:\/\/lasprimeras.com.do\/index.php\/wp-json\/wp\/v2\/types\/post"}],"author":[{"embeddable":true,"href":"https:\/\/lasprimeras.com.do\/index.php\/wp-json\/wp\/v2\/users\/2"}],"replies":[{"embeddable":true,"href":"https:\/\/lasprimeras.com.do\/index.php\/wp-json\/wp\/v2\/comments?post=56155"}],"version-history":[{"count":1,"href":"https:\/\/lasprimeras.com.do\/index.php\/wp-json\/wp\/v2\/posts\/56155\/revisions"}],"predecessor-version":[{"id":56157,"href":"https:\/\/lasprimeras.com.do\/index.php\/wp-json\/wp\/v2\/posts\/56155\/revisions\/56157"}],"wp:featuredmedia":[{"embeddable":true,"href":"https:\/\/lasprimeras.com.do\/index.php\/wp-json\/wp\/v2\/media\/56156"}],"wp:attachment":[{"href":"https:\/\/lasprimeras.com.do\/index.php\/wp-json\/wp\/v2\/media?parent=56155"}],"wp:term":[{"taxonomy":"category","embeddable":true,"href":"https:\/\/lasprimeras.com.do\/index.php\/wp-json\/wp\/v2\/categories?post=56155"},{"taxonomy":"post_tag","embeddable":true,"href":"https:\/\/lasprimeras.com.do\/index.php\/wp-json\/wp\/v2\/tags?post=56155"}],"curies":[{"name":"wp","href":"https:\/\/api.w.org\/{rel}","templated":true}]}}