{"id":56158,"date":"2023-07-28T13:03:51","date_gmt":"2023-07-28T17:03:51","guid":{"rendered":"https:\/\/lasprimeras.com.do\/?p=56158"},"modified":"2023-07-28T13:03:53","modified_gmt":"2023-07-28T17:03:53","slug":"jamaica-busca-atraer-turistas-de-america-latina-con-una-gira-por-argentina-chile-y-peru","status":"publish","type":"post","link":"https:\/\/lasprimeras.com.do\/index.php\/2023\/07\/28\/jamaica-busca-atraer-turistas-de-america-latina-con-una-gira-por-argentina-chile-y-peru\/","title":{"rendered":"Jamaica busca atraer turistas de Am\u00e9rica Latina con una gira por Argentina, Chile y Per\u00fa"},"content":{"rendered":"\n<p>El ministro de Turismo de Jamaica, Edmund Bartlett, inici\u00f3 este viernes una gira de una semana por Argentina, Chile y Per\u00fa con el objetivo de aumentar la llegada de turistas de la regi\u00f3n a la isla.<\/p>\n\n\n\n<p>&#8220;La recuperaci\u00f3n econ\u00f3mica de Am\u00e9rica del Sur a los niveles previos a la pandemia ha sido bastante impresionante y confiamos en que este es un buen momento para buscar oportunidades de colaboraci\u00f3n entre Jamaica y los actores del turismo en esa regi\u00f3n&#8221;, dijo Bartlett a los periodistas antes de comenzar su gira.<\/p>\n\n\n\n<p>El titular de Turismo explic\u00f3 que, antes de la covid-19, Jamaica hab\u00eda observado un inter\u00e9s significativo proveniente del mercado latinoamericano y que, despu\u00e9s de la pandemia, la demanda ha aumentado.<\/p>\n\n\n\n<p>&#8220;Dada esta trayectoria, estamos entusiasmados con el futuro y el desarrollo de nuestra participaci\u00f3n de mercado en este lado del mundo, mientras buscamos fomentar el crecimiento continuo de nuestro sector tur\u00edstico&#8221;, agreg\u00f3 Bartlett.<\/p>\n\n\n\n<p>Durante la gira, la delegaci\u00f3n encabezada por Bartlett sostendr\u00e1 una serie de reuniones con representantes de los ministerios de turismo locales y con responsables de la aerol\u00ednea Copa Airlines, que antes de la pandemia fletaba unos once vuelos semanales entre Panam\u00e1 y Jamaica, seg\u00fan el comunicado del Ministerio de Turismo.<\/p>\n\n\n\n<p>&#8220;Nuestra misi\u00f3n es enriquecer la relaci\u00f3n con Am\u00e9rica Latina y reforzar la llegada de visitantes provenientes del sur mientras nos esforzamos por alcanzar nuestro objetivo de cinco millones de visitantes anuales para 2025&#8221;, concluy\u00f3 Bartlett.<\/p>\n\n\n\n<p>El ministro, que regresar\u00e1 a Jamaica el pr\u00f3ximo 4 de agosto, tambi\u00e9n se reunir\u00e1 con representantes de universidades locales para discutir la expansi\u00f3n de la presencia en Am\u00e9rica del Sur del Centro de Manejo de Crisis y Resiliencia del Turismo Global, con sede en Jamaica.<\/p>\n\n\n\n<p>Agencia EFE<\/p>\n","protected":false},"excerpt":{"rendered":"<p>El ministro de Turismo de Jamaica, Edmund Bartlett, inici\u00f3 este viernes una gira de una semana por Argentina, Chile y Per\u00fa con el objetivo de aumentar la llegada de turistas&hellip;<\/p>\n","protected":false},"author":2,"featured_media":56159,"comment_status":"open","ping_status":"open","sticky":false,"template":"","format":"standard","meta":{"content-type":"","jetpack_post_was_ever_published":false,"_jetpack_newsletter_access":"","_jetpack_dont_email_post_to_subs":false,"_jetpack_newsletter_tier_id":0,"_jetpack_memberships_contains_paywalled_content":false,"_jetpack_memberships_contains_paid_content":false,"footnotes":""},"categories":[376],"tags":[875,3254,763,2729,5520,3769,1697],"class_list":["post-56158","post","type-post","status-publish","format-standard","has-post-thumbnail","hentry","category-turismo","tag-america-latina","tag-argentina","tag-chile","tag-gira","tag-jamaica","tag-peru","tag-turistas"],"jetpack_featured_media_url":"https:\/\/lasprimeras.com.do\/wp-content\/uploads\/2023\/07\/Edmund-Bartlett.jpg","jetpack-related-posts":[{"id":75053,"url":"https:\/\/lasprimeras.com.do\/index.php\/2024\/01\/29\/fitur-cierra-con-mas-de-250-000-visitas\/","url_meta":{"origin":56158,"position":0},"title":"Fitur cierra con m\u00e1s de 250.000 visitas","author":"BIMARY DE JES\u00daS Matos","date":"29 de enero de 2024","format":false,"excerpt":"Madrid, .- La Feria Internacional de Turismo (Fitur) cierra este domingo sus puertas en Madrid tras haber recibido m\u00e1s de 250.000 visitas, con Ecuador como pa\u00eds invitado, al que M\u00e9xico tomar\u00e1 el relevo en la pr\u00f3xima edici\u00f3n. La afluencia de visitantes en esta 44 edici\u00f3n de la primera gran feria\u2026","rel":"","context":"En \u00abPORTADA\u00bb","block_context":{"text":"PORTADA","link":"https:\/\/lasprimeras.com.do\/index.php\/category\/portada\/"},"img":{"alt_text":"","src":"https:\/\/i0.wp.com\/lasprimeras.com.do\/wp-content\/uploads\/2024\/01\/WhatsApp-Image-2024-01-26-at-12.10.49-PM.webp?resize=350%2C200&ssl=1","width":350,"height":200,"srcset":"https:\/\/i0.wp.com\/lasprimeras.com.do\/wp-content\/uploads\/2024\/01\/WhatsApp-Image-2024-01-26-at-12.10.49-PM.webp?resize=350%2C200&ssl=1 1x, https:\/\/i0.wp.com\/lasprimeras.com.do\/wp-content\/uploads\/2024\/01\/WhatsApp-Image-2024-01-26-at-12.10.49-PM.webp?resize=525%2C300&ssl=1 1.5x, https:\/\/i0.wp.com\/lasprimeras.com.do\/wp-content\/uploads\/2024\/01\/WhatsApp-Image-2024-01-26-at-12.10.49-PM.webp?resize=700%2C400&ssl=1 2x, https:\/\/i0.wp.com\/lasprimeras.com.do\/wp-content\/uploads\/2024\/01\/WhatsApp-Image-2024-01-26-at-12.10.49-PM.webp?resize=1050%2C600&ssl=1 3x, https:\/\/i0.wp.com\/lasprimeras.com.do\/wp-content\/uploads\/2024\/01\/WhatsApp-Image-2024-01-26-at-12.10.49-PM.webp?resize=1400%2C800&ssl=1 4x"},"classes":[]},{"id":113076,"url":"https:\/\/lasprimeras.com.do\/index.php\/2025\/10\/29\/el-huracan-melissa-golpea-el-centro-turistico-de-jamaica-hogar-del-80-de-los-dominicanos\/","url_meta":{"origin":56158,"position":1},"title":"El hurac\u00e1n Melissa golpea el centro tur\u00edstico de Jamaica, hogar del 80 % de los dominicanos","author":"Nelson Feliz","date":"29 de octubre de 2025","format":false,"excerpt":"El embajador dominicano, Manuel Dur\u00e1n, se traslad\u00f3 a la zona para una evaluaci\u00f3n de los da\u00f1os causados por el hurac\u00e1n a la comunidad dominicana. M\u00e1s de mil dominicanos residen en Montego Bay, el principal destino tur\u00edstico de Jamaica, que sufri\u00f3 graves da\u00f1os por el impacto directo de Melissa, el poderoso\u2026","rel":"","context":"En \u00abTURISMO\u00bb","block_context":{"text":"TURISMO","link":"https:\/\/lasprimeras.com.do\/index.php\/category\/turismo\/"},"img":{"alt_text":"","src":"https:\/\/i0.wp.com\/lasprimeras.com.do\/wp-content\/uploads\/2025\/10\/El-huracan-Melissa-1.jpg?resize=350%2C200&ssl=1","width":350,"height":200,"srcset":"https:\/\/i0.wp.com\/lasprimeras.com.do\/wp-content\/uploads\/2025\/10\/El-huracan-Melissa-1.jpg?resize=350%2C200&ssl=1 1x, https:\/\/i0.wp.com\/lasprimeras.com.do\/wp-content\/uploads\/2025\/10\/El-huracan-Melissa-1.jpg?resize=525%2C300&ssl=1 1.5x, https:\/\/i0.wp.com\/lasprimeras.com.do\/wp-content\/uploads\/2025\/10\/El-huracan-Melissa-1.jpg?resize=700%2C400&ssl=1 2x"},"classes":[]},{"id":69872,"url":"https:\/\/lasprimeras.com.do\/index.php\/2023\/12\/06\/pruebas-pisa-casi-el-73-de-los-estudiantes-secundarios-no-alcanzan-un-nivel-minimo-en-matematica\/","url_meta":{"origin":56158,"position":2},"title":"Pruebas PISA: casi el 73% de los estudiantes secundarios no alcanzan un nivel m\u00ednimo en matem\u00e1tica","author":"Nelson Feliz","date":"6 de diciembre de 2023","format":false,"excerpt":"Es-Us.Noticias.Yahoo Siete de cada diez estudiantes argentinos no logran el nivel m\u00ednimo de desempe\u00f1o en matem\u00e1tica. En tanto, en lectura y ciencia, son cinco de cada diez alumnos los que no alcanzaron los niveles b\u00e1sicos. As\u00ed lo revelaron los resultados de las pruebas del Programa para la Evaluaci\u00f3n Internacional de\u2026","rel":"","context":"En \u00abSin categor\u00eda\u00bb","block_context":{"text":"Sin categor\u00eda","link":"https:\/\/lasprimeras.com.do\/index.php\/category\/sin-categoria\/"},"img":{"alt_text":"Pruebas PISA","src":"https:\/\/i0.wp.com\/lasprimeras.com.do\/wp-content\/uploads\/2023\/12\/pisa40.jpg?resize=350%2C200&ssl=1","width":350,"height":200,"srcset":"https:\/\/i0.wp.com\/lasprimeras.com.do\/wp-content\/uploads\/2023\/12\/pisa40.jpg?resize=350%2C200&ssl=1 1x, https:\/\/i0.wp.com\/lasprimeras.com.do\/wp-content\/uploads\/2023\/12\/pisa40.jpg?resize=525%2C300&ssl=1 1.5x, https:\/\/i0.wp.com\/lasprimeras.com.do\/wp-content\/uploads\/2023\/12\/pisa40.jpg?resize=700%2C400&ssl=1 2x"},"classes":[]},{"id":61445,"url":"https:\/\/lasprimeras.com.do\/index.php\/2023\/09\/27\/republica-dominicana-recibe-el-dia-mundial-del-turismo-con-mas-ingresos-y-visitantes\/","url_meta":{"origin":56158,"position":3},"title":"Rep\u00fablica Dominicana recibe el D\u00eda Mundial del Turismo con m\u00e1s ingresos y visitantes","author":"Nelson Feliz","date":"27 de septiembre de 2023","format":false,"excerpt":"En un contexto en el que la industria tur\u00edstica global sigue esforz\u00e1ndose por sobrepasar los flujos tur\u00edsticos de hace tres a\u00f1os -antes del rezago que supuso la pandemia para el sector-, Rep\u00fablica Dominicana trabaja en seguir posicion\u00e1ndose en Am\u00e9rica Latina y el Caribe. Este desempe\u00f1o ya ha sumado 7,668.9 millones\u2026","rel":"","context":"En \u00abTURISMO\u00bb","block_context":{"text":"TURISMO","link":"https:\/\/lasprimeras.com.do\/index.php\/category\/turismo\/"},"img":{"alt_text":"Turistas recorren la fortaleza San Felipe y sus inmediaciones durante una visita a Puerto Plata. (DIARIO LIBRE\/ANEUDY TAV\u00c1REZ)","src":"https:\/\/i0.wp.com\/lasprimeras.com.do\/wp-content\/uploads\/2023\/09\/Turistas-recorren-la-fortaleza-San-Felipe.jpg?resize=350%2C200&ssl=1","width":350,"height":200,"srcset":"https:\/\/i0.wp.com\/lasprimeras.com.do\/wp-content\/uploads\/2023\/09\/Turistas-recorren-la-fortaleza-San-Felipe.jpg?resize=350%2C200&ssl=1 1x, https:\/\/i0.wp.com\/lasprimeras.com.do\/wp-content\/uploads\/2023\/09\/Turistas-recorren-la-fortaleza-San-Felipe.jpg?resize=525%2C300&ssl=1 1.5x, https:\/\/i0.wp.com\/lasprimeras.com.do\/wp-content\/uploads\/2023\/09\/Turistas-recorren-la-fortaleza-San-Felipe.jpg?resize=700%2C400&ssl=1 2x"},"classes":[]},{"id":64372,"url":"https:\/\/lasprimeras.com.do\/index.php\/2023\/10\/15\/rd-celebra-consulta-regional-de-america-latina-y-el-caribe-para-eliminar-contaminacion-por-plasticos\/","url_meta":{"origin":56158,"position":4},"title":"RD celebra \u201cConsulta Regional de Am\u00e9rica Latina y El Caribe\u201d para eliminar contaminaci\u00f3n por pl\u00e1sticos","author":"Nelson Feliz","date":"15 de octubre de 2023","format":false,"excerpt":"Rep\u00fablica Dominicana acogi\u00f3 durante los d\u00edas 16 y 17 de octubre en la sede del Centro de Convenciones del Ministerio de Relaciones Exteriores la Reuni\u00f3n de Am\u00e9rica Latina y el Caribe en preparaci\u00f3n de la tercera sesi\u00f3n del Comit\u00e9 Intergubernamental de Negociaci\u00f3n, para desarrollar un instrumento internacional jur\u00eddicamente vinculante sobre\u2026","rel":"","context":"En \u00abNACIONALES\u00bb","block_context":{"text":"NACIONALES","link":"https:\/\/lasprimeras.com.do\/index.php\/category\/nacionales\/"},"img":{"alt_text":"Consulta Regional","src":"https:\/\/i0.wp.com\/lasprimeras.com.do\/wp-content\/uploads\/2023\/10\/Consulta-Regional-1.jpg?resize=350%2C200&ssl=1","width":350,"height":200,"srcset":"https:\/\/i0.wp.com\/lasprimeras.com.do\/wp-content\/uploads\/2023\/10\/Consulta-Regional-1.jpg?resize=350%2C200&ssl=1 1x, https:\/\/i0.wp.com\/lasprimeras.com.do\/wp-content\/uploads\/2023\/10\/Consulta-Regional-1.jpg?resize=525%2C300&ssl=1 1.5x, https:\/\/i0.wp.com\/lasprimeras.com.do\/wp-content\/uploads\/2023\/10\/Consulta-Regional-1.jpg?resize=700%2C400&ssl=1 2x"},"classes":[]},{"id":70414,"url":"https:\/\/lasprimeras.com.do\/index.php\/2023\/12\/11\/karol-g-cerrara-su-gira-europea-manana-sera-bonito-tour\/","url_meta":{"origin":56158,"position":5},"title":"Karol G cerrar\u00e1 su gira europea &#8220;Ma\u00f1ana Ser\u00e1 Bonito Tour&#8221;","author":"BIMARY DE JES\u00daS Matos","date":"11 de diciembre de 2023","format":false,"excerpt":"Santo Domingo.-La artista colombiana Karol G cerrar\u00e1 sus actuaciones en Europa con un concierto en Madrid el pr\u00f3ximo 20 de julio, despu\u00e9s de actuar en varias ciudades europeas con su nueva gira, \u2018Ma\u00f1ana Ser\u00e1 Bonito Tour\u2019. El concierto de Madrid ser\u00e1 el \u00fanico en Espa\u00f1a, seg\u00fan anunci\u00f3 este lunes su\u2026","rel":"","context":"En \u00abENTRETENIMIENTO\u00bb","block_context":{"text":"ENTRETENIMIENTO","link":"https:\/\/lasprimeras.com.do\/index.php\/category\/entretenimiento\/"},"img":{"alt_text":"","src":"","width":0,"height":0},"classes":[]}],"jetpack_sharing_enabled":true,"_links":{"self":[{"href":"https:\/\/lasprimeras.com.do\/index.php\/wp-json\/wp\/v2\/posts\/56158","targetHints":{"allow":["GET"]}}],"collection":[{"href":"https:\/\/lasprimeras.com.do\/index.php\/wp-json\/wp\/v2\/posts"}],"about":[{"href":"https:\/\/lasprimeras.com.do\/index.php\/wp-json\/wp\/v2\/types\/post"}],"author":[{"embeddable":true,"href":"https:\/\/lasprimeras.com.do\/index.php\/wp-json\/wp\/v2\/users\/2"}],"replies":[{"embeddable":true,"href":"https:\/\/lasprimeras.com.do\/index.php\/wp-json\/wp\/v2\/comments?post=56158"}],"version-history":[{"count":1,"href":"https:\/\/lasprimeras.com.do\/index.php\/wp-json\/wp\/v2\/posts\/56158\/revisions"}],"predecessor-version":[{"id":56160,"href":"https:\/\/lasprimeras.com.do\/index.php\/wp-json\/wp\/v2\/posts\/56158\/revisions\/56160"}],"wp:featuredmedia":[{"embeddable":true,"href":"https:\/\/lasprimeras.com.do\/index.php\/wp-json\/wp\/v2\/media\/56159"}],"wp:attachment":[{"href":"https:\/\/lasprimeras.com.do\/index.php\/wp-json\/wp\/v2\/media?parent=56158"}],"wp:term":[{"taxonomy":"category","embeddable":true,"href":"https:\/\/lasprimeras.com.do\/index.php\/wp-json\/wp\/v2\/categories?post=56158"},{"taxonomy":"post_tag","embeddable":true,"href":"https:\/\/lasprimeras.com.do\/index.php\/wp-json\/wp\/v2\/tags?post=56158"}],"curies":[{"name":"wp","href":"https:\/\/api.w.org\/{rel}","templated":true}]}}