{"id":56161,"date":"2023-07-28T13:09:47","date_gmt":"2023-07-28T17:09:47","guid":{"rendered":"https:\/\/lasprimeras.com.do\/?p=56161"},"modified":"2023-07-28T13:09:48","modified_gmt":"2023-07-28T17:09:48","slug":"el-gobierno-de-cuba-recuerda-legado-infinito-de-hugo-chavez-en-su-natalicio-69","status":"publish","type":"post","link":"https:\/\/lasprimeras.com.do\/index.php\/2023\/07\/28\/el-gobierno-de-cuba-recuerda-legado-infinito-de-hugo-chavez-en-su-natalicio-69\/","title":{"rendered":"El Gobierno de Cuba recuerda &#8220;legado infinito&#8221; de Hugo Ch\u00e1vez en su natalicio 69"},"content":{"rendered":"\n<p>El Gobierno de Cuba resalt\u00f3 este viernes el &#8220;legado infinito&#8221; del expresidente venezolano Hugo Ch\u00e1vez, fallecido en 2013, y quien este d\u00eda cumplir\u00eda 69 a\u00f1os.<\/p>\n\n\n\n<p>El presidente cubano, Miguel D\u00edaz-Canel, calific\u00f3 al exmandatario suramericano como &#8220;el mejor amigo de Cuba&#8221; y resalt\u00f3 que su &#8220;ausencia, demasiado temprana, duele todav\u00eda, pero su vida la celebraremos siempre&#8221;, en un mensaje de Twitter.<\/p>\n\n\n\n<p>En ese mismo sentido, el canciller insular, Bruno Rodr\u00edguez, asegur\u00f3 en la misma red social que Ch\u00e1vez -que gobern\u00f3 de 1999 hasta su muerte por c\u00e1ncer, en marzo de 2013- fue &#8220;l\u00edder de una Revoluci\u00f3n verdadera y profunda&#8221; y que &#8220;cada jornada de resistencia de su pueblo , que no se doblega ante las adversidades, reafirma la lealtad y compromiso con su lucha&#8221;.<\/p>\n\n\n\n<p>Ch\u00e1vez, de carrera militar, ascendi\u00f3 al poder siete a\u00f1os despu\u00e9s de un golpe de Estado fallido en 1992, una acci\u00f3n que lo llev\u00f3 a la c\u00e1rcel hasta que el proceso fue sobrese\u00eddo en marzo de 1994, cuando empez\u00f3 una larga campa\u00f1a para las presidenciales de diciembre de 1998, las cuales gan\u00f3 con el 56 % de los votos.<\/p>\n\n\n\n<p>En las \u00faltimas d\u00e9cadas, la Venezuela chavista ha sido -y sigue siendo- una de los principales socios econ\u00f3micos de la isla y, junto con Rusia, su principal proveedor de petr\u00f3leo.<\/p>\n\n\n\n<p>Con Ch\u00e1vez en el poder, la isla lleg\u00f3 a recibir diariamente 100.000 barriles de crudo venezolano que Cuba pag\u00f3 en parte con servicios m\u00e9dicos, deportivos y sociales.<\/p>\n\n\n\n<p>Agencia EFE<\/p>\n","protected":false},"excerpt":{"rendered":"<p>El Gobierno de Cuba resalt\u00f3 este viernes el &#8220;legado infinito&#8221; del expresidente venezolano Hugo Ch\u00e1vez, fallecido en 2013, y quien este d\u00eda cumplir\u00eda 69 a\u00f1os. El presidente cubano, Miguel D\u00edaz-Canel,&hellip;<\/p>\n","protected":false},"author":2,"featured_media":56162,"comment_status":"open","ping_status":"open","sticky":false,"template":"","format":"standard","meta":{"content-type":"","jetpack_post_was_ever_published":false,"_jetpack_newsletter_access":"","_jetpack_dont_email_post_to_subs":false,"_jetpack_newsletter_tier_id":0,"_jetpack_memberships_contains_paywalled_content":false,"_jetpack_memberships_contains_paid_content":false,"footnotes":""},"categories":[1],"tags":[5053,171,5523,5522,5521],"class_list":["post-56161","post","type-post","status-publish","format-standard","has-post-thumbnail","hentry","category-sin-categoria","tag-cuba","tag-gobierno","tag-hugo-chavez","tag-legado-infinito","tag-miguel-diaz-canel"],"jetpack_featured_media_url":"https:\/\/lasprimeras.com.do\/wp-content\/uploads\/2023\/07\/Miguel-Diaz-Canel.jpg","jetpack-related-posts":[{"id":56279,"url":"https:\/\/lasprimeras.com.do\/index.php\/2023\/07\/30\/venezuela-presento-avances-en-materia-de-dd-hh-y-acceso-a-la-justicia\/","url_meta":{"origin":56161,"position":0},"title":"Venezuela present\u00f3 avances en materia de DD.HH. y acceso a la justicia","author":"Nelson Feliz","date":"30 de julio de 2023","format":false,"excerpt":"Luego de 6 a\u00f1os de ausencia, Venezuela pudo dar a conocer ante la plenaria de Fiscales Generales de toda Iberoam\u00e9rica, el proceso de avances en materia de justicia y atenci\u00f3n del Ministerio P\u00fablico venezolano, gesti\u00f3n que va enfocada en varios aspectos de la poblaci\u00f3n y en aspectos fundamentales. As\u00ed lo\u2026","rel":"","context":"En \u00abNACIONALES\u00bb","block_context":{"text":"NACIONALES","link":"https:\/\/lasprimeras.com.do\/index.php\/category\/nacionales\/"},"img":{"alt_text":"Tarek Williams Saab","src":"https:\/\/i0.wp.com\/lasprimeras.com.do\/wp-content\/uploads\/2023\/07\/Tarek-Williams-Saab-1.jpg?resize=350%2C200&ssl=1","width":350,"height":200,"srcset":"https:\/\/i0.wp.com\/lasprimeras.com.do\/wp-content\/uploads\/2023\/07\/Tarek-Williams-Saab-1.jpg?resize=350%2C200&ssl=1 1x, https:\/\/i0.wp.com\/lasprimeras.com.do\/wp-content\/uploads\/2023\/07\/Tarek-Williams-Saab-1.jpg?resize=525%2C300&ssl=1 1.5x, https:\/\/i0.wp.com\/lasprimeras.com.do\/wp-content\/uploads\/2023\/07\/Tarek-Williams-Saab-1.jpg?resize=700%2C400&ssl=1 2x"},"classes":[]},{"id":59721,"url":"https:\/\/lasprimeras.com.do\/index.php\/2023\/09\/06\/rd-y-cuba-se-comprometen-en-ampliar-agenda-conjunta-que-beneficie-a-ambos-paises\/","url_meta":{"origin":56161,"position":1},"title":"RD y Cuba se comprometen en ampliar agenda conjunta que beneficie a ambos pa\u00edses","author":"Nelson Feliz","date":"6 de septiembre de 2023","format":false,"excerpt":"La delegaci\u00f3n del Ministerio de Relaciones Exteriores, encabezada por el canciller Roberto \u00c1lvarez, concluy\u00f3 suvisita oficial a la Rep\u00fablica de Cuba, donde sostuvo reuniones y visitas de trabajo que sirvieron para que ambos pa\u00edses identificaran proyectos de cooperaci\u00f3n bilateral, intercambio comercial y otros tipos de colaboraci\u00f3n,en beneficio de ambos pueblos.\u2026","rel":"","context":"En \u00abECONOM\u00cdA\u00bb","block_context":{"text":"ECONOM\u00cdA","link":"https:\/\/lasprimeras.com.do\/index.php\/category\/economia\/"},"img":{"alt_text":"Roberto \u00c1lvarez y Miguel D\u00edaz-Canel Berm\u00fadez","src":"https:\/\/i0.wp.com\/lasprimeras.com.do\/wp-content\/uploads\/2023\/09\/Roberto-Alvarez-y-Miguel-Diaz-Canel-Bermudez-1.jpg?resize=350%2C200&ssl=1","width":350,"height":200,"srcset":"https:\/\/i0.wp.com\/lasprimeras.com.do\/wp-content\/uploads\/2023\/09\/Roberto-Alvarez-y-Miguel-Diaz-Canel-Bermudez-1.jpg?resize=350%2C200&ssl=1 1x, https:\/\/i0.wp.com\/lasprimeras.com.do\/wp-content\/uploads\/2023\/09\/Roberto-Alvarez-y-Miguel-Diaz-Canel-Bermudez-1.jpg?resize=525%2C300&ssl=1 1.5x, https:\/\/i0.wp.com\/lasprimeras.com.do\/wp-content\/uploads\/2023\/09\/Roberto-Alvarez-y-Miguel-Diaz-Canel-Bermudez-1.jpg?resize=700%2C400&ssl=1 2x"},"classes":[]},{"id":124545,"url":"https:\/\/lasprimeras.com.do\/index.php\/2026\/03\/13\/diaz-canel-funcionarios-cubanos-han-mantenido-conversaciones-con-el-gobierno-de-ee-uu\/","url_meta":{"origin":56161,"position":2},"title":"D\u00edaz-Canel: funcionarios cubanos han mantenido conversaciones con el gobierno de EE.UU.","author":"Nelson Feliz","date":"13 de marzo de 2026","format":false,"excerpt":"Los contactos han sido promovidos adem\u00e1s por el l\u00edder revolucionario Ra\u00fal Castro, con el objetivo de buscar soluciones a las diferencias por la v\u00eda del di\u00e1logo. El presidente de Cuba, Miguel D\u00edaz-Canel, confirm\u00f3 este viernes que su Gobierno mantiene contactos con funcionarios de la administraci\u00f3n de EE.UU. para alentar las\u2026","rel":"","context":"En \u00abINTERNACIONALES\u00bb","block_context":{"text":"INTERNACIONALES","link":"https:\/\/lasprimeras.com.do\/index.php\/category\/sin-categoria\/internacionales\/"},"img":{"alt_text":"","src":"https:\/\/i0.wp.com\/lasprimeras.com.do\/wp-content\/uploads\/2026\/03\/canel.jpg?resize=350%2C200&ssl=1","width":350,"height":200,"srcset":"https:\/\/i0.wp.com\/lasprimeras.com.do\/wp-content\/uploads\/2026\/03\/canel.jpg?resize=350%2C200&ssl=1 1x, https:\/\/i0.wp.com\/lasprimeras.com.do\/wp-content\/uploads\/2026\/03\/canel.jpg?resize=525%2C300&ssl=1 1.5x"},"classes":[]},{"id":125612,"url":"https:\/\/lasprimeras.com.do\/index.php\/2026\/03\/24\/un-castro-podria-ser-el-sucesor-de-diaz-canel-en-cuba\/","url_meta":{"origin":56161,"position":3},"title":"Un Castro podr\u00eda ser el sucesor de D\u00edaz-Canel en Cuba","author":"Nelson Feliz","date":"24 de marzo de 2026","format":false,"excerpt":"Por D\u00c1NICA COTO SAN JUAN, Puerto Rico (AP) \u2014 Mientras el presidente de Estados Unidos, Donald Trump, impulsa un cambio en el liderazgo de Cuba, crecen las especulaciones sobre si hay alguien que podr\u00eda reemplazar al presidente cubano Miguel D\u00edaz-Canel y de qui\u00e9n podr\u00eda tratarse. D\u00edaz-Canel, sucesor elegido por Ra\u00fal\u2026","rel":"","context":"En \u00abINTERNACIONALES\u00bb","block_context":{"text":"INTERNACIONALES","link":"https:\/\/lasprimeras.com.do\/index.php\/category\/sin-categoria\/internacionales\/"},"img":{"alt_text":"","src":"https:\/\/i0.wp.com\/lasprimeras.com.do\/wp-content\/uploads\/2026\/03\/Miguel-Diaz-Canel.jpg?resize=350%2C200&ssl=1","width":350,"height":200,"srcset":"https:\/\/i0.wp.com\/lasprimeras.com.do\/wp-content\/uploads\/2026\/03\/Miguel-Diaz-Canel.jpg?resize=350%2C200&ssl=1 1x, https:\/\/i0.wp.com\/lasprimeras.com.do\/wp-content\/uploads\/2026\/03\/Miguel-Diaz-Canel.jpg?resize=525%2C300&ssl=1 1.5x, https:\/\/i0.wp.com\/lasprimeras.com.do\/wp-content\/uploads\/2026\/03\/Miguel-Diaz-Canel.jpg?resize=700%2C400&ssl=1 2x"},"classes":[]},{"id":86689,"url":"https:\/\/lasprimeras.com.do\/index.php\/2024\/07\/30\/estatuas-de-hugo-chavez-en-venezuela-son-blanco-de-ataques-tras-elecciones\/","url_meta":{"origin":56161,"position":4},"title":"Estatuas de Hugo Ch\u00e1vez en Venezuela son blanco de ataques tras elecciones","author":"Nelson Feliz","date":"30 de julio de 2024","format":false,"excerpt":"By JOSHUA GOODMAN LA GUAIRA, Venezuela (AP) \u2014 Activistas antigubernamentales han hecho blanco de ataques y comenzaron a derribar esta semana algunas estatuas gigantes del expresidente venezolano Hugo Ch\u00e1vez en Venezuela, en un reflejo de su molestia luego de que las autoridades electorales dieran el triunfo de las elecciones al\u2026","rel":"","context":"En \u00abSin categor\u00eda\u00bb","block_context":{"text":"Sin categor\u00eda","link":"https:\/\/lasprimeras.com.do\/index.php\/category\/sin-categoria\/"},"img":{"alt_text":"","src":"https:\/\/i0.wp.com\/lasprimeras.com.do\/wp-content\/uploads\/2024\/07\/Estatuas.png?resize=350%2C200&ssl=1","width":350,"height":200,"srcset":"https:\/\/i0.wp.com\/lasprimeras.com.do\/wp-content\/uploads\/2024\/07\/Estatuas.png?resize=350%2C200&ssl=1 1x, https:\/\/i0.wp.com\/lasprimeras.com.do\/wp-content\/uploads\/2024\/07\/Estatuas.png?resize=525%2C300&ssl=1 1.5x, https:\/\/i0.wp.com\/lasprimeras.com.do\/wp-content\/uploads\/2024\/07\/Estatuas.png?resize=700%2C400&ssl=1 2x"},"classes":[]},{"id":61319,"url":"https:\/\/lasprimeras.com.do\/index.php\/2023\/09\/25\/cuba-llama-a-eeuu-a-la-accion-tras-el-ataque-contra-su-embajada-en-washington\/","url_meta":{"origin":56161,"position":5},"title":"Cuba llama a EEUU a la &#8220;acci\u00f3n&#8221; tras el ataque contra su embajada en Washington","author":"Nelson Feliz","date":"25 de septiembre de 2023","format":false,"excerpt":"El Gobierno de Cuba llam\u00f3 este lunes a Estados Unidos a la \"acci\u00f3n\" tras denunciar el lanzamiento de dos c\u00f3cteles molotov contra su embajada en Washington la v\u00edspera. Los ataques, que no causaron da\u00f1os personales seg\u00fan fuentes gubernamentales cubanas, han generado la denuncia de La Habana y respuestas de solidaridad\u2026","rel":"","context":"En \u00abSin categor\u00eda\u00bb","block_context":{"text":"Sin categor\u00eda","link":"https:\/\/lasprimeras.com.do\/index.php\/category\/sin-categoria\/"},"img":{"alt_text":"Embajada de Cuba en Washington DC","src":"https:\/\/i0.wp.com\/lasprimeras.com.do\/wp-content\/uploads\/2023\/09\/Embajada-de-Cuba-en-Washington-DC.jpeg?resize=350%2C200&ssl=1","width":350,"height":200,"srcset":"https:\/\/i0.wp.com\/lasprimeras.com.do\/wp-content\/uploads\/2023\/09\/Embajada-de-Cuba-en-Washington-DC.jpeg?resize=350%2C200&ssl=1 1x, https:\/\/i0.wp.com\/lasprimeras.com.do\/wp-content\/uploads\/2023\/09\/Embajada-de-Cuba-en-Washington-DC.jpeg?resize=525%2C300&ssl=1 1.5x, https:\/\/i0.wp.com\/lasprimeras.com.do\/wp-content\/uploads\/2023\/09\/Embajada-de-Cuba-en-Washington-DC.jpeg?resize=700%2C400&ssl=1 2x"},"classes":[]}],"jetpack_sharing_enabled":true,"_links":{"self":[{"href":"https:\/\/lasprimeras.com.do\/index.php\/wp-json\/wp\/v2\/posts\/56161","targetHints":{"allow":["GET"]}}],"collection":[{"href":"https:\/\/lasprimeras.com.do\/index.php\/wp-json\/wp\/v2\/posts"}],"about":[{"href":"https:\/\/lasprimeras.com.do\/index.php\/wp-json\/wp\/v2\/types\/post"}],"author":[{"embeddable":true,"href":"https:\/\/lasprimeras.com.do\/index.php\/wp-json\/wp\/v2\/users\/2"}],"replies":[{"embeddable":true,"href":"https:\/\/lasprimeras.com.do\/index.php\/wp-json\/wp\/v2\/comments?post=56161"}],"version-history":[{"count":1,"href":"https:\/\/lasprimeras.com.do\/index.php\/wp-json\/wp\/v2\/posts\/56161\/revisions"}],"predecessor-version":[{"id":56163,"href":"https:\/\/lasprimeras.com.do\/index.php\/wp-json\/wp\/v2\/posts\/56161\/revisions\/56163"}],"wp:featuredmedia":[{"embeddable":true,"href":"https:\/\/lasprimeras.com.do\/index.php\/wp-json\/wp\/v2\/media\/56162"}],"wp:attachment":[{"href":"https:\/\/lasprimeras.com.do\/index.php\/wp-json\/wp\/v2\/media?parent=56161"}],"wp:term":[{"taxonomy":"category","embeddable":true,"href":"https:\/\/lasprimeras.com.do\/index.php\/wp-json\/wp\/v2\/categories?post=56161"},{"taxonomy":"post_tag","embeddable":true,"href":"https:\/\/lasprimeras.com.do\/index.php\/wp-json\/wp\/v2\/tags?post=56161"}],"curies":[{"name":"wp","href":"https:\/\/api.w.org\/{rel}","templated":true}]}}