{"id":56204,"date":"2023-07-29T20:31:55","date_gmt":"2023-07-30T00:31:55","guid":{"rendered":"https:\/\/lasprimeras.com.do\/?p=56204"},"modified":"2023-07-29T20:31:57","modified_gmt":"2023-07-30T00:31:57","slug":"mide-e-itla-firman-convenio-de-profesionalizacion-tecnologica","status":"publish","type":"post","link":"https:\/\/lasprimeras.com.do\/index.php\/2023\/07\/29\/mide-e-itla-firman-convenio-de-profesionalizacion-tecnologica\/","title":{"rendered":"MIDE e ITLA firman convenio de profesionalizaci\u00f3n tecnol\u00f3gica"},"content":{"rendered":"\n<p>Por Martin Restituyo<\/p>\n\n\n\n<p>El Ministerio de Defensa a trav\u00e9s de la Junta de Retiro y Fondo de Pensiones de las Fuerzas Armadas y el Instituto Tecnol\u00f3gico de las Am\u00e9ricas (ITLA) sellaron un trascendental convenio de profesionalizaci\u00f3n tecnol\u00f3gica para el personal militar activo, retirado y sus familiares.<\/p>\n\n\n\n<p>Este acuerdo, busca mejorar las condiciones de vida del militar, especialmente en su honrosa situaci\u00f3n de retiro, a trav\u00e9s de los servicios tecnol\u00f3gicos de salud y programas formativos disponibles.<\/p>\n\n\n\n<p>La colaboraci\u00f3n interinstitucional se enmarca en el cumplimiento de la disposici\u00f3n emanada del Poder Ejecutivo, y es liderada por el ministro de Defensa, teniente general Carlos Luciano D\u00edaz Morfa y el mayor general Julio Cesar A. Hern\u00e1ndez Olivero, presidente de la Junta de Retiro.<\/p>\n\n\n\n<p>Se establecer\u00e1 una alianza estrat\u00e9gica para definir acciones que permitan llevar innovaci\u00f3n tecnol\u00f3gica a los miembros de la Junta de Retiro, especialmente a aquellos en la honrosa situaci\u00f3n de retiro, y a sus familiares directos.<\/p>\n\n\n\n<p>Adem\u00e1s, con la entrada en vigor de dicho convenio, el ITLA capacitar\u00e1 a los miembros de la Junta de Retiro a sus hijos en diversos programas de capacitaci\u00f3n tecnol\u00f3gica, adaptados a las necesidades presentadas por la instituci\u00f3n, donde tendr\u00e1n acceso a una amplia variedad de carreras tecnol\u00f3gicas y cursos de educaci\u00f3n permanente para impulsar su desarrollo profesional.<\/p>\n\n\n\n<p>Tambi\u00e9n podr\u00e1n beneficiarse de los programas de pr\u00f3tesis y Photo Scanner 3D, implementados por el ITLA.<\/p>\n","protected":false},"excerpt":{"rendered":"<p>Por Martin Restituyo El Ministerio de Defensa a trav\u00e9s de la Junta de Retiro y Fondo de Pensiones de las Fuerzas Armadas y el Instituto Tecnol\u00f3gico de las Am\u00e9ricas (ITLA)&hellip;<\/p>\n","protected":false},"author":2,"featured_media":56205,"comment_status":"open","ping_status":"open","sticky":false,"template":"","format":"standard","meta":{"content-type":"","jetpack_post_was_ever_published":false,"_jetpack_newsletter_access":"","_jetpack_dont_email_post_to_subs":false,"_jetpack_newsletter_tier_id":0,"_jetpack_memberships_contains_paywalled_content":false,"_jetpack_memberships_contains_paid_content":false,"footnotes":""},"categories":[3057],"tags":[5535,353,4564,2957,2679,5534,444,531,5532,2456,5533],"class_list":["post-56204","post","type-post","status-publish","format-standard","has-post-thumbnail","hentry","category-militares","tag-americas","tag-defensa","tag-fondo","tag-fuerzas-armadas","tag-instituto","tag-junta-de-retiro","tag-ministerio","tag-pensiones","tag-profesionalizacion","tag-tecnologica","tag-tecnologico"],"jetpack_featured_media_url":"https:\/\/lasprimeras.com.do\/wp-content\/uploads\/2023\/07\/Acuerdo.jpg","jetpack-related-posts":[{"id":89050,"url":"https:\/\/lasprimeras.com.do\/index.php\/2024\/09\/15\/rector-del-itla-y-presidente-de-indotel-impulsaran-capacidad-tecnologica-de-rd\/","url_meta":{"origin":56204,"position":0},"title":"Rector del ITLA y presidente de INDOTEL impulsaran capacidad tecnol\u00f3gica de RD","author":"Nelson Feliz","date":"15 de septiembre de 2024","format":false,"excerpt":"El rector del Instituto Tecnol\u00f3gico de las Am\u00e9ricas (ITLA), Rafael F\u00e9liz Garc\u00eda, recibi\u00f3 la visita de cortes\u00eda del presidente del Consejo Directivo del Instituto Dominicano de las Telecomunicaciones (INDOTEL), Guido G\u00f3mez Mazara. El catedr\u00e1tico y titular del ITLA, F\u00e9liz Garc\u00eda, expres\u00f3 que la colaboraci\u00f3n en conjunto de ambas instituciones refuerza\u2026","rel":"","context":"En \u00abSin categor\u00eda\u00bb","block_context":{"text":"Sin categor\u00eda","link":"https:\/\/lasprimeras.com.do\/index.php\/category\/sin-categoria\/"},"img":{"alt_text":"","src":"https:\/\/i0.wp.com\/lasprimeras.com.do\/wp-content\/uploads\/2024\/09\/guido-1.jpg?resize=350%2C200&ssl=1","width":350,"height":200,"srcset":"https:\/\/i0.wp.com\/lasprimeras.com.do\/wp-content\/uploads\/2024\/09\/guido-1.jpg?resize=350%2C200&ssl=1 1x, https:\/\/i0.wp.com\/lasprimeras.com.do\/wp-content\/uploads\/2024\/09\/guido-1.jpg?resize=525%2C300&ssl=1 1.5x, https:\/\/i0.wp.com\/lasprimeras.com.do\/wp-content\/uploads\/2024\/09\/guido-1.jpg?resize=700%2C400&ssl=1 2x"},"classes":[]},{"id":99790,"url":"https:\/\/lasprimeras.com.do\/index.php\/2025\/05\/27\/ministerio-de-defensa-logra-avances-en-la-insercion-laboral-de-pensionados-de-las-ff-aa\/","url_meta":{"origin":56204,"position":1},"title":"Ministerio de Defensa logra avances en la inserci\u00f3n laboral de pensionados de las FF.AA.","author":"Nelson Feliz","date":"27 de mayo de 2025","format":false,"excerpt":"El Ministerio de Defensa, encabezado por el Teniente General Carlos Antonio Fern\u00e1ndez Onofre, a trav\u00e9s de la Junta de Retiro y Fondo de Pensiones de las Fuerzas Armadas, impulsa con \u00e9xito el Programa de Coordinaci\u00f3n de Gesti\u00f3n de Empleo, logrando con \u00e9xito la colocaci\u00f3n en puestos laborales de cientos de\u2026","rel":"","context":"En \u00abECONOM\u00cdA\u00bb","block_context":{"text":"ECONOM\u00cdA","link":"https:\/\/lasprimeras.com.do\/index.php\/category\/economia\/"},"img":{"alt_text":"","src":"https:\/\/i0.wp.com\/lasprimeras.com.do\/wp-content\/uploads\/2025\/05\/HOSPITAL.jpg?resize=350%2C200&ssl=1","width":350,"height":200,"srcset":"https:\/\/i0.wp.com\/lasprimeras.com.do\/wp-content\/uploads\/2025\/05\/HOSPITAL.jpg?resize=350%2C200&ssl=1 1x, https:\/\/i0.wp.com\/lasprimeras.com.do\/wp-content\/uploads\/2025\/05\/HOSPITAL.jpg?resize=525%2C300&ssl=1 1.5x, https:\/\/i0.wp.com\/lasprimeras.com.do\/wp-content\/uploads\/2025\/05\/HOSPITAL.jpg?resize=700%2C400&ssl=1 2x"},"classes":[]},{"id":62060,"url":"https:\/\/lasprimeras.com.do\/index.php\/2023\/10\/02\/mide-conmemora-el-dia-del-retirado-con-misa-almuerzo-y-aumento-en-sus-pensiones\/","url_meta":{"origin":56204,"position":2},"title":"MIDE conmemora el \u201cD\u00eda del Retirado\u201d con misa, almuerzo y aumento en sus pensiones","author":"Nelson Feliz","date":"2 de octubre de 2023","format":false,"excerpt":"Por Martin Restituyo El Ministerio de Defensa (MIDE), celebr\u00f3 el \u201cD\u00eda del Retirado de las Fuerzas Armadas\u201d, con una misa de acci\u00f3n de gracias y realiz\u00f3 un almuerzo en honor a los hombres y mujeres valientes que dedicaron sus mejores a\u00f1os al servicio a nuestra patria, vistiendo con honor su\u2026","rel":"","context":"En \u00abMILITARES\u00bb","block_context":{"text":"MILITARES","link":"https:\/\/lasprimeras.com.do\/index.php\/category\/militares\/"},"img":{"alt_text":"MIDE","src":"https:\/\/i0.wp.com\/lasprimeras.com.do\/wp-content\/uploads\/2023\/10\/MIDE-1.jpg?resize=350%2C200&ssl=1","width":350,"height":200,"srcset":"https:\/\/i0.wp.com\/lasprimeras.com.do\/wp-content\/uploads\/2023\/10\/MIDE-1.jpg?resize=350%2C200&ssl=1 1x, https:\/\/i0.wp.com\/lasprimeras.com.do\/wp-content\/uploads\/2023\/10\/MIDE-1.jpg?resize=525%2C300&ssl=1 1.5x, https:\/\/i0.wp.com\/lasprimeras.com.do\/wp-content\/uploads\/2023\/10\/MIDE-1.jpg?resize=700%2C400&ssl=1 2x"},"classes":[]},{"id":110607,"url":"https:\/\/lasprimeras.com.do\/index.php\/2025\/09\/30\/camara-de-cuentas-y-el-itla-firman-convenio-de-cooperacion-interinstitucional\/","url_meta":{"origin":56204,"position":3},"title":"C\u00e1mara de Cuentas y el ITLA firman convenio de cooperaci\u00f3n interinstitucional","author":"Nelson Feliz","date":"30 de septiembre de 2025","format":false,"excerpt":"La C\u00e1mara de Cuentas de la Rep\u00fablica Dominicana (CCRD) y el Instituto Tecnol\u00f3gico de Las Am\u00e9ricas (ITLA) suscribieron un convenio de cooperaci\u00f3n interinstitucional, con el objetivo de fortalecer las competencias t\u00e9cnicas, acad\u00e9micas y profesionales del personal de la instituci\u00f3n fiscalizadora. El acuerdo fue firmado por la presidenta de la C\u00e1mara\u2026","rel":"","context":"En \u00abNACIONALES\u00bb","block_context":{"text":"NACIONALES","link":"https:\/\/lasprimeras.com.do\/index.php\/category\/nacionales\/"},"img":{"alt_text":"","src":"https:\/\/i0.wp.com\/lasprimeras.com.do\/wp-content\/uploads\/2025\/09\/convenio.jpg?resize=350%2C200&ssl=1","width":350,"height":200,"srcset":"https:\/\/i0.wp.com\/lasprimeras.com.do\/wp-content\/uploads\/2025\/09\/convenio.jpg?resize=350%2C200&ssl=1 1x, https:\/\/i0.wp.com\/lasprimeras.com.do\/wp-content\/uploads\/2025\/09\/convenio.jpg?resize=525%2C300&ssl=1 1.5x, https:\/\/i0.wp.com\/lasprimeras.com.do\/wp-content\/uploads\/2025\/09\/convenio.jpg?resize=700%2C400&ssl=1 2x"},"classes":[]},{"id":111326,"url":"https:\/\/lasprimeras.com.do\/index.php\/2025\/10\/07\/cercania-y-oportunidades-retirados-militares-reciben-respaldo-integral-en-haina\/","url_meta":{"origin":56204,"position":4},"title":"Cercan\u00eda y oportunidades: Retirados militares reciben respaldo integral en Haina","author":"Nelson Feliz","date":"7 de octubre de 2025","format":false,"excerpt":"La Junta de Retiro y Fondo de Pensiones de las Fuerzas Armadas, dependencia del Ministerio de Defensa (MIDE), volvi\u00f3 a demostrar su compromiso con los militares en condici\u00f3n de retiro, sus viudas y tutores, al llevar a cabo un encuentro en la Escuela Amparo Garc\u00eda, ubicada en el sector El\u2026","rel":"","context":"En \u00abMILITARES\u00bb","block_context":{"text":"MILITARES","link":"https:\/\/lasprimeras.com.do\/index.php\/category\/militares\/"},"img":{"alt_text":"","src":"https:\/\/i0.wp.com\/lasprimeras.com.do\/wp-content\/uploads\/2025\/10\/Pablo-Roberto-Jimenez-Sanchez.jpg?resize=350%2C200&ssl=1","width":350,"height":200,"srcset":"https:\/\/i0.wp.com\/lasprimeras.com.do\/wp-content\/uploads\/2025\/10\/Pablo-Roberto-Jimenez-Sanchez.jpg?resize=350%2C200&ssl=1 1x, https:\/\/i0.wp.com\/lasprimeras.com.do\/wp-content\/uploads\/2025\/10\/Pablo-Roberto-Jimenez-Sanchez.jpg?resize=525%2C300&ssl=1 1.5x, https:\/\/i0.wp.com\/lasprimeras.com.do\/wp-content\/uploads\/2025\/10\/Pablo-Roberto-Jimenez-Sanchez.jpg?resize=700%2C400&ssl=1 2x"},"classes":[]},{"id":105193,"url":"https:\/\/lasprimeras.com.do\/index.php\/2025\/07\/31\/ministerio-de-defensa-continua-pago-de-retroactivos-a-retirados-militares\/","url_meta":{"origin":56204,"position":5},"title":"Ministerio de Defensa contin\u00faa pago de retroactivos a retirados militares","author":"Nelson Feliz","date":"31 de julio de 2025","format":false,"excerpt":"El Ministro de Defensa, Teniente General Carlos Antonio Fern\u00e1ndez Onofre, dispuso a trav\u00e9s de la Junta de Retiro y Fondo de Pensiones de las Fuerzas Armadas del Ministerio de Defensa (MIDE) la entrega de cuatro millones quinientos cuarenta y dos mil trescientos setenta y cinco pesos (RD$4,542,375) por concepto de\u2026","rel":"","context":"En \u00abECONOM\u00cdA\u00bb","block_context":{"text":"ECONOM\u00cdA","link":"https:\/\/lasprimeras.com.do\/index.php\/category\/economia\/"},"img":{"alt_text":"","src":"https:\/\/i0.wp.com\/lasprimeras.com.do\/wp-content\/uploads\/2025\/07\/pago-1.jpg?resize=350%2C200&ssl=1","width":350,"height":200,"srcset":"https:\/\/i0.wp.com\/lasprimeras.com.do\/wp-content\/uploads\/2025\/07\/pago-1.jpg?resize=350%2C200&ssl=1 1x, https:\/\/i0.wp.com\/lasprimeras.com.do\/wp-content\/uploads\/2025\/07\/pago-1.jpg?resize=525%2C300&ssl=1 1.5x, https:\/\/i0.wp.com\/lasprimeras.com.do\/wp-content\/uploads\/2025\/07\/pago-1.jpg?resize=700%2C400&ssl=1 2x"},"classes":[]}],"jetpack_sharing_enabled":true,"_links":{"self":[{"href":"https:\/\/lasprimeras.com.do\/index.php\/wp-json\/wp\/v2\/posts\/56204","targetHints":{"allow":["GET"]}}],"collection":[{"href":"https:\/\/lasprimeras.com.do\/index.php\/wp-json\/wp\/v2\/posts"}],"about":[{"href":"https:\/\/lasprimeras.com.do\/index.php\/wp-json\/wp\/v2\/types\/post"}],"author":[{"embeddable":true,"href":"https:\/\/lasprimeras.com.do\/index.php\/wp-json\/wp\/v2\/users\/2"}],"replies":[{"embeddable":true,"href":"https:\/\/lasprimeras.com.do\/index.php\/wp-json\/wp\/v2\/comments?post=56204"}],"version-history":[{"count":1,"href":"https:\/\/lasprimeras.com.do\/index.php\/wp-json\/wp\/v2\/posts\/56204\/revisions"}],"predecessor-version":[{"id":56206,"href":"https:\/\/lasprimeras.com.do\/index.php\/wp-json\/wp\/v2\/posts\/56204\/revisions\/56206"}],"wp:featuredmedia":[{"embeddable":true,"href":"https:\/\/lasprimeras.com.do\/index.php\/wp-json\/wp\/v2\/media\/56205"}],"wp:attachment":[{"href":"https:\/\/lasprimeras.com.do\/index.php\/wp-json\/wp\/v2\/media?parent=56204"}],"wp:term":[{"taxonomy":"category","embeddable":true,"href":"https:\/\/lasprimeras.com.do\/index.php\/wp-json\/wp\/v2\/categories?post=56204"},{"taxonomy":"post_tag","embeddable":true,"href":"https:\/\/lasprimeras.com.do\/index.php\/wp-json\/wp\/v2\/tags?post=56204"}],"curies":[{"name":"wp","href":"https:\/\/api.w.org\/{rel}","templated":true}]}}