{"id":56215,"date":"2023-07-29T21:20:26","date_gmt":"2023-07-30T01:20:26","guid":{"rendered":"https:\/\/lasprimeras.com.do\/?p=56215"},"modified":"2023-07-29T21:20:28","modified_gmt":"2023-07-30T01:20:28","slug":"muere-el-pollo-mientras-recibia-atenciones-medicas-en-el-hospital-dr-antonio-musa","status":"publish","type":"post","link":"https:\/\/lasprimeras.com.do\/index.php\/2023\/07\/29\/muere-el-pollo-mientras-recibia-atenciones-medicas-en-el-hospital-dr-antonio-musa\/","title":{"rendered":"Muere \u201cEl Pollo\u201d mientras recib\u00eda atenciones m\u00e9dicas en el Hospital Dr. Antonio Musa"},"content":{"rendered":"\n<p><strong>-Otras cuatro personas resultan detenidas, uno de ellos resulta herido en el enfrentamiento con agentes del DINTEL en Hato Mayor.<\/strong><\/p>\n\n\n\n<p><strong>-Les ocupan armas de fuego, drogas, motocicletas y dispositivos electr\u00f3nicos.<\/strong><\/p>\n\n\n\n<p>Por Martin Restituyo<\/p>\n\n\n\n<p>Un presunto delincuente sindicado como integrante de una peligrosa banda cay\u00f3 abatido durante un enfrentamiento con agentes de la Direcci\u00f3n Central de Inteligencia (DINTEL) que se dispon\u00eda a apresarlo mediante orden de allanamiento junto a miembros del Ministerio P\u00fablico, SWAT y Boinas Grises, en un hecho ocurrido en la provincia de Hato Mayor.<\/p>\n\n\n\n<p>Durante ese mismo hecho, result\u00f3 herido otro antisocial que tambi\u00e9n atac\u00f3 a los miembros actuantes. Junto a \u00e9l quedaron detenidas otras tres personas, incluyendo una adolescente que les acompa\u00f1aba.<\/p>\n\n\n\n<p>Se trata de Kendy Miguel G\u00f3mez (a) El Pollo, de 19 a\u00f1os, quien falleci\u00f3 mientras recib\u00eda atenciones m\u00e9dicas en el Hospital Regional Dr. Antonio Musa, en San Pedro de Macor\u00eds.<\/p>\n\n\n\n<p>En tanto, su compa\u00f1ero Emilio Acosta Reyes (a) Freilin, de 32 a\u00f1os, presenta herida de bala en su muslo derecho y fue atendido bajo custodia policial en el Hospital provincial Dr. Jaime Oliver Pino (Seguro Social), de esa ciudad.<\/p>\n\n\n\n<p>Asimismo, los detenidos son Juan David Acosta Chalas, de 24 a\u00f1os; Jos\u00e9 Manuel G\u00f3mez Mej\u00eda, de 20, y una adolescente, de 17, cuya identidad se hace reserva por razones legales.<\/p>\n\n\n\n<p>De acuerdo con el informe preliminar, los antisociales enfrentaron a tiros a los agentes con armas largas durante un allanamiento que se efectuaba ayer mediante la orden judicial No. 434-202-TAUT00549, en una casa ubicada en la calle Principal, del sector La Otra Banda, municipio El Valle, provincia de Hato Mayor.<\/p>\n\n\n\n<p>Fueron en esas circunstancias que los miembros actuantes se vieron en la obligaci\u00f3n de repeler la agresi\u00f3n, donde Acosta Reyes (a) Freilin result\u00f3 con la herida que presenta, mientras que G\u00f3mez (a) El Pollo falleci\u00f3 mientras recib\u00eda atenciones m\u00e9dicas en el referido centro de salud.<\/p>\n\n\n\n<p>A todos ellos se les ocuparon las siguientes evidencias: una escopeta, cuatro pistolas, dos pistolas el\u00e9ctricas, un arma corto punzante; cinco porciones de drogas, tres de crack y dos de marihuana; siete pastillas de presunto \u00e9xtasis; siete c\u00e1psulas calibre 45, 12 de calibre 5.56, 27 c\u00e1psulas calibre 9mm; dos cargadores, dos chalecos antibalas, un pasamonta\u00f1a, dos radios de comunicaci\u00f3n, 12 celulares, seis motocicletas y la suma de 1,750 pesos.&nbsp;<\/p>\n\n\n\n<p><strong>Historial delictivo<\/strong><\/p>\n\n\n\n<p>Seg\u00fan las investigaciones, Acosta Reyes (a) Freilin figura con un registro delictivo por estafa. Adem\u00e1s, en contra de \u00e9ste reposa la orden judicial de arresto No. 434-2023-TAUT-00557, por presunta violaci\u00f3n a los art\u00edculos 309, 295, 265, 266 del C.P.D., y 66 Ley 631-16, en perjuicio de H\u00e9ctor Figueroa y Yensy Bautista Figueroa, quienes resultaron con heridas de arma de fuego y corto punzante, en Las Palmas, del Barrio La Otra Banda, sector Bella Vista, del municipio El Valle, en fecha 14\/07\/2023.<\/p>\n\n\n\n<p>En ese incidente participaron otros siete hombres (ya identificados por la Polic\u00eda) en cuyas localizaciones y captura se trabaja, por lo que son perseguidos mediante la referida orden de arresto.<\/p>\n","protected":false},"excerpt":{"rendered":"<p>-Otras cuatro personas resultan detenidas, uno de ellos resulta herido en el enfrentamiento con agentes del DINTEL en Hato Mayor. -Les ocupan armas de fuego, drogas, motocicletas y dispositivos electr\u00f3nicos.&hellip;<\/p>\n","protected":false},"author":2,"featured_media":56216,"comment_status":"open","ping_status":"open","sticky":false,"template":"","format":"standard","meta":{"content-type":"","jetpack_post_was_ever_published":false,"_jetpack_newsletter_access":"","_jetpack_dont_email_post_to_subs":false,"_jetpack_newsletter_tier_id":0,"_jetpack_memberships_contains_paywalled_content":false,"_jetpack_memberships_contains_paid_content":false,"footnotes":""},"categories":[3057],"tags":[5540,5539,5538,650,1425],"class_list":["post-56215","post","type-post","status-publish","format-standard","has-post-thumbnail","hentry","category-militares","tag-atenciones-medicas","tag-el-pollo","tag-hospital-dr-antonio-musa","tag-muere","tag-san-pedro-de-macoris"],"jetpack_featured_media_url":"https:\/\/lasprimeras.com.do\/wp-content\/uploads\/2023\/07\/Evidencias-1.jpg","jetpack-related-posts":[{"id":48586,"url":"https:\/\/lasprimeras.com.do\/index.php\/2023\/05\/02\/dos-jovenes-mueren-tras-ser-impactadas-por-un-vehiculo-en-la-carretera-hato-mayor-spm\/","url_meta":{"origin":56215,"position":0},"title":"Dos jovenes mueren tras ser impactadas por un veh\u00edculo en la carretera Hato Mayor-SPM","author":"prenxa100","date":"2 de mayo de 2023","format":false,"excerpt":"Manuel Antonio Vega SAN PEDRO DE MACOR\u00cdS. \u2013 Una mujer y un hombre murieron tras ser impactados por un veh\u00edculo mientras se desplazaban en la carretera Mella, pr\u00f3ximo al batey Alejandro Bass del municipio Consuelo, provincia San Pedro de Macor\u00eds. Las victimas mortales solo han sido identificadas como Yasm\u00edn Dominga\u2026","rel":"","context":"En \u00abNACIONALES\u00bb","block_context":{"text":"NACIONALES","link":"https:\/\/lasprimeras.com.do\/index.php\/category\/nacionales\/"},"img":{"alt_text":"","src":"","width":0,"height":0},"classes":[]},{"id":65512,"url":"https:\/\/lasprimeras.com.do\/index.php\/2023\/10\/29\/tres-personas-resultaron-heridas-al-volcarse-camioneta-en-la-carretera-hato-mayor-spm\/","url_meta":{"origin":56215,"position":1},"title":"Tres personas resultaron heridas al volcarse camioneta en la carretera Hato Mayor-SPM","author":"Nelson Feliz","date":"29 de octubre de 2023","format":false,"excerpt":"Por Irentoni Vega@viphatomayor Al menos tres personas resultaron heridas al volcarse la camioneta en que se desplazaban en la carretera Hato Mayor-San Pedro de Macor\u00eds, espec\u00edficamente en el batey Jalonga. Los lesionados fueron identificados como Rub\u00e9n Dario Cueto Rivera, de 53 a\u00f1os, Isabel Pacheco, 48 a\u00f1os y Beato Geraldino Amparo\u2026","rel":"","context":"En \u00abNACIONALES\u00bb","block_context":{"text":"NACIONALES","link":"https:\/\/lasprimeras.com.do\/index.php\/category\/nacionales\/"},"img":{"alt_text":"Heridos","src":"https:\/\/i0.wp.com\/lasprimeras.com.do\/wp-content\/uploads\/2023\/10\/Heridos-1.jpg?resize=350%2C200&ssl=1","width":350,"height":200,"srcset":"https:\/\/i0.wp.com\/lasprimeras.com.do\/wp-content\/uploads\/2023\/10\/Heridos-1.jpg?resize=350%2C200&ssl=1 1x, https:\/\/i0.wp.com\/lasprimeras.com.do\/wp-content\/uploads\/2023\/10\/Heridos-1.jpg?resize=525%2C300&ssl=1 1.5x"},"classes":[]},{"id":85618,"url":"https:\/\/lasprimeras.com.do\/index.php\/2024\/07\/04\/cmd-deplora-agresion-a-medico-en-el-hospital-dr-antonio-musa-de-spm\/","url_meta":{"origin":56215,"position":2},"title":"CMD deplora agresi\u00f3n a m\u00e9dico en el Hospital Dr. Antonio Musa de SPM","author":"Nelson Feliz","date":"4 de julio de 2024","format":false,"excerpt":"El presidente del Colegio M\u00e9dico Dominicano Dr. Waldo Ariel Suero, deplor\u00f3 en\u00e9rgicamente la agresi\u00f3n que recibi\u00f3 en el d\u00eda de ayer la Dra. Yeanlis Paniagua m\u00e9dico residente, mientras se encontraba brind\u00e1ndole asistencia m\u00e9dica a un paciente en el Hospital Dr. Antonio Musa de San Pedro de Macoris. Suero expresa que\u2026","rel":"","context":"En \u00abPORTADA\u00bb","block_context":{"text":"PORTADA","link":"https:\/\/lasprimeras.com.do\/index.php\/category\/portada\/"},"img":{"alt_text":"Waldo Ariel Suero","src":"https:\/\/i0.wp.com\/lasprimeras.com.do\/wp-content\/uploads\/2024\/07\/Waldo-Ariel-Suero.jpg?resize=350%2C200&ssl=1","width":350,"height":200,"srcset":"https:\/\/i0.wp.com\/lasprimeras.com.do\/wp-content\/uploads\/2024\/07\/Waldo-Ariel-Suero.jpg?resize=350%2C200&ssl=1 1x, https:\/\/i0.wp.com\/lasprimeras.com.do\/wp-content\/uploads\/2024\/07\/Waldo-Ariel-Suero.jpg?resize=525%2C300&ssl=1 1.5x, https:\/\/i0.wp.com\/lasprimeras.com.do\/wp-content\/uploads\/2024\/07\/Waldo-Ariel-Suero.jpg?resize=700%2C400&ssl=1 2x"},"classes":[]},{"id":79142,"url":"https:\/\/lasprimeras.com.do\/index.php\/2024\/03\/24\/hieren-de-bala-hombre-al-enfrentar-patrulla-policial-en-vicente-noble\/","url_meta":{"origin":56215,"position":3},"title":"Hieren de bala hombre al enfrentar patrulla policial en Vicente Noble","author":"Nelson Feliz","date":"24 de marzo de 2024","format":false,"excerpt":"Por Juan Pablo P\u00e9rez Bello Agente policial hiere de bala un hombre de 28 a\u00f1os de edad en el Hospital Municipal de Vicente Noble, la noche de este s\u00e1bado. El lamentable hecho ocurri\u00f3, cuando el nombrado Dani Jim\u00e9nez Gonz\u00e1lez (\u00d1arro) de 25 a\u00f1os de edad, tuviera un altercado con su\u2026","rel":"","context":"En \u00abNACIONALES\u00bb","block_context":{"text":"NACIONALES","link":"https:\/\/lasprimeras.com.do\/index.php\/category\/nacionales\/"},"img":{"alt_text":"","src":"","width":0,"height":0},"classes":[]},{"id":57393,"url":"https:\/\/lasprimeras.com.do\/index.php\/2023\/08\/11\/sargento-pn-y-presunto-delincuente-mueren-en-intercambio-de-disparos-en-sabana-perdida\/","url_meta":{"origin":56215,"position":4},"title":"Sargento PN y presunto delincuente mueren en intercambio de disparos en Sabana Perdida","author":"Nelson Feliz","date":"11 de agosto de 2023","format":false,"excerpt":"Un sargento de la Polic\u00eda Nacional (PN) y un presunto delincuente resultaron muertos en un enfrentamiento a tiros en Sabana Perdida, Santo Domingo Norte. El sargento fue identificado como Franco Mel\u00e9ndez M\u00e9ndez, de 38 a\u00f1os, quien falleci\u00f3 la ma\u00f1ana del jueves mientras recib\u00eda atenciones m\u00e9dicas como consecuencia de herida de\u2026","rel":"","context":"En \u00abMILITARES\u00bb","block_context":{"text":"MILITARES","link":"https:\/\/lasprimeras.com.do\/index.php\/category\/militares\/"},"img":{"alt_text":"Tres hombres fueron asesinados la madrugada de este martes a balazos en el barrio Campeche","src":"https:\/\/i0.wp.com\/lasprimeras.com.do\/wp-content\/uploads\/2023\/07\/bala.jpg?resize=350%2C200&ssl=1","width":350,"height":200,"srcset":"https:\/\/i0.wp.com\/lasprimeras.com.do\/wp-content\/uploads\/2023\/07\/bala.jpg?resize=350%2C200&ssl=1 1x, https:\/\/i0.wp.com\/lasprimeras.com.do\/wp-content\/uploads\/2023\/07\/bala.jpg?resize=525%2C300&ssl=1 1.5x, https:\/\/i0.wp.com\/lasprimeras.com.do\/wp-content\/uploads\/2023\/07\/bala.jpg?resize=700%2C400&ssl=1 2x"},"classes":[]},{"id":92291,"url":"https:\/\/lasprimeras.com.do\/index.php\/2025\/01\/01\/cuatro-personas-heridas-al-deslizarse-vehiculo-en-la-carretera-el-seibo-hato-mayor\/","url_meta":{"origin":56215,"position":5},"title":"Cuatro personas heridas al deslizarse veh\u00edculo en la carretera El Seibo-Hato Mayor","author":"Nelson Feliz","date":"1 de enero de 2025","format":false,"excerpt":"Un beb\u00e9 de un mes entre los lesionados. Por Irentoni Vega@viphatomayor Al menos cuatro personas resultaron heridas, entre ellas un beb\u00e9 de un mes y 12 d\u00edas de nacido, tras deslizarse una yipeta en la altura del Km\/7 de la carretera El Seibo-Hato Mayor, pr\u00f3ximo al Club Gall\u00edstico. Los lesionados\u2026","rel":"","context":"En \u00abNACIONALES\u00bb","block_context":{"text":"NACIONALES","link":"https:\/\/lasprimeras.com.do\/index.php\/category\/nacionales\/"},"img":{"alt_text":"","src":"https:\/\/i0.wp.com\/lasprimeras.com.do\/wp-content\/uploads\/2025\/01\/dos.jpg?resize=350%2C200&ssl=1","width":350,"height":200,"srcset":"https:\/\/i0.wp.com\/lasprimeras.com.do\/wp-content\/uploads\/2025\/01\/dos.jpg?resize=350%2C200&ssl=1 1x, https:\/\/i0.wp.com\/lasprimeras.com.do\/wp-content\/uploads\/2025\/01\/dos.jpg?resize=525%2C300&ssl=1 1.5x, https:\/\/i0.wp.com\/lasprimeras.com.do\/wp-content\/uploads\/2025\/01\/dos.jpg?resize=700%2C400&ssl=1 2x"},"classes":[]}],"jetpack_sharing_enabled":true,"_links":{"self":[{"href":"https:\/\/lasprimeras.com.do\/index.php\/wp-json\/wp\/v2\/posts\/56215","targetHints":{"allow":["GET"]}}],"collection":[{"href":"https:\/\/lasprimeras.com.do\/index.php\/wp-json\/wp\/v2\/posts"}],"about":[{"href":"https:\/\/lasprimeras.com.do\/index.php\/wp-json\/wp\/v2\/types\/post"}],"author":[{"embeddable":true,"href":"https:\/\/lasprimeras.com.do\/index.php\/wp-json\/wp\/v2\/users\/2"}],"replies":[{"embeddable":true,"href":"https:\/\/lasprimeras.com.do\/index.php\/wp-json\/wp\/v2\/comments?post=56215"}],"version-history":[{"count":1,"href":"https:\/\/lasprimeras.com.do\/index.php\/wp-json\/wp\/v2\/posts\/56215\/revisions"}],"predecessor-version":[{"id":56217,"href":"https:\/\/lasprimeras.com.do\/index.php\/wp-json\/wp\/v2\/posts\/56215\/revisions\/56217"}],"wp:featuredmedia":[{"embeddable":true,"href":"https:\/\/lasprimeras.com.do\/index.php\/wp-json\/wp\/v2\/media\/56216"}],"wp:attachment":[{"href":"https:\/\/lasprimeras.com.do\/index.php\/wp-json\/wp\/v2\/media?parent=56215"}],"wp:term":[{"taxonomy":"category","embeddable":true,"href":"https:\/\/lasprimeras.com.do\/index.php\/wp-json\/wp\/v2\/categories?post=56215"},{"taxonomy":"post_tag","embeddable":true,"href":"https:\/\/lasprimeras.com.do\/index.php\/wp-json\/wp\/v2\/tags?post=56215"}],"curies":[{"name":"wp","href":"https:\/\/api.w.org\/{rel}","templated":true}]}}