{"id":56351,"date":"2023-07-31T10:09:09","date_gmt":"2023-07-31T14:09:09","guid":{"rendered":"https:\/\/lasprimeras.com.do\/?p=56351"},"modified":"2023-07-31T10:09:11","modified_gmt":"2023-07-31T14:09:11","slug":"digev-amplia-y-remoza-escuela-vocacional-de-la-romana","status":"publish","type":"post","link":"https:\/\/lasprimeras.com.do\/index.php\/2023\/07\/31\/digev-amplia-y-remoza-escuela-vocacional-de-la-romana\/","title":{"rendered":"DIGEV amplia y remoza Escuela Vocacional de La Romana"},"content":{"rendered":"\n<p>Ota\u00f1o Jim\u00e9nez anuncia la construcci\u00f3n de una nueva para Higuey.<\/p>\n\n\n\n<p>Por Mart\u00edn Restituyo<\/p>\n\n\n\n<p>El director general de las Escuelas Vocacionales de las Fuerzas Armadas y de la Polic\u00eda Nacional (DIGEV), Mayor General &nbsp;Juan Jos\u00e9 Ota\u00f1o Jim\u00e9nez; encabez\u00f3 aqu\u00ed este fin de semana el acto de inauguraci\u00f3n de la ampliaci\u00f3n y remozamiento de la Escuela Vocacional de La Romana, as\u00ed como el cierre de varios talleres t\u00e9cnicos.<\/p>\n\n\n\n<p>Al dar a conocer la informaci\u00f3n, el titular de la instituci\u00f3n formativa indic\u00f3 que la ampliaci\u00f3n y remozamiento incluy\u00f3 la construcci\u00f3n de dos nuevas aulas para talleres de cocina y tapicer\u00eda, as\u00ed como nuevas \u00e1reas de cafeter\u00eda y comedor en donde se impartir\u00e1n nuevas acciones formativas.<\/p>\n\n\n\n<p>Asimismo, inform\u00f3 de la conclusi\u00f3n de varios cursos t\u00e9cnicos, en donde fueron formados unos 80 nuevos t\u00e9cnicos; 30 en tapicer\u00eda, 25 en cocina, 25 en hoteler\u00eda, los cuales podr\u00e1n insertarse a trabajar en los hoteles y restaurantes de la zona tur\u00edstica u emprender sus propios negocios.<\/p>\n\n\n\n<p>Al acto de inauguraci\u00f3n y remozamiento de las citadas instalaciones educativas asisti\u00f3 el Senador de La Altagracia, Virgilio Cedano Cedano, quien anunci\u00f3 la construcci\u00f3n de una nueva escuela Vocacional para esa provincia tur\u00edstica.<\/p>\n\n\n\n<p>En esa direcci\u00f3n, el legislador de Higuey revel\u00f3 que trabaja de la mano con el Mayor General Ota\u00f1o Jim\u00e9nez, director de la DIGEV, para lograr lo m\u00e1s pronto posible la construcci\u00f3n de esa edificaci\u00f3n para seguir impulsando el desarrollo tur\u00edstico en la regi\u00f3n Este.<\/p>\n\n\n\n<p>\u201cYa tenemos los terrenos, hicimos el dise\u00f1o de los planos, solo estamos a la espera del desembolso de los recursos econ\u00f3micos que har\u00e1 el Poder Ejecutivo en los pr\u00f3ximos d\u00edas para iniciar el levantamiento de la infraestructura\u201d, adelant\u00f3 el senador Cedano Cedano.<\/p>\n\n\n\n<p>Dijo que en esa regi\u00f3n conformada por los municipios de Higuey, La Romana, San Pedro de Macor\u00eds y Miches, entre otras zonas, es donde se recibe el 60 por ciento de los turistas que llegan al pa\u00eds, por lo que es una necesidad la construcci\u00f3n de una nueva escuela vocacional en esa provincia para seguir preparando la mano obra t\u00e9cnica especializada.<\/p>\n\n\n\n<p>En la actividad, en donde entregaron varios reconocimientos, estuvieron presentes adem\u00e1s, el asesor t\u00e9cnico de la DIGEV, general retirado Fernando Flori\u00e1n Urb\u00e1ez; el general retirado &nbsp;Marino Ferm\u00edn, supervisor general de la DIGEV en la zona Este; el teniente coronel piloto Jorge Alejandro de La Paz, sub director acad\u00e9mico de la DIGEV; el ingeniero Daniel Guerrero , presidente de la Compa\u00f1\u00eda de Ingenieros Paralelos, el inspector de la Escuela Vocacional de La Romana, Mayor Carlos Rafael Herrand Mart\u00ednez, as\u00ed como los inspectores de las escuelas vocacionales de la Regi\u00f3n Este, entre otros .<\/p>\n","protected":false},"excerpt":{"rendered":"<p>Ota\u00f1o Jim\u00e9nez anuncia la construcci\u00f3n de una nueva para Higuey. Por Mart\u00edn Restituyo El director general de las Escuelas Vocacionales de las Fuerzas Armadas y de la Polic\u00eda Nacional (DIGEV),&hellip;<\/p>\n","protected":false},"author":2,"featured_media":56352,"comment_status":"open","ping_status":"open","sticky":false,"template":"","format":"standard","meta":{"content-type":"","jetpack_post_was_ever_published":false,"_jetpack_newsletter_access":"","_jetpack_dont_email_post_to_subs":false,"_jetpack_newsletter_tier_id":0,"_jetpack_memberships_contains_paywalled_content":false,"_jetpack_memberships_contains_paid_content":false,"footnotes":""},"categories":[3057,25],"tags":[656,5612,965,5613],"class_list":["post-56351","post","type-post","status-publish","format-standard","has-post-thumbnail","hentry","category-militares","category-portada","tag-digev","tag-escuela-vocacional","tag-la-romana","tag-remoza"],"jetpack_featured_media_url":"https:\/\/lasprimeras.com.do\/wp-content\/uploads\/2023\/07\/DIGEV.jpg","jetpack-related-posts":[{"id":87302,"url":"https:\/\/lasprimeras.com.do\/index.php\/2024\/08\/10\/digev-remoza-edificio-e-inaugura-nuevas-aulas-en-barahona\/","url_meta":{"origin":56351,"position":0},"title":"DIGEV remoza edificio e inaugura nuevas aulas en Barahona","author":"Nelson Feliz","date":"10 de agosto de 2024","format":false,"excerpt":"La Direcci\u00f3n General de las Escuelas Vocacionales de las Fuerzas Armadas y de la Polic\u00eda Nacional (DIGEV) dej\u00f3 inaugurado el remozamiento y ampliaci\u00f3n del edificio principal de la Escuela Vocacional de la provincia Barahona. El acto estuvo encabezado por el Director General de esa instituci\u00f3n, General de Brigada Jorge Luis\u2026","rel":"","context":"En \u00abNACIONALES\u00bb","block_context":{"text":"NACIONALES","link":"https:\/\/lasprimeras.com.do\/index.php\/category\/nacionales\/"},"img":{"alt_text":"DIGEV","src":"https:\/\/i0.wp.com\/lasprimeras.com.do\/wp-content\/uploads\/2024\/08\/DIGEV.jpg?resize=350%2C200&ssl=1","width":350,"height":200,"srcset":"https:\/\/i0.wp.com\/lasprimeras.com.do\/wp-content\/uploads\/2024\/08\/DIGEV.jpg?resize=350%2C200&ssl=1 1x, https:\/\/i0.wp.com\/lasprimeras.com.do\/wp-content\/uploads\/2024\/08\/DIGEV.jpg?resize=525%2C300&ssl=1 1.5x, https:\/\/i0.wp.com\/lasprimeras.com.do\/wp-content\/uploads\/2024\/08\/DIGEV.jpg?resize=700%2C400&ssl=1 2x"},"classes":[]},{"id":58074,"url":"https:\/\/lasprimeras.com.do\/index.php\/2023\/08\/19\/reconocen-aportes-del-ex-presidente-hipolito-mejia-al-desarrollo-de-digev\/","url_meta":{"origin":56351,"position":1},"title":"Reconocen aportes del ex presidente Hip\u00f3lito Mej\u00eda al desarrollo de DIGEV","author":"Nelson Feliz","date":"19 de agosto de 2023","format":false,"excerpt":"Inauguran un nuevo y moderno sal\u00f3n para profesores en la Escuela Vocacional del municipio de Moca. Por Martin Restituyo La Direcci\u00f3n General de las Escuelas Vocacionales de las Fuerzas Armadas y de la Polic\u00eda Nacional (DIGEV) entreg\u00f3 un pergamino de reconocimiento al ex presidente Hip\u00f3lito Mej\u00eda por sus extraordinarios aportes\u2026","rel":"","context":"En \u00abMILITARES\u00bb","block_context":{"text":"MILITARES","link":"https:\/\/lasprimeras.com.do\/index.php\/category\/militares\/"},"img":{"alt_text":"Hipolito Mejia","src":"https:\/\/i0.wp.com\/lasprimeras.com.do\/wp-content\/uploads\/2023\/08\/Hipolito-Mejia.jpg?resize=350%2C200&ssl=1","width":350,"height":200,"srcset":"https:\/\/i0.wp.com\/lasprimeras.com.do\/wp-content\/uploads\/2023\/08\/Hipolito-Mejia.jpg?resize=350%2C200&ssl=1 1x, https:\/\/i0.wp.com\/lasprimeras.com.do\/wp-content\/uploads\/2023\/08\/Hipolito-Mejia.jpg?resize=525%2C300&ssl=1 1.5x, https:\/\/i0.wp.com\/lasprimeras.com.do\/wp-content\/uploads\/2023\/08\/Hipolito-Mejia.jpg?resize=700%2C400&ssl=1 2x"},"classes":[]},{"id":87554,"url":"https:\/\/lasprimeras.com.do\/index.php\/2024\/08\/13\/digev-entrega-remozado-centro-en-la-romana\/","url_meta":{"origin":56351,"position":2},"title":"DIGEV entrega remozado centro en La Romana","author":"Nelson Feliz","date":"13 de agosto de 2024","format":false,"excerpt":"La Direcci\u00f3n General de las Escuelas Vocacionales de las Fuerzas Armadas y de la Polic\u00eda Nacional (DIGEV) entreg\u00f3 la ma\u00f1ana de hoy dos aulas totalmente remozadas del \u00e1rea de Cosmetolog\u00eda y Hoteler\u00eda y Turismo, conjuntamente con las oficinas administrativas de la Escuela Vocacional en la Provincia de La Romana. La\u2026","rel":"","context":"En \u00abMILITARES\u00bb","block_context":{"text":"MILITARES","link":"https:\/\/lasprimeras.com.do\/index.php\/category\/militares\/"},"img":{"alt_text":"","src":"https:\/\/i0.wp.com\/lasprimeras.com.do\/wp-content\/uploads\/2024\/08\/digev-1.jpeg?resize=350%2C200&ssl=1","width":350,"height":200,"srcset":"https:\/\/i0.wp.com\/lasprimeras.com.do\/wp-content\/uploads\/2024\/08\/digev-1.jpeg?resize=350%2C200&ssl=1 1x, https:\/\/i0.wp.com\/lasprimeras.com.do\/wp-content\/uploads\/2024\/08\/digev-1.jpeg?resize=525%2C300&ssl=1 1.5x, https:\/\/i0.wp.com\/lasprimeras.com.do\/wp-content\/uploads\/2024\/08\/digev-1.jpeg?resize=700%2C400&ssl=1 2x, https:\/\/i0.wp.com\/lasprimeras.com.do\/wp-content\/uploads\/2024\/08\/digev-1.jpeg?resize=1050%2C600&ssl=1 3x, https:\/\/i0.wp.com\/lasprimeras.com.do\/wp-content\/uploads\/2024\/08\/digev-1.jpeg?resize=1400%2C800&ssl=1 4x"},"classes":[]},{"id":53714,"url":"https:\/\/lasprimeras.com.do\/index.php\/2023\/06\/30\/escuelas-vocacionales-celebran-el-dia-del-maestro-reconoce-docentes\/","url_meta":{"origin":56351,"position":3},"title":"Escuelas Vocacionales celebran el \u201cD\u00eda del Maestro\u201d, reconoce docentes","author":"Nelson Feliz","date":"30 de junio de 2023","format":false,"excerpt":"Por Martin Restituyo El director general de las Escuelas Vocacionales de las Fuerzas Armadas y de la Polic\u00eda Nacional (DIGEV), Mayor General Juan Jos\u00e9 Ota\u00f1o Jim\u00e9nez; destac\u00f3 que la funci\u00f3n del maestro en este tiempo de tantos retos, desaf\u00edos y de extremada importancia para la transmisi\u00f3n del conocimiento. Consider\u00f3 que\u2026","rel":"","context":"En \u00abNACIONALES\u00bb","block_context":{"text":"NACIONALES","link":"https:\/\/lasprimeras.com.do\/index.php\/category\/nacionales\/"},"img":{"alt_text":"Juan Jos\u00e9 Ota\u00f1o Jim\u00e9nez","src":"https:\/\/i0.wp.com\/lasprimeras.com.do\/wp-content\/uploads\/2023\/06\/Juan-Jose-Otano-Jimenez-1.jpg?resize=350%2C200&ssl=1","width":350,"height":200,"srcset":"https:\/\/i0.wp.com\/lasprimeras.com.do\/wp-content\/uploads\/2023\/06\/Juan-Jose-Otano-Jimenez-1.jpg?resize=350%2C200&ssl=1 1x, https:\/\/i0.wp.com\/lasprimeras.com.do\/wp-content\/uploads\/2023\/06\/Juan-Jose-Otano-Jimenez-1.jpg?resize=525%2C300&ssl=1 1.5x, https:\/\/i0.wp.com\/lasprimeras.com.do\/wp-content\/uploads\/2023\/06\/Juan-Jose-Otano-Jimenez-1.jpg?resize=700%2C400&ssl=1 2x"},"classes":[]},{"id":129371,"url":"https:\/\/lasprimeras.com.do\/index.php\/2026\/05\/02\/digev-primera-emision-del-programa-radial-escuelas-vocacionales-de-las-fuerzas-armadas-contigo\/","url_meta":{"origin":56351,"position":4},"title":"DIGEV primera emisi\u00f3n del programa radial \u201cEscuelas Vocacionales de las Fuerzas Armadas Contigo\u201d","author":"Nelson Feliz","date":"2 de mayo de 2026","format":false,"excerpt":"La iniciativa busca acercar la formaci\u00f3n t\u00e9cnico-vocacional, los valores y las oportunidades de desarrollo a la ciudadan\u00eda La Direcci\u00f3n General de las Escuelas Vocacionales de las Fuerzas Armadas y de la Polic\u00eda Nacional (DIGEV) del Ministerio de Defensa (MIDE) realiz\u00f3 el mi\u00e9rcoles 29 de abril la primera emisi\u00f3n de su\u2026","rel":"","context":"En \u00abMILITARES\u00bb","block_context":{"text":"MILITARES","link":"https:\/\/lasprimeras.com.do\/index.php\/category\/militares\/"},"img":{"alt_text":"","src":"https:\/\/i0.wp.com\/lasprimeras.com.do\/wp-content\/uploads\/2026\/05\/hifa.jpg?resize=350%2C200&ssl=1","width":350,"height":200,"srcset":"https:\/\/i0.wp.com\/lasprimeras.com.do\/wp-content\/uploads\/2026\/05\/hifa.jpg?resize=350%2C200&ssl=1 1x, https:\/\/i0.wp.com\/lasprimeras.com.do\/wp-content\/uploads\/2026\/05\/hifa.jpg?resize=525%2C300&ssl=1 1.5x, https:\/\/i0.wp.com\/lasprimeras.com.do\/wp-content\/uploads\/2026\/05\/hifa.jpg?resize=700%2C400&ssl=1 2x"},"classes":[]},{"id":116038,"url":"https:\/\/lasprimeras.com.do\/index.php\/2025\/11\/26\/ministerio-de-defensa-entrega-46799-nuevos-tecnicos-a-traves-de-las-escuelas-vocacionales\/","url_meta":{"origin":56351,"position":5},"title":"Ministerio de Defensa entrega 46,799 nuevos t\u00e9cnicos a trav\u00e9s de las Escuelas Vocacionales","author":"Nelson Feliz","date":"26 de noviembre de 2025","format":false,"excerpt":"El DIGEV alcanza una cifra hist\u00f3rica de 509,875 egresados. El Ministerio de Defensa (MIDE), a trav\u00e9s de la Direcci\u00f3n General de las Escuelas Vocacionales de las Fuerzas Armadas y de la Polic\u00eda Nacional (DIGEV), culmin\u00f3 este mi\u00e9rcoles el programa acad\u00e9mico correspondiente al per\u00edodo 2025 con la investidura de 46,799 nuevos\u2026","rel":"","context":"En \u00abMILITARES\u00bb","block_context":{"text":"MILITARES","link":"https:\/\/lasprimeras.com.do\/index.php\/category\/militares\/"},"img":{"alt_text":"","src":"https:\/\/i0.wp.com\/lasprimeras.com.do\/wp-content\/uploads\/2025\/11\/principal-1.jpg?resize=350%2C200&ssl=1","width":350,"height":200,"srcset":"https:\/\/i0.wp.com\/lasprimeras.com.do\/wp-content\/uploads\/2025\/11\/principal-1.jpg?resize=350%2C200&ssl=1 1x, https:\/\/i0.wp.com\/lasprimeras.com.do\/wp-content\/uploads\/2025\/11\/principal-1.jpg?resize=525%2C300&ssl=1 1.5x, https:\/\/i0.wp.com\/lasprimeras.com.do\/wp-content\/uploads\/2025\/11\/principal-1.jpg?resize=700%2C400&ssl=1 2x"},"classes":[]}],"jetpack_sharing_enabled":true,"_links":{"self":[{"href":"https:\/\/lasprimeras.com.do\/index.php\/wp-json\/wp\/v2\/posts\/56351","targetHints":{"allow":["GET"]}}],"collection":[{"href":"https:\/\/lasprimeras.com.do\/index.php\/wp-json\/wp\/v2\/posts"}],"about":[{"href":"https:\/\/lasprimeras.com.do\/index.php\/wp-json\/wp\/v2\/types\/post"}],"author":[{"embeddable":true,"href":"https:\/\/lasprimeras.com.do\/index.php\/wp-json\/wp\/v2\/users\/2"}],"replies":[{"embeddable":true,"href":"https:\/\/lasprimeras.com.do\/index.php\/wp-json\/wp\/v2\/comments?post=56351"}],"version-history":[{"count":1,"href":"https:\/\/lasprimeras.com.do\/index.php\/wp-json\/wp\/v2\/posts\/56351\/revisions"}],"predecessor-version":[{"id":56353,"href":"https:\/\/lasprimeras.com.do\/index.php\/wp-json\/wp\/v2\/posts\/56351\/revisions\/56353"}],"wp:featuredmedia":[{"embeddable":true,"href":"https:\/\/lasprimeras.com.do\/index.php\/wp-json\/wp\/v2\/media\/56352"}],"wp:attachment":[{"href":"https:\/\/lasprimeras.com.do\/index.php\/wp-json\/wp\/v2\/media?parent=56351"}],"wp:term":[{"taxonomy":"category","embeddable":true,"href":"https:\/\/lasprimeras.com.do\/index.php\/wp-json\/wp\/v2\/categories?post=56351"},{"taxonomy":"post_tag","embeddable":true,"href":"https:\/\/lasprimeras.com.do\/index.php\/wp-json\/wp\/v2\/tags?post=56351"}],"curies":[{"name":"wp","href":"https:\/\/api.w.org\/{rel}","templated":true}]}}