{"id":56389,"date":"2023-07-31T19:01:03","date_gmt":"2023-07-31T23:01:03","guid":{"rendered":"https:\/\/lasprimeras.com.do\/?p=56389"},"modified":"2023-07-31T19:01:05","modified_gmt":"2023-07-31T23:01:05","slug":"cristina-lizardo-la-gente-sale-de-su-casa-con-la-foto-de-luis-alberto-en-senal-de-apoyo","status":"publish","type":"post","link":"https:\/\/lasprimeras.com.do\/index.php\/2023\/07\/31\/cristina-lizardo-la-gente-sale-de-su-casa-con-la-foto-de-luis-alberto-en-senal-de-apoyo\/","title":{"rendered":"Cristina Lizardo: \u201dLa gente sale de su casa con la foto de Luis Alberto en se\u00f1al de apoyo\u201d"},"content":{"rendered":"\n<p>La presidenta del Partido de la Liberaci\u00f3n Dominicana en la provincia Santo Domingo e integrante del Comit\u00e9 Pol\u00edtico, Cristina Lizardo, afirm\u00f3 que esa organizaci\u00f3n pol\u00edtica sigue creciendo y consolid\u00e1ndose en el Municipio Santo Domingo Este.<\/p>\n\n\n\n<p>Lizardo, quien es tambi\u00e9n precandidata a senadora en esa provincia, dijo que ese crecimiento y aceptaci\u00f3n se expresa en cada una de las visitas que realiza el candidato a alcalde del PLD en el municipio, Luis Alberto Tejeda en los diferentes barrios y sectores de las tres circunscripciones.<\/p>\n\n\n\n<p>\u201cEn las actividades que hemos estado realizando en las \u00faltimas semanas vemos como la gente sale de su casa con la foto del compa\u00f1ero Luis Alberto en se\u00f1al de apoyo y otros se acercan a expresarle su respaldo\u201d, expres\u00f3 Lizardo en el programa El Sol de la Ma\u00f1ana.<\/p>\n\n\n\n<p>La presidenta del PLD y ex senadora en la provincia Santo Domingo hizo su ponderaci\u00f3n al participar en una entrevista que se le hizo al candidato a alcalde en SDE, Luis Alberto Tejeda.<\/p>\n\n\n\n<p>Dijo que se debe hablar del PLD antes y despu\u00e9s de la celebraci\u00f3n de la Marcha del d\u00eda 8 de julio, actividad que realiz\u00f3 su organizaci\u00f3n junto al candidato presidencial Abel Mart\u00ednez, en el Distrito Nacional.<\/p>\n\n\n\n<p>Adem\u00e1s de Cristina Lizardo, a Luis Alberto le acompa\u00f1aron Radham\u00e9s Fortuna, presidente del Municipio Santo Domingo Este y precandidato a Senador; Jos\u00e9 Ram\u00f3n Cabrera; Director Operativo, campa\u00f1a presidencial en SDE; Florange Cuevas, presidente de la circunscripci\u00f3n n\u00famero 1, quien adem\u00e1s es el Coordinador de la Campa\u00f1a de Luis Alberto; Luis Marte, presidente de la circunscripci\u00f3n n\u00famero 2; Emerson Vegazo, presidente de la circunscripci\u00f3n n\u00famero 3; Los diputados Isabel de la Cruz y Franklin Mart\u00ednez; Los regidores, Isabel Per\u00e9z, Juan Arturo Santos, Edita Sandoval, Crismeldy Pinales y Wander Garc\u00eda.<\/p>\n\n\n\n<p>Tambi\u00e9n acompa\u00f1aron a Luis Alberto, el equipo de campa\u00f1a, aspirantes a regidores , diputados y otros dirigentes del municipio.<\/p>\n","protected":false},"excerpt":{"rendered":"<p>La presidenta del Partido de la Liberaci\u00f3n Dominicana en la provincia Santo Domingo e integrante del Comit\u00e9 Pol\u00edtico, Cristina Lizardo, afirm\u00f3 que esa organizaci\u00f3n pol\u00edtica sigue creciendo y consolid\u00e1ndose en&hellip;<\/p>\n","protected":false},"author":2,"featured_media":56390,"comment_status":"open","ping_status":"open","sticky":false,"template":"","format":"standard","meta":{"content-type":"","jetpack_post_was_ever_published":false,"_jetpack_newsletter_access":"","_jetpack_dont_email_post_to_subs":false,"_jetpack_newsletter_tier_id":0,"_jetpack_memberships_contains_paywalled_content":false,"_jetpack_memberships_contains_paid_content":false,"footnotes":""},"categories":[25],"tags":[4846,4694],"class_list":["post-56389","post","type-post","status-publish","format-standard","has-post-thumbnail","hentry","category-portada","tag-cristina-lizardo","tag-luis-alberto"],"jetpack_featured_media_url":"https:\/\/lasprimeras.com.do\/wp-content\/uploads\/2023\/07\/Cristina-Lizardo-1.jpg","jetpack-related-posts":[{"id":108010,"url":"https:\/\/lasprimeras.com.do\/index.php\/2025\/09\/02\/cristina-lizardo-el-pld-se-activa-en-la-implementacion-de-la-loe\/","url_meta":{"origin":56389,"position":0},"title":"Cristina Lizardo: El PLD se activa en la implementaci\u00f3n de la LOE","author":"Nelson Feliz","date":"2 de septiembre de 2025","format":false,"excerpt":"El Partido de la Liberaci\u00f3n Dominicana (PLD) en el municipio Santo Domingo Este pasa balance a la implementaci\u00f3n de la L\u00ednea Organizativa y Electoral (LOE). El Partido de la Liberaci\u00f3n Dominicana en los municipios Santo Domingo Este, Boca Chica, Guerra y San Luis y sus circunscripciones y distritos municipales, hizo\u2026","rel":"","context":"En \u00abPOLITICA\u00bb","block_context":{"text":"POLITICA","link":"https:\/\/lasprimeras.com.do\/index.php\/category\/politica\/"},"img":{"alt_text":"","src":"https:\/\/i0.wp.com\/lasprimeras.com.do\/wp-content\/uploads\/2025\/09\/Reunion-LOE-2.jpg?resize=350%2C200&ssl=1","width":350,"height":200,"srcset":"https:\/\/i0.wp.com\/lasprimeras.com.do\/wp-content\/uploads\/2025\/09\/Reunion-LOE-2.jpg?resize=350%2C200&ssl=1 1x, https:\/\/i0.wp.com\/lasprimeras.com.do\/wp-content\/uploads\/2025\/09\/Reunion-LOE-2.jpg?resize=525%2C300&ssl=1 1.5x, https:\/\/i0.wp.com\/lasprimeras.com.do\/wp-content\/uploads\/2025\/09\/Reunion-LOE-2.jpg?resize=700%2C400&ssl=1 2x"},"classes":[]},{"id":74792,"url":"https:\/\/lasprimeras.com.do\/index.php\/2024\/01\/26\/abel-martinez-marcha-este-sabado-junto-a-luis-alberto-y-cristina-lizardo\/","url_meta":{"origin":56389,"position":1},"title":"Abel Mart\u00ednez marcha este s\u00e1bado junto a Luis Alberto y Cristina Lizardo","author":"Nelson Feliz","date":"26 de enero de 2024","format":false,"excerpt":"La actividad se realizar\u00e1 en la circunscripci\u00f3n Dos del Municipio Santo Domingo Este. El candidato presidencial por el Partido de la Liberaci\u00f3n Dominicana (PLD), Abel Martinez, marchar\u00e1 este sabado 27 de enero del a\u00f1o en curso junto a Luis Alberto Tejeda, candidato alcalde de SDE y Cristina Lizardo, candidata a\u2026","rel":"","context":"En \u00abPORTADA\u00bb","block_context":{"text":"PORTADA","link":"https:\/\/lasprimeras.com.do\/index.php\/category\/portada\/"},"img":{"alt_text":"Abel Martinez y Luis Alberto","src":"https:\/\/i0.wp.com\/lasprimeras.com.do\/wp-content\/uploads\/2024\/01\/Abel-Martinez-y-Luis-Alberto.jpg?resize=350%2C200&ssl=1","width":350,"height":200,"srcset":"https:\/\/i0.wp.com\/lasprimeras.com.do\/wp-content\/uploads\/2024\/01\/Abel-Martinez-y-Luis-Alberto.jpg?resize=350%2C200&ssl=1 1x, https:\/\/i0.wp.com\/lasprimeras.com.do\/wp-content\/uploads\/2024\/01\/Abel-Martinez-y-Luis-Alberto.jpg?resize=525%2C300&ssl=1 1.5x"},"classes":[]},{"id":75417,"url":"https:\/\/lasprimeras.com.do\/index.php\/2024\/02\/01\/luis-alberto-quiero-ver-un-municipio-de-jovenes-valiosos-y-emprendedores-2\/","url_meta":{"origin":56389,"position":2},"title":"Luis Alberto: Quiero ver un municipio de j\u00f3venes valiosos y emprendedores","author":"Nelson Feliz","date":"1 de febrero de 2024","format":false,"excerpt":"Revel\u00f3 que crear\u00e1 un Estudio de Grabaci\u00f3n Municipal para darle apoyo al talento art\u00edstico del municipio. Al celebrarse este 31 de enero el D\u00eda Nacional de la Juventud, Luis Alberto Tejeda, candidato a alcalde de Santo Domingo Este por el Partido de la Liberaci\u00f3n Dominicana, prometi\u00f3 que trabajar\u00e1 y propiciar\u00e1\u2026","rel":"","context":"En \u00abPORTADA\u00bb","block_context":{"text":"PORTADA","link":"https:\/\/lasprimeras.com.do\/index.php\/category\/portada\/"},"img":{"alt_text":"Luis Alberto Tejeda","src":"https:\/\/i0.wp.com\/lasprimeras.com.do\/wp-content\/uploads\/2024\/02\/Luis-Alberto-Tejeda.jpg?resize=350%2C200&ssl=1","width":350,"height":200,"srcset":"https:\/\/i0.wp.com\/lasprimeras.com.do\/wp-content\/uploads\/2024\/02\/Luis-Alberto-Tejeda.jpg?resize=350%2C200&ssl=1 1x, https:\/\/i0.wp.com\/lasprimeras.com.do\/wp-content\/uploads\/2024\/02\/Luis-Alberto-Tejeda.jpg?resize=525%2C300&ssl=1 1.5x"},"classes":[]},{"id":80623,"url":"https:\/\/lasprimeras.com.do\/index.php\/2024\/04\/10\/luis-alberto-pld-cuenta-con-un-gran-ejercito-para-triunfo-de-mayo\/","url_meta":{"origin":56389,"position":3},"title":"Luis Alberto: PLD cuenta con un gran ej\u00e9rcito para triunfo de mayo","author":"BIMARY DE JES\u00daS Matos","date":"10 de abril de 2024","format":false,"excerpt":"Santo Domingo.- Luis Alberto, en su papel como Coordinador de Campa\u00f1a en la provincia Santo Domingo, enfatiz\u00f3 la fortaleza del Partido de la Liberaci\u00f3n Dominicana, destacando el compromiso de un s\u00f3lido ej\u00e9rcito de hombres y mujeres que est\u00e1n dedicados incansablemente al \u00e9xito de Abel Mart\u00ednez y Cristina Lizardo. Subray\u00f3 el\u2026","rel":"","context":"En \u00abNACIONALES\u00bb","block_context":{"text":"NACIONALES","link":"https:\/\/lasprimeras.com.do\/index.php\/category\/nacionales\/"},"img":{"alt_text":"","src":"https:\/\/i0.wp.com\/lasprimeras.com.do\/wp-content\/uploads\/2024\/04\/IMG-20240410-WA0018.jpg?resize=350%2C200&ssl=1","width":350,"height":200,"srcset":"https:\/\/i0.wp.com\/lasprimeras.com.do\/wp-content\/uploads\/2024\/04\/IMG-20240410-WA0018.jpg?resize=350%2C200&ssl=1 1x, https:\/\/i0.wp.com\/lasprimeras.com.do\/wp-content\/uploads\/2024\/04\/IMG-20240410-WA0018.jpg?resize=525%2C300&ssl=1 1.5x, https:\/\/i0.wp.com\/lasprimeras.com.do\/wp-content\/uploads\/2024\/04\/IMG-20240410-WA0018.jpg?resize=700%2C400&ssl=1 2x, https:\/\/i0.wp.com\/lasprimeras.com.do\/wp-content\/uploads\/2024\/04\/IMG-20240410-WA0018.jpg?resize=1050%2C600&ssl=1 3x"},"classes":[]},{"id":75331,"url":"https:\/\/lasprimeras.com.do\/index.php\/2024\/01\/31\/luis-alberto-quiero-ver-un-municipio-de-jovenes-valiosos-y-emprendedores\/","url_meta":{"origin":56389,"position":4},"title":"Luis Alberto: Quiero ver un municipio de j\u00f3venes valiosos y emprendedores","author":"BIMARY DE JES\u00daS Matos","date":"31 de enero de 2024","format":false,"excerpt":"SANTO DOMINGO ESTE.- Al celebrarse este 31 de enero el D\u00eda Nacional de la Juventud, Luis Alberto Tejeda, candidato a alcalde de Santo Domingo Este por el Partido de la Liberaci\u00f3n Dominicana, prometi\u00f3 que trabajar\u00e1 y propiciar\u00e1 oportunidades de estudios y desarrollo para la juventud de ese municipio. La promesa\u2026","rel":"","context":"En \u00abSin categor\u00eda\u00bb","block_context":{"text":"Sin categor\u00eda","link":"https:\/\/lasprimeras.com.do\/index.php\/category\/sin-categoria\/"},"img":{"alt_text":"","src":"https:\/\/i0.wp.com\/lasprimeras.com.do\/wp-content\/uploads\/2024\/01\/1-millon-de-jovenes-votaran-en-las-elecciones-municipales-2-1.jpg?resize=350%2C200&ssl=1","width":350,"height":200,"srcset":"https:\/\/i0.wp.com\/lasprimeras.com.do\/wp-content\/uploads\/2024\/01\/1-millon-de-jovenes-votaran-en-las-elecciones-municipales-2-1.jpg?resize=350%2C200&ssl=1 1x, https:\/\/i0.wp.com\/lasprimeras.com.do\/wp-content\/uploads\/2024\/01\/1-millon-de-jovenes-votaran-en-las-elecciones-municipales-2-1.jpg?resize=525%2C300&ssl=1 1.5x"},"classes":[]},{"id":55024,"url":"https:\/\/lasprimeras.com.do\/index.php\/2023\/07\/17\/cristina-lizardo-expresa-preocupacion-niveles-de-deterioro-del-sistema-educativo\/","url_meta":{"origin":56389,"position":5},"title":"Cristina Lizardo expresa preocupaci\u00f3n niveles de deterioro del sistema educativo","author":"Nelson Feliz","date":"17 de julio de 2023","format":false,"excerpt":"La miembro del Comit\u00e9 Pol\u00edtico del Partido de la Liberaci\u00f3n Dominicana, Cristina Lizardo, expres\u00f3 su preocupaci\u00f3n por los niveles de desatenci\u00f3n y abandono de sectores importantes para el desarrollo humano. La ex senadora de la provincia Santo Domingo, declar\u00f3 que se ha producido un deterioro en el sistema educativo. Lizardo,\u2026","rel":"","context":"En \u00abPORTADA\u00bb","block_context":{"text":"PORTADA","link":"https:\/\/lasprimeras.com.do\/index.php\/category\/portada\/"},"img":{"alt_text":"Cristina Lizardo","src":"https:\/\/i0.wp.com\/lasprimeras.com.do\/wp-content\/uploads\/2023\/07\/Cristina-Lizardo.jpg?resize=350%2C200&ssl=1","width":350,"height":200,"srcset":"https:\/\/i0.wp.com\/lasprimeras.com.do\/wp-content\/uploads\/2023\/07\/Cristina-Lizardo.jpg?resize=350%2C200&ssl=1 1x, https:\/\/i0.wp.com\/lasprimeras.com.do\/wp-content\/uploads\/2023\/07\/Cristina-Lizardo.jpg?resize=525%2C300&ssl=1 1.5x, https:\/\/i0.wp.com\/lasprimeras.com.do\/wp-content\/uploads\/2023\/07\/Cristina-Lizardo.jpg?resize=700%2C400&ssl=1 2x"},"classes":[]}],"jetpack_sharing_enabled":true,"_links":{"self":[{"href":"https:\/\/lasprimeras.com.do\/index.php\/wp-json\/wp\/v2\/posts\/56389","targetHints":{"allow":["GET"]}}],"collection":[{"href":"https:\/\/lasprimeras.com.do\/index.php\/wp-json\/wp\/v2\/posts"}],"about":[{"href":"https:\/\/lasprimeras.com.do\/index.php\/wp-json\/wp\/v2\/types\/post"}],"author":[{"embeddable":true,"href":"https:\/\/lasprimeras.com.do\/index.php\/wp-json\/wp\/v2\/users\/2"}],"replies":[{"embeddable":true,"href":"https:\/\/lasprimeras.com.do\/index.php\/wp-json\/wp\/v2\/comments?post=56389"}],"version-history":[{"count":1,"href":"https:\/\/lasprimeras.com.do\/index.php\/wp-json\/wp\/v2\/posts\/56389\/revisions"}],"predecessor-version":[{"id":56391,"href":"https:\/\/lasprimeras.com.do\/index.php\/wp-json\/wp\/v2\/posts\/56389\/revisions\/56391"}],"wp:featuredmedia":[{"embeddable":true,"href":"https:\/\/lasprimeras.com.do\/index.php\/wp-json\/wp\/v2\/media\/56390"}],"wp:attachment":[{"href":"https:\/\/lasprimeras.com.do\/index.php\/wp-json\/wp\/v2\/media?parent=56389"}],"wp:term":[{"taxonomy":"category","embeddable":true,"href":"https:\/\/lasprimeras.com.do\/index.php\/wp-json\/wp\/v2\/categories?post=56389"},{"taxonomy":"post_tag","embeddable":true,"href":"https:\/\/lasprimeras.com.do\/index.php\/wp-json\/wp\/v2\/tags?post=56389"}],"curies":[{"name":"wp","href":"https:\/\/api.w.org\/{rel}","templated":true}]}}