{"id":56395,"date":"2023-07-31T19:31:40","date_gmt":"2023-07-31T23:31:40","guid":{"rendered":"https:\/\/lasprimeras.com.do\/?p=56395"},"modified":"2023-07-31T19:31:41","modified_gmt":"2023-07-31T23:31:41","slug":"proceso-de-barrick-pueblo-viejo-se-extiende-hasta-mas-alla-del-2040","status":"publish","type":"post","link":"https:\/\/lasprimeras.com.do\/index.php\/2023\/07\/31\/proceso-de-barrick-pueblo-viejo-se-extiende-hasta-mas-alla-del-2040\/","title":{"rendered":"Proceso de Barrick Pueblo Viejo se extiende hasta m\u00e1s all\u00e1 del 2040"},"content":{"rendered":"\n<p>El presidente de la mina de Pueblo Viejo operada por Barrick Gold Corporation, Mark Bristow dijo que proceso integral contin\u00faa avanzando en el dise\u00f1o de ingenier\u00eda para el proyecto de la instalaci\u00f3n de almacenamiento de relaves de El Naranjo, que extender\u00e1 su vida hasta 2040 y m\u00e1s all\u00e1.<\/p>\n\n\n\n<p>El tambi\u00e9n, director ejecutivo Bristow, sostuvo que la expansi\u00f3n de la planta y su nuevo TSF est\u00e1n dise\u00f1ados para mantener la producci\u00f3n de oro por encima de 800koz por a\u00f1o (100% base) en el futuro1.<\/p>\n\n\n\n<p>Bristow dijo que el proceso integral de ingenier\u00eda, ambiental y comunitario, llevado a cabo durante varios a\u00f1os, permitir\u00eda a Pueblo Viejo duplicar la enorme contribuci\u00f3n que ha realizado a la econom\u00eda de la Rep\u00fablica Dominicana.<\/p>\n\n\n\n<p>\u201cEn l\u00ednea con su compromiso con la transparencia, Bristow detall\u00f3 el proceso que condujo a la emisi\u00f3n de la licencia ambiental recibida recientemente para el nuevo TSF. Esto comenz\u00f3 con una selecci\u00f3n exhaustiva del sitio en l\u00ednea con el Est\u00e1ndar Global de la Industria sobre Gesti\u00f3n de Relaves y en consulta con el Gobierno y las comunidades\u201d.<\/p>\n\n\n\n<p>Despu\u00e9s del proceso de selecci\u00f3n del sitio, se complet\u00f3 una Evaluaci\u00f3n de Impacto Ambiental y Social (EIAS) que consider\u00f3 los impactos potenciales asociados con los sitios preferidos y alternativos. <\/p>\n\n\n\n<p>Esto implic\u00f3 la realizaci\u00f3n de numerosos estudios especializados realizados por expertos independientes nacionales e internacionales, que incluy\u00f3 una revisi\u00f3n independiente por hom\u00f3logos.<\/p>\n\n\n\n<p>El empresario minero, afirmo que la compa\u00f1\u00eda consult\u00f3 con las partes interesadas y afectadas en el transcurso de cuatro a\u00f1os, incluyendo m\u00e1s de 3,000 relacionamientos comunitarios y dos vistas p\u00fablicas de participaci\u00f3n abierta.<\/p>\n\n\n\n<p>En l\u00ednea con el compromiso de la compa\u00f1\u00eda con la transparencia y las mejores pr\u00e1cticas, las reuniones p\u00fablicas abiertas se anunciaron en los medios de comunicaciones locales y nacionales y permitieron suficientes oportunidades para que todas las partes plantearan inquietudes, preguntas y comentarios durante todo el proceso.<\/p>\n\n\n\n<p>&#8220;La miner\u00eda es el motor del desarrollo global y hasta la fecha, Pueblo Viejo ha pagado un total de US$3,200 millones en impuestos directos e indirectos desde que comenz\u00f3 la producci\u00f3n comercial en 2013.<\/p>\n","protected":false},"excerpt":{"rendered":"<p>El presidente de la mina de Pueblo Viejo operada por Barrick Gold Corporation, Mark Bristow dijo que proceso integral contin\u00faa avanzando en el dise\u00f1o de ingenier\u00eda para el proyecto de&hellip;<\/p>\n","protected":false},"author":2,"featured_media":56396,"comment_status":"open","ping_status":"open","sticky":false,"template":"","format":"standard","meta":{"content-type":"","jetpack_post_was_ever_published":false,"_jetpack_newsletter_access":"","_jetpack_dont_email_post_to_subs":false,"_jetpack_newsletter_tier_id":0,"_jetpack_memberships_contains_paywalled_content":false,"_jetpack_memberships_contains_paid_content":false,"footnotes":""},"categories":[39,25],"tags":[5629,5630,664],"class_list":["post-56395","post","type-post","status-publish","format-standard","has-post-thumbnail","hentry","category-economia","category-portada","tag-barrick-pueblo-viejo","tag-mina-pueblo-viejo","tag-proceso"],"jetpack_featured_media_url":"https:\/\/lasprimeras.com.do\/wp-content\/uploads\/2023\/07\/Barrick.jpg","jetpack-related-posts":[{"id":107337,"url":"https:\/\/lasprimeras.com.do\/index.php\/2025\/08\/26\/intec-la-universidad-de-chile-y-barrick-pueblo-viejo-graduan-segunda-cohorte-del-diplomado-en-mineria-y-metalurgia\/","url_meta":{"origin":56395,"position":0},"title":"INTEC, la Universidad de Chile y Barrick Pueblo Viejo grad\u00faan segunda cohorte del Diplomado en Miner\u00eda y Metalurgia","author":"Nelson Feliz","date":"26 de agosto de 2025","format":false,"excerpt":"El Instituto Tecnol\u00f3gico de Santo Domingo (INTEC), y la Universidad de Chile, con el auspicio de Barrick Pueblo Viejo, realizaron la graduaci\u00f3n de la segunda promoci\u00f3n del Diplomado Internacional en Miner\u00eda y Metalurgia. En esta ocasi\u00f3n recibieron diplomas 105 participantes quienes por nueve meses cursaron m\u00e1s de 132 horas de\u2026","rel":"","context":"En \u00abNACIONALES\u00bb","block_context":{"text":"NACIONALES","link":"https:\/\/lasprimeras.com.do\/index.php\/category\/nacionales\/"},"img":{"alt_text":"","src":"https:\/\/i0.wp.com\/lasprimeras.com.do\/wp-content\/uploads\/2025\/08\/INTEC-1.jpg?resize=350%2C200&ssl=1","width":350,"height":200,"srcset":"https:\/\/i0.wp.com\/lasprimeras.com.do\/wp-content\/uploads\/2025\/08\/INTEC-1.jpg?resize=350%2C200&ssl=1 1x, https:\/\/i0.wp.com\/lasprimeras.com.do\/wp-content\/uploads\/2025\/08\/INTEC-1.jpg?resize=525%2C300&ssl=1 1.5x, https:\/\/i0.wp.com\/lasprimeras.com.do\/wp-content\/uploads\/2025\/08\/INTEC-1.jpg?resize=700%2C400&ssl=1 2x"},"classes":[]},{"id":103343,"url":"https:\/\/lasprimeras.com.do\/index.php\/2025\/07\/14\/barrick-pueblo-viejo-avanza-en-trabajos-de-manejo-de-erosion-y-control-de-sedimentos\/","url_meta":{"origin":56395,"position":1},"title":"Barrick Pueblo Viejo avanza en trabajos de manejo de erosi\u00f3n y control de sedimentos","author":"Nelson Feliz","date":"14 de julio de 2025","format":false,"excerpt":"Barrick Pueblo Viejo inform\u00f3 sobre los trabajos que realiza para el manejo adecuado de la erosi\u00f3n y el control de sedimentos en el r\u00edo Naranjo, lo cual constituye uno de los pilares fundamentales en todos los proyectos de construcci\u00f3n, particularmente en aquellos que se realizan en \u00e1reas de alta sensibilidad\u2026","rel":"","context":"En \u00abNACIONALES\u00bb","block_context":{"text":"NACIONALES","link":"https:\/\/lasprimeras.com.do\/index.php\/category\/nacionales\/"},"img":{"alt_text":"","src":"https:\/\/i0.wp.com\/lasprimeras.com.do\/wp-content\/uploads\/2025\/07\/Barrick-Pueblo-Viejo-1-1.jpg?resize=350%2C200&ssl=1","width":350,"height":200,"srcset":"https:\/\/i0.wp.com\/lasprimeras.com.do\/wp-content\/uploads\/2025\/07\/Barrick-Pueblo-Viejo-1-1.jpg?resize=350%2C200&ssl=1 1x, https:\/\/i0.wp.com\/lasprimeras.com.do\/wp-content\/uploads\/2025\/07\/Barrick-Pueblo-Viejo-1-1.jpg?resize=525%2C300&ssl=1 1.5x, https:\/\/i0.wp.com\/lasprimeras.com.do\/wp-content\/uploads\/2025\/07\/Barrick-Pueblo-Viejo-1-1.jpg?resize=700%2C400&ssl=1 2x"},"classes":[]},{"id":108875,"url":"https:\/\/lasprimeras.com.do\/index.php\/2025\/09\/11\/alcalde-de-cotui-visita-proyecto-de-reasentamiento-nuevos-horizontes\/","url_meta":{"origin":56395,"position":2},"title":"Alcalde de Cotu\u00ed visita proyecto de reasentamiento Nuevos Horizontes","author":"Nelson Feliz","date":"11 de septiembre de 2025","format":false,"excerpt":"Barrick Pueblo Viejo recibi\u00f3 la visita del alcalde de Cotu\u00ed, Jos\u00e9 Eugenio Montilla, en el proyecto de viviendas Nuevos Horizontes, como parte de un recorrido de inspecci\u00f3n y conocimiento de los avances de esta iniciativa de gran impacto social y comunitario. El alcalde fue recibido por la presidenta de Barrick\u2026","rel":"","context":"En \u00abNACIONALES\u00bb","block_context":{"text":"NACIONALES","link":"https:\/\/lasprimeras.com.do\/index.php\/category\/nacionales\/"},"img":{"alt_text":"","src":"https:\/\/i0.wp.com\/lasprimeras.com.do\/wp-content\/uploads\/2025\/09\/Visita-Alcalde-Mondilla-Nuevos-Horizontes_DSC01128.jpg?resize=350%2C200&ssl=1","width":350,"height":200,"srcset":"https:\/\/i0.wp.com\/lasprimeras.com.do\/wp-content\/uploads\/2025\/09\/Visita-Alcalde-Mondilla-Nuevos-Horizontes_DSC01128.jpg?resize=350%2C200&ssl=1 1x, https:\/\/i0.wp.com\/lasprimeras.com.do\/wp-content\/uploads\/2025\/09\/Visita-Alcalde-Mondilla-Nuevos-Horizontes_DSC01128.jpg?resize=525%2C300&ssl=1 1.5x, https:\/\/i0.wp.com\/lasprimeras.com.do\/wp-content\/uploads\/2025\/09\/Visita-Alcalde-Mondilla-Nuevos-Horizontes_DSC01128.jpg?resize=700%2C400&ssl=1 2x"},"classes":[]},{"id":112490,"url":"https:\/\/lasprimeras.com.do\/index.php\/2025\/10\/22\/barrick-pueblo-viejo-destaca-inversion-y-fortalecimiento-bilaterales-en-la-semana-dominicana-en-canada\/","url_meta":{"origin":56395,"position":3},"title":"Barrick Pueblo Viejo destaca inversi\u00f3n y fortalecimiento bilaterales en la Semana Dominicana en Canad\u00e1","author":"Nelson Feliz","date":"22 de octubre de 2025","format":false,"excerpt":"La presidenta de Pueblo Viejo, Gisselle Valera, destac\u00f3 la importancia de generar y fomentar nuevas oportunidades de inversi\u00f3n entre ambos pa\u00edses, al tiempo que expres\u00f3 el compromiso de proteger las inversiones existentes. Durante su participaci\u00f3n en la Semana Dominicana en Canad\u00e1, Gisselle Valera, presidenta de Barrick Pueblo Viejo, destac\u00f3 la\u2026","rel":"","context":"En \u00abECONOM\u00cdA\u00bb","block_context":{"text":"ECONOM\u00cdA","link":"https:\/\/lasprimeras.com.do\/index.php\/category\/economia\/"},"img":{"alt_text":"Gisselle Valera","src":"https:\/\/i0.wp.com\/lasprimeras.com.do\/wp-content\/uploads\/2025\/10\/Gisselle-Valera.jpg?resize=350%2C200&ssl=1","width":350,"height":200,"srcset":"https:\/\/i0.wp.com\/lasprimeras.com.do\/wp-content\/uploads\/2025\/10\/Gisselle-Valera.jpg?resize=350%2C200&ssl=1 1x, https:\/\/i0.wp.com\/lasprimeras.com.do\/wp-content\/uploads\/2025\/10\/Gisselle-Valera.jpg?resize=525%2C300&ssl=1 1.5x, https:\/\/i0.wp.com\/lasprimeras.com.do\/wp-content\/uploads\/2025\/10\/Gisselle-Valera.jpg?resize=700%2C400&ssl=1 2x"},"classes":[]},{"id":106443,"url":"https:\/\/lasprimeras.com.do\/index.php\/2025\/08\/15\/ministro-joel-santos-reafirma-compromiso-con-la-mineria-responsable-en-pueblo-viejo\/","url_meta":{"origin":56395,"position":4},"title":"Ministro Joel Santos reafirma compromiso con la miner\u00eda responsable en Pueblo Viejo","author":"Nelson Feliz","date":"15 de agosto de 2025","format":false,"excerpt":"El titular de Energ\u00eda y Minas junto a una delegaci\u00f3n del MEM fueron recibidos por el liderazgo de Pueblo Viejo, y el equipo t\u00e9cnico de la empresa para un recorrido por las principales \u00e1reas de la operaci\u00f3n minera. El ministro de Energ\u00eda y Minas, Joel Santos, realiz\u00f3 una visita oficial\u2026","rel":"","context":"En \u00abECONOM\u00cdA\u00bb","block_context":{"text":"ECONOM\u00cdA","link":"https:\/\/lasprimeras.com.do\/index.php\/category\/economia\/"},"img":{"alt_text":"","src":"https:\/\/i0.wp.com\/lasprimeras.com.do\/wp-content\/uploads\/2025\/08\/COMISION-MEM-Y-BPV.jpg?resize=350%2C200&ssl=1","width":350,"height":200,"srcset":"https:\/\/i0.wp.com\/lasprimeras.com.do\/wp-content\/uploads\/2025\/08\/COMISION-MEM-Y-BPV.jpg?resize=350%2C200&ssl=1 1x, https:\/\/i0.wp.com\/lasprimeras.com.do\/wp-content\/uploads\/2025\/08\/COMISION-MEM-Y-BPV.jpg?resize=525%2C300&ssl=1 1.5x, https:\/\/i0.wp.com\/lasprimeras.com.do\/wp-content\/uploads\/2025\/08\/COMISION-MEM-Y-BPV.jpg?resize=700%2C400&ssl=1 2x"},"classes":[]},{"id":102259,"url":"https:\/\/lasprimeras.com.do\/index.php\/2025\/07\/02\/barrick-pueblo-viejo-construye-nueva-presa-de-colas-con-maxima-seguridad-y-proteccion-ambiental\/","url_meta":{"origin":56395,"position":5},"title":"Barrick Pueblo Viejo construye nueva presa de colas con m\u00e1xima seguridad y protecci\u00f3n ambiental","author":"Nelson Feliz","date":"2 de julio de 2025","format":false,"excerpt":"La minera Barrick Pueblo Viejo avanza en la construcci\u00f3n de su nueva presa de colas bajo un dise\u00f1o aguas abajo, priorizando la seguridad estructural y el cumplimiento ambiental. El ingeniero ge\u00f3logo Osiris de Le\u00f3n explic\u00f3 en el programa Gobierno de la Ma\u00f1ana que este dise\u00f1o no responde a un criterio\u2026","rel":"","context":"En \u00abECONOM\u00cdA\u00bb","block_context":{"text":"ECONOM\u00cdA","link":"https:\/\/lasprimeras.com.do\/index.php\/category\/economia\/"},"img":{"alt_text":"","src":"https:\/\/i0.wp.com\/lasprimeras.com.do\/wp-content\/uploads\/2025\/07\/Barrick-Pueblo-Viejo-1.jpg?resize=350%2C200&ssl=1","width":350,"height":200,"srcset":"https:\/\/i0.wp.com\/lasprimeras.com.do\/wp-content\/uploads\/2025\/07\/Barrick-Pueblo-Viejo-1.jpg?resize=350%2C200&ssl=1 1x, https:\/\/i0.wp.com\/lasprimeras.com.do\/wp-content\/uploads\/2025\/07\/Barrick-Pueblo-Viejo-1.jpg?resize=525%2C300&ssl=1 1.5x, https:\/\/i0.wp.com\/lasprimeras.com.do\/wp-content\/uploads\/2025\/07\/Barrick-Pueblo-Viejo-1.jpg?resize=700%2C400&ssl=1 2x"},"classes":[]}],"jetpack_sharing_enabled":true,"_links":{"self":[{"href":"https:\/\/lasprimeras.com.do\/index.php\/wp-json\/wp\/v2\/posts\/56395","targetHints":{"allow":["GET"]}}],"collection":[{"href":"https:\/\/lasprimeras.com.do\/index.php\/wp-json\/wp\/v2\/posts"}],"about":[{"href":"https:\/\/lasprimeras.com.do\/index.php\/wp-json\/wp\/v2\/types\/post"}],"author":[{"embeddable":true,"href":"https:\/\/lasprimeras.com.do\/index.php\/wp-json\/wp\/v2\/users\/2"}],"replies":[{"embeddable":true,"href":"https:\/\/lasprimeras.com.do\/index.php\/wp-json\/wp\/v2\/comments?post=56395"}],"version-history":[{"count":1,"href":"https:\/\/lasprimeras.com.do\/index.php\/wp-json\/wp\/v2\/posts\/56395\/revisions"}],"predecessor-version":[{"id":56397,"href":"https:\/\/lasprimeras.com.do\/index.php\/wp-json\/wp\/v2\/posts\/56395\/revisions\/56397"}],"wp:featuredmedia":[{"embeddable":true,"href":"https:\/\/lasprimeras.com.do\/index.php\/wp-json\/wp\/v2\/media\/56396"}],"wp:attachment":[{"href":"https:\/\/lasprimeras.com.do\/index.php\/wp-json\/wp\/v2\/media?parent=56395"}],"wp:term":[{"taxonomy":"category","embeddable":true,"href":"https:\/\/lasprimeras.com.do\/index.php\/wp-json\/wp\/v2\/categories?post=56395"},{"taxonomy":"post_tag","embeddable":true,"href":"https:\/\/lasprimeras.com.do\/index.php\/wp-json\/wp\/v2\/tags?post=56395"}],"curies":[{"name":"wp","href":"https:\/\/api.w.org\/{rel}","templated":true}]}}