{"id":56401,"date":"2023-07-31T20:10:06","date_gmt":"2023-08-01T00:10:06","guid":{"rendered":"https:\/\/lasprimeras.com.do\/?p=56401"},"modified":"2023-07-31T20:10:07","modified_gmt":"2023-08-01T00:10:07","slug":"ministro-de-la-presidencia-dice-reduccion-de-la-delincuencia-es-un-trabajo-constante","status":"publish","type":"post","link":"https:\/\/lasprimeras.com.do\/index.php\/2023\/07\/31\/ministro-de-la-presidencia-dice-reduccion-de-la-delincuencia-es-un-trabajo-constante\/","title":{"rendered":"Ministro de la Presidencia dice reducci\u00f3n de la delincuencia es un trabajo constante"},"content":{"rendered":"\n<p>Por Martin Restituyo<\/p>\n\n\n\n<p>Al concluir la sexta reuni\u00f3n de seguimiento al Plan de Seguridad Ciudadana encabezada por el presidente Luis Abinader, el ministro de la Presidencia, Joel Santos Echavarr\u00eda, manifest\u00f3 que lograr la reducci\u00f3n de la delincuencia es un trabajo que no termina, que es una batalla constante y de consistencia.<\/p>\n\n\n\n<p>\u201cComo el presidente ha dicho en otras ocasiones un solo homicidio, un solo robo, ya es mucho para nosotros. Es decir, que es un trabajo constante&#8221;.<\/p>\n\n\n\n<p>Santos precis\u00f3 que, como en todas las reuniones se revisaron todos los procedimientos y es hizo un an\u00e1lisis detallado por provincias de todas las situaciones de delincuencia.<\/p>\n\n\n\n<p>Del mismo modo, el ministro Santos inform\u00f3 que se revis\u00f3 completamente la operabilidad de las diferentes regiones. \u201cEst\u00e1 m\u00e1s que demostrado que mientras haya m\u00e1s operatividad en una zona en particular, la delincuencia se reduce\u201d.<\/p>\n\n\n\n<p>Destac\u00f3 que para esta ocasi\u00f3n el encuentro con la presencia de algunos directores y ejecutivos de medios, quienes tuvieron la oportunidad de ver de primera mano la operatividad de las reuniones semanales que dirige el presidente Abinader, el intercambio entre las distintas instituciones.<\/p>\n\n\n\n<p>\u201cEllos pudieron constatar de como estamos trabajando y como estamos logrando la reducci\u00f3n de la delincuencia.<\/p>\n\n\n\n<p>En la actividad, dijo, se aprovech\u00f3 la oportunidad para responder a las inquietudes de estos ejecutivos de medios y comunicadores presentes y recibieron explicaciones sobre los avances y funcionamiento de toda la reforma policial, los trabajos que se est\u00e1n realizando para mejorar la dignidad del polic\u00eda, desde el punto de vista de remuneraci\u00f3n y otras prestaciones que pueden recibir de todos los rangos.<\/p>\n\n\n\n<p>En tal sentido, dijo que los cabos y rasos han recibido mejoras al igual que la parte estrat\u00e9gica y una parte c\u00e9ntrica, que es la reforma educativa de la Polic\u00eda Nacional para mejorar el nivel de sus miembros.<\/p>\n\n\n\n<p>En el encuentro estuvieron presentes los ministros de Defensa, teniente general Carlos Luciano D\u00edaz Morfa; de Interior y Polic\u00eda, Jes\u00fas V\u00e1squez Mart\u00ednez; el director general de la Polic\u00eda Nacional, mayor general Eduardo Alberto Then; el titular de la Direcci\u00f3n Nacional de Control de Drogas (DNCD), vicealmirante Jos\u00e9 Cabrera Ulloa.<\/p>\n\n\n\n<p>Tambi\u00e9n, el titular de la Direcci\u00f3n General de Seguridad de Tr\u00e1nsito y Transporte Terrestre (Digesett), general Ram\u00f3n Antonio Guzm\u00e1n Peralta; el director Central de la Polic\u00eda de Turismo (Politur); general Minoru Matsunaga; la coordinadora de la Comisi\u00f3n T\u00e9cnica para la Reestructuraci\u00f3n del Sistema Educativo de la Polic\u00eda Nacional, Mu- Kien Sang Ben y la destacada empresaria Elena Viyella, entre otras autoridades del alto mando y fiscales de las diferentes provincias.<\/p>\n","protected":false},"excerpt":{"rendered":"<p>Por Martin Restituyo Al concluir la sexta reuni\u00f3n de seguimiento al Plan de Seguridad Ciudadana encabezada por el presidente Luis Abinader, el ministro de la Presidencia, Joel Santos Echavarr\u00eda, manifest\u00f3&hellip;<\/p>\n","protected":false},"author":2,"featured_media":56402,"comment_status":"open","ping_status":"open","sticky":false,"template":"","format":"standard","meta":{"content-type":"","jetpack_post_was_ever_published":false,"_jetpack_newsletter_access":"","_jetpack_dont_email_post_to_subs":false,"_jetpack_newsletter_tier_id":0,"_jetpack_memberships_contains_paywalled_content":false,"_jetpack_memberships_contains_paid_content":false,"footnotes":""},"categories":[35,25],"tags":[3579,5634,67,373,94,3178],"class_list":["post-56401","post","type-post","status-publish","format-standard","has-post-thumbnail","hentry","category-nacionales","category-portada","tag-delincuencia","tag-joel-santos-echavarria","tag-luis-abinader","tag-ministro","tag-presidencia","tag-reduccion"],"jetpack_featured_media_url":"https:\/\/lasprimeras.com.do\/wp-content\/uploads\/2023\/07\/Luis-Abinader-y-Joel-Santos-Echavarria.jpg","jetpack-related-posts":[{"id":55745,"url":"https:\/\/lasprimeras.com.do\/index.php\/2023\/07\/24\/gobierno-revela-indices-de-la-delincuencia-y-criminalidad-ha-descendido-un-20\/","url_meta":{"origin":56401,"position":0},"title":"Gobierno revela \u00edndices de la delincuencia y criminalidad ha descendido un 20%","author":"Nelson Feliz","date":"24 de julio de 2023","format":false,"excerpt":"-Ministro de la Presidencia ofrece los detalles y dice se fortalece la seguridad ciudadana Por Martin Restituyo El ministro de la Presidencia, Joel Santos Echavarr\u00eda, revel\u00f3 este lunes que las estad\u00edsticas m\u00e1s recientes en torno a los \u00edndices de delincuencia y criminalidad han manifestado una significativa reducci\u00f3n de un 20%\u2026","rel":"","context":"En \u00abNACIONALES\u00bb","block_context":{"text":"NACIONALES","link":"https:\/\/lasprimeras.com.do\/index.php\/category\/nacionales\/"},"img":{"alt_text":"Criminalidad contin\u00faa en descenso gracias a labores conjuntas PGR, PN, MIP, MIDE y DNCD","src":"https:\/\/i0.wp.com\/lasprimeras.com.do\/wp-content\/uploads\/2023\/07\/Luis-Abinader-2-1.jpg?resize=350%2C200&ssl=1","width":350,"height":200,"srcset":"https:\/\/i0.wp.com\/lasprimeras.com.do\/wp-content\/uploads\/2023\/07\/Luis-Abinader-2-1.jpg?resize=350%2C200&ssl=1 1x, https:\/\/i0.wp.com\/lasprimeras.com.do\/wp-content\/uploads\/2023\/07\/Luis-Abinader-2-1.jpg?resize=525%2C300&ssl=1 1.5x, https:\/\/i0.wp.com\/lasprimeras.com.do\/wp-content\/uploads\/2023\/07\/Luis-Abinader-2-1.jpg?resize=700%2C400&ssl=1 2x"},"classes":[]},{"id":80992,"url":"https:\/\/lasprimeras.com.do\/index.php\/2024\/04\/15\/gobierno-anuncia-1000-nuevos-agentes-se-sumaran-a-labores-de-reforzamiento-de-patrullaje-preventivo\/","url_meta":{"origin":56401,"position":1},"title":"Gobierno anuncia 1,000 nuevos agentes se sumar\u00e1n a labores de reforzamiento de patrullaje preventivo","author":"BIMARY DE JES\u00daS Matos","date":"15 de abril de 2024","format":false,"excerpt":"SANTO DOMINGO.- El ministro de la Presidencia, Joel Santos Echavarr\u00eda, anunci\u00f3 este lunes que, como parte del Plan de Reforma Policial, la pr\u00f3xima semana ingresar\u00e1n mil nuevos reclutas que actualmente reciben formaci\u00f3n en la Escuela de Entrenamiento Policial Campus Gaspar Hern\u00e1ndez, con la intenci\u00f3n de reforzar las labores de prevenci\u00f3n\u2026","rel":"","context":"En \u00abNACIONALES\u00bb","block_context":{"text":"NACIONALES","link":"https:\/\/lasprimeras.com.do\/index.php\/category\/nacionales\/"},"img":{"alt_text":"","src":"https:\/\/i0.wp.com\/lasprimeras.com.do\/wp-content\/uploads\/2024\/04\/WhatsApp-Image-2024-04-15-at-8.14.52-AM-1.webp?resize=350%2C200&ssl=1","width":350,"height":200,"srcset":"https:\/\/i0.wp.com\/lasprimeras.com.do\/wp-content\/uploads\/2024\/04\/WhatsApp-Image-2024-04-15-at-8.14.52-AM-1.webp?resize=350%2C200&ssl=1 1x, https:\/\/i0.wp.com\/lasprimeras.com.do\/wp-content\/uploads\/2024\/04\/WhatsApp-Image-2024-04-15-at-8.14.52-AM-1.webp?resize=525%2C300&ssl=1 1.5x, https:\/\/i0.wp.com\/lasprimeras.com.do\/wp-content\/uploads\/2024\/04\/WhatsApp-Image-2024-04-15-at-8.14.52-AM-1.webp?resize=700%2C400&ssl=1 2x, https:\/\/i0.wp.com\/lasprimeras.com.do\/wp-content\/uploads\/2024\/04\/WhatsApp-Image-2024-04-15-at-8.14.52-AM-1.webp?resize=1050%2C600&ssl=1 3x"},"classes":[]},{"id":53452,"url":"https:\/\/lasprimeras.com.do\/index.php\/2023\/06\/26\/abinader-dice-estadisticas-reflejan-avances-en-la-lucha-contra-la-criminalidad-y-la-delincuencia\/","url_meta":{"origin":56401,"position":2},"title":"Abinader dice estad\u00edsticas reflejan avances en la lucha contra la criminalidad y la delincuencia","author":"Nelson Feliz","date":"26 de junio de 2023","format":false,"excerpt":"-Pr\u00f3ximo lunes se rendir\u00e1 informe de resultados a nivel nacional Por Mart\u00edn Restituyo El presidente de la Rep\u00fablica, Luis Abinader se reuni\u00f3 con los mandos policiales, representantes del Ministerio P\u00fablico, de las Fuerzas Armadas y de la Direcci\u00f3n Nacional de Control de Drogas (DNCD), para dar seguimiento a las acciones\u2026","rel":"","context":"En \u00abMILITARES\u00bb","block_context":{"text":"MILITARES","link":"https:\/\/lasprimeras.com.do\/index.php\/category\/militares\/"},"img":{"alt_text":"Luis Abinader se reuni\u00f3 con los mandos policiales, representantes del Ministerio P\u00fablico, de las Fuerzas Armadas y de la Direcci\u00f3n Nacional de Control de Drogas (DNCD)","src":"https:\/\/i0.wp.com\/lasprimeras.com.do\/wp-content\/uploads\/2023\/06\/Luis-Abinader-7-1.jpg?resize=350%2C200&ssl=1","width":350,"height":200,"srcset":"https:\/\/i0.wp.com\/lasprimeras.com.do\/wp-content\/uploads\/2023\/06\/Luis-Abinader-7-1.jpg?resize=350%2C200&ssl=1 1x, https:\/\/i0.wp.com\/lasprimeras.com.do\/wp-content\/uploads\/2023\/06\/Luis-Abinader-7-1.jpg?resize=525%2C300&ssl=1 1.5x, https:\/\/i0.wp.com\/lasprimeras.com.do\/wp-content\/uploads\/2023\/06\/Luis-Abinader-7-1.jpg?resize=700%2C400&ssl=1 2x"},"classes":[]},{"id":61389,"url":"https:\/\/lasprimeras.com.do\/index.php\/2023\/09\/26\/gobierno-asegura-tasa-de-homicidios-muestra-disminucion-se-situa-en-un-12-por-cada-100-mil-habitantes\/","url_meta":{"origin":56401,"position":3},"title":"Gobierno asegura tasa de homicidios muestra disminuci\u00f3n; se sit\u00faa en un 12% por cada 100 mil habitantes","author":"Nelson Feliz","date":"26 de septiembre de 2023","format":false,"excerpt":"Director general de la PN asegura tr\u00e1nsito estar\u00e1 garantizado durante llamado huelga en SFM. Por Mart\u00edn Restituyo El ministro de la Presidencia, Joel Santos Echavarr\u00eda, asegur\u00f3 que la tasa de homicidios por 100,000 habitantes se sit\u00faa actualmente en un 12%, mostrando una significativa disminuci\u00f3n de un 1.7 % a la\u2026","rel":"","context":"En \u00abNACIONALES\u00bb","block_context":{"text":"NACIONALES","link":"https:\/\/lasprimeras.com.do\/index.php\/category\/nacionales\/"},"img":{"alt_text":"Joel Santos","src":"https:\/\/i0.wp.com\/lasprimeras.com.do\/wp-content\/uploads\/2023\/09\/Joel-Santos-PN.jpg?resize=350%2C200&ssl=1","width":350,"height":200,"srcset":"https:\/\/i0.wp.com\/lasprimeras.com.do\/wp-content\/uploads\/2023\/09\/Joel-Santos-PN.jpg?resize=350%2C200&ssl=1 1x, https:\/\/i0.wp.com\/lasprimeras.com.do\/wp-content\/uploads\/2023\/09\/Joel-Santos-PN.jpg?resize=525%2C300&ssl=1 1.5x, https:\/\/i0.wp.com\/lasprimeras.com.do\/wp-content\/uploads\/2023\/09\/Joel-Santos-PN.jpg?resize=700%2C400&ssl=1 2x"},"classes":[]},{"id":80543,"url":"https:\/\/lasprimeras.com.do\/index.php\/2024\/04\/09\/policia-nacional-se-propone-reclutar-8000-nuevos-agentes-para-el-fortalecimiento-de-la-seguridad-en-el-pais\/","url_meta":{"origin":56401,"position":4},"title":"Polic\u00eda Nacional se propone reclutar 8,000 nuevos agentes para el fortalecimiento de la seguridad en el pa\u00eds","author":"BIMARY DE JES\u00daS Matos","date":"9 de abril de 2024","format":false,"excerpt":"Santo Domingo.-El ministro de la Presidencia, Joel Santos Echavarr\u00eda, revel\u00f3 este lunes que nueve provincias y dos municipios registran tasas de homicidios por debajo de 10 puntos, gracias a la arduas labores preventivas realizadas por los agentes de la Polic\u00eda Nacional, con el respaldo de los miembros de las Fuerzas\u2026","rel":"","context":"En \u00abNACIONALES\u00bb","block_context":{"text":"NACIONALES","link":"https:\/\/lasprimeras.com.do\/index.php\/category\/nacionales\/"},"img":{"alt_text":"","src":"https:\/\/i0.wp.com\/lasprimeras.com.do\/wp-content\/uploads\/2024\/04\/WhatsApp-Image-2024-04-09-at-4.32.48-PM-scaled.jpeg?resize=350%2C200&ssl=1","width":350,"height":200,"srcset":"https:\/\/i0.wp.com\/lasprimeras.com.do\/wp-content\/uploads\/2024\/04\/WhatsApp-Image-2024-04-09-at-4.32.48-PM-scaled.jpeg?resize=350%2C200&ssl=1 1x, https:\/\/i0.wp.com\/lasprimeras.com.do\/wp-content\/uploads\/2024\/04\/WhatsApp-Image-2024-04-09-at-4.32.48-PM-scaled.jpeg?resize=525%2C300&ssl=1 1.5x, https:\/\/i0.wp.com\/lasprimeras.com.do\/wp-content\/uploads\/2024\/04\/WhatsApp-Image-2024-04-09-at-4.32.48-PM-scaled.jpeg?resize=700%2C400&ssl=1 2x, https:\/\/i0.wp.com\/lasprimeras.com.do\/wp-content\/uploads\/2024\/04\/WhatsApp-Image-2024-04-09-at-4.32.48-PM-scaled.jpeg?resize=1050%2C600&ssl=1 3x, https:\/\/i0.wp.com\/lasprimeras.com.do\/wp-content\/uploads\/2024\/04\/WhatsApp-Image-2024-04-09-at-4.32.48-PM-scaled.jpeg?resize=1400%2C800&ssl=1 4x"},"classes":[]},{"id":64795,"url":"https:\/\/lasprimeras.com.do\/index.php\/2023\/10\/23\/gobierno-trabajara-en-mecanismo-tecnologico-para-proteger-a-taxistas\/","url_meta":{"origin":56401,"position":5},"title":"Gobierno trabajar\u00e1 en mecanismo tecnol\u00f3gico para proteger a taxistas","author":"Nelson Feliz","date":"23 de octubre de 2023","format":false,"excerpt":"_ Informan sobre la creaci\u00f3n de un acuerdo con ejecutivos de las ligas mayores, para fortalecer la seguridad en los estadios de b\u00e9isbol de la Mayor League en el pa\u00eds_ El ministro de la Presidencia, Joel Santos Echavarr\u00eda, inform\u00f3 que se estar\u00e1 implementado, mediante el uso de la tecnolog\u00eda, un\u2026","rel":"","context":"En \u00abNACIONALES\u00bb","block_context":{"text":"NACIONALES","link":"https:\/\/lasprimeras.com.do\/index.php\/category\/nacionales\/"},"img":{"alt_text":"JOEL SANTOS","src":"https:\/\/i0.wp.com\/lasprimeras.com.do\/wp-content\/uploads\/2023\/10\/JOEL-SANTOS-1.jpg?resize=350%2C200&ssl=1","width":350,"height":200,"srcset":"https:\/\/i0.wp.com\/lasprimeras.com.do\/wp-content\/uploads\/2023\/10\/JOEL-SANTOS-1.jpg?resize=350%2C200&ssl=1 1x, https:\/\/i0.wp.com\/lasprimeras.com.do\/wp-content\/uploads\/2023\/10\/JOEL-SANTOS-1.jpg?resize=525%2C300&ssl=1 1.5x, https:\/\/i0.wp.com\/lasprimeras.com.do\/wp-content\/uploads\/2023\/10\/JOEL-SANTOS-1.jpg?resize=700%2C400&ssl=1 2x"},"classes":[]}],"jetpack_sharing_enabled":true,"_links":{"self":[{"href":"https:\/\/lasprimeras.com.do\/index.php\/wp-json\/wp\/v2\/posts\/56401","targetHints":{"allow":["GET"]}}],"collection":[{"href":"https:\/\/lasprimeras.com.do\/index.php\/wp-json\/wp\/v2\/posts"}],"about":[{"href":"https:\/\/lasprimeras.com.do\/index.php\/wp-json\/wp\/v2\/types\/post"}],"author":[{"embeddable":true,"href":"https:\/\/lasprimeras.com.do\/index.php\/wp-json\/wp\/v2\/users\/2"}],"replies":[{"embeddable":true,"href":"https:\/\/lasprimeras.com.do\/index.php\/wp-json\/wp\/v2\/comments?post=56401"}],"version-history":[{"count":1,"href":"https:\/\/lasprimeras.com.do\/index.php\/wp-json\/wp\/v2\/posts\/56401\/revisions"}],"predecessor-version":[{"id":56403,"href":"https:\/\/lasprimeras.com.do\/index.php\/wp-json\/wp\/v2\/posts\/56401\/revisions\/56403"}],"wp:featuredmedia":[{"embeddable":true,"href":"https:\/\/lasprimeras.com.do\/index.php\/wp-json\/wp\/v2\/media\/56402"}],"wp:attachment":[{"href":"https:\/\/lasprimeras.com.do\/index.php\/wp-json\/wp\/v2\/media?parent=56401"}],"wp:term":[{"taxonomy":"category","embeddable":true,"href":"https:\/\/lasprimeras.com.do\/index.php\/wp-json\/wp\/v2\/categories?post=56401"},{"taxonomy":"post_tag","embeddable":true,"href":"https:\/\/lasprimeras.com.do\/index.php\/wp-json\/wp\/v2\/tags?post=56401"}],"curies":[{"name":"wp","href":"https:\/\/api.w.org\/{rel}","templated":true}]}}