{"id":56445,"date":"2023-08-01T08:44:45","date_gmt":"2023-08-01T12:44:45","guid":{"rendered":"https:\/\/lasprimeras.com.do\/?p=56445"},"modified":"2023-08-01T08:44:47","modified_gmt":"2023-08-01T12:44:47","slug":"ana-vidal-presenta-precandidatura-a-diputada-por-la-circunscripcion-3-de-europa","status":"publish","type":"post","link":"https:\/\/lasprimeras.com.do\/index.php\/2023\/08\/01\/ana-vidal-presenta-precandidatura-a-diputada-por-la-circunscripcion-3-de-europa\/","title":{"rendered":"Ana Vidal presenta precandidatura a diputada por la circunscripci\u00f3n 3 de Europa"},"content":{"rendered":"\n<p>Con el eslogan \u201cCon Abel y Ana en Europa se gana\u201d, se llev\u00f3 a cabo el lanzamiento oficial de la precandidatura de Ana Vidal, con el fin de postularse como diputada en Europa por el Partido de la Liberaci\u00f3n Dominicana (PLD), en la circunscripci\u00f3n 3 de Madrid, Espa\u00f1a.<\/p>\n\n\n\n<p>M\u00e1s de cien l\u00edderes y dirigentes pelede\u00edstas se dieron cita en el local del partido en Madrid, con el prop\u00f3sito de dar su apoyo a Abel Mart\u00ednez y Ana Vidal, para que vuelva el desarrollo y mejor calidad de vida al pueblo dominicano.<\/p>\n\n\n\n<p>La secretaria de Asuntos Internacionales del PLD en Madrid, Ana Vidal, al pronunciar sus aspiraciones resalt\u00f3: \u201cllevar\u00e9 la voz de los dominicanos en el exterior, bajo los ejes fundamentales, legislar, representar y fiscalizar\u201d.<\/p>\n\n\n\n<p>\u201cTrabajar\u00e9 por la promoci\u00f3n de la Igualdad y la Equidad efectiva entre Hombres y Mujeres, por el desarrollo integral de la Juventud, la Familia, la Ni\u00f1ez, la Integraci\u00f3n, Asociacionismo, el Intercambio Cultural, Codesarrollo y la Promoci\u00f3n de nuestra Marca Pa\u00eds\u201d.<\/p>\n\n\n\n<p>Destac\u00f3 que con Abel Mart\u00ednez como presidente habr\u00e1 renovaci\u00f3n y esperanza para la Rep\u00fablica Dominicana, \u201cquiero que sigamos creciendo juntos\u201d, enfatiz\u00f3 la precandidata.<\/p>\n\n\n\n<p>Asimismo, se\u00f1al\u00f3 que reside en Espa\u00f1a y mantiene sus o\u00eddos en el coraz\u00f3n de la gente de toda la regi\u00f3n, y que no tiene ning\u00fan capricho personal; siendo su principal objetivo que el candidato Abel Mart\u00ednez Dur\u00e1n sea el presidente de todos los dominicanos y dominicanas en el 2024, as\u00ed que junto a un gran equipo ir\u00e1 en b\u00fasqueda de su triunfo en primera vuelta y se comprometi\u00f3 a servir al partido para servir al pueblo.<\/p>\n\n\n\n<p>El acto cont\u00f3 con la participaci\u00f3n de Santiago Rodr\u00edguez Figuereo, miembro del comit\u00e9 central y presidente de la Direcci\u00f3n seccional del PLD en Madrid, quien destac\u00f3 que Abel Mart\u00ednez es un l\u00edder joven, din\u00e1mico, eficiente, capaz y trabajador, con una gran experiencia de Estado.<\/p>\n\n\n\n<p>Adem\u00e1s, dijo que el presidente que necesita el pa\u00eds para retomar la senda del progreso social y el bienestar general de la naci\u00f3n es Abel Mart\u00ednez.<\/p>\n\n\n\n<p>Asimismo, Jorge Ernesto Feliz, Secretario de Educaci\u00f3n y Fleurys Rivera, Secretario de Finanzas de la Direcci\u00f3n de la Seccional de Madrid, coincidieron en resaltar el valor humano y profesional de Ana Vidal.<\/p>\n\n\n\n<p>\u201cLa formaci\u00f3n acad\u00e9mica, pol\u00edtica y el trabajo por la ni\u00f1ez, juventud y personas vulnerables, son las acciones que le han permitido conocer de primera mano a los dominicanos en el exterior, as\u00ed como su empat\u00eda, compromiso colectivo y don de servicio\u201d.<\/p>\n\n\n\n<p>Durante el encuentro se proyect\u00f3 un mensaje de motivaci\u00f3n de los dirigentes, Altagracia Cuello Figuereo, presidenta del PLD en Inglaterra; Robert Ramos, presidente del Intermedio Nelson Mandela del PLD en Valencia.<\/p>\n\n\n\n<p>Tambi\u00e9n estuvieron presentes los miembros y dirigentes de la Direcci\u00f3n Seccional de Madrid, Mar\u00eda Dolores Araujo Ag\u00fcero, secretaria de comunicaci\u00f3n; Agripino Garc\u00eda, secretario de asuntos sociales; Reyita Bautista, secretaria de asuntos de los dominicanos en el exterior, y Arturo Ram\u00edrez, secretario de deporte.<\/p>\n\n\n\n<p>Asimismo participaron Rafael Then, Johan S\u00e1nchez, Diveica Batista, Juana Figuereo, Carmen Reynoso, Matilde Jim\u00e9nez, Luc\u00eda Soto, Leticia Gonz\u00e1lez, Navirda Marte, Magnolia Fern\u00e1ndez, Carmelo Escanio Rodr\u00edguez y Andr\u00e9s Roberto Peralta Vidal, entre otros.<\/p>\n\n\n\n<p>Miembros, simpatizantes y l\u00edderes comunitarios residentes en Espa\u00f1a, Italia, Suiza, Inglaterra, B\u00e9lgica, Holanda y Alemania, trabajan arduamente por el binomio Abel Mart\u00ednez, presidente, y Ana Vidal, diputada 2024, por el Partido de la Liberaci\u00f3n Dominicana.<\/p>\n","protected":false},"excerpt":{"rendered":"<p>Con el eslogan \u201cCon Abel y Ana en Europa se gana\u201d, se llev\u00f3 a cabo el lanzamiento oficial de la precandidatura de Ana Vidal, con el fin de postularse como&hellip;<\/p>\n","protected":false},"author":2,"featured_media":56446,"comment_status":"open","ping_status":"open","sticky":false,"template":"","format":"standard","meta":{"content-type":"","jetpack_post_was_ever_published":false,"_jetpack_newsletter_access":"","_jetpack_dont_email_post_to_subs":false,"_jetpack_newsletter_tier_id":0,"_jetpack_memberships_contains_paywalled_content":false,"_jetpack_memberships_contains_paid_content":false,"footnotes":""},"categories":[25],"tags":[5656,4878,995,1486,269,4441],"class_list":["post-56445","post","type-post","status-publish","format-standard","has-post-thumbnail","hentry","category-portada","tag-ana-vidal","tag-circunscripcion","tag-diputada","tag-europa","tag-pld","tag-precandidatura"],"jetpack_featured_media_url":"https:\/\/lasprimeras.com.do\/wp-content\/uploads\/2023\/08\/Ana-Vidal-junto-a-simpatizantes.jpeg","jetpack-related-posts":[{"id":91420,"url":"https:\/\/lasprimeras.com.do\/index.php\/2024\/11\/23\/pld-juramenta-nuevos-miembros-del-comite-central-del-exterior\/","url_meta":{"origin":56445,"position":0},"title":"PLD juramenta nuevos miembros del Comit\u00e9 Central del exterior","author":"Nelson Feliz","date":"23 de noviembre de 2024","format":false,"excerpt":"El PLD juramenta los veinte (20) nuevos miembros del Comit\u00e9 Central de las tres circunscripciones electorales del exterior. El Partido de la Liberaci\u00f3n Dominicana (PLD) jurament\u00f3 este s\u00e1bado, hora de Rep\u00fablica Dominicana, los veinte (20) nuevos miembros del Comit\u00e9 Central electos el pasado fin de semana en el proceso electoral\u2026","rel":"","context":"En \u00abPORTADA\u00bb","block_context":{"text":"PORTADA","link":"https:\/\/lasprimeras.com.do\/index.php\/category\/portada\/"},"img":{"alt_text":"","src":"https:\/\/i0.wp.com\/lasprimeras.com.do\/wp-content\/uploads\/2024\/11\/Comision-3.jpg?resize=350%2C200&ssl=1","width":350,"height":200,"srcset":"https:\/\/i0.wp.com\/lasprimeras.com.do\/wp-content\/uploads\/2024\/11\/Comision-3.jpg?resize=350%2C200&ssl=1 1x, https:\/\/i0.wp.com\/lasprimeras.com.do\/wp-content\/uploads\/2024\/11\/Comision-3.jpg?resize=525%2C300&ssl=1 1.5x"},"classes":[]},{"id":121686,"url":"https:\/\/lasprimeras.com.do\/index.php\/2026\/02\/09\/importantes-dirigentes-del-pld-en-santiago-pasan-a-la-fuerza-del-pueblo\/","url_meta":{"origin":56445,"position":1},"title":"Importantes dirigentes del PLD en Santiago pasan a la Fuerza del Pueblo","author":"Nelson Feliz","date":"9 de febrero de 2026","format":false,"excerpt":"Un exdiputado, regidores, exregidores y una exgobernadora. El presidente del partido Fuerza del Pueblo (FP), Leonel Fern\u00e1ndez, jurament\u00f3 este domingo en Santiago a un grupo de alto perfil pol\u00edtico proveniente del Partido de la Liberaci\u00f3n Dominicana (PLD), integrado por exdiputados, regidores, exregidores y una exgobernadora. Entre los nuevos integrantes de\u2026","rel":"","context":"En \u00abPOLITICA\u00bb","block_context":{"text":"POLITICA","link":"https:\/\/lasprimeras.com.do\/index.php\/category\/politica\/"},"img":{"alt_text":"","src":"https:\/\/i0.wp.com\/lasprimeras.com.do\/wp-content\/uploads\/2026\/02\/Leonel-Fernandez-4.jpg?resize=350%2C200&ssl=1","width":350,"height":200,"srcset":"https:\/\/i0.wp.com\/lasprimeras.com.do\/wp-content\/uploads\/2026\/02\/Leonel-Fernandez-4.jpg?resize=350%2C200&ssl=1 1x, https:\/\/i0.wp.com\/lasprimeras.com.do\/wp-content\/uploads\/2026\/02\/Leonel-Fernandez-4.jpg?resize=525%2C300&ssl=1 1.5x, https:\/\/i0.wp.com\/lasprimeras.com.do\/wp-content\/uploads\/2026\/02\/Leonel-Fernandez-4.jpg?resize=700%2C400&ssl=1 2x"},"classes":[]},{"id":74284,"url":"https:\/\/lasprimeras.com.do\/index.php\/2024\/01\/21\/abel-y-domingo-contreras-recorren-barrios-de-la-circunscripcion-3-del-distrito-nacional\/","url_meta":{"origin":56445,"position":2},"title":"Abel y Domingo Contreras recorren barrios de la Circunscripci\u00f3n #3 del Distrito Nacional","author":"Nelson Feliz","date":"21 de enero de 2024","format":false,"excerpt":"El candidato presidencial por el Partido de la Liberaci\u00f3n Dominicana (PLD), Abel Mart\u00ednez, y el candidato a alcalde del Distrito Nacional, Domingo Contreras, realizan un recorrido por los sectores y barrios de la Circunscripci\u00f3n #3 del Distrito Nacional, en medio del amor y la alegr\u00eda que desbordan los ciudadanos. Mart\u00ednez\u2026","rel":"","context":"En \u00abPORTADA\u00bb","block_context":{"text":"PORTADA","link":"https:\/\/lasprimeras.com.do\/index.php\/category\/portada\/"},"img":{"alt_text":"abel y domingo","src":"https:\/\/i0.wp.com\/lasprimeras.com.do\/wp-content\/uploads\/2024\/01\/abel-y-domingo.jpg?resize=350%2C200&ssl=1","width":350,"height":200},"classes":[]},{"id":54359,"url":"https:\/\/lasprimeras.com.do\/index.php\/2023\/07\/10\/mi-sentir-como-candidata-a-diputada-en-ultramar\/","url_meta":{"origin":56445,"position":3},"title":"Mi sentir como candidata a diputada en ultramar","author":"Nelson Feliz","date":"10 de julio de 2023","format":false,"excerpt":"Por Ana Vargas El pasado s\u00e1bado, el Partido de la Liberaci\u00f3n Dominicana (PLD) realiz\u00f3 una marcha en Santo Domingo para demostrar su apoyo al candidato presidencial Abel Mart\u00ednez. La marcha fue un \u00e9xito rotundo, con miles de personas congreg\u00e1ndose para mostrar su respaldo al partido y a su candidato. Ante\u2026","rel":"","context":"En \u00abOPINI\u00d3N\u00bb","block_context":{"text":"OPINI\u00d3N","link":"https:\/\/lasprimeras.com.do\/index.php\/category\/opinion\/"},"img":{"alt_text":"Ana Vargas","src":"https:\/\/i0.wp.com\/lasprimeras.com.do\/wp-content\/uploads\/2023\/07\/Ana-Vargas.jpg?resize=350%2C200&ssl=1","width":350,"height":200,"srcset":"https:\/\/i0.wp.com\/lasprimeras.com.do\/wp-content\/uploads\/2023\/07\/Ana-Vargas.jpg?resize=350%2C200&ssl=1 1x, https:\/\/i0.wp.com\/lasprimeras.com.do\/wp-content\/uploads\/2023\/07\/Ana-Vargas.jpg?resize=525%2C300&ssl=1 1.5x, https:\/\/i0.wp.com\/lasprimeras.com.do\/wp-content\/uploads\/2023\/07\/Ana-Vargas.jpg?resize=700%2C400&ssl=1 2x"},"classes":[]},{"id":115292,"url":"https:\/\/lasprimeras.com.do\/index.php\/2025\/11\/20\/trajano-vidal-potentini-califica-de-desafortunada-e-innecesaria-sentencia-del-tc\/","url_meta":{"origin":56445,"position":4},"title":"Trajano Vidal Potentini califica de desafortunada e innecesaria sentencia del TC","author":"Nelson Feliz","date":"20 de noviembre de 2025","format":false,"excerpt":"El Colegio de Abogados de la Rep\u00fablica Dominicana calific\u00f3 como \u00abdesafortunada e innecesaria\u00bb la reciente sentencia del Tribunal Constitucional que despenaliza las relaciones homosexuales entre miembros de la Polic\u00eda Nacional y las Fuerzas Armadas, la cual ha generado un amplio debate jur\u00eddico, social e institucional en el pa\u00eds. El presidente\u2026","rel":"","context":"En \u00abNACIONALES\u00bb","block_context":{"text":"NACIONALES","link":"https:\/\/lasprimeras.com.do\/index.php\/category\/nacionales\/"},"img":{"alt_text":"Trajano Vidal Potentini","src":"https:\/\/i0.wp.com\/lasprimeras.com.do\/wp-content\/uploads\/2023\/08\/Trajano-Vidal-Potentini.jpg?resize=350%2C200&ssl=1","width":350,"height":200,"srcset":"https:\/\/i0.wp.com\/lasprimeras.com.do\/wp-content\/uploads\/2023\/08\/Trajano-Vidal-Potentini.jpg?resize=350%2C200&ssl=1 1x, https:\/\/i0.wp.com\/lasprimeras.com.do\/wp-content\/uploads\/2023\/08\/Trajano-Vidal-Potentini.jpg?resize=525%2C300&ssl=1 1.5x, https:\/\/i0.wp.com\/lasprimeras.com.do\/wp-content\/uploads\/2023\/08\/Trajano-Vidal-Potentini.jpg?resize=700%2C400&ssl=1 2x"},"classes":[]},{"id":61252,"url":"https:\/\/lasprimeras.com.do\/index.php\/2023\/09\/24\/campo-vidal-advierte-contra-la-politica-de-encarcelamiento-de-politicos-y-empresarios\/","url_meta":{"origin":56445,"position":5},"title":"Campo Vidal advierte contra la pol\u00edtica de encarcelamiento de pol\u00edticos y empresarios","author":"Nelson Feliz","date":"24 de septiembre de 2023","format":false,"excerpt":"El especialista espa\u00f1ol Manuel Campo Vidal, afirm\u00f3 que los pa\u00edses que meten empresarios y pol\u00edticos en la c\u00e1rcel tienen muy mala imagen\u201d, por tanto, \u201chay que tener cuidado con estas cosas\u201d, \u00a0a pesar de que falta informaci\u00f3n suficiente, en Rep\u00fablica Dominicana se ve paz y en el Continente, \u201cmucha alteraci\u00f3n\u201d.\u2026","rel":"","context":"En \u00abNACIONALES\u00bb","block_context":{"text":"NACIONALES","link":"https:\/\/lasprimeras.com.do\/index.php\/category\/nacionales\/"},"img":{"alt_text":"Manuel Campo Vidal","src":"https:\/\/i0.wp.com\/lasprimeras.com.do\/wp-content\/uploads\/2023\/09\/Manuel-Campo-Vidal.jpg?resize=350%2C200&ssl=1","width":350,"height":200,"srcset":"https:\/\/i0.wp.com\/lasprimeras.com.do\/wp-content\/uploads\/2023\/09\/Manuel-Campo-Vidal.jpg?resize=350%2C200&ssl=1 1x, https:\/\/i0.wp.com\/lasprimeras.com.do\/wp-content\/uploads\/2023\/09\/Manuel-Campo-Vidal.jpg?resize=525%2C300&ssl=1 1.5x, https:\/\/i0.wp.com\/lasprimeras.com.do\/wp-content\/uploads\/2023\/09\/Manuel-Campo-Vidal.jpg?resize=700%2C400&ssl=1 2x"},"classes":[]}],"jetpack_sharing_enabled":true,"_links":{"self":[{"href":"https:\/\/lasprimeras.com.do\/index.php\/wp-json\/wp\/v2\/posts\/56445","targetHints":{"allow":["GET"]}}],"collection":[{"href":"https:\/\/lasprimeras.com.do\/index.php\/wp-json\/wp\/v2\/posts"}],"about":[{"href":"https:\/\/lasprimeras.com.do\/index.php\/wp-json\/wp\/v2\/types\/post"}],"author":[{"embeddable":true,"href":"https:\/\/lasprimeras.com.do\/index.php\/wp-json\/wp\/v2\/users\/2"}],"replies":[{"embeddable":true,"href":"https:\/\/lasprimeras.com.do\/index.php\/wp-json\/wp\/v2\/comments?post=56445"}],"version-history":[{"count":1,"href":"https:\/\/lasprimeras.com.do\/index.php\/wp-json\/wp\/v2\/posts\/56445\/revisions"}],"predecessor-version":[{"id":56447,"href":"https:\/\/lasprimeras.com.do\/index.php\/wp-json\/wp\/v2\/posts\/56445\/revisions\/56447"}],"wp:featuredmedia":[{"embeddable":true,"href":"https:\/\/lasprimeras.com.do\/index.php\/wp-json\/wp\/v2\/media\/56446"}],"wp:attachment":[{"href":"https:\/\/lasprimeras.com.do\/index.php\/wp-json\/wp\/v2\/media?parent=56445"}],"wp:term":[{"taxonomy":"category","embeddable":true,"href":"https:\/\/lasprimeras.com.do\/index.php\/wp-json\/wp\/v2\/categories?post=56445"},{"taxonomy":"post_tag","embeddable":true,"href":"https:\/\/lasprimeras.com.do\/index.php\/wp-json\/wp\/v2\/tags?post=56445"}],"curies":[{"name":"wp","href":"https:\/\/api.w.org\/{rel}","templated":true}]}}