{"id":56476,"date":"2023-08-02T06:31:14","date_gmt":"2023-08-02T10:31:14","guid":{"rendered":"https:\/\/lasprimeras.com.do\/?p=56476"},"modified":"2023-08-02T06:31:15","modified_gmt":"2023-08-02T10:31:15","slug":"pediran-a-la-cupula-del-prm-mantener-a-pacheco-al-frente-de-la-camara-baja","status":"publish","type":"post","link":"https:\/\/lasprimeras.com.do\/index.php\/2023\/08\/02\/pediran-a-la-cupula-del-prm-mantener-a-pacheco-al-frente-de-la-camara-baja\/","title":{"rendered":"Pedir\u00e1n a la c\u00fapula del PRM mantener a Pacheco al frente de la C\u00e1mara Baja"},"content":{"rendered":"\n<p class=\"wp-block-paragraph\">El bloque de diputados del Partido Revolucionario Moderno (PRM) se re\u00fane hoy con la c\u00fapula de partido oficialista para pedir que Alfredo Pacheco contin\u00fae al frente de la C\u00e1mara de Diputados hasta el 2024, cuando concluye el actual per\u00edodo congresual.<\/p>\n\n\n\n<p class=\"wp-block-paragraph\">La bancada oficialista de la C\u00e1mara Baja se reuni\u00f3 ayer en el Congreso Nacional para fortalecer su decisi\u00f3n y acord\u00f3 que la comunicar\u00e1n hoy a las autoridades del PRM.<\/p>\n\n\n\n<p class=\"wp-block-paragraph\">El anuncio lo hizo el mismo Pacheco durante la sesi\u00f3n de ayer, donde inform\u00f3 que el grupo de diputados estuvo reunido por varias horas para consensuar la decisi\u00f3n.<\/p>\n\n\n\n<p class=\"wp-block-paragraph\">El bloque tambi\u00e9n pedir\u00e1 al PRM que el diputado Julito Fulcar contin\u00fae como vocero de la bancada y que Olfanny M\u00e9ndez (vicepresidenta), Soraya Su\u00e1rez (secretaria) y Agust\u00edn Burgos (secretario) contin\u00faen integrando el bufete directivo junto a Pacheco por otro a\u00f1o m\u00e1s.<\/p>\n\n\n\n<p class=\"wp-block-paragraph\">Facultad del Congreso<\/p>\n\n\n\n<p class=\"wp-block-paragraph\">Aunque los legisladores har\u00e1n el pedimento el PRM, la facultad de cambiar o ratificar al bufete directivo de la C\u00e1mara de Diputados es una facultad exclusiva de los congresistas que se re\u00fanen el 16 de agosto de cada a\u00f1o para votar por cambios en el liderazgo congresual o mantenerlos inalterables.<\/p>\n\n\n\n<p class=\"wp-block-paragraph\">Sin embargo, se ha hecho costumbre que los partidos que ostentan la mayor\u00eda congresual, en este caso el PRM, recomienden a los legisladores para dirigir la C\u00e1mara de Diputados y el Senado. Las propuestas necesitan ser ratificadas cada 16 de agosto.<\/p>\n\n\n\n<p class=\"wp-block-paragraph\">Experiencia y liderazgo<\/p>\n\n\n\n<p class=\"wp-block-paragraph\">En la C\u00e1mara de Diputados se ha resaltado &#8220;la experiencia y el liderazgo&#8221; de Pacheco como presidente del \u00f3rgano, por lo que piden que se mantenga en el puesto hasta el 2024, cuando concluye el actual cuatrienio congresual.<\/p>\n\n\n\n<p class=\"wp-block-paragraph\">Si se ratifica en el puesto, Pacheco quedar\u00eda invariable en la posici\u00f3n que comenz\u00f3 a ocupar en el 2020.<\/p>\n\n\n\n<p class=\"wp-block-paragraph\">Senado sin decisi\u00f3n<\/p>\n\n\n\n<p class=\"wp-block-paragraph\">Aunque en la C\u00e1mara de Diputados hay una decisi\u00f3n unificada, en el Senado de la Rep\u00fablica a\u00fan predomina un escenario incierto. En la C\u00e1mara alta hay cuatro candidatos que aspiran a la presidencia y buscan sustituir en el puesto a Eduardo Estrella, que tambi\u00e9n ocupa el puesto desde el 2020.<\/p>\n\n\n\n<p class=\"wp-block-paragraph\">Fuente Diario Libre<\/p>\n","protected":false},"excerpt":{"rendered":"<p>El bloque de diputados del Partido Revolucionario Moderno (PRM) se re\u00fane hoy con la c\u00fapula de partido oficialista para pedir que Alfredo Pacheco contin\u00fae al frente de la C\u00e1mara de&hellip;<\/p>\n","protected":false},"author":2,"featured_media":56477,"comment_status":"open","ping_status":"open","sticky":false,"template":"","format":"standard","meta":{"content-type":"","_jetpack_newsletter_access":"","_jetpack_dont_email_post_to_subs":false,"_jetpack_newsletter_tier_id":0,"_jetpack_memberships_contains_paywalled_content":false,"_jetpack_feature_clip_id":0,"_jetpack_memberships_contains_paid_content":false,"footnotes":"","jetpack_post_was_ever_published":false},"categories":[1],"tags":[1827,5669,5668,31],"class_list":["post-56476","post","type-post","status-publish","format-standard","has-post-thumbnail","hentry","category-sin-categoria","tag-alfredo-pacheco","tag-camara-baja","tag-cupula","tag-prm"],"jetpack-related-posts":[{"id":135672,"url":"https:\/\/lasprimeras.com.do\/index.php\/2026\/07\/26\/prm-reelige-a-amado-diaz-como-vocero-del-bloque-de-diputados\/","url_meta":{"origin":56476,"position":0},"title":"PRM reelige a Amado D\u00edaz como vocero del Bloque de Diputados","author":"Nelson Feliz","date":"26 de julio de 2026","format":false,"excerpt":"Santo Domingo.\u2013 Los diputados del Partido Revolucionario Moderno (PRM) reeligieron por unanimidad, al diputado Amado D\u00edaz como vocero del bloque oficialista en la C\u00e1mara de Diputados. La decisi\u00f3n fue adoptada con el respaldo de los m\u00e1s de 140 legisladores que integran la bancada, durante una reuni\u00f3n encabezada por el presidente\u2026","rel":"","context":"En \u00abPOLITICA\u00bb","block_context":{"text":"POLITICA","link":"https:\/\/lasprimeras.com.do\/index.php\/category\/politica\/"},"img":{"alt_text":"","src":"https:\/\/i0.wp.com\/lasprimeras.com.do\/wp-content\/uploads\/2026\/07\/Diputado-Amado-Diaz.jpg?resize=350%2C200&ssl=1","width":350,"height":200,"srcset":"https:\/\/i0.wp.com\/lasprimeras.com.do\/wp-content\/uploads\/2026\/07\/Diputado-Amado-Diaz.jpg?resize=350%2C200&ssl=1 1x, https:\/\/i0.wp.com\/lasprimeras.com.do\/wp-content\/uploads\/2026\/07\/Diputado-Amado-Diaz.jpg?resize=525%2C300&ssl=1 1.5x, https:\/\/i0.wp.com\/lasprimeras.com.do\/wp-content\/uploads\/2026\/07\/Diputado-Amado-Diaz.jpg?resize=700%2C400&ssl=1 2x"},"classes":[]},{"id":104265,"url":"https:\/\/lasprimeras.com.do\/index.php\/2025\/07\/22\/ricardo-de-los-santos-y-alfredo-pacheco-seguiran-al-frente-del-senado-y-camara-de-diputados\/","url_meta":{"origin":56476,"position":1},"title":"Ricardo de los Santos y Alfredo Pacheco seguir\u00e1n al frente del Senado y C\u00e1mara de Diputados","author":"Nelson Feliz","date":"22 de julio de 2025","format":false,"excerpt":"La Direcci\u00f3n Ejecutiva del PRM los confirm\u00f3 junto a sus respectivos equipos. La direcci\u00f3n ejecutiva del Partido Revolucionario Moderno (PRM) decidi\u00f3 ratificar a sus legisladores la continuidad de los actuales bufetes directivos del Senado de la Rep\u00fablica y la C\u00e1mara de Diputados. De acuerdo a una nota de prensa, el\u2026","rel":"","context":"En \u00abPOLITICA\u00bb","block_context":{"text":"POLITICA","link":"https:\/\/lasprimeras.com.do\/index.php\/category\/politica\/"},"img":{"alt_text":"","src":"https:\/\/i0.wp.com\/lasprimeras.com.do\/wp-content\/uploads\/2025\/07\/prm.jpg?resize=350%2C200&ssl=1","width":350,"height":200,"srcset":"https:\/\/i0.wp.com\/lasprimeras.com.do\/wp-content\/uploads\/2025\/07\/prm.jpg?resize=350%2C200&ssl=1 1x, https:\/\/i0.wp.com\/lasprimeras.com.do\/wp-content\/uploads\/2025\/07\/prm.jpg?resize=525%2C300&ssl=1 1.5x, https:\/\/i0.wp.com\/lasprimeras.com.do\/wp-content\/uploads\/2025\/07\/prm.jpg?resize=700%2C400&ssl=1 2x"},"classes":[]},{"id":137036,"url":"https:\/\/lasprimeras.com.do\/index.php\/2026\/08\/12\/prm-ratifica-a-ricardo-de-los-santos-y-alfredo-pacheco-para-presidir-senado-y-camara-de-diputados\/","url_meta":{"origin":56476,"position":2},"title":"PRM ratifica a Ricardo de los Santos y Alfredo Pacheco para presidir Senado y C\u00e1mara de Diputados","author":"Nelson Feliz","date":"12 de agosto de 2026","format":false,"excerpt":"La incorporaci\u00f3n el a\u00f1o pr\u00f3ximo de Alexis Victoria como presidente del Senado y Daniel Rivera como vicepresidente en un acto de madurez pol\u00edtica y unidad SANTO DOMINGO - La Direcci\u00f3n Ejecutiva del Partido Revolucionario Moderno (PRM) ratific\u00f3 a Ricardo de los Santos y Alfredo Pacheco para continuar al frente del\u2026","rel":"","context":"En \u00abPORTADA\u00bb","block_context":{"text":"PORTADA","link":"https:\/\/lasprimeras.com.do\/index.php\/category\/portada\/"},"img":{"alt_text":"Ricardo de los Santos y Alfredo Pacheco","src":"https:\/\/i0.wp.com\/lasprimeras.com.do\/wp-content\/uploads\/2026\/08\/Ricardo-de-los-Santos-y-Alfredo-Pacheco.jpg?resize=350%2C200&ssl=1","width":350,"height":200,"srcset":"https:\/\/i0.wp.com\/lasprimeras.com.do\/wp-content\/uploads\/2026\/08\/Ricardo-de-los-Santos-y-Alfredo-Pacheco.jpg?resize=350%2C200&ssl=1 1x, https:\/\/i0.wp.com\/lasprimeras.com.do\/wp-content\/uploads\/2026\/08\/Ricardo-de-los-Santos-y-Alfredo-Pacheco.jpg?resize=525%2C300&ssl=1 1.5x, https:\/\/i0.wp.com\/lasprimeras.com.do\/wp-content\/uploads\/2026\/08\/Ricardo-de-los-Santos-y-Alfredo-Pacheco.jpg?resize=700%2C400&ssl=1 2x"},"classes":[]},{"id":138395,"url":"https:\/\/lasprimeras.com.do\/index.php\/2026\/08\/27\/pacheco-arremete-contra-vocero-fp-por-distribucion-de-comisiones-legislativas\/","url_meta":{"origin":56476,"position":3},"title":"Pacheco arremete contra vocero FP por distribuci\u00f3n de comisiones legislativas","author":"Nelson Feliz","date":"27 de agosto de 2026","format":false,"excerpt":"SANTO DOMINGO.R.D\u2013 El presidente de la C\u00e1mara de Diputados, Alfredo Pacheco, y el nuevo vocero de la Fuerza del Pueblo (FP), Jos\u00e9 David B\u00e1ez, protagonizaron ayer un altercado durante la sesi\u00f3n, a prop\u00f3sito de la distribuci\u00f3n de las comisiones legislativas para los pr\u00f3ximos dos a\u00f1os. Al tomar la palabra, B\u00e1ez\u2026","rel":"","context":"En \u00abPOLITICA\u00bb","block_context":{"text":"POLITICA","link":"https:\/\/lasprimeras.com.do\/index.php\/category\/politica\/"},"img":{"alt_text":"","src":"https:\/\/i0.wp.com\/lasprimeras.com.do\/wp-content\/uploads\/2025\/09\/Alfredo-Pacheco.jpg?resize=350%2C200&ssl=1","width":350,"height":200,"srcset":"https:\/\/i0.wp.com\/lasprimeras.com.do\/wp-content\/uploads\/2025\/09\/Alfredo-Pacheco.jpg?resize=350%2C200&ssl=1 1x, https:\/\/i0.wp.com\/lasprimeras.com.do\/wp-content\/uploads\/2025\/09\/Alfredo-Pacheco.jpg?resize=525%2C300&ssl=1 1.5x, https:\/\/i0.wp.com\/lasprimeras.com.do\/wp-content\/uploads\/2025\/09\/Alfredo-Pacheco.jpg?resize=700%2C400&ssl=1 2x"},"classes":[]},{"id":103903,"url":"https:\/\/lasprimeras.com.do\/index.php\/2025\/07\/20\/alfredo-pacheco-lidera-preferencias-para-secretaria-general-prm\/","url_meta":{"origin":56476,"position":4},"title":"Alfredo Pacheco lidera preferencias para Secretar\u00eda General PRM","author":"Nelson Feliz","date":"20 de julio de 2025","format":false,"excerpt":"El actual presidente de la C\u00e1mara de Diputados, Alfredo Pacheco, se posiciona como el favorito para asumir la secretar\u00eda general del Partido Revolucionario Moderno (PRM), seg\u00fan una reciente encuesta realizada por la firma ACD Media. En un primer escenario consultando a la poblaci\u00f3n general, el 42.2% manifest\u00f3 preferencia por Pacheco,\u2026","rel":"","context":"En \u00abPOLITICA\u00bb","block_context":{"text":"POLITICA","link":"https:\/\/lasprimeras.com.do\/index.php\/category\/politica\/"},"img":{"alt_text":"Presidente de la C\u00e1mara de Diputados, Alfredo Pacheco. Foto: Diputados v\u00eda Twitter.","src":"https:\/\/i0.wp.com\/lasprimeras.com.do\/wp-content\/uploads\/2024\/08\/Alfredo-Pacheco.jpeg?resize=350%2C200&ssl=1","width":350,"height":200,"srcset":"https:\/\/i0.wp.com\/lasprimeras.com.do\/wp-content\/uploads\/2024\/08\/Alfredo-Pacheco.jpeg?resize=350%2C200&ssl=1 1x, https:\/\/i0.wp.com\/lasprimeras.com.do\/wp-content\/uploads\/2024\/08\/Alfredo-Pacheco.jpeg?resize=525%2C300&ssl=1 1.5x, https:\/\/i0.wp.com\/lasprimeras.com.do\/wp-content\/uploads\/2024\/08\/Alfredo-Pacheco.jpeg?resize=700%2C400&ssl=1 2x"},"classes":[]},{"id":57859,"url":"https:\/\/lasprimeras.com.do\/index.php\/2023\/08\/16\/reeligen-alfredo-pacheco-como-presidente-camara-de-diputados\/","url_meta":{"origin":56476,"position":5},"title":"Reeligen Alfredo Pacheco como presidente C\u00e1mara de Diputados","author":"Nelson Feliz","date":"16 de agosto de 2023","format":false,"excerpt":"La C\u00e1mara de Diputados dej\u00f3 abierta la Segunda Legislatura Ordinaria 2023-2024 y escogi\u00f3 a unanimidad, con 165 votos, su nuevo bufete directivo, el cual continuar\u00e1 presidido por Alfredo Pacheco Osoria. Est\u00e1 integrado adem\u00e1s por Olfanny M\u00e9ndez, vicepresidenta y Agust\u00edn Burgo y Nelsa Shoraya Su\u00e1rez, secretarios, quienes tambi\u00e9n repiten en sus\u2026","rel":"","context":"En \u00abSin categor\u00eda\u00bb","block_context":{"text":"Sin categor\u00eda","link":"https:\/\/lasprimeras.com.do\/index.php\/category\/sin-categoria\/"},"img":{"alt_text":"M\u00e1ximo Castro Silverio, presidene del Bufete de Edad de la C\u00e1mara de Diputados, tom\u00f3 el juramento a Alfredo Pacheco, reelecto presidente de esta c\u00e1mara.","src":"https:\/\/i0.wp.com\/lasprimeras.com.do\/wp-content\/uploads\/2023\/08\/Maximo-Castro-Silverio-presidene-del-Bufete-de-Edad-de-la-Camara-de-Diputados-tomo-el-juramento-a-Alfredo-Pacheco-reelecto-presidente-de-esta-camara.jpg?resize=350%2C200&ssl=1","width":350,"height":200,"srcset":"https:\/\/i0.wp.com\/lasprimeras.com.do\/wp-content\/uploads\/2023\/08\/Maximo-Castro-Silverio-presidene-del-Bufete-de-Edad-de-la-Camara-de-Diputados-tomo-el-juramento-a-Alfredo-Pacheco-reelecto-presidente-de-esta-camara.jpg?resize=350%2C200&ssl=1 1x, https:\/\/i0.wp.com\/lasprimeras.com.do\/wp-content\/uploads\/2023\/08\/Maximo-Castro-Silverio-presidene-del-Bufete-de-Edad-de-la-Camara-de-Diputados-tomo-el-juramento-a-Alfredo-Pacheco-reelecto-presidente-de-esta-camara.jpg?resize=525%2C300&ssl=1 1.5x, https:\/\/i0.wp.com\/lasprimeras.com.do\/wp-content\/uploads\/2023\/08\/Maximo-Castro-Silverio-presidene-del-Bufete-de-Edad-de-la-Camara-de-Diputados-tomo-el-juramento-a-Alfredo-Pacheco-reelecto-presidente-de-esta-camara.jpg?resize=700%2C400&ssl=1 2x"},"classes":[]}],"jetpack_sharing_enabled":true,"jetpack_featured_media_url":"https:\/\/lasprimeras.com.do\/wp-content\/uploads\/2023\/08\/Alfredo-Pacheco.jpg","_links":{"self":[{"href":"https:\/\/lasprimeras.com.do\/index.php\/wp-json\/wp\/v2\/posts\/56476","targetHints":{"allow":["GET"]}}],"collection":[{"href":"https:\/\/lasprimeras.com.do\/index.php\/wp-json\/wp\/v2\/posts"}],"about":[{"href":"https:\/\/lasprimeras.com.do\/index.php\/wp-json\/wp\/v2\/types\/post"}],"author":[{"embeddable":true,"href":"https:\/\/lasprimeras.com.do\/index.php\/wp-json\/wp\/v2\/users\/2"}],"replies":[{"embeddable":true,"href":"https:\/\/lasprimeras.com.do\/index.php\/wp-json\/wp\/v2\/comments?post=56476"}],"version-history":[{"count":1,"href":"https:\/\/lasprimeras.com.do\/index.php\/wp-json\/wp\/v2\/posts\/56476\/revisions"}],"predecessor-version":[{"id":56478,"href":"https:\/\/lasprimeras.com.do\/index.php\/wp-json\/wp\/v2\/posts\/56476\/revisions\/56478"}],"wp:featuredmedia":[{"embeddable":true,"href":"https:\/\/lasprimeras.com.do\/index.php\/wp-json\/wp\/v2\/media\/56477"}],"wp:attachment":[{"href":"https:\/\/lasprimeras.com.do\/index.php\/wp-json\/wp\/v2\/media?parent=56476"}],"wp:term":[{"taxonomy":"category","embeddable":true,"href":"https:\/\/lasprimeras.com.do\/index.php\/wp-json\/wp\/v2\/categories?post=56476"},{"taxonomy":"post_tag","embeddable":true,"href":"https:\/\/lasprimeras.com.do\/index.php\/wp-json\/wp\/v2\/tags?post=56476"}],"curies":[{"name":"wp","href":"https:\/\/api.w.org\/{rel}","templated":true}]}}