{"id":56491,"date":"2023-08-02T07:26:06","date_gmt":"2023-08-02T11:26:06","guid":{"rendered":"https:\/\/lasprimeras.com.do\/?p=56491"},"modified":"2023-08-02T07:29:03","modified_gmt":"2023-08-02T11:29:03","slug":"administrador-de-etedel-gobierno-va-delante-de-la-demanda-electrica-en-el-pais","status":"publish","type":"post","link":"https:\/\/lasprimeras.com.do\/index.php\/2023\/08\/02\/administrador-de-etedel-gobierno-va-delante-de-la-demanda-electrica-en-el-pais\/","title":{"rendered":"Administrador de ETED:&#8221;El Gobierno va delante de la demanda el\u00e9ctrica en el pa\u00eds&#8221;"},"content":{"rendered":"\n<p>Por Mart\u00edn Restituyo<\/p>\n\n\n\n<p>El administrador de la Empresa de Transmisi\u00f3n El\u00e9ctrica Dominicana (ETED), Mart\u00edn Robles Morillo, afirm\u00f3 que el Gobierno dominicano va delante de la proyecci\u00f3n de la demanda el\u00e9ctrica en el pa\u00eds, logrando instalar unos mil megavatios al Sistema El\u00e9ctrico Nacional en menos de tres a\u00f1os de la actual gesti\u00f3n gubernamental.<\/p>\n\n\n\n<p>Robles Morillo agreg\u00f3 que el pa\u00eds va \u201csumamente bien\u201d, pues se han logrado instalar 400 megavatios t\u00e9rmicos, as\u00ed como otros 600 de energ\u00edas renovables al SENI.<\/p>\n\n\n\n<p>\u201cEn la parte de generaci\u00f3n, este es un Gobierno que va sumamente bien. Va delante de lo que es la proyecci\u00f3n de la demanda, porque se han logrado instalar 400 megavatios t\u00e9rmicos, y ya se han interconectado 600 megavatios de energ\u00edas renovables que han entrado a la red. Eso quiere decir que son mil megavatios en menos de tres a\u00f1os\u201d, valor\u00f3 el funcionario.<\/p>\n\n\n\n<p>En ese sentido, Robles Morillo precis\u00f3 que adem\u00e1s se est\u00e1 trabajando para que entren en operaci\u00f3n otros proyectos, que sumar\u00e1n nuevos megas al Sistema El\u00e9ctrico Nacional.<\/p>\n\n\n\n<p>El administrador de de ETED vaticin\u00f3 que al t\u00e9rmino del 2023, la entidad que dirige estar\u00eda completando la instalaci\u00f3n de unos 650 megavatios m\u00e1s al sistema. \u201cEn los tres a\u00f1os quiero decir\u201d.<\/p>\n","protected":false},"excerpt":{"rendered":"<p>Por Mart\u00edn Restituyo El administrador de la Empresa de Transmisi\u00f3n El\u00e9ctrica Dominicana (ETED), Mart\u00edn Robles Morillo, afirm\u00f3 que el Gobierno dominicano va delante de la proyecci\u00f3n de la demanda el\u00e9ctrica&hellip;<\/p>\n","protected":false},"author":2,"featured_media":56492,"comment_status":"open","ping_status":"open","sticky":false,"template":"","format":"standard","meta":{"content-type":"","jetpack_post_was_ever_published":false,"_jetpack_newsletter_access":"","_jetpack_dont_email_post_to_subs":false,"_jetpack_newsletter_tier_id":0,"_jetpack_memberships_contains_paywalled_content":false,"_jetpack_memberships_contains_paid_content":false,"footnotes":""},"categories":[39,25],"tags":[655,1085,1865,5134,171,5675],"class_list":["post-56491","post","type-post","status-publish","format-standard","has-post-thumbnail","hentry","category-economia","category-portada","tag-administrador","tag-demanda","tag-electrica","tag-eted","tag-gobierno","tag-martin-robles"],"jetpack_featured_media_url":"https:\/\/lasprimeras.com.do\/wp-content\/uploads\/2023\/08\/Martin-Robles.jpg","jetpack-related-posts":[{"id":57364,"url":"https:\/\/lasprimeras.com.do\/index.php\/2023\/08\/11\/robles-morillo-dice-este-gobierno-ha-dado-mas-energia-que-sus-antecesores\/","url_meta":{"origin":56491,"position":0},"title":"Robles Morillo dice este Gobierno ha dado m\u00e1s energ\u00eda que sus antecesores","author":"Nelson Feliz","date":"11 de agosto de 2023","format":false,"excerpt":"Administrador ETED afirma consumo el\u00e9ctrico se ha incrementado en m\u00e1s de 225 Magavatios. Por Mart\u00edn Restituyo El administrador general de la Empresa de Transmisi\u00f3n El\u00e9ctrica Dominicana (ETED), ingeniero Mart\u00edn Robles Morillo, afirm\u00f3 que este gobierno ha dado m\u00e1s energ\u00eda a la poblaci\u00f3n que todos sus antecesores, para dar respuesta a\u2026","rel":"","context":"En \u00abECONOM\u00cdA\u00bb","block_context":{"text":"ECONOM\u00cdA","link":"https:\/\/lasprimeras.com.do\/index.php\/category\/economia\/"},"img":{"alt_text":"Robles Morillo","src":"https:\/\/i0.wp.com\/lasprimeras.com.do\/wp-content\/uploads\/2023\/08\/Robles-Morillo.jpg?resize=350%2C200&ssl=1","width":350,"height":200,"srcset":"https:\/\/i0.wp.com\/lasprimeras.com.do\/wp-content\/uploads\/2023\/08\/Robles-Morillo.jpg?resize=350%2C200&ssl=1 1x, https:\/\/i0.wp.com\/lasprimeras.com.do\/wp-content\/uploads\/2023\/08\/Robles-Morillo.jpg?resize=525%2C300&ssl=1 1.5x, https:\/\/i0.wp.com\/lasprimeras.com.do\/wp-content\/uploads\/2023\/08\/Robles-Morillo.jpg?resize=700%2C400&ssl=1 2x"},"classes":[]},{"id":66067,"url":"https:\/\/lasprimeras.com.do\/index.php\/2023\/11\/02\/eted-apuesta-por-la-transformacion-del-sector-electrico-para-el-desarrollo-economico-del-pais\/","url_meta":{"origin":56491,"position":1},"title":"ETED apuesta por la transformaci\u00f3n del sector el\u00e9ctrico para el desarrollo econ\u00f3mico del pa\u00eds","author":"Nelson Feliz","date":"2 de noviembre de 2023","format":false,"excerpt":"Celebra diecis\u00e9is a\u00f1os trabajando en la calidad, permanencia, eficiencia y estabilidad del servicio el\u00e9ctrico; reduce las p\u00e9rdidas en transmisi\u00f3n a un promedio de 1.65%. Arribando a su decimosexto aniversario, la Empresa de Transmisi\u00f3n El\u00e9ctrica Dominicana (ETED) ha impulsado el desarrollo y crecimiento de la econom\u00eda dominicana a trav\u00e9s del sector\u2026","rel":"","context":"En \u00abECONOM\u00cdA\u00bb","block_context":{"text":"ECONOM\u00cdA","link":"https:\/\/lasprimeras.com.do\/index.php\/category\/economia\/"},"img":{"alt_text":"Martin Robles","src":"https:\/\/i0.wp.com\/lasprimeras.com.do\/wp-content\/uploads\/2023\/11\/Martin-Robles.jpg?resize=350%2C200&ssl=1","width":350,"height":200,"srcset":"https:\/\/i0.wp.com\/lasprimeras.com.do\/wp-content\/uploads\/2023\/11\/Martin-Robles.jpg?resize=350%2C200&ssl=1 1x, https:\/\/i0.wp.com\/lasprimeras.com.do\/wp-content\/uploads\/2023\/11\/Martin-Robles.jpg?resize=525%2C300&ssl=1 1.5x, https:\/\/i0.wp.com\/lasprimeras.com.do\/wp-content\/uploads\/2023\/11\/Martin-Robles.jpg?resize=700%2C400&ssl=1 2x"},"classes":[]},{"id":94708,"url":"https:\/\/lasprimeras.com.do\/index.php\/2025\/03\/04\/eted-impulsa-modernizacion-del-sistema-electrico-de-transmision-en-el-pais\/","url_meta":{"origin":56491,"position":2},"title":"ETED impulsa modernizaci\u00f3n del sistema el\u00e9ctrico de transmisi\u00f3n en el pa\u00eds","author":"Nelson Feliz","date":"4 de marzo de 2025","format":false,"excerpt":"Por Martin Restituyo La Empresa de Transmisi\u00f3n El\u00e9ctrica Dominicana (ETED) contin\u00faa desempe\u00f1ando un papel clave en la transformaci\u00f3n del sector el\u00e9ctrico, garantizando una infraestructura de transmisi\u00f3n moderna, eficiente y sostenible para el desarrollo del pa\u00eds. En su rendici\u00f3n de cuentas del 27 de febrero 2025, el presidente Luis Abinader destac\u00f3\u2026","rel":"","context":"En \u00abNACIONALES\u00bb","block_context":{"text":"NACIONALES","link":"https:\/\/lasprimeras.com.do\/index.php\/category\/nacionales\/"},"img":{"alt_text":"ETED","src":"https:\/\/i0.wp.com\/lasprimeras.com.do\/wp-content\/uploads\/2025\/03\/ETED.jpg?resize=350%2C200&ssl=1","width":350,"height":200,"srcset":"https:\/\/i0.wp.com\/lasprimeras.com.do\/wp-content\/uploads\/2025\/03\/ETED.jpg?resize=350%2C200&ssl=1 1x, https:\/\/i0.wp.com\/lasprimeras.com.do\/wp-content\/uploads\/2025\/03\/ETED.jpg?resize=525%2C300&ssl=1 1.5x, https:\/\/i0.wp.com\/lasprimeras.com.do\/wp-content\/uploads\/2025\/03\/ETED.jpg?resize=700%2C400&ssl=1 2x"},"classes":[]},{"id":95353,"url":"https:\/\/lasprimeras.com.do\/index.php\/2025\/03\/12\/administrador-de-eted-asegura-que-no-hay-apagones-en-el-pais\/","url_meta":{"origin":56491,"position":3},"title":"Administrador de ETED asegura que no hay apagones en el pa\u00eds","author":"Nelson Feliz","date":"12 de marzo de 2025","format":false,"excerpt":"El administrador general de la Empresa de Transmisi\u00f3n El\u00e9ctrica Dominicana (ETED), Mart\u00edn Robles Morillo, afirm\u00f3 que no hay apagones en el pa\u00eds. Explic\u00f3 que las interrupciones el\u00e9ctricas ocasionales se deben a trabajos de mantenimiento en la red. Robles Morillo asegur\u00f3 que el sistema el\u00e9ctrico nacional actualmente cubre el 99.5 %\u2026","rel":"","context":"En \u00abNACIONALES\u00bb","block_context":{"text":"NACIONALES","link":"https:\/\/lasprimeras.com.do\/index.php\/category\/nacionales\/"},"img":{"alt_text":"Mart\u00edn Robles","src":"https:\/\/i0.wp.com\/lasprimeras.com.do\/wp-content\/uploads\/2023\/08\/Martin-Robles.jpg?resize=350%2C200&ssl=1","width":350,"height":200,"srcset":"https:\/\/i0.wp.com\/lasprimeras.com.do\/wp-content\/uploads\/2023\/08\/Martin-Robles.jpg?resize=350%2C200&ssl=1 1x, https:\/\/i0.wp.com\/lasprimeras.com.do\/wp-content\/uploads\/2023\/08\/Martin-Robles.jpg?resize=525%2C300&ssl=1 1.5x, https:\/\/i0.wp.com\/lasprimeras.com.do\/wp-content\/uploads\/2023\/08\/Martin-Robles.jpg?resize=700%2C400&ssl=1 2x"},"classes":[]},{"id":100187,"url":"https:\/\/lasprimeras.com.do\/index.php\/2025\/06\/03\/eted-activa-plan-de-contingencia-ante-una-activa-temporada-ciclonica-2025\/","url_meta":{"origin":56491,"position":4},"title":"ETED activa plan de contingencia ante una activa temporada cicl\u00f3nica 2025","author":"Nelson Feliz","date":"3 de junio de 2025","format":false,"excerpt":"La Empresa de Transmisi\u00f3n El\u00e9ctrica Dominicana (ETED) puso en marcha su plan de contingencia para garantizar la estabilidad del sistema de transmisi\u00f3n en alta tensi\u00f3n y mitigar posibles da\u00f1os ocasionados por fen\u00f3menos atmosf\u00e9ricos, ante el pron\u00f3stico de una temporada cicl\u00f3nica 2025 \u201cextremadamente activa\u201d, seg\u00fan los \u00faltimos reportes del Centro Nacional\u2026","rel":"","context":"En \u00abNACIONALES\u00bb","block_context":{"text":"NACIONALES","link":"https:\/\/lasprimeras.com.do\/index.php\/category\/nacionales\/"},"img":{"alt_text":"Ing. Mart\u00edn Robles Morillo, administrador general de la ETED durante sesi\u00f3n con Comit\u00e9 de Emergencias de la ETED (CEETED).","src":"https:\/\/i0.wp.com\/lasprimeras.com.do\/wp-content\/uploads\/2023\/08\/Martin-Robles-Morillo.jpg?resize=350%2C200&ssl=1","width":350,"height":200,"srcset":"https:\/\/i0.wp.com\/lasprimeras.com.do\/wp-content\/uploads\/2023\/08\/Martin-Robles-Morillo.jpg?resize=350%2C200&ssl=1 1x, https:\/\/i0.wp.com\/lasprimeras.com.do\/wp-content\/uploads\/2023\/08\/Martin-Robles-Morillo.jpg?resize=525%2C300&ssl=1 1.5x, https:\/\/i0.wp.com\/lasprimeras.com.do\/wp-content\/uploads\/2023\/08\/Martin-Robles-Morillo.jpg?resize=700%2C400&ssl=1 2x"},"classes":[]},{"id":58921,"url":"https:\/\/lasprimeras.com.do\/index.php\/2023\/08\/29\/martin-robles-dice-eted-invierte-en-proyectos-de-transmision-lineas-y-subestaciones\/","url_meta":{"origin":56491,"position":5},"title":"Mart\u00edn Robles dice ETED invierte en proyectos de transmisi\u00f3n, l\u00edneas y subestaciones","author":"Nelson Feliz","date":"29 de agosto de 2023","format":false,"excerpt":"El administrador de la\u00a0Empresa de Transmisi\u00f3n El\u00e9ctrica Dominicana\u00a0(ETED),\u00a0Mart\u00edn Robles,\u00a0inform\u00f3 que a trav\u00e9s de esa entidad se invierten 21 mil millones de pesos en proyectos de transmisi\u00f3n, l\u00edneas y subestaciones, cruciales para la mejora de la infraestructura el\u00e9ctrica del pa\u00eds. Robles, precis\u00f3 que las inversiones en proyectos que desarrolla la entidad\u2026","rel":"","context":"En \u00abECONOM\u00cdA\u00bb","block_context":{"text":"ECONOM\u00cdA","link":"https:\/\/lasprimeras.com.do\/index.php\/category\/economia\/"},"img":{"alt_text":"Ing. Mart\u00edn Robles Morillo, administrador general de la ETED durante sesi\u00f3n con Comit\u00e9 de Emergencias de la ETED (CEETED).","src":"https:\/\/i0.wp.com\/lasprimeras.com.do\/wp-content\/uploads\/2023\/08\/Martin-Robles-Morillo.jpg?resize=350%2C200&ssl=1","width":350,"height":200,"srcset":"https:\/\/i0.wp.com\/lasprimeras.com.do\/wp-content\/uploads\/2023\/08\/Martin-Robles-Morillo.jpg?resize=350%2C200&ssl=1 1x, https:\/\/i0.wp.com\/lasprimeras.com.do\/wp-content\/uploads\/2023\/08\/Martin-Robles-Morillo.jpg?resize=525%2C300&ssl=1 1.5x, https:\/\/i0.wp.com\/lasprimeras.com.do\/wp-content\/uploads\/2023\/08\/Martin-Robles-Morillo.jpg?resize=700%2C400&ssl=1 2x"},"classes":[]}],"jetpack_sharing_enabled":true,"_links":{"self":[{"href":"https:\/\/lasprimeras.com.do\/index.php\/wp-json\/wp\/v2\/posts\/56491","targetHints":{"allow":["GET"]}}],"collection":[{"href":"https:\/\/lasprimeras.com.do\/index.php\/wp-json\/wp\/v2\/posts"}],"about":[{"href":"https:\/\/lasprimeras.com.do\/index.php\/wp-json\/wp\/v2\/types\/post"}],"author":[{"embeddable":true,"href":"https:\/\/lasprimeras.com.do\/index.php\/wp-json\/wp\/v2\/users\/2"}],"replies":[{"embeddable":true,"href":"https:\/\/lasprimeras.com.do\/index.php\/wp-json\/wp\/v2\/comments?post=56491"}],"version-history":[{"count":2,"href":"https:\/\/lasprimeras.com.do\/index.php\/wp-json\/wp\/v2\/posts\/56491\/revisions"}],"predecessor-version":[{"id":56495,"href":"https:\/\/lasprimeras.com.do\/index.php\/wp-json\/wp\/v2\/posts\/56491\/revisions\/56495"}],"wp:featuredmedia":[{"embeddable":true,"href":"https:\/\/lasprimeras.com.do\/index.php\/wp-json\/wp\/v2\/media\/56492"}],"wp:attachment":[{"href":"https:\/\/lasprimeras.com.do\/index.php\/wp-json\/wp\/v2\/media?parent=56491"}],"wp:term":[{"taxonomy":"category","embeddable":true,"href":"https:\/\/lasprimeras.com.do\/index.php\/wp-json\/wp\/v2\/categories?post=56491"},{"taxonomy":"post_tag","embeddable":true,"href":"https:\/\/lasprimeras.com.do\/index.php\/wp-json\/wp\/v2\/tags?post=56491"}],"curies":[{"name":"wp","href":"https:\/\/api.w.org\/{rel}","templated":true}]}}