{"id":56499,"date":"2023-08-02T08:24:21","date_gmt":"2023-08-02T12:24:21","guid":{"rendered":"https:\/\/lasprimeras.com.do\/?p=56499"},"modified":"2023-08-02T08:24:33","modified_gmt":"2023-08-02T12:24:33","slug":"abinader-y-raquel-pena-encabezan-acto-76-aniversario-regimiento-dominicano-guardia-presidencial","status":"publish","type":"post","link":"https:\/\/lasprimeras.com.do\/index.php\/2023\/08\/02\/abinader-y-raquel-pena-encabezan-acto-76-aniversario-regimiento-dominicano-guardia-presidencial\/","title":{"rendered":"Abinader y Raquel Pe\u00f1a encabezan acto 76 aniversario Regimiento Dominicano Guardia Presidencial"},"content":{"rendered":"\n<p>El presidente Luis Abinader y la vicepresidenta Raquel Pe\u00f1a encabezaron el acto de celebraci\u00f3n del 76 aniversario de la creaci\u00f3n del 1.er Regimiento Dominicano de la Guardia Presidencial.<\/p>\n\n\n\n<p>En el evento se resalt\u00f3 la importancia y el papel que ha jugado este regimiento en la historia de la seguridad presidencial para salvaguadar las propiedades e instalaciones del Palacio Nacional.<\/p>\n\n\n\n<p>Al hablar durante la actividad, el comandante del 1.er Regimiento General de Brigada del Ej\u00e9rcito, Guillermo Caro Cruz agradeci\u00f3 al jefe del Estado por confiar en ellos para la protecci\u00f3n del Palacio Nacional, el mandatario y su familia, as\u00ed como a la vicepresidenta por su eficiencia en sus labores y por siempre ser una dama.<\/p>\n\n\n\n<figure class=\"wp-block-image size-full is-resized\"><img decoding=\"async\" src=\"https:\/\/lasprimeras.com.do\/wp-content\/uploads\/2023\/08\/Guardia-Presidencial-1.jpg\" alt=\"\" class=\"wp-image-56501\" width=\"824\" height=\"549\" srcset=\"https:\/\/lasprimeras.com.do\/wp-content\/uploads\/2023\/08\/Guardia-Presidencial-1.jpg 700w, https:\/\/lasprimeras.com.do\/wp-content\/uploads\/2023\/08\/Guardia-Presidencial-1-300x200.jpg 300w\" sizes=\"(max-width: 824px) 100vw, 824px\" \/><\/figure>\n\n\n\n<p>Precis\u00f3 que la Guardia Presidencial siempre ha cumplido con sus principios de disciplina, honor, lealtad y sacrificio.<\/p>\n\n\n\n<p>El acto, donde el presidente Abinader y la vicepresidenta Raquel Pe\u00f1a recibieron placas de reconocimiento, inici\u00f3 con las notas del Himno Nacional y la bendici\u00f3n estuvo a cargo del Coronel Capell\u00e1n Castrense, Francisco Hector Mart\u00edn Guti\u00e9rrez.<\/p>\n\n\n\n<p>Al mismo tiempo, se realiz\u00f3 un homenaje p\u00f3stumo a los pasados comandantes del 1.er Regimiento de la Guardia Presidencial y a los que han fallecido. Tambi\u00e9n se entregaron estatuillas a los familiares de pasados comandantes.<\/p>\n\n\n\n<figure class=\"wp-block-image size-full is-resized\"><img decoding=\"async\" src=\"https:\/\/lasprimeras.com.do\/wp-content\/uploads\/2023\/08\/Guardia-Presidencial-2.jpg\" alt=\"\" class=\"wp-image-56502\" width=\"824\" height=\"572\" srcset=\"https:\/\/lasprimeras.com.do\/wp-content\/uploads\/2023\/08\/Guardia-Presidencial-2.jpg 700w, https:\/\/lasprimeras.com.do\/wp-content\/uploads\/2023\/08\/Guardia-Presidencial-2-300x208.jpg 300w\" sizes=\"(max-width: 824px) 100vw, 824px\" \/><\/figure>\n\n\n\n<p>La Guardia Presidencial se crea conjuntamente con la construcci\u00f3n del Palacio Nacional, mediante Orden General No. 61-(1947), efectiva el 1 de agosto del a\u00f1o 1947, que surge como una compa\u00f1\u00eda y a medida que incrementaban las demandas de seguridad, fue necesario que el Estado Mayor del Ej\u00e9rcito mediante Orden General No. 109-(1962), efectiva el 20 de agosto del a\u00f1o 1962, aumentara las capacidades de la unidad a tama\u00f1o batall\u00f3n, y 43 a\u00f1os m\u00e1s tarde con la Orden General No. 06-(2005), efectiva el 1 de marzo del a\u00f1o 2005, a Regimiento.<\/p>\n\n\n\n<p>El 1.er Regimiento Dominicano Guardia Presidencial, ERD., situado en el campamento militar General de Brigada Luciano Alberto D\u00edaz Tejera, E.N, tiene como misi\u00f3n principal, salvaguardar y defender las propiedades e instalaciones del Palacio Nacional y dar protecci\u00f3n al presidente de la Rep\u00fablica y sus familiares.<\/p>\n\n\n\n<p>A la fecha, dispone de unidades especializadas encargadas de la seguridad de la casa de gobierno, as\u00ed como tambi\u00e9n de rendir los honores militares de estilo al primer mandatario y autoridades de otros pa\u00edses en visitas oficiales.<\/p>\n","protected":false},"excerpt":{"rendered":"<p>El presidente Luis Abinader y la vicepresidenta Raquel Pe\u00f1a encabezaron el acto de celebraci\u00f3n del 76 aniversario de la creaci\u00f3n del 1.er Regimiento Dominicano de la Guardia Presidencial. En el&hellip;<\/p>\n","protected":false},"author":2,"featured_media":56500,"comment_status":"open","ping_status":"open","sticky":false,"template":"","format":"standard","meta":{"content-type":"","jetpack_post_was_ever_published":false,"_jetpack_newsletter_access":"","_jetpack_dont_email_post_to_subs":false,"_jetpack_newsletter_tier_id":0,"_jetpack_memberships_contains_paywalled_content":false,"_jetpack_memberships_contains_paid_content":false,"footnotes":""},"categories":[35,25],"tags":[1320,364,3522,67,2588,2873,5678],"class_list":["post-56499","post","type-post","status-publish","format-standard","has-post-thumbnail","hentry","category-nacionales","category-portada","tag-aniversario","tag-dominicano","tag-guardia","tag-luis-abinader","tag-presidencial","tag-raquel-pena","tag-regimiento"],"jetpack_featured_media_url":"https:\/\/lasprimeras.com.do\/wp-content\/uploads\/2023\/08\/Guardia-Presidencial.jpg","jetpack-related-posts":[{"id":93790,"url":"https:\/\/lasprimeras.com.do\/index.php\/2025\/02\/20\/abinader-encabeza-homenaje-a-la-bandera-nacional-en-el-181-aniversario-de-la-independencia\/","url_meta":{"origin":56499,"position":0},"title":"Abinader encabeza homenaje a la Bandera Nacional en el 181 aniversario de la Independencia","author":"Nelson Feliz","date":"20 de febrero de 2025","format":false,"excerpt":"El presidente de la Rep\u00fablica, Luis Abinader, encabez\u00f3 este jueves un homenaje a la Bandera Nacional en conmemoraci\u00f3n del 181 aniversario de la Independencia, dentro del marco del Mes de la Patria 2025. El acto, celebrado en las escalinatas del Palacio Nacional, cont\u00f3 con la presencia de la vicepresidenta Raquel\u2026","rel":"","context":"En \u00abNACIONALES\u00bb","block_context":{"text":"NACIONALES","link":"https:\/\/lasprimeras.com.do\/index.php\/category\/nacionales\/"},"img":{"alt_text":"","src":"https:\/\/i0.wp.com\/lasprimeras.com.do\/wp-content\/uploads\/2025\/02\/bandera.png?resize=350%2C200&ssl=1","width":350,"height":200,"srcset":"https:\/\/i0.wp.com\/lasprimeras.com.do\/wp-content\/uploads\/2025\/02\/bandera.png?resize=350%2C200&ssl=1 1x, https:\/\/i0.wp.com\/lasprimeras.com.do\/wp-content\/uploads\/2025\/02\/bandera.png?resize=525%2C300&ssl=1 1.5x, https:\/\/i0.wp.com\/lasprimeras.com.do\/wp-content\/uploads\/2025\/02\/bandera.png?resize=700%2C400&ssl=1 2x"},"classes":[]},{"id":77476,"url":"https:\/\/lasprimeras.com.do\/index.php\/2024\/02\/21\/presidente-abinader-encabezara-homenaje-a-la-bandera-en-el-palacio-nacional\/","url_meta":{"origin":56499,"position":1},"title":"Presidente Abinader encabezar\u00e1 homenaje a la Bandera en el Palacio Nacional","author":"BIMARY DE JES\u00daS Matos","date":"21 de febrero de 2024","format":false,"excerpt":"Santo Domingo. \u2013 La Presidencia de la Rep\u00fablica, a trav\u00e9s de la Comisi\u00f3n Permanente de Efem\u00e9rides Patrias, con la participaci\u00f3n del Ministerio de Defensa y el Ministerio Administrativo de la Presidencia realizaran un solemne homenaje a la Bandera en el \u201cMes de la Patria 2024\u201d, este jueves 22 de febrero,\u2026","rel":"","context":"En \u00abPORTADA\u00bb","block_context":{"text":"PORTADA","link":"https:\/\/lasprimeras.com.do\/index.php\/category\/portada\/"},"img":{"alt_text":"","src":"https:\/\/i0.wp.com\/lasprimeras.com.do\/wp-content\/uploads\/2024\/02\/Fachada-Palacio-Nacional-770x540-1.webp?resize=350%2C200&ssl=1","width":350,"height":200,"srcset":"https:\/\/i0.wp.com\/lasprimeras.com.do\/wp-content\/uploads\/2024\/02\/Fachada-Palacio-Nacional-770x540-1.webp?resize=350%2C200&ssl=1 1x, https:\/\/i0.wp.com\/lasprimeras.com.do\/wp-content\/uploads\/2024\/02\/Fachada-Palacio-Nacional-770x540-1.webp?resize=525%2C300&ssl=1 1.5x, https:\/\/i0.wp.com\/lasprimeras.com.do\/wp-content\/uploads\/2024\/02\/Fachada-Palacio-Nacional-770x540-1.webp?resize=700%2C400&ssl=1 2x"},"classes":[]},{"id":104283,"url":"https:\/\/lasprimeras.com.do\/index.php\/2025\/07\/23\/abinader-viaja-a-guyana-para-participar-en-la-fundacion-de-la-alianza-global-por-la-biodiversidad\/","url_meta":{"origin":56499,"position":2},"title":"Abinader viaja a Guyana para participar en la fundaci\u00f3n de la Alianza Global por la Biodiversidad","author":"Nelson Feliz","date":"23 de julio de 2025","format":false,"excerpt":"En estos momentos, el presidente Luis Abinader viaja hacia la Rep\u00fablica Cooperativa de Guyana para participar en el acto inaugural de la Alianza Global por la Biodiversidad. El mandatario sali\u00f3 a las 7:29 de la ma\u00f1ana desde la Base A\u00e9rea de San Isidro, donde fue despedido por el ministro de\u2026","rel":"","context":"En \u00abNACIONALES\u00bb","block_context":{"text":"NACIONALES","link":"https:\/\/lasprimeras.com.do\/index.php\/category\/nacionales\/"},"img":{"alt_text":"","src":"https:\/\/i0.wp.com\/lasprimeras.com.do\/wp-content\/uploads\/2025\/07\/LA-viaja.jpg?resize=350%2C200&ssl=1","width":350,"height":200,"srcset":"https:\/\/i0.wp.com\/lasprimeras.com.do\/wp-content\/uploads\/2025\/07\/LA-viaja.jpg?resize=350%2C200&ssl=1 1x, https:\/\/i0.wp.com\/lasprimeras.com.do\/wp-content\/uploads\/2025\/07\/LA-viaja.jpg?resize=525%2C300&ssl=1 1.5x, https:\/\/i0.wp.com\/lasprimeras.com.do\/wp-content\/uploads\/2025\/07\/LA-viaja.jpg?resize=700%2C400&ssl=1 2x"},"classes":[]},{"id":57577,"url":"https:\/\/lasprimeras.com.do\/index.php\/2023\/08\/14\/presidente-abinader-regresa-al-pais-tras-participar-de-actividades-en-nueva-york\/","url_meta":{"origin":56499,"position":3},"title":"Presidente Abinader regresa al pa\u00eds tras participar de actividades en Nueva York","author":"Nelson Feliz","date":"14 de agosto de 2023","format":false,"excerpt":"Tras agotar una agenda de encuentros con dominicanos en la ciudad de Nuava York, que incluy\u00f3 la primera participaci\u00f3n de un mandatario en la Parada Dominicana en Manhattan, el presidente Luis Abinader regres\u00f3 a las 7:00 de la noche de este domingo al pa\u00eds. Durante el viaje, el gobernante estuvo\u2026","rel":"","context":"En \u00abNACIONALES\u00bb","block_context":{"text":"NACIONALES","link":"https:\/\/lasprimeras.com.do\/index.php\/category\/nacionales\/"},"img":{"alt_text":"Luis Abinader","src":"https:\/\/i0.wp.com\/lasprimeras.com.do\/wp-content\/uploads\/2023\/08\/Luis-Abinader-7.jpg?resize=350%2C200&ssl=1","width":350,"height":200,"srcset":"https:\/\/i0.wp.com\/lasprimeras.com.do\/wp-content\/uploads\/2023\/08\/Luis-Abinader-7.jpg?resize=350%2C200&ssl=1 1x, https:\/\/i0.wp.com\/lasprimeras.com.do\/wp-content\/uploads\/2023\/08\/Luis-Abinader-7.jpg?resize=525%2C300&ssl=1 1.5x, https:\/\/i0.wp.com\/lasprimeras.com.do\/wp-content\/uploads\/2023\/08\/Luis-Abinader-7.jpg?resize=700%2C400&ssl=1 2x"},"classes":[]},{"id":97763,"url":"https:\/\/lasprimeras.com.do\/index.php\/2025\/04\/27\/abinader-regresa-al-pais-tras-participar-en-honras-funebres-del-papa-francisco\/","url_meta":{"origin":56499,"position":4},"title":"Abinader regresa al pa\u00eds tras participar en honras f\u00fanebres del papa Francisco","author":"Nelson Feliz","date":"27 de abril de 2025","format":false,"excerpt":"El presidente de la Rep\u00fablica, Luis Abinader y su esposa Raquel Arbaje, retorn\u00f3 al pa\u00eds a las 4:50 de la tarde de este domingo, procedentes de El Vaticano, donde acudieron a las honras f\u00fanebres del papa Francisco, sepultado ayer s\u00e1bado. El mandatario regres\u00f3 por la Base A\u00e9rea de San Isidro.\u2026","rel":"","context":"En \u00abNACIONALES\u00bb","block_context":{"text":"NACIONALES","link":"https:\/\/lasprimeras.com.do\/index.php\/category\/nacionales\/"},"img":{"alt_text":"","src":"https:\/\/i0.wp.com\/lasprimeras.com.do\/wp-content\/uploads\/2025\/04\/ABINADER-REGRESA.jpg?resize=350%2C200&ssl=1","width":350,"height":200,"srcset":"https:\/\/i0.wp.com\/lasprimeras.com.do\/wp-content\/uploads\/2025\/04\/ABINADER-REGRESA.jpg?resize=350%2C200&ssl=1 1x, https:\/\/i0.wp.com\/lasprimeras.com.do\/wp-content\/uploads\/2025\/04\/ABINADER-REGRESA.jpg?resize=525%2C300&ssl=1 1.5x, https:\/\/i0.wp.com\/lasprimeras.com.do\/wp-content\/uploads\/2025\/04\/ABINADER-REGRESA.jpg?resize=700%2C400&ssl=1 2x"},"classes":[]},{"id":123155,"url":"https:\/\/lasprimeras.com.do\/index.php\/2026\/02\/26\/congreso-nacional-listo-para-acto-de-rendicion-de-cuentas-del-presidente-luis-abinader-este-27-de-febrero\/","url_meta":{"origin":56499,"position":5},"title":"Congreso Nacional listo para acto de rendici\u00f3n de cuentas del presidente Luis Abinader este 27 de febrero","author":"Nelson Feliz","date":"26 de febrero de 2026","format":false,"excerpt":"El Congreso Nacional est\u00e1 preparado para recibir al presidente de la Rep\u00fablica, Luis Abinader, quien este pr\u00f3ximo 27 de febrero comparecer\u00e1 ante la Asamblea Nacional para rendir cuentas al pa\u00eds, en cumplimiento de lo establecido en la Constituci\u00f3n dominicana. Para la magna ocasi\u00f3n el \u00f3rgano legislativo realiz\u00f3 remozamientos en distintas\u2026","rel":"","context":"En \u00abNACIONALES\u00bb","block_context":{"text":"NACIONALES","link":"https:\/\/lasprimeras.com.do\/index.php\/category\/nacionales\/"},"img":{"alt_text":"","src":"https:\/\/i0.wp.com\/lasprimeras.com.do\/wp-content\/uploads\/2026\/02\/IMG-20260226-WA0518-scaled.jpg?resize=350%2C200&ssl=1","width":350,"height":200,"srcset":"https:\/\/i0.wp.com\/lasprimeras.com.do\/wp-content\/uploads\/2026\/02\/IMG-20260226-WA0518-scaled.jpg?resize=350%2C200&ssl=1 1x, https:\/\/i0.wp.com\/lasprimeras.com.do\/wp-content\/uploads\/2026\/02\/IMG-20260226-WA0518-scaled.jpg?resize=525%2C300&ssl=1 1.5x, https:\/\/i0.wp.com\/lasprimeras.com.do\/wp-content\/uploads\/2026\/02\/IMG-20260226-WA0518-scaled.jpg?resize=700%2C400&ssl=1 2x, https:\/\/i0.wp.com\/lasprimeras.com.do\/wp-content\/uploads\/2026\/02\/IMG-20260226-WA0518-scaled.jpg?resize=1050%2C600&ssl=1 3x, https:\/\/i0.wp.com\/lasprimeras.com.do\/wp-content\/uploads\/2026\/02\/IMG-20260226-WA0518-scaled.jpg?resize=1400%2C800&ssl=1 4x"},"classes":[]}],"jetpack_sharing_enabled":true,"_links":{"self":[{"href":"https:\/\/lasprimeras.com.do\/index.php\/wp-json\/wp\/v2\/posts\/56499","targetHints":{"allow":["GET"]}}],"collection":[{"href":"https:\/\/lasprimeras.com.do\/index.php\/wp-json\/wp\/v2\/posts"}],"about":[{"href":"https:\/\/lasprimeras.com.do\/index.php\/wp-json\/wp\/v2\/types\/post"}],"author":[{"embeddable":true,"href":"https:\/\/lasprimeras.com.do\/index.php\/wp-json\/wp\/v2\/users\/2"}],"replies":[{"embeddable":true,"href":"https:\/\/lasprimeras.com.do\/index.php\/wp-json\/wp\/v2\/comments?post=56499"}],"version-history":[{"count":2,"href":"https:\/\/lasprimeras.com.do\/index.php\/wp-json\/wp\/v2\/posts\/56499\/revisions"}],"predecessor-version":[{"id":56504,"href":"https:\/\/lasprimeras.com.do\/index.php\/wp-json\/wp\/v2\/posts\/56499\/revisions\/56504"}],"wp:featuredmedia":[{"embeddable":true,"href":"https:\/\/lasprimeras.com.do\/index.php\/wp-json\/wp\/v2\/media\/56500"}],"wp:attachment":[{"href":"https:\/\/lasprimeras.com.do\/index.php\/wp-json\/wp\/v2\/media?parent=56499"}],"wp:term":[{"taxonomy":"category","embeddable":true,"href":"https:\/\/lasprimeras.com.do\/index.php\/wp-json\/wp\/v2\/categories?post=56499"},{"taxonomy":"post_tag","embeddable":true,"href":"https:\/\/lasprimeras.com.do\/index.php\/wp-json\/wp\/v2\/tags?post=56499"}],"curies":[{"name":"wp","href":"https:\/\/api.w.org\/{rel}","templated":true}]}}