{"id":56505,"date":"2023-08-02T08:38:57","date_gmt":"2023-08-02T12:38:57","guid":{"rendered":"https:\/\/lasprimeras.com.do\/?p=56505"},"modified":"2023-08-02T08:38:58","modified_gmt":"2023-08-02T12:38:58","slug":"ramfis-dominguez-trujillo-ve-que-el-pueblo-esta-cansado-de-los-partidos-tradicionales","status":"publish","type":"post","link":"https:\/\/lasprimeras.com.do\/index.php\/2023\/08\/02\/ramfis-dominguez-trujillo-ve-que-el-pueblo-esta-cansado-de-los-partidos-tradicionales\/","title":{"rendered":"Ramfis Dom\u00ednguez Trujillo ve que el pueblo est\u00e1 cansado de los partidos tradicionales"},"content":{"rendered":"\n<p>El candidato presidencial del Partido Esperanza Democr\u00e1tica, PED, Ramfis Dom\u00ednguez Trujillo, consider\u00f3 que el modelo predominante de partidos pol\u00edticos que ha incidido en la pol\u00edtica dominicana luce agotado y anquilosado, por lo que su partido representa una nueva alternativa diferente para resolver los problemas del pa\u00eds.<\/p>\n\n\n\n<p>En este sentido, argument\u00f3 que todo ha seguido igual en los cuatrienios que han gobernado, caracteriz\u00e1ndose por su falta de respuestas a los problemas del pa\u00eds, su desatenci\u00f3n a las principales prioridades, sus desaciertos y su inoperancia, lo cual ha llevado a un alto rechazo a los pol\u00edticos de viejo cu\u00f1o.<\/p>\n\n\n\n<p>\u201cSeg\u00fan una \u00faltima encuesta, el 72 % no cree ni conf\u00eda en los pol\u00edticos en Rep\u00fablica Dominicana. Por eso, el reto que nosotros tenemos como pol\u00edticos es demostrar que no seremos m\u00e1s de lo mismo, que somos diferentes, que tenemos principios que nos gu\u00edan y una nueva visi\u00f3n para transformar el pa\u00eds, la administraci\u00f3n p\u00fablica y solucionar nuestros males\u201d, expres\u00f3 el l\u00edder del PED.<\/p>\n\n\n\n<p>Respondiendo a una pregunta sobre las transformaciones que har\u00eda en su gobierno, el presidente del PED dijo que aplicar\u00eda una pol\u00edtica de descentralizaci\u00f3n gubernamental para acabar con la da\u00f1ina centralizaci\u00f3n de tanto poder en las manos del presidente de la Republica, la cual obedece a un tiempo de nuestra historia ya pasado, y por ende, desconectado de nuestras exigencias modernas.<\/p>\n\n\n\n<p>En l\u00ednea con lo anterior, Dom\u00ednguez Trujillo abog\u00f3 por el establecimiento de un sistema federalista en el pa\u00eds para construir una verdadera democracia, como el que tienen en M\u00e9xico, los Estados Unidos y otros pa\u00edses.<\/p>\n\n\n\n<p>Abundando en este mismo orden, al ser entrevistado en el programa canadiense Teleritmo V, que conduce la animadora Cindy Yvel, Ramfis dijo que este federalismo permitir\u00eda a las provincias cierta independencia y un manejo local de recursos conforme a sus aspiraciones, necesidades y urgencias.<\/p>\n\n\n\n<p>Otras de las medidas que Ramfis considera implementar en una gesti\u00f3n presidencial, ser\u00eda importantizar la educaci\u00f3n como la base de nuestro desarrollo y de nuestro ejercicio democr\u00e1tico, as\u00ed como el fortalecimiento del sistema de salud y su adecuaci\u00f3n a las demandas del pueblo, incluyendo una pol\u00edtica de preservaci\u00f3n y protecci\u00f3n de la seguridad ciudadana.<\/p>\n","protected":false},"excerpt":{"rendered":"<p>El candidato presidencial del Partido Esperanza Democr\u00e1tica, PED, Ramfis Dom\u00ednguez Trujillo, consider\u00f3 que el modelo predominante de partidos pol\u00edticos que ha incidido en la pol\u00edtica dominicana luce agotado y anquilosado,&hellip;<\/p>\n","protected":false},"author":2,"featured_media":56506,"comment_status":"open","ping_status":"open","sticky":false,"template":"","format":"standard","meta":{"content-type":"","jetpack_post_was_ever_published":false,"_jetpack_newsletter_access":"","_jetpack_dont_email_post_to_subs":false,"_jetpack_newsletter_tier_id":0,"_jetpack_memberships_contains_paywalled_content":false,"_jetpack_memberships_contains_paid_content":false,"footnotes":""},"categories":[25],"tags":[5679,718,5682,1379,5681,5680],"class_list":["post-56505","post","type-post","status-publish","format-standard","has-post-thumbnail","hentry","category-portada","tag-cansado","tag-partidos","tag-ped","tag-pueblo","tag-ramfis-dominguez-trujillo","tag-tradicionales"],"jetpack_featured_media_url":"https:\/\/lasprimeras.com.do\/wp-content\/uploads\/2023\/08\/ranfis.jpeg","jetpack-related-posts":[{"id":108962,"url":"https:\/\/lasprimeras.com.do\/index.php\/2025\/09\/12\/ramfis-dominguez-trujillo-denuncia-alegada-arbitrariedad-del-tse\/","url_meta":{"origin":56505,"position":0},"title":"Ramfis Dom\u00ednguez Trujillo denuncia alegada arbitrariedad del TSE","author":"Nelson Feliz","date":"12 de septiembre de 2025","format":false,"excerpt":"El presidente del conservador Partido Esperanza Democr\u00e1tica (PED), Ramfis Dom\u00ednguez Trujillo, denunci\u00f3 que una reciente sentencia del Tribunal Superior Electoral (TSE) representa un retroceso para la democracia dominicana. Dom\u00ednguez, nieto del dictador Rafael Le\u00f3nidas Trujillo (1930-1961), indic\u00f3 que el TSE alter\u00f3 el lugar alcanzado por el PD en la boleta\u2026","rel":"","context":"En \u00abPOLITICA\u00bb","block_context":{"text":"POLITICA","link":"https:\/\/lasprimeras.com.do\/index.php\/category\/politica\/"},"img":{"alt_text":"Ramfis Dom\u00ednguez Trujillo","src":"https:\/\/i0.wp.com\/lasprimeras.com.do\/wp-content\/uploads\/2023\/08\/ranfis.jpeg?resize=350%2C200&ssl=1","width":350,"height":200,"srcset":"https:\/\/i0.wp.com\/lasprimeras.com.do\/wp-content\/uploads\/2023\/08\/ranfis.jpeg?resize=350%2C200&ssl=1 1x, https:\/\/i0.wp.com\/lasprimeras.com.do\/wp-content\/uploads\/2023\/08\/ranfis.jpeg?resize=525%2C300&ssl=1 1.5x, https:\/\/i0.wp.com\/lasprimeras.com.do\/wp-content\/uploads\/2023\/08\/ranfis.jpeg?resize=700%2C400&ssl=1 2x"},"classes":[]},{"id":111451,"url":"https:\/\/lasprimeras.com.do\/index.php\/2025\/10\/09\/ramfis-trujillo-hara-periplo-por-eua-para-celebrar-cuarto-lugar-ped-determina-encuesta-gallup\/","url_meta":{"origin":56505,"position":1},"title":"Ramfis Trujillo har\u00e1 periplo por EUA para celebrar cuarto lugar PED determina encuesta Gallup","author":"Nelson Feliz","date":"9 de octubre de 2025","format":false,"excerpt":"Por Ram\u00f3n Mercedes NUEVA YORK.- El presidente del Partido Esperanza Democr\u00e1tica (PED), Ramfis Dom\u00ednguez Trujillo, har\u00e1 este fin de semana un periplo por varios estados de la circunscripci\u00f3n 1-USA, para reunirse con dirigentes y militantes de la organizaci\u00f3n pol\u00edtica, profesionales, empresarios, pol\u00edticos, y comunitarios, entre otros sectores. En documento de\u2026","rel":"","context":"En \u00abLA VOZ DE LA DIASPORA\u00bb","block_context":{"text":"LA VOZ DE LA DIASPORA","link":"https:\/\/lasprimeras.com.do\/index.php\/category\/la-voz-de-la-diaspora\/"},"img":{"alt_text":"","src":"https:\/\/i0.wp.com\/lasprimeras.com.do\/wp-content\/uploads\/2025\/10\/Ramfis-Trujillo-hara-periplo-por-EUA-para-celebrar-cuarto-lugar-PED-determina-encuesta-Gallup.jpg?resize=350%2C200&ssl=1","width":350,"height":200,"srcset":"https:\/\/i0.wp.com\/lasprimeras.com.do\/wp-content\/uploads\/2025\/10\/Ramfis-Trujillo-hara-periplo-por-EUA-para-celebrar-cuarto-lugar-PED-determina-encuesta-Gallup.jpg?resize=350%2C200&ssl=1 1x, https:\/\/i0.wp.com\/lasprimeras.com.do\/wp-content\/uploads\/2025\/10\/Ramfis-Trujillo-hara-periplo-por-EUA-para-celebrar-cuarto-lugar-PED-determina-encuesta-Gallup.jpg?resize=525%2C300&ssl=1 1.5x"},"classes":[]},{"id":117530,"url":"https:\/\/lasprimeras.com.do\/index.php\/2025\/12\/11\/ramfis-trujillo-visita-nyc-y-providencia-anuncia-megaton-de-empadronamiento-para-este-domingo\/","url_meta":{"origin":56505,"position":2},"title":"Ramfis Trujillo visita NYC y Providencia; anuncia \u00abmegat\u00f3n de empadronamiento\u00bb para este domingo","author":"Nelson Feliz","date":"11 de diciembre de 2025","format":false,"excerpt":"https:\/\/www.youtube.com\/watch?v=vvD7zqUs7ro Por Ram\u00f3n Mercedes NUEVA YORK.- El presidente del Partido Esperanza Democr\u00e1tica (PED), Ramfis Dom\u00ednguez Trujillo, visit\u00f3 el pasado fin de semana esta ciudad y el estado de Rhode Island, reuni\u00e9ndose con dirigentes, militantes y simpatizantes de su organizaci\u00f3n, con empresarios, l\u00edderes comunitarios y representantes de otros sectores para reafirmar\u2026","rel":"","context":"En \u00abPOLITICA\u00bb","block_context":{"text":"POLITICA","link":"https:\/\/lasprimeras.com.do\/index.php\/category\/politica\/"},"img":{"alt_text":"Ramfis Trujillo visita NYC y Providencia, megat\u00f3n de empadronamiento","src":"https:\/\/i0.wp.com\/lasprimeras.com.do\/wp-content\/uploads\/2025\/12\/WhatsApp-Image-2025-12-11-at-5.58.47-AM-1.jpeg?resize=350%2C200&ssl=1","width":350,"height":200,"srcset":"https:\/\/i0.wp.com\/lasprimeras.com.do\/wp-content\/uploads\/2025\/12\/WhatsApp-Image-2025-12-11-at-5.58.47-AM-1.jpeg?resize=350%2C200&ssl=1 1x, https:\/\/i0.wp.com\/lasprimeras.com.do\/wp-content\/uploads\/2025\/12\/WhatsApp-Image-2025-12-11-at-5.58.47-AM-1.jpeg?resize=525%2C300&ssl=1 1.5x"},"classes":[]},{"id":111862,"url":"https:\/\/lasprimeras.com.do\/index.php\/2025\/10\/14\/ramfis-tse-manipula-sentencia-para-subir-ped-de-casilla-7-a-la-19-nada-nos-impedira-ser-candidato-en-2028\/","url_meta":{"origin":56505,"position":3},"title":"Ramfis: TSE manipula sentencia para subir PED de casilla 7 a la 19; nada nos impedir\u00e1 ser candidato en 2028","author":"Nelson Feliz","date":"14 de octubre de 2025","format":false,"excerpt":"https:\/\/www.youtube.com\/watch?v=CzUMb3HwLyw Por Ram\u00f3n Mercedes NUEVA YORK.- \u00abNosotros ganamos, conforme la ley electoral, la casilla n\u00famero 7 para el proceso electoral del 2028, pero viendo el crecimiento y fortalecimiento del partido, el Tribunal Superior Electoral (TSE) manipul\u00f3 una sentencia para arrebatarnos esa casilla y subirnos al 19\u00bb, denunci\u00f3 en esta ciudad\u2026","rel":"","context":"En \u00abLA VOZ DE LA DIASPORA\u00bb","block_context":{"text":"LA VOZ DE LA DIASPORA","link":"https:\/\/lasprimeras.com.do\/index.php\/category\/la-voz-de-la-diaspora\/"},"img":{"alt_text":"Ramfis Dom\u00ednguez Trujillo","src":"https:\/\/i0.wp.com\/lasprimeras.com.do\/wp-content\/uploads\/2023\/08\/ranfis.jpeg?resize=350%2C200&ssl=1","width":350,"height":200,"srcset":"https:\/\/i0.wp.com\/lasprimeras.com.do\/wp-content\/uploads\/2023\/08\/ranfis.jpeg?resize=350%2C200&ssl=1 1x, https:\/\/i0.wp.com\/lasprimeras.com.do\/wp-content\/uploads\/2023\/08\/ranfis.jpeg?resize=525%2C300&ssl=1 1.5x, https:\/\/i0.wp.com\/lasprimeras.com.do\/wp-content\/uploads\/2023\/08\/ranfis.jpeg?resize=700%2C400&ssl=1 2x"},"classes":[]},{"id":111763,"url":"https:\/\/lasprimeras.com.do\/index.php\/2025\/10\/13\/ramfis-proclama-en-nyc-que-el-ped-representa-opcion-de-poder-en-2028-juramenta-nuevos-miembros\/","url_meta":{"origin":56505,"position":4},"title":"Ramfis proclama en NYC que el PED representa opci\u00f3n de poder en 2028; juramenta nuevos miembros","author":"Nelson Feliz","date":"13 de octubre de 2025","format":false,"excerpt":"https:\/\/www.youtube.com\/watch?v=n3kCQOVg2yk Por Ram\u00f3n Mercedes NUEVA YORK.- El presidente del Partido Esperanza Democr\u00e1tica (PED), Ramfis Dom\u00ednguez Trujillo, se encuentra en USA desde hace varios d\u00edas haciendo reuniones, juramentaciones y encuentros con dirigentes de su partido y diferentes sectores en NY, NJ, Filadelfia y la zona de Nueva Inglaterra. \u00abEstoy en USA\u2026","rel":"","context":"En \u00abLA VOZ DE LA DIASPORA\u00bb","block_context":{"text":"LA VOZ DE LA DIASPORA","link":"https:\/\/lasprimeras.com.do\/index.php\/category\/la-voz-de-la-diaspora\/"},"img":{"alt_text":"","src":"https:\/\/i0.wp.com\/lasprimeras.com.do\/wp-content\/uploads\/2025\/10\/WhatsApp-Image-2025-10-13-at-7.06.43-AM.jpeg?resize=350%2C200&ssl=1","width":350,"height":200,"srcset":"https:\/\/i0.wp.com\/lasprimeras.com.do\/wp-content\/uploads\/2025\/10\/WhatsApp-Image-2025-10-13-at-7.06.43-AM.jpeg?resize=350%2C200&ssl=1 1x, https:\/\/i0.wp.com\/lasprimeras.com.do\/wp-content\/uploads\/2025\/10\/WhatsApp-Image-2025-10-13-at-7.06.43-AM.jpeg?resize=525%2C300&ssl=1 1.5x"},"classes":[]},{"id":123945,"url":"https:\/\/lasprimeras.com.do\/index.php\/2026\/03\/06\/ramfis-trujillo-hara-periplo-en-ee-uu-este-fin-de-semana\/","url_meta":{"origin":56505,"position":5},"title":"Ramfis Trujillo har\u00e1 periplo en EE. UU. este fin de semana","author":"Nelson Feliz","date":"6 de marzo de 2026","format":false,"excerpt":"Por Ram\u00f3n Mercedes NUEVA YORK.- El presidente del Partido Esperanza Democr\u00e1tica (PED), Ramfis Dom\u00ednguez-Trujillo, agotar\u00e1 un periplo este fin de semana por los estados de Nueva York, Nueva Jersey y Pensilvania, para sostener encuentros con dirigentes y militantes de la organizaci\u00f3n, as\u00ed como con empresarios, profesionales, miembros de la comunidad\u2026","rel":"","context":"En \u00abPOLITICA\u00bb","block_context":{"text":"POLITICA","link":"https:\/\/lasprimeras.com.do\/index.php\/category\/politica\/"},"img":{"alt_text":"","src":"https:\/\/i0.wp.com\/lasprimeras.com.do\/wp-content\/uploads\/2026\/03\/Ramfis-Trujillo-hara-periplo-en-EE.-UU.-este-fin-de-semana.jpg?resize=350%2C200&ssl=1","width":350,"height":200},"classes":[]}],"jetpack_sharing_enabled":true,"_links":{"self":[{"href":"https:\/\/lasprimeras.com.do\/index.php\/wp-json\/wp\/v2\/posts\/56505","targetHints":{"allow":["GET"]}}],"collection":[{"href":"https:\/\/lasprimeras.com.do\/index.php\/wp-json\/wp\/v2\/posts"}],"about":[{"href":"https:\/\/lasprimeras.com.do\/index.php\/wp-json\/wp\/v2\/types\/post"}],"author":[{"embeddable":true,"href":"https:\/\/lasprimeras.com.do\/index.php\/wp-json\/wp\/v2\/users\/2"}],"replies":[{"embeddable":true,"href":"https:\/\/lasprimeras.com.do\/index.php\/wp-json\/wp\/v2\/comments?post=56505"}],"version-history":[{"count":1,"href":"https:\/\/lasprimeras.com.do\/index.php\/wp-json\/wp\/v2\/posts\/56505\/revisions"}],"predecessor-version":[{"id":56507,"href":"https:\/\/lasprimeras.com.do\/index.php\/wp-json\/wp\/v2\/posts\/56505\/revisions\/56507"}],"wp:featuredmedia":[{"embeddable":true,"href":"https:\/\/lasprimeras.com.do\/index.php\/wp-json\/wp\/v2\/media\/56506"}],"wp:attachment":[{"href":"https:\/\/lasprimeras.com.do\/index.php\/wp-json\/wp\/v2\/media?parent=56505"}],"wp:term":[{"taxonomy":"category","embeddable":true,"href":"https:\/\/lasprimeras.com.do\/index.php\/wp-json\/wp\/v2\/categories?post=56505"},{"taxonomy":"post_tag","embeddable":true,"href":"https:\/\/lasprimeras.com.do\/index.php\/wp-json\/wp\/v2\/tags?post=56505"}],"curies":[{"name":"wp","href":"https:\/\/api.w.org\/{rel}","templated":true}]}}