{"id":56508,"date":"2023-08-02T08:50:44","date_gmt":"2023-08-02T12:50:44","guid":{"rendered":"https:\/\/lasprimeras.com.do\/?p=56508"},"modified":"2023-08-02T08:50:46","modified_gmt":"2023-08-02T12:50:46","slug":"cebolleros-dicen-no-aguantan-mas-por-los-300-millones-que-le-debe-agricultura","status":"publish","type":"post","link":"https:\/\/lasprimeras.com.do\/index.php\/2023\/08\/02\/cebolleros-dicen-no-aguantan-mas-por-los-300-millones-que-le-debe-agricultura\/","title":{"rendered":"Cebolleros dicen no aguantan m\u00e1s por los 300 millones que le debe Agricultura"},"content":{"rendered":"\n<p>Los m\u00e1s de 500 productores de cebolla de manera directa y una 15 mil familias que vincula el sector de manera indirecta, la cual se benefician de esta comercializaci\u00f3n, manifestaron sentirse desesperados y no aguantar m\u00e1s por los 300 millones que le adeuda el Ministerio de Agricultura.<\/p>\n\n\n\n<p>De acuerdo a los productores, son m\u00e1s de 300 millones de pesos la deuda contraida por parte de la instituci\u00f3n y la Uni\u00f3n Nacional de Cebolleros y unos 200 millones a productores que no estan afiliados a la organizaci\u00f3n \u201cpero que tienen el derecho, porque tambi\u00e9n son productores, es decir, a las 14 compa\u00f1ia que el Ministerio env\u00edo, se les entregaron mas de 400 mil quintales del bulbo\u201d, manifest\u00f3 Domingo Amancio, vocero de la Uni\u00f3n Nacional de Productores de Cebolla de la Region Sur del Pais.<\/p>\n\n\n\n<p>Indicaron que las demandas son justas y que ante el abuso que est\u00e1 cometiendo el Ministerio de Agricultura, estas malas acciones est\u00e1 manchando la gesti\u00f3n de Limber Cruz y del presidente de la Rep\u00fablica Dominicana Luis Abinader.<\/p>\n\n\n\n<p>\u201cDebido a que estos productores son los mas despose\u00eddo y que necesitan del apoyo del Estado para poder seguir labrando la tierra\u201d.<\/p>\n\n\n\n<p>Desde hace un tiempo, los cebolleros se han declarado en huelga permanente y han realizado m\u00faltiples piquetes frente a la sede de Agricultura y el Palacio Nacional.<\/p>\n","protected":false},"excerpt":{"rendered":"<p>Los m\u00e1s de 500 productores de cebolla de manera directa y una 15 mil familias que vincula el sector de manera indirecta, la cual se benefician de esta comercializaci\u00f3n, manifestaron&hellip;<\/p>\n","protected":false},"author":2,"featured_media":56509,"comment_status":"open","ping_status":"open","sticky":false,"template":"","format":"standard","meta":{"content-type":"","jetpack_post_was_ever_published":false,"_jetpack_newsletter_access":"","_jetpack_dont_email_post_to_subs":false,"_jetpack_newsletter_tier_id":0,"_jetpack_memberships_contains_paywalled_content":false,"_jetpack_memberships_contains_paid_content":false,"footnotes":""},"categories":[39,25],"tags":[4940,5683,5286,4850,5684],"class_list":["post-56508","post","type-post","status-publish","format-standard","has-post-thumbnail","hentry","category-economia","category-portada","tag-agricultura","tag-cebolleros","tag-desesperacion","tag-grito","tag-no-aguantan"],"jetpack_featured_media_url":"https:\/\/lasprimeras.com.do\/wp-content\/uploads\/2023\/08\/WhatsApp-Image-2023-08-01-at-6.54.20-PM.jpeg","jetpack-related-posts":[{"id":77265,"url":"https:\/\/lasprimeras.com.do\/index.php\/2024\/02\/19\/ministerio-de-agricultura-banco-agricola-y-feda-registran-mejorias-en-produccion-de-alimentos\/","url_meta":{"origin":56508,"position":0},"title":"Ministerio de Agricultura, Banco Agr\u00edcola y FEDA registran mejor\u00edas en producci\u00f3n de alimentos","author":"Nelson Feliz","date":"19 de febrero de 2024","format":false,"excerpt":"El presidente Luis Abinader asegur\u00f3 que Rep\u00fablica Dominicana es en gran parte autosuficiente en materia de seguridad alimentaria, pasando de 88.5% en 2019 a 90.6% en 2023, a pesar de que somos una isla con poco terreno. \u201cPor eso cada d\u00eda que puedo, felicito a los eficientes trabajadores, emprendedores productores\u2026","rel":"","context":"En \u00abECONOM\u00cdA\u00bb","block_context":{"text":"ECONOM\u00cdA","link":"https:\/\/lasprimeras.com.do\/index.php\/category\/economia\/"},"img":{"alt_text":"Luis Abinader","src":"https:\/\/i0.wp.com\/lasprimeras.com.do\/wp-content\/uploads\/2024\/02\/Luis-Abinader-1-1.jpg?resize=350%2C200&ssl=1","width":350,"height":200,"srcset":"https:\/\/i0.wp.com\/lasprimeras.com.do\/wp-content\/uploads\/2024\/02\/Luis-Abinader-1-1.jpg?resize=350%2C200&ssl=1 1x, https:\/\/i0.wp.com\/lasprimeras.com.do\/wp-content\/uploads\/2024\/02\/Luis-Abinader-1-1.jpg?resize=525%2C300&ssl=1 1.5x"},"classes":[]},{"id":73435,"url":"https:\/\/lasprimeras.com.do\/index.php\/2024\/01\/10\/agricultura-entrega-50mm-a-productores-de-arroz\/","url_meta":{"origin":56508,"position":1},"title":"Agricultura entrega 50MM a productores de arroz","author":"BIMARY DE JES\u00daS Matos","date":"10 de enero de 2024","format":false,"excerpt":"Santo Domingo.- Con el prop\u00f3sito de continuar fortaleciendo la siembra de arroz a nivel nacional, el Ministerio de Agricultura de manera simb\u00f3lica entreg\u00f3 este mi\u00e9rcoles cincuenta millones de pesos a distintas organizaciones arroceras. Con la medida ser\u00e1n beneficiados de manera directa decenas de productores que ya hab\u00edan solicitado al estado\u2026","rel":"","context":"En \u00abNACIONALES\u00bb","block_context":{"text":"NACIONALES","link":"https:\/\/lasprimeras.com.do\/index.php\/category\/nacionales\/"},"img":{"alt_text":"","src":"https:\/\/i0.wp.com\/lasprimeras.com.do\/wp-content\/uploads\/2024\/01\/WhatsApp-Image-2024-01-10-at-1.53.26-PM-3.jpeg?resize=350%2C200&ssl=1","width":350,"height":200,"srcset":"https:\/\/i0.wp.com\/lasprimeras.com.do\/wp-content\/uploads\/2024\/01\/WhatsApp-Image-2024-01-10-at-1.53.26-PM-3.jpeg?resize=350%2C200&ssl=1 1x, https:\/\/i0.wp.com\/lasprimeras.com.do\/wp-content\/uploads\/2024\/01\/WhatsApp-Image-2024-01-10-at-1.53.26-PM-3.jpeg?resize=525%2C300&ssl=1 1.5x"},"classes":[]},{"id":62111,"url":"https:\/\/lasprimeras.com.do\/index.php\/2023\/10\/03\/gobierno-compra-10-millones-de-huevos-a-productores-afectados\/","url_meta":{"origin":56508,"position":2},"title":"Gobierno compra 10 millones de huevos a productores afectados","author":"BIMARY DE JES\u00daS Matos","date":"3 de octubre de 2023","format":false,"excerpt":"SANTO DOMINGO.- El gobierno dominicano, a trav\u00e9s del Ministerio de Agricultura y del Instituto de Estabilizaci\u00f3n de Precios (Inespre). ha comprado 9.6 millones de huevos a productores que fueron afectados por el cierre de la frontera con Hait\u00ed, informaron funcionarios de estos organismos oficiales. El ministro de Agricultura, Limber Cruz\u2026","rel":"","context":"En \u00abNACIONALES\u00bb","block_context":{"text":"NACIONALES","link":"https:\/\/lasprimeras.com.do\/index.php\/category\/nacionales\/"},"img":{"alt_text":"","src":"https:\/\/i0.wp.com\/lasprimeras.com.do\/wp-content\/uploads\/2023\/10\/WhatsApp-Image-2023-10-02-at-6.21.27-PM-3.jpeg?resize=350%2C200&ssl=1","width":350,"height":200,"srcset":"https:\/\/i0.wp.com\/lasprimeras.com.do\/wp-content\/uploads\/2023\/10\/WhatsApp-Image-2023-10-02-at-6.21.27-PM-3.jpeg?resize=350%2C200&ssl=1 1x, https:\/\/i0.wp.com\/lasprimeras.com.do\/wp-content\/uploads\/2023\/10\/WhatsApp-Image-2023-10-02-at-6.21.27-PM-3.jpeg?resize=525%2C300&ssl=1 1.5x, https:\/\/i0.wp.com\/lasprimeras.com.do\/wp-content\/uploads\/2023\/10\/WhatsApp-Image-2023-10-02-at-6.21.27-PM-3.jpeg?resize=700%2C400&ssl=1 2x"},"classes":[]},{"id":62056,"url":"https:\/\/lasprimeras.com.do\/index.php\/2023\/10\/02\/gobierno-compra-casi-10-millones-de-huevos-a-productores-afectados-por-cierre-de-la-frontera\/","url_meta":{"origin":56508,"position":3},"title":"Gobierno compra casi 10 millones de huevos a productores afectados por cierre de la frontera","author":"Nelson Feliz","date":"2 de octubre de 2023","format":false,"excerpt":"Funcionarios piden que no se politice el tema. Por Martin Restituyo El gobierno dominicano, a trav\u00e9s del Ministerio de Agricultura y del Instituto de Estabilizaci\u00f3n de Precios (Inespre) ha comprado 9.6 millones de huevos a productores que fueron afectados por el cierre de la frontera con Hait\u00ed, pertenecientes a varias\u2026","rel":"","context":"En \u00abECONOM\u00cdA\u00bb","block_context":{"text":"ECONOM\u00cdA","link":"https:\/\/lasprimeras.com.do\/index.php\/category\/economia\/"},"img":{"alt_text":"","src":"https:\/\/i0.wp.com\/lasprimeras.com.do\/wp-content\/uploads\/2023\/10\/Limber-Cruz-1.jpg?resize=350%2C200&ssl=1","width":350,"height":200,"srcset":"https:\/\/i0.wp.com\/lasprimeras.com.do\/wp-content\/uploads\/2023\/10\/Limber-Cruz-1.jpg?resize=350%2C200&ssl=1 1x, https:\/\/i0.wp.com\/lasprimeras.com.do\/wp-content\/uploads\/2023\/10\/Limber-Cruz-1.jpg?resize=525%2C300&ssl=1 1.5x, https:\/\/i0.wp.com\/lasprimeras.com.do\/wp-content\/uploads\/2023\/10\/Limber-Cruz-1.jpg?resize=700%2C400&ssl=1 2x"},"classes":[]},{"id":73567,"url":"https:\/\/lasprimeras.com.do\/index.php\/2024\/01\/13\/entregan-cheques-a-productores-de-invernaderos-afectados-por-lluvias\/","url_meta":{"origin":56508,"position":4},"title":"Entregan cheques a productores de invernaderos afectados por lluvias","author":"BIMARY DE JES\u00daS Matos","date":"13 de enero de 2024","format":false,"excerpt":"San Jose de Ocoa-. El ministro de Agricultura, Limber Cruz, entreg\u00f3 RD$57 millones de pesos a 70 peque\u00f1os productores de invernaderos que fueron afectados por el disturbio tropical del pasado 18 de noviembre. \u201cS\u00f3lo en esta provincia vamos a entregar 187 millones de pesos de un total de 208 millones\u2026","rel":"","context":"En \u00abNACIONALES\u00bb","block_context":{"text":"NACIONALES","link":"https:\/\/lasprimeras.com.do\/index.php\/category\/nacionales\/"},"img":{"alt_text":"","src":"https:\/\/i0.wp.com\/lasprimeras.com.do\/wp-content\/uploads\/2024\/01\/Noticias-de-energia-3-1.webp?resize=350%2C200&ssl=1","width":350,"height":200,"srcset":"https:\/\/i0.wp.com\/lasprimeras.com.do\/wp-content\/uploads\/2024\/01\/Noticias-de-energia-3-1.webp?resize=350%2C200&ssl=1 1x, https:\/\/i0.wp.com\/lasprimeras.com.do\/wp-content\/uploads\/2024\/01\/Noticias-de-energia-3-1.webp?resize=525%2C300&ssl=1 1.5x"},"classes":[]},{"id":70828,"url":"https:\/\/lasprimeras.com.do\/index.php\/2023\/12\/14\/gobierno-paga-80-millones-de-pesos-a-productores-avicolas-a-traves-del-inespre-por-sacrificio-de-gallinas\/","url_meta":{"origin":56508,"position":5},"title":"Gobierno paga 80 millones de pesos a productores av\u00edcolas a trav\u00e9s del Inespre por sacrificio de gallinas","author":"Nelson Feliz","date":"14 de diciembre de 2023","format":false,"excerpt":"20 millones de pesos adicionales ser\u00e1n pagados esta semana. ADA se compromete a producir con mayor planificaci\u00f3n para evitar sobreproducci\u00f3n o d\u00e9ficit. Inespre compr\u00f3 40 millones de huevos por cierre de frontera Por Martin Restituyo El Gobierno dominicano a trav\u00e9s del Inespre pag\u00f3 80 millones de pesos a la Asociaci\u00f3n\u2026","rel":"","context":"En \u00abECONOM\u00cdA\u00bb","block_context":{"text":"ECONOM\u00cdA","link":"https:\/\/lasprimeras.com.do\/index.php\/category\/economia\/"},"img":{"alt_text":"Luis Abinader","src":"https:\/\/i0.wp.com\/lasprimeras.com.do\/wp-content\/uploads\/2023\/12\/Luis-Abinader-7.jpg?resize=350%2C200&ssl=1","width":350,"height":200,"srcset":"https:\/\/i0.wp.com\/lasprimeras.com.do\/wp-content\/uploads\/2023\/12\/Luis-Abinader-7.jpg?resize=350%2C200&ssl=1 1x, https:\/\/i0.wp.com\/lasprimeras.com.do\/wp-content\/uploads\/2023\/12\/Luis-Abinader-7.jpg?resize=525%2C300&ssl=1 1.5x, https:\/\/i0.wp.com\/lasprimeras.com.do\/wp-content\/uploads\/2023\/12\/Luis-Abinader-7.jpg?resize=700%2C400&ssl=1 2x"},"classes":[]}],"jetpack_sharing_enabled":true,"_links":{"self":[{"href":"https:\/\/lasprimeras.com.do\/index.php\/wp-json\/wp\/v2\/posts\/56508","targetHints":{"allow":["GET"]}}],"collection":[{"href":"https:\/\/lasprimeras.com.do\/index.php\/wp-json\/wp\/v2\/posts"}],"about":[{"href":"https:\/\/lasprimeras.com.do\/index.php\/wp-json\/wp\/v2\/types\/post"}],"author":[{"embeddable":true,"href":"https:\/\/lasprimeras.com.do\/index.php\/wp-json\/wp\/v2\/users\/2"}],"replies":[{"embeddable":true,"href":"https:\/\/lasprimeras.com.do\/index.php\/wp-json\/wp\/v2\/comments?post=56508"}],"version-history":[{"count":1,"href":"https:\/\/lasprimeras.com.do\/index.php\/wp-json\/wp\/v2\/posts\/56508\/revisions"}],"predecessor-version":[{"id":56510,"href":"https:\/\/lasprimeras.com.do\/index.php\/wp-json\/wp\/v2\/posts\/56508\/revisions\/56510"}],"wp:featuredmedia":[{"embeddable":true,"href":"https:\/\/lasprimeras.com.do\/index.php\/wp-json\/wp\/v2\/media\/56509"}],"wp:attachment":[{"href":"https:\/\/lasprimeras.com.do\/index.php\/wp-json\/wp\/v2\/media?parent=56508"}],"wp:term":[{"taxonomy":"category","embeddable":true,"href":"https:\/\/lasprimeras.com.do\/index.php\/wp-json\/wp\/v2\/categories?post=56508"},{"taxonomy":"post_tag","embeddable":true,"href":"https:\/\/lasprimeras.com.do\/index.php\/wp-json\/wp\/v2\/tags?post=56508"}],"curies":[{"name":"wp","href":"https:\/\/api.w.org\/{rel}","templated":true}]}}