{"id":56515,"date":"2023-08-02T10:26:52","date_gmt":"2023-08-02T14:26:52","guid":{"rendered":"https:\/\/lasprimeras.com.do\/?p=56515"},"modified":"2023-08-02T10:26:53","modified_gmt":"2023-08-02T14:26:53","slug":"luis-henriquez-congreso-del-prm-es-una-sucursal-del-ejecutivo","status":"publish","type":"post","link":"https:\/\/lasprimeras.com.do\/index.php\/2023\/08\/02\/luis-henriquez-congreso-del-prm-es-una-sucursal-del-ejecutivo\/","title":{"rendered":"Luis Henr\u00edquez: Congreso del PRM es una sucursal del Ejecutivo"},"content":{"rendered":"\n<p><strong>El Congreso actual es una sucursal del Poder Ejecutivo, denuncia el diputado Luis Henr\u00edquez, tras se\u00f1alar el da\u00f1o que eso genera a la democracia.<\/strong><\/p>\n\n\n\n<p>El Diputado Luis Henr\u00edquez, quien a partir del pr\u00f3ximo d\u00eda 16 asumir\u00e1 la vocer\u00eda del bloque parlamentario del Partido de la Liberaci\u00f3n Dominicana, defini\u00f3 al actual Congreso, con mayor\u00eda de miembros del PRM, como \u201cuna Sucursal del Poder Ejecutivo\u201d.<\/p>\n\n\n\n<p>\u201cContrario a la cr\u00edtica que hac\u00edan al anterior Congreso, el actual se ha convertido, no en un sello gom\u00edgrafo, sino en una sucursal del Poder Ejecutivo, acci\u00f3n muy contraria al equilibrio de los poderes p\u00fablicos\u201d, dijo Henr\u00edquez al participar en el programa Telematutino 11.<\/p>\n\n\n\n<p>Denunci\u00f3 una pr\u00e1ctica aberrante del ejecutivo de enviar proyectos que limitan los ingresos al Estado, para favorecer determinados sectores econ\u00f3micos, cuando estos pueden ser incentivados de otra forma.<\/p>\n\n\n\n<p>Apunt\u00f3 que esta gesti\u00f3n ha dado preferencia a las exenciones fiscales, procurando compensar los recursos que no se perciben, con empr\u00e9stitos.<\/p>\n\n\n\n<p>\u201cNo importa que se caigan las recaudaciones; el Gobierno tiene un Congreso, que es una sucursal del Ejecutivo que aprobar\u00e1 todos los pr\u00e9stamos que le presenten\u201d, apunt\u00f3 Luis Henr\u00edquez al denunciar el procedimiento seguido por la presente administraci\u00f3n.<\/p>\n\n\n\n<p>\u201cHa llegado el momento de poner freno a este desprop\u00f3sito econ\u00f3mico y sentar todos los sectores a discutir el tipo de econom\u00eda que se quiere para Rep\u00fablica Dominicana\u201d, apunt\u00f3 tras denunciar un presupuesto deficitario que no se invierte en el gasto social y de capital.<\/p>\n\n\n\n<p>En otro orden ponder\u00f3 la escogencia que ha hecho el Partido de la Liberaci\u00f3n Dominicana de Luis Alberto Tejeda como candidato a la Alcald\u00eda del municipio Santo Domingo Este, porque es la figura unificadora y adem\u00e1s que tiene la m\u00e1s completa propuesta para el gobierno municipal.<\/p>\n\n\n\n<p>\u201cSanto Domingo Este se siente defraudado con el fracaso del actual alcalde y cifra sus esperanzas en Luis Alberto para que retorne el brillo y esplendor al municipio cabecera de la provincia Santo Domingo\u201d, apunt\u00f3<\/p>\n","protected":false},"excerpt":{"rendered":"<p>El Congreso actual es una sucursal del Poder Ejecutivo, denuncia el diputado Luis Henr\u00edquez, tras se\u00f1alar el da\u00f1o que eso genera a la democracia. El Diputado Luis Henr\u00edquez, quien a&hellip;<\/p>\n","protected":false},"author":2,"featured_media":56516,"comment_status":"open","ping_status":"open","sticky":false,"template":"","format":"standard","meta":{"content-type":"","jetpack_post_was_ever_published":false,"_jetpack_newsletter_access":"","_jetpack_dont_email_post_to_subs":false,"_jetpack_newsletter_tier_id":0,"_jetpack_memberships_contains_paywalled_content":false,"_jetpack_memberships_contains_paid_content":false,"footnotes":""},"categories":[25],"tags":[530,3812,5685,31,5686],"class_list":["post-56515","post","type-post","status-publish","format-standard","has-post-thumbnail","hentry","category-portada","tag-congreso","tag-ejecutivo","tag-luis-henriquez","tag-prm","tag-sucursal"],"jetpack_featured_media_url":"https:\/\/lasprimeras.com.do\/wp-content\/uploads\/2023\/08\/Luis-Henriquez.jpg","jetpack-related-posts":[{"id":69926,"url":"https:\/\/lasprimeras.com.do\/index.php\/2023\/12\/06\/luis-henriquez-abinader-pone-fin-a-su-discurso-de-transparencia-con-el-contrato-de-aerodom\/","url_meta":{"origin":56515,"position":0},"title":"Luis Henr\u00edquez: \u00abAbinader pone fin a su discurso de transparencia con el contrato de AERODOM\u00bb","author":"Nelson Feliz","date":"6 de diciembre de 2023","format":false,"excerpt":"El vocero del bloque de Diputados del Partido de la Liberaci\u00f3n Dominicana (PLD), Luis Henr\u00edquez, afirm\u00f3 que la renegociaci\u00f3n del contrato de concesi\u00f3n entre el Estado dominicano y la empresa AERODOM, pone fin al discurso de transparencia del presidente Luis Abinader. Henr\u00edquez manifest\u00f3 que, por el bien del pa\u00eds y\u2026","rel":"","context":"En \u00abSin categor\u00eda\u00bb","block_context":{"text":"Sin categor\u00eda","link":"https:\/\/lasprimeras.com.do\/index.php\/category\/sin-categoria\/"},"img":{"alt_text":"Luis Henr\u00edquez","src":"https:\/\/i0.wp.com\/lasprimeras.com.do\/wp-content\/uploads\/2023\/12\/Luis-Henriquez.jpg?resize=350%2C200&ssl=1","width":350,"height":200,"srcset":"https:\/\/i0.wp.com\/lasprimeras.com.do\/wp-content\/uploads\/2023\/12\/Luis-Henriquez.jpg?resize=350%2C200&ssl=1 1x, https:\/\/i0.wp.com\/lasprimeras.com.do\/wp-content\/uploads\/2023\/12\/Luis-Henriquez.jpg?resize=525%2C300&ssl=1 1.5x"},"classes":[]},{"id":116986,"url":"https:\/\/lasprimeras.com.do\/index.php\/2025\/12\/06\/vicente-sanchez-henriquez-recibe-reconocimiento\/","url_meta":{"origin":56515,"position":1},"title":"Vicente S\u00e1nchez Henr\u00edquez recibe reconocimiento","author":"Nelson Feliz","date":"6 de diciembre de 2025","format":false,"excerpt":"NUEVA YORK. \u2013 El diputado oficialista de la circunscripci\u00f3n 1 del Distrito Nacional por el Partido Revolucionario Moderno (PRM), Vicente S\u00e1nchez Henr\u00edquez, fue recibido por el asamble\u00edsta George \u00c1lvarez (AD78) quien entreg\u00f3 una placa de reconocimiento al congresista. S\u00e1nchez Henr\u00edquez expres\u00f3 su gratitud por la acogida del legislador dominicano, destacando\u2026","rel":"","context":"En \u00abPOLITICA\u00bb","block_context":{"text":"POLITICA","link":"https:\/\/lasprimeras.com.do\/index.php\/category\/politica\/"},"img":{"alt_text":"Vicente S\u00e1nchez recibe reconocimiento","src":"https:\/\/i0.wp.com\/lasprimeras.com.do\/wp-content\/uploads\/2025\/12\/Vicente-Sanchez-recibe-reconocimiento.jpg?resize=350%2C200&ssl=1","width":350,"height":200,"srcset":"https:\/\/i0.wp.com\/lasprimeras.com.do\/wp-content\/uploads\/2025\/12\/Vicente-Sanchez-recibe-reconocimiento.jpg?resize=350%2C200&ssl=1 1x, https:\/\/i0.wp.com\/lasprimeras.com.do\/wp-content\/uploads\/2025\/12\/Vicente-Sanchez-recibe-reconocimiento.jpg?resize=525%2C300&ssl=1 1.5x, https:\/\/i0.wp.com\/lasprimeras.com.do\/wp-content\/uploads\/2025\/12\/Vicente-Sanchez-recibe-reconocimiento.jpg?resize=700%2C400&ssl=1 2x"},"classes":[]},{"id":57242,"url":"https:\/\/lasprimeras.com.do\/index.php\/2023\/08\/10\/diputado-luis-henriquez-acusa-al-gobierno-de-beneficiar-a-perremeistas-con-pensiones-solidarias\/","url_meta":{"origin":56515,"position":2},"title":"Diputado Luis Henr\u00edquez acusa al gobierno de beneficiar a perremeistas con pensiones solidarias","author":"Nelson Feliz","date":"10 de agosto de 2023","format":false,"excerpt":"El diputado del Partido de la Liberaci\u00f3n Dominicana (PLD), Luis Henr\u00edquez desarroll\u00f3 la conferencia \u201cEl enga\u00f1o del Cambio\u201d, ante un nutrido grupo de dominicanos residentes en el Bronx, NewYork. All\u00ed el representante de Santo Domingo Este deplor\u00f3 que m\u00e1s de 150 dirigentes del Partido Revolucionario Moderno (PRM, que viven en\u2026","rel":"","context":"En \u00abSin categor\u00eda\u00bb","block_context":{"text":"Sin categor\u00eda","link":"https:\/\/lasprimeras.com.do\/index.php\/category\/sin-categoria\/"},"img":{"alt_text":"Luis Henr\u00edquez","src":"https:\/\/i0.wp.com\/lasprimeras.com.do\/wp-content\/uploads\/2023\/08\/Luis-Henriquez-1.jpg?resize=350%2C200&ssl=1","width":350,"height":200,"srcset":"https:\/\/i0.wp.com\/lasprimeras.com.do\/wp-content\/uploads\/2023\/08\/Luis-Henriquez-1.jpg?resize=350%2C200&ssl=1 1x, https:\/\/i0.wp.com\/lasprimeras.com.do\/wp-content\/uploads\/2023\/08\/Luis-Henriquez-1.jpg?resize=525%2C300&ssl=1 1.5x, https:\/\/i0.wp.com\/lasprimeras.com.do\/wp-content\/uploads\/2023\/08\/Luis-Henriquez-1.jpg?resize=700%2C400&ssl=1 2x"},"classes":[]},{"id":55326,"url":"https:\/\/lasprimeras.com.do\/index.php\/2023\/07\/20\/pld-escoge-a-luis-henriquez-beato-como-su-nuevo-vocero-en-la-camara-de-diputados\/","url_meta":{"origin":56515,"position":3},"title":"PLD escoge a Luis Henr\u00edquez Beato como su nuevo vocero en la C\u00e1mara de Diputados","author":"Nelson Feliz","date":"20 de julio de 2023","format":false,"excerpt":"El pleno de legisladores del Partido de la Liberaci\u00f3n Dominicana escogi\u00f3 al diputado Luis Henr\u00edquez Beato como nuevo vocero de la bancada para el a\u00f1o legislativo agosto 2023-2024. La elecci\u00f3n de Henr\u00edquez Beato fue concretada en una asamblea eleccionaria realizada en la Casa Nacional del PLD, donde asistieron 49 de\u2026","rel":"","context":"En \u00abSin categor\u00eda\u00bb","block_context":{"text":"Sin categor\u00eda","link":"https:\/\/lasprimeras.com.do\/index.php\/category\/sin-categoria\/"},"img":{"alt_text":"Diputado, Luis Henriquez, nuevo vocero del PLD en la C\u00e1mara de Diputados.","src":"https:\/\/i0.wp.com\/lasprimeras.com.do\/wp-content\/uploads\/2023\/07\/Luis-Henriquez.jpg?resize=350%2C200&ssl=1","width":350,"height":200,"srcset":"https:\/\/i0.wp.com\/lasprimeras.com.do\/wp-content\/uploads\/2023\/07\/Luis-Henriquez.jpg?resize=350%2C200&ssl=1 1x, https:\/\/i0.wp.com\/lasprimeras.com.do\/wp-content\/uploads\/2023\/07\/Luis-Henriquez.jpg?resize=525%2C300&ssl=1 1.5x, https:\/\/i0.wp.com\/lasprimeras.com.do\/wp-content\/uploads\/2023\/07\/Luis-Henriquez.jpg?resize=700%2C400&ssl=1 2x"},"classes":[]},{"id":72263,"url":"https:\/\/lasprimeras.com.do\/index.php\/2023\/12\/28\/diputados-aprueban-colocar-bonos-por-mas-de-rd340-mil-millones\/","url_meta":{"origin":56515,"position":4},"title":"Diputados aprueban colocar bonos por m\u00e1s de RD$340 mil millones","author":"Nelson Feliz","date":"28 de diciembre de 2023","format":false,"excerpt":"Tambi\u00e9n la ley de tasa cero a alimentos, el proyecto para crear el Sistema Nacional de Inteligencia y un pr\u00e9stamo por US$100 millones. En su sesi\u00f3n ordinaria de este mi\u00e9rcoles, la C\u00e1mara de Diputados sancion\u00f3 varios proyectos que incluyen la colocaci\u00f3n de bonos soberanos de deuda p\u00fablica, la ley que\u2026","rel":"","context":"En \u00abECONOM\u00cdA\u00bb","block_context":{"text":"ECONOM\u00cdA","link":"https:\/\/lasprimeras.com.do\/index.php\/category\/economia\/"},"img":{"alt_text":"Alfredo Pacheco","src":"https:\/\/i0.wp.com\/lasprimeras.com.do\/wp-content\/uploads\/2023\/12\/Alfredo-Pacheco.jpg?resize=350%2C200&ssl=1","width":350,"height":200,"srcset":"https:\/\/i0.wp.com\/lasprimeras.com.do\/wp-content\/uploads\/2023\/12\/Alfredo-Pacheco.jpg?resize=350%2C200&ssl=1 1x, https:\/\/i0.wp.com\/lasprimeras.com.do\/wp-content\/uploads\/2023\/12\/Alfredo-Pacheco.jpg?resize=525%2C300&ssl=1 1.5x, https:\/\/i0.wp.com\/lasprimeras.com.do\/wp-content\/uploads\/2023\/12\/Alfredo-Pacheco.jpg?resize=700%2C400&ssl=1 2x"},"classes":[]},{"id":57062,"url":"https:\/\/lasprimeras.com.do\/index.php\/2023\/08\/08\/precandidato-a-diputado-prm-vicente-sanchez-garantiza-aportar-a-la-transformacion-de-la-capital\/","url_meta":{"origin":56515,"position":5},"title":"Precandidato a diputado PRM Vicente S\u00e1nchez garantiza aportar a la transformaci\u00f3n de la capital","author":"Nelson Feliz","date":"8 de agosto de 2023","format":false,"excerpt":"Acompa\u00f1\u00f3 al presidente Abinader y a la Alcaldesa Carolina Mej\u00eda en inauguraci\u00f3n de obras en DN. El precandidato a diputado del Partido Revolucionario Moderno (PRM), por la Circunscripci\u00f3n No.1 del Distrito Nacional, Vicente S\u00e1nchez Henr\u00edquez, asegur\u00f3 que desde el Congreso Nacional impulsar\u00e1 los cambios necesarios a trav\u00e9s de iniciativas de\u2026","rel":"","context":"En \u00abSin categor\u00eda\u00bb","block_context":{"text":"Sin categor\u00eda","link":"https:\/\/lasprimeras.com.do\/index.php\/category\/sin-categoria\/"},"img":{"alt_text":"Vicente S\u00e1nchez","src":"https:\/\/i0.wp.com\/lasprimeras.com.do\/wp-content\/uploads\/2023\/08\/Vicente-Sanchez.jpg?resize=350%2C200&ssl=1","width":350,"height":200,"srcset":"https:\/\/i0.wp.com\/lasprimeras.com.do\/wp-content\/uploads\/2023\/08\/Vicente-Sanchez.jpg?resize=350%2C200&ssl=1 1x, https:\/\/i0.wp.com\/lasprimeras.com.do\/wp-content\/uploads\/2023\/08\/Vicente-Sanchez.jpg?resize=525%2C300&ssl=1 1.5x, https:\/\/i0.wp.com\/lasprimeras.com.do\/wp-content\/uploads\/2023\/08\/Vicente-Sanchez.jpg?resize=700%2C400&ssl=1 2x"},"classes":[]}],"jetpack_sharing_enabled":true,"_links":{"self":[{"href":"https:\/\/lasprimeras.com.do\/index.php\/wp-json\/wp\/v2\/posts\/56515","targetHints":{"allow":["GET"]}}],"collection":[{"href":"https:\/\/lasprimeras.com.do\/index.php\/wp-json\/wp\/v2\/posts"}],"about":[{"href":"https:\/\/lasprimeras.com.do\/index.php\/wp-json\/wp\/v2\/types\/post"}],"author":[{"embeddable":true,"href":"https:\/\/lasprimeras.com.do\/index.php\/wp-json\/wp\/v2\/users\/2"}],"replies":[{"embeddable":true,"href":"https:\/\/lasprimeras.com.do\/index.php\/wp-json\/wp\/v2\/comments?post=56515"}],"version-history":[{"count":1,"href":"https:\/\/lasprimeras.com.do\/index.php\/wp-json\/wp\/v2\/posts\/56515\/revisions"}],"predecessor-version":[{"id":56517,"href":"https:\/\/lasprimeras.com.do\/index.php\/wp-json\/wp\/v2\/posts\/56515\/revisions\/56517"}],"wp:featuredmedia":[{"embeddable":true,"href":"https:\/\/lasprimeras.com.do\/index.php\/wp-json\/wp\/v2\/media\/56516"}],"wp:attachment":[{"href":"https:\/\/lasprimeras.com.do\/index.php\/wp-json\/wp\/v2\/media?parent=56515"}],"wp:term":[{"taxonomy":"category","embeddable":true,"href":"https:\/\/lasprimeras.com.do\/index.php\/wp-json\/wp\/v2\/categories?post=56515"},{"taxonomy":"post_tag","embeddable":true,"href":"https:\/\/lasprimeras.com.do\/index.php\/wp-json\/wp\/v2\/tags?post=56515"}],"curies":[{"name":"wp","href":"https:\/\/api.w.org\/{rel}","templated":true}]}}