{"id":56536,"date":"2023-08-02T12:39:27","date_gmt":"2023-08-02T16:39:27","guid":{"rendered":"https:\/\/lasprimeras.com.do\/?p=56536"},"modified":"2023-08-02T12:39:28","modified_gmt":"2023-08-02T16:39:28","slug":"tesoreria-nacional-realiza-mas-de-13-mil-asistencias-tecnicas-a-diferentes-tesorerias","status":"publish","type":"post","link":"https:\/\/lasprimeras.com.do\/index.php\/2023\/08\/02\/tesoreria-nacional-realiza-mas-de-13-mil-asistencias-tecnicas-a-diferentes-tesorerias\/","title":{"rendered":"Tesorer\u00eda Nacional realiza m\u00e1s de 13 mil asistencias t\u00e9cnicas a diferentes tesorer\u00edas"},"content":{"rendered":"\n<p>M\u00e1s de 13 mil asistencias t\u00e9cnicas realiz\u00f3 la Tesorer\u00eda Nacional (TN) a diferentes instituciones del sector p\u00fablico desde enero a junio del presente a\u00f1o, inform\u00f3 esa entidad a trav\u00e9s de un comunicado de prensa.<\/p>\n\n\n\n<p>El apoyo proporcionado a los procesos de las diferentes oficinas gubernamentales abarc\u00f3 las consultas de balance de cuentas colectoras, de error en el ordenamiento de pagos, estatus de libramiento, cambios y registros de firmas en cuentas bancarias, remisi\u00f3n de los libramientos pendientes por ordenar, inform\u00f3 la instituci\u00f3n que es la rectora del Sistema de Tesorer\u00edas del Sector P\u00fablico No Financiero del pa\u00eds.<\/p>\n\n\n\n<p>La asistencia incluy\u00f3 la instrucci\u00f3n al Sistema de Informaci\u00f3n de la Gesti\u00f3n Financiera (SIGEF), apertura de subcuenta en ese sistema, gesti\u00f3n asignaci\u00f3n de cuota de pagos, instrucci\u00f3n sobre c\u00f3mo devolver un libramiento, entre otros.<\/p>\n\n\n\n<p>La TN especific\u00f3 en la nota de prensa que en el mes de enero se realizaron 2,369 asistencias y en febrero 2,233, en marzo, 2,109, abril, 2,049, mayo, 2,326 y en junio 2,150, para hacer un total de 13,236 en el primer semestre de este a\u00f1o.<\/p>\n\n\n\n<p>El apoyo brindado a las tesorer\u00edas institucionales busca asegurar la continuidad de las operaciones sustantivas en lo relativo al Sistema de Cuenta \u00danica del Tesoro (CUT), asegur\u00f3 la entidad.<\/p>\n\n\n\n<p>Tambi\u00e9n, para que tengan las habilidades y conocimientos necesarios para manejar con destreza los diferentes procesos de gesti\u00f3n dentro del Sistema de Informaci\u00f3n de la Gesti\u00f3n Financiera (SIGEF), lo que se traducir\u00eda en mayor rapidez en las tomas de decisiones de gesti\u00f3n de los diferentes actores de las tesorer\u00edas institucionales.<\/p>\n\n\n\n<figure class=\"wp-block-image size-full is-resized\"><img decoding=\"async\" src=\"https:\/\/lasprimeras.com.do\/wp-content\/uploads\/2023\/08\/Tabla.jpg\" alt=\"\" class=\"wp-image-56538\" width=\"832\" height=\"299\" srcset=\"https:\/\/lasprimeras.com.do\/wp-content\/uploads\/2023\/08\/Tabla.jpg 539w, https:\/\/lasprimeras.com.do\/wp-content\/uploads\/2023\/08\/Tabla-300x108.jpg 300w\" sizes=\"(max-width: 832px) 100vw, 832px\" \/><\/figure>\n\n\n\n<p>Con estos procesos de asistencias t\u00e9cnicas realizada por la Tesorer\u00eda Nacional a las diferentes instituciones perteneciente al Sector P\u00fablico No Financiero del pa\u00eds, cumple con el mandato de la Ley 567-05, en los art\u00edculos 1,2,4 y 9 de la citada ley que instituye el Sistema de Tesorer\u00eda y le confiere a la TN la calidad de \u00d3rgano Rector.<\/p>\n","protected":false},"excerpt":{"rendered":"<p>M\u00e1s de 13 mil asistencias t\u00e9cnicas realiz\u00f3 la Tesorer\u00eda Nacional (TN) a diferentes instituciones del sector p\u00fablico desde enero a junio del presente a\u00f1o, inform\u00f3 esa entidad a trav\u00e9s de&hellip;<\/p>\n","protected":false},"author":2,"featured_media":56537,"comment_status":"open","ping_status":"open","sticky":false,"template":"","format":"standard","meta":{"content-type":"","jetpack_post_was_ever_published":false,"_jetpack_newsletter_access":"","_jetpack_dont_email_post_to_subs":false,"_jetpack_newsletter_tier_id":0,"_jetpack_memberships_contains_paywalled_content":false,"_jetpack_memberships_contains_paid_content":false,"footnotes":""},"categories":[39,25],"tags":[5701,466,5702],"class_list":["post-56536","post","type-post","status-publish","format-standard","has-post-thumbnail","hentry","category-economia","category-portada","tag-asistencias-tecnicas","tag-tesoreria-nacional","tag-tesorerias"],"jetpack_featured_media_url":"https:\/\/lasprimeras.com.do\/wp-content\/uploads\/2023\/08\/Tesoreria-Nacional.jpg","jetpack-related-posts":[{"id":60928,"url":"https:\/\/lasprimeras.com.do\/index.php\/2023\/09\/20\/tn-obtiene-un-97-de-satisfaccion-de-servicios-de-calidad-en-encuesta-aplicada-a-usuarios-institucionales\/","url_meta":{"origin":56536,"position":0},"title":"TN obtiene un 97% de satisfacci\u00f3n de servicios de calidad en encuesta aplicada a usuarios institucionales","author":"Nelson Feliz","date":"20 de septiembre de 2023","format":false,"excerpt":"La Tesorer\u00eda Nacional (TN) obtuvo un promedio de un 97% de satisfacci\u00f3n en una encuesta aplicada a sus usuarios institucionales sobre la calidad de los servicios. El estudio arroj\u00f3 que un 96 por ciento de los encuestados consider\u00f3 que el personal t\u00e9cnico de la TN que les brinda asistencia se\u2026","rel":"","context":"En \u00abECONOM\u00cdA\u00bb","block_context":{"text":"ECONOM\u00cdA","link":"https:\/\/lasprimeras.com.do\/index.php\/category\/economia\/"},"img":{"alt_text":"Tesoreria Nacional","src":"https:\/\/i0.wp.com\/lasprimeras.com.do\/wp-content\/uploads\/2023\/09\/Tesoreria.jpg?resize=350%2C200&ssl=1","width":350,"height":200,"srcset":"https:\/\/i0.wp.com\/lasprimeras.com.do\/wp-content\/uploads\/2023\/09\/Tesoreria.jpg?resize=350%2C200&ssl=1 1x, https:\/\/i0.wp.com\/lasprimeras.com.do\/wp-content\/uploads\/2023\/09\/Tesoreria.jpg?resize=525%2C300&ssl=1 1.5x, https:\/\/i0.wp.com\/lasprimeras.com.do\/wp-content\/uploads\/2023\/09\/Tesoreria.jpg?resize=700%2C400&ssl=1 2x"},"classes":[]},{"id":82661,"url":"https:\/\/lasprimeras.com.do\/index.php\/2024\/05\/06\/mas-de-rd4561-millones-de-pesos-ingresan-a-la-tesoreria-nacional-por-plataforma-de-pagos-sirite\/","url_meta":{"origin":56536,"position":1},"title":"M\u00e1s de RD$4,561 millones de pesos ingresan a la Tesorer\u00eda Nacional por plataforma de pagos SIRITE","author":"BIMARY DE JES\u00daS Matos","date":"6 de mayo de 2024","format":false,"excerpt":"Santo Domingo, R. D.- M\u00e1s de RD$ 4,561 millones de pesos de ingresos ha tenido la plataforma del Sistema de Recaudaci\u00f3n de Ingresos del Tesoro (SIRITE) en la presente gesti\u00f3n de la Tesorer\u00eda Nacional, revel\u00f3 el Tesorero Nacional al encabezar una misa de acci\u00f3n de gracias por el 95 aniversario\u2026","rel":"","context":"En \u00abNACIONALES\u00bb","block_context":{"text":"NACIONALES","link":"https:\/\/lasprimeras.com.do\/index.php\/category\/nacionales\/"},"img":{"alt_text":"","src":"https:\/\/i0.wp.com\/lasprimeras.com.do\/wp-content\/uploads\/2024\/05\/IMG-20240506-WA0061.jpg?resize=350%2C200&ssl=1","width":350,"height":200,"srcset":"https:\/\/i0.wp.com\/lasprimeras.com.do\/wp-content\/uploads\/2024\/05\/IMG-20240506-WA0061.jpg?resize=350%2C200&ssl=1 1x, https:\/\/i0.wp.com\/lasprimeras.com.do\/wp-content\/uploads\/2024\/05\/IMG-20240506-WA0061.jpg?resize=525%2C300&ssl=1 1.5x, https:\/\/i0.wp.com\/lasprimeras.com.do\/wp-content\/uploads\/2024\/05\/IMG-20240506-WA0061.jpg?resize=700%2C400&ssl=1 2x, https:\/\/i0.wp.com\/lasprimeras.com.do\/wp-content\/uploads\/2024\/05\/IMG-20240506-WA0061.jpg?resize=1050%2C600&ssl=1 3x"},"classes":[]},{"id":82700,"url":"https:\/\/lasprimeras.com.do\/index.php\/2024\/05\/06\/mas-de-rd4561-millones-ingresan-a-la-tn-por-plataforma-de-pagos-sirite\/","url_meta":{"origin":56536,"position":2},"title":"M\u00e1s de RD$4,561 millones ingresan a la TN por plataforma de pagos SIRITE","author":"Esteffany Vargas","date":"6 de mayo de 2024","format":false,"excerpt":"M\u00e1s de RD$ 4,561 millones de pesos de ingresos ha tenido la plataforma del Sistema de Recaudaci\u00f3n de Ingresos del Tesoro (SIRITE) en la presente gesti\u00f3n de la Tesorer\u00eda Nacional, revel\u00f3el Tesorero Nacional al encabezar una misa de acci\u00f3n de gracias por el 95 aniversario de la instituci\u00f3nen la que\u2026","rel":"","context":"En \u00abECONOM\u00cdA\u00bb","block_context":{"text":"ECONOM\u00cdA","link":"https:\/\/lasprimeras.com.do\/index.php\/category\/economia\/"},"img":{"alt_text":"Tesorer\u00eda Nacional","src":"https:\/\/i0.wp.com\/lasprimeras.com.do\/wp-content\/uploads\/2024\/05\/Tesoreria-Nacional-1.jpg?resize=350%2C200&ssl=1","width":350,"height":200,"srcset":"https:\/\/i0.wp.com\/lasprimeras.com.do\/wp-content\/uploads\/2024\/05\/Tesoreria-Nacional-1.jpg?resize=350%2C200&ssl=1 1x, https:\/\/i0.wp.com\/lasprimeras.com.do\/wp-content\/uploads\/2024\/05\/Tesoreria-Nacional-1.jpg?resize=525%2C300&ssl=1 1.5x, https:\/\/i0.wp.com\/lasprimeras.com.do\/wp-content\/uploads\/2024\/05\/Tesoreria-Nacional-1.jpg?resize=700%2C400&ssl=1 2x"},"classes":[]},{"id":112983,"url":"https:\/\/lasprimeras.com.do\/index.php\/2025\/10\/29\/tesoreria-nacional-realiza-el-xv-seminario-anual-latinoamericano-sobre-gestion-de-tesorerias-publicas\/","url_meta":{"origin":56536,"position":3},"title":"Tesorer\u00eda Nacional realiza el XV Seminario Anual Latinoamericano sobre &#8220;Gesti\u00f3n de Tesorer\u00edas P\u00fablicas&#8221;","author":"Nelson Feliz","date":"29 de octubre de 2025","format":false,"excerpt":"M\u00e1s de 15 pa\u00edses de AL y organismos internacionales. La Tesorer\u00eda Nacional realiz\u00f3 el XV Seminario Anual Latinoamericano sobre Gesti\u00f3n de Tesorer\u00edas P\u00fablicas, actividad a la que asistieron delegaciones de los pa\u00edses de Argentina, Bolivia, Brasil, Chile, Colombia, Costa Rica, Ecuador, El Salvador, Guatemala, Honduras, M\u00e9xico, Panam\u00e1, Paraguay, Per\u00fa y\u2026","rel":"","context":"En \u00abECONOM\u00cdA\u00bb","block_context":{"text":"ECONOM\u00cdA","link":"https:\/\/lasprimeras.com.do\/index.php\/category\/economia\/"},"img":{"alt_text":"","src":"https:\/\/i0.wp.com\/lasprimeras.com.do\/wp-content\/uploads\/2025\/10\/Tesoreria-Nacional.jpg?resize=350%2C200&ssl=1","width":350,"height":200,"srcset":"https:\/\/i0.wp.com\/lasprimeras.com.do\/wp-content\/uploads\/2025\/10\/Tesoreria-Nacional.jpg?resize=350%2C200&ssl=1 1x, https:\/\/i0.wp.com\/lasprimeras.com.do\/wp-content\/uploads\/2025\/10\/Tesoreria-Nacional.jpg?resize=525%2C300&ssl=1 1.5x, https:\/\/i0.wp.com\/lasprimeras.com.do\/wp-content\/uploads\/2025\/10\/Tesoreria-Nacional.jpg?resize=700%2C400&ssl=1 2x"},"classes":[]},{"id":51201,"url":"https:\/\/lasprimeras.com.do\/index.php\/2023\/05\/29\/tn-alcanza-alta-calificacion-en-la-evaluacion-del-gasto-publico-y-rendicion-de-cuentas-2022\/","url_meta":{"origin":56536,"position":4},"title":"TN alcanza alta calificaci\u00f3n en la evaluaci\u00f3n del Gasto P\u00fablico y Rendici\u00f3n de Cuentas 2022","author":"prenxa100","date":"29 de mayo de 2023","format":false,"excerpt":"La evaluaci\u00f3n fue realizada por la Uni\u00f3n Europea. Santo Domingo, RD.- La Tesorer\u00eda Nacional (TN) alcanz\u00f3 la m\u00e1s alta calificaci\u00f3n dentro de la evaluaci\u00f3n del sector de las finanzas p\u00fablicas de la Rep\u00fablica Dominicana en la m\u00e1s reciente evaluaci\u00f3n de Gasto P\u00fablico y Rendici\u00f3n de Cuentas 2022 (PEFA, por sus\u2026","rel":"","context":"En \u00abECONOM\u00cdA\u00bb","block_context":{"text":"ECONOM\u00cdA","link":"https:\/\/lasprimeras.com.do\/index.php\/category\/economia\/"},"img":{"alt_text":"","src":"","width":0,"height":0},"classes":[]},{"id":53478,"url":"https:\/\/lasprimeras.com.do\/index.php\/2023\/06\/26\/tesoreria-logra-ingresos-por-rd1169-millones-a-traves-de-su-plataforma-sirite\/","url_meta":{"origin":56536,"position":5},"title":"Tesorer\u00eda logra ingresos por RD$1,169 millones a trav\u00e9s de su plataforma SIRITE","author":"Nelson Feliz","date":"26 de junio de 2023","format":false,"excerpt":"La Tesorer\u00eda Nacional (TN) capt\u00f3 RD$1,169 millones de pesos a trav\u00e9s del Sistema de Recaudaci\u00f3n de Ingresos del Tesoro (SIRITE) por transacciones de pagos de servicios realizados en el a\u00f1o 2022 por ciudadanos en instituciones del Estado que est\u00e1n integradas a esa plataforma, reflejando un aumento de un 22 por\u2026","rel":"","context":"En \u00abECONOM\u00cdA\u00bb","block_context":{"text":"ECONOM\u00cdA","link":"https:\/\/lasprimeras.com.do\/index.php\/category\/economia\/"},"img":{"alt_text":"Luis Rafael Delgado S\u00e1nchez","src":"https:\/\/i0.wp.com\/lasprimeras.com.do\/wp-content\/uploads\/2023\/06\/Luis-Rafael-Delgado-Sanchez.jpg?resize=350%2C200&ssl=1","width":350,"height":200,"srcset":"https:\/\/i0.wp.com\/lasprimeras.com.do\/wp-content\/uploads\/2023\/06\/Luis-Rafael-Delgado-Sanchez.jpg?resize=350%2C200&ssl=1 1x, https:\/\/i0.wp.com\/lasprimeras.com.do\/wp-content\/uploads\/2023\/06\/Luis-Rafael-Delgado-Sanchez.jpg?resize=525%2C300&ssl=1 1.5x, https:\/\/i0.wp.com\/lasprimeras.com.do\/wp-content\/uploads\/2023\/06\/Luis-Rafael-Delgado-Sanchez.jpg?resize=700%2C400&ssl=1 2x"},"classes":[]}],"jetpack_sharing_enabled":true,"_links":{"self":[{"href":"https:\/\/lasprimeras.com.do\/index.php\/wp-json\/wp\/v2\/posts\/56536","targetHints":{"allow":["GET"]}}],"collection":[{"href":"https:\/\/lasprimeras.com.do\/index.php\/wp-json\/wp\/v2\/posts"}],"about":[{"href":"https:\/\/lasprimeras.com.do\/index.php\/wp-json\/wp\/v2\/types\/post"}],"author":[{"embeddable":true,"href":"https:\/\/lasprimeras.com.do\/index.php\/wp-json\/wp\/v2\/users\/2"}],"replies":[{"embeddable":true,"href":"https:\/\/lasprimeras.com.do\/index.php\/wp-json\/wp\/v2\/comments?post=56536"}],"version-history":[{"count":1,"href":"https:\/\/lasprimeras.com.do\/index.php\/wp-json\/wp\/v2\/posts\/56536\/revisions"}],"predecessor-version":[{"id":56539,"href":"https:\/\/lasprimeras.com.do\/index.php\/wp-json\/wp\/v2\/posts\/56536\/revisions\/56539"}],"wp:featuredmedia":[{"embeddable":true,"href":"https:\/\/lasprimeras.com.do\/index.php\/wp-json\/wp\/v2\/media\/56537"}],"wp:attachment":[{"href":"https:\/\/lasprimeras.com.do\/index.php\/wp-json\/wp\/v2\/media?parent=56536"}],"wp:term":[{"taxonomy":"category","embeddable":true,"href":"https:\/\/lasprimeras.com.do\/index.php\/wp-json\/wp\/v2\/categories?post=56536"},{"taxonomy":"post_tag","embeddable":true,"href":"https:\/\/lasprimeras.com.do\/index.php\/wp-json\/wp\/v2\/tags?post=56536"}],"curies":[{"name":"wp","href":"https:\/\/api.w.org\/{rel}","templated":true}]}}