{"id":56579,"date":"2023-08-02T22:23:52","date_gmt":"2023-08-03T02:23:52","guid":{"rendered":"https:\/\/lasprimeras.com.do\/?p=56579"},"modified":"2023-08-02T22:23:54","modified_gmt":"2023-08-03T02:23:54","slug":"educa-reducir-recursos-al-minerd-no-es-la-solucion","status":"publish","type":"post","link":"https:\/\/lasprimeras.com.do\/index.php\/2023\/08\/02\/educa-reducir-recursos-al-minerd-no-es-la-solucion\/","title":{"rendered":"EDUCA: Reducir recursos al MINERD no es la soluci\u00f3n"},"content":{"rendered":"\n<p>Acci\u00f3n Empresarial por la Educaci\u00f3n (EDUCA), puso de relieve este mi\u00e9rcoles que una eventual reducci\u00f3n de RD$500 millones en el presupuesto del Ministerio de Educaci\u00f3n (MINERD),&nbsp; dentro del marco legal permitido, solo es viable si las autoridades gubernamentales entienden que aplica un ajuste a la baja en las proyecciones del comportamiento de la econom\u00eda, hecho que solo es factible en momentos que se considera un presupuesto complementario.<\/p>\n\n\n\n<p>De acuerdo con la organizaci\u00f3n empresarial, si la disposici\u00f3n se enmarca en dicho contexto corresponder\u00eda una reprogramaci\u00f3n en funci\u00f3n de la realidad macroecon\u00f3mica ajustada, y de esta manera no se estar\u00eda incumpliendo la Ley.<\/p>\n\n\n\n<p>EDUCA produjo dichas reflexiones a ra\u00edz de conocerse que el Poder Ejecutivo someti\u00f3 al Congreso Nacional un anteproyecto de ley que modificar\u00e1 el presupuesto general de la naci\u00f3n, en el que se propone reducir fondos de determinadas instituciones, entre las cuales figura Educaci\u00f3n con un monto de $500,000,000 pesos, para reasignarlos entre distintas entidades.<\/p>\n\n\n\n<p>\u201cLa Ley claramente establece una asignaci\u00f3n del 4 % del Producto Interno Bruto (PIB) estimado para el a\u00f1o. En consecuencia, es importante se\u00f1alar que la magnitud en cuesti\u00f3n, si bien representa una suma considerable, apenas equivale al 1.8\/1000 del presupuesto originalmente definido. Por lo tanto, esta posible reducci\u00f3n no afectar\u00eda significativamente la programaci\u00f3n de actividades y su financiamiento, dado que el MINERD ha experimentado hist\u00f3ricamente un porcentaje de no ejecuci\u00f3n entre el 1 % y el 2 % \u201c, plante\u00f3 la entidad representante del sector privado en materia educativa.<\/p>\n\n\n\n<p>Recomend\u00f3, en ese sentido, que las autoridades se pronuncien al respecto para despejar toda duda, y en todo caso, que expliquen las razones de esta potencial reducci\u00f3n.<\/p>\n\n\n\n<p>Se\u00f1al\u00f3, que para no incumplir con lo establecido por el legislador y en el Pacto para la Reforma Educativa, los fondos deber\u00e1n ser reasignados a la funci\u00f3n educativa del Estado.<\/p>\n\n\n\n<p>\u201cCualquier otra raz\u00f3n o destino de los recursos implicar\u00eda un incumplimiento a lo determinado por la Ley, algo a lo que EDUCA, en defensa de la institucionalidad, se opone firmemente \u201c, acot\u00f3.<\/p>\n\n\n\n<p>Al tiempo de agregar \u201cno obstante lo anterior, EDUCA entiende como verdaderamente preocupante los bajos niveles de ejecuci\u00f3n financiera del MINERD en lo que va del a\u00f1o fiscal, y de continuar esta tendencia, 2023 constituir\u00eda el nivel de ejecuci\u00f3n m\u00e1s bajo de la \u00faltima d\u00e9cada, lo que implicar\u00eda probablemente m\u00e1s de RD$15 mil millones sin ejecutar\u201d.<\/p>\n\n\n\n<p>Asever\u00f3 finalmente, que la conquista del 4 % a la educaci\u00f3n es un logro de toda la sociedad dominicana, y si bien estos recursos pueden y deben rendir m\u00e1s para mejorar los aprendizajes, reducir los recursos nunca ser\u00e1 la soluci\u00f3n.<\/p>\n","protected":false},"excerpt":{"rendered":"<p>Acci\u00f3n Empresarial por la Educaci\u00f3n (EDUCA), puso de relieve este mi\u00e9rcoles que una eventual reducci\u00f3n de RD$500 millones en el presupuesto del Ministerio de Educaci\u00f3n (MINERD),&nbsp; dentro del marco legal&hellip;<\/p>\n","protected":false},"author":2,"featured_media":56580,"comment_status":"open","ping_status":"open","sticky":false,"template":"","format":"standard","meta":{"content-type":"","jetpack_post_was_ever_published":false,"_jetpack_newsletter_access":"","_jetpack_dont_email_post_to_subs":false,"_jetpack_newsletter_tier_id":0,"_jetpack_memberships_contains_paywalled_content":false,"_jetpack_memberships_contains_paid_content":false,"footnotes":""},"categories":[39],"tags":[5717],"class_list":["post-56579","post","type-post","status-publish","format-standard","has-post-thumbnail","hentry","category-economia","tag-educa"],"jetpack_featured_media_url":"https:\/\/lasprimeras.com.do\/wp-content\/uploads\/2023\/08\/EDUCA.jpg","jetpack-related-posts":[{"id":104959,"url":"https:\/\/lasprimeras.com.do\/index.php\/2025\/07\/29\/adp-rechaza-fusion-minerd-mescyt\/","url_meta":{"origin":56579,"position":0},"title":"ADP rechaza fusi\u00f3n Minerd-Mescyt","author":"Nelson Feliz","date":"29 de julio de 2025","format":false,"excerpt":"El sindicato de los maestros solicita al presidente Luis Abinader no introducir el proyecto de ley que fusiona a ambos ministerios. La Asociaci\u00f3n Dominicana de Profesores (ADP) pidi\u00f3 al presidente Luis Abinader no introducir al Congreso Nacional el proyecto de ley que fusionar\u00e1 el Ministerio de educaci\u00f3n y el Ministerio\u2026","rel":"","context":"En \u00abNACIONALES\u00bb","block_context":{"text":"NACIONALES","link":"https:\/\/lasprimeras.com.do\/index.php\/category\/nacionales\/"},"img":{"alt_text":"Eduardo Hidalgo","src":"https:\/\/i0.wp.com\/lasprimeras.com.do\/wp-content\/uploads\/2025\/07\/Eduardo-Hidalgo.jpg?resize=350%2C200&ssl=1","width":350,"height":200,"srcset":"https:\/\/i0.wp.com\/lasprimeras.com.do\/wp-content\/uploads\/2025\/07\/Eduardo-Hidalgo.jpg?resize=350%2C200&ssl=1 1x, https:\/\/i0.wp.com\/lasprimeras.com.do\/wp-content\/uploads\/2025\/07\/Eduardo-Hidalgo.jpg?resize=525%2C300&ssl=1 1.5x, https:\/\/i0.wp.com\/lasprimeras.com.do\/wp-content\/uploads\/2025\/07\/Eduardo-Hidalgo.jpg?resize=700%2C400&ssl=1 2x"},"classes":[]},{"id":121555,"url":"https:\/\/lasprimeras.com.do\/index.php\/2026\/02\/06\/presidente-del-senado-apoya-fusion-minerd-mescyt-para-eficientizar-recursos\/","url_meta":{"origin":56579,"position":1},"title":"Presidente del Senado apoya fusi\u00f3n MINERD\u2013MESCYT para eficientizar recursos","author":"Nelson Feliz","date":"6 de febrero de 2026","format":false,"excerpt":"_-De los Santos tambi\u00e9n destac\u00f3 la aprobaci\u00f3n del nuevo C\u00f3digo Penal tras casi 30 a\u00f1os de debates y adelanta futuras modificaciones a art\u00edculos sensibles_ El presidente del Senado de la Rep\u00fablica, Ricardo de los Santos, afirm\u00f3 que la fusi\u00f3n del Ministerio de Educaci\u00f3n Superior, Ciencia y Tecnolog\u00eda (MESCYT) con el\u2026","rel":"","context":"En \u00abNACIONALES\u00bb","block_context":{"text":"NACIONALES","link":"https:\/\/lasprimeras.com.do\/index.php\/category\/nacionales\/"},"img":{"alt_text":"","src":"https:\/\/i0.wp.com\/lasprimeras.com.do\/wp-content\/uploads\/2025\/04\/ricardo-de-los-santos-1.jpg?resize=350%2C200&ssl=1","width":350,"height":200,"srcset":"https:\/\/i0.wp.com\/lasprimeras.com.do\/wp-content\/uploads\/2025\/04\/ricardo-de-los-santos-1.jpg?resize=350%2C200&ssl=1 1x, https:\/\/i0.wp.com\/lasprimeras.com.do\/wp-content\/uploads\/2025\/04\/ricardo-de-los-santos-1.jpg?resize=525%2C300&ssl=1 1.5x, https:\/\/i0.wp.com\/lasprimeras.com.do\/wp-content\/uploads\/2025\/04\/ricardo-de-los-santos-1.jpg?resize=700%2C400&ssl=1 2x"},"classes":[]},{"id":119207,"url":"https:\/\/lasprimeras.com.do\/index.php\/2026\/01\/08\/profesores-protestan-contra-fusion-del-minerd-mescyt-advierten-afectara-la-calidad-educativa\/","url_meta":{"origin":56579,"position":2},"title":"Profesores protestan contra fusi\u00f3n del Minerd-Mescyt; advierten afectar\u00e1 la calidad educativa","author":"Nelson Feliz","date":"8 de enero de 2026","format":false,"excerpt":"El presidente de la ADP, Eduardo Hidalgo, exhort\u00f3 a los sectores que se oponen a articular un gran movimiento nacional. Profesores realizaron la tarde de este jueves una parada c\u00edvica en el Parque Independencia, en el Distrito Nacional, en rechazo a la propuesta de fusi\u00f3n entre el Ministerio de Educaci\u00f3n\u2026","rel":"","context":"En \u00abNACIONALES\u00bb","block_context":{"text":"NACIONALES","link":"https:\/\/lasprimeras.com.do\/index.php\/category\/nacionales\/"},"img":{"alt_text":"protesta","src":"https:\/\/i0.wp.com\/lasprimeras.com.do\/wp-content\/uploads\/2026\/01\/protesta.jpeg?resize=350%2C200&ssl=1","width":350,"height":200,"srcset":"https:\/\/i0.wp.com\/lasprimeras.com.do\/wp-content\/uploads\/2026\/01\/protesta.jpeg?resize=350%2C200&ssl=1 1x, https:\/\/i0.wp.com\/lasprimeras.com.do\/wp-content\/uploads\/2026\/01\/protesta.jpeg?resize=525%2C300&ssl=1 1.5x, https:\/\/i0.wp.com\/lasprimeras.com.do\/wp-content\/uploads\/2026\/01\/protesta.jpeg?resize=700%2C400&ssl=1 2x, https:\/\/i0.wp.com\/lasprimeras.com.do\/wp-content\/uploads\/2026\/01\/protesta.jpeg?resize=1050%2C600&ssl=1 3x"},"classes":[]},{"id":114176,"url":"https:\/\/lasprimeras.com.do\/index.php\/2025\/11\/11\/maestros-exigen-al-gobierno-aplicar-la-indexacion-salarial\/","url_meta":{"origin":56579,"position":3},"title":"Maestros exigen al Gobierno aplicar la indexaci\u00f3n salarial","author":"Nelson Feliz","date":"11 de noviembre de 2025","format":false,"excerpt":"La Corriente Magisterial Juan Pablo Duarte llam\u00f3 al Gobierno dominicano a disponer de manera inmediata la indexaci\u00f3n salarial para todo el personal docente, advirtiendo que la falta de ajuste de los sueldos frente a la inflaci\u00f3n est\u00e1 golpeando duramente las condiciones de vida de miles de maestros y maestras en\u2026","rel":"","context":"En \u00abECONOM\u00cdA\u00bb","block_context":{"text":"ECONOM\u00cdA","link":"https:\/\/lasprimeras.com.do\/index.php\/category\/economia\/"},"img":{"alt_text":"","src":"https:\/\/i0.wp.com\/lasprimeras.com.do\/wp-content\/uploads\/2025\/11\/Menegildo-De-La-Rosa.jpg?resize=350%2C200&ssl=1","width":350,"height":200,"srcset":"https:\/\/i0.wp.com\/lasprimeras.com.do\/wp-content\/uploads\/2025\/11\/Menegildo-De-La-Rosa.jpg?resize=350%2C200&ssl=1 1x, https:\/\/i0.wp.com\/lasprimeras.com.do\/wp-content\/uploads\/2025\/11\/Menegildo-De-La-Rosa.jpg?resize=525%2C300&ssl=1 1.5x, https:\/\/i0.wp.com\/lasprimeras.com.do\/wp-content\/uploads\/2025\/11\/Menegildo-De-La-Rosa.jpg?resize=700%2C400&ssl=1 2x"},"classes":[]},{"id":119412,"url":"https:\/\/lasprimeras.com.do\/index.php\/2026\/01\/12\/pld-denuncia-fusion-en-educacion-busca-reducir-4-pib-tilda-medida-de-inaceptable\/","url_meta":{"origin":56579,"position":4},"title":"PLD denuncia fusi\u00f3n en Educaci\u00f3n busca reducir 4% PIB; tilda medida de \u201cinaceptable\u201d","author":"Nelson Feliz","date":"12 de enero de 2026","format":false,"excerpt":"PLD","rel":"","context":"En \u00abPOLITICA\u00bb","block_context":{"text":"POLITICA","link":"https:\/\/lasprimeras.com.do\/index.php\/category\/politica\/"},"img":{"alt_text":"","src":"https:\/\/i0.wp.com\/lasprimeras.com.do\/wp-content\/uploads\/2026\/01\/20c8dbd3-022b-45a0-ba29-05ab357247de.jpg?resize=350%2C200&ssl=1","width":350,"height":200,"srcset":"https:\/\/i0.wp.com\/lasprimeras.com.do\/wp-content\/uploads\/2026\/01\/20c8dbd3-022b-45a0-ba29-05ab357247de.jpg?resize=350%2C200&ssl=1 1x, https:\/\/i0.wp.com\/lasprimeras.com.do\/wp-content\/uploads\/2026\/01\/20c8dbd3-022b-45a0-ba29-05ab357247de.jpg?resize=525%2C300&ssl=1 1.5x, https:\/\/i0.wp.com\/lasprimeras.com.do\/wp-content\/uploads\/2026\/01\/20c8dbd3-022b-45a0-ba29-05ab357247de.jpg?resize=700%2C400&ssl=1 2x, https:\/\/i0.wp.com\/lasprimeras.com.do\/wp-content\/uploads\/2026\/01\/20c8dbd3-022b-45a0-ba29-05ab357247de.jpg?resize=1050%2C600&ssl=1 3x, https:\/\/i0.wp.com\/lasprimeras.com.do\/wp-content\/uploads\/2026\/01\/20c8dbd3-022b-45a0-ba29-05ab357247de.jpg?resize=1400%2C800&ssl=1 4x"},"classes":[]},{"id":128521,"url":"https:\/\/lasprimeras.com.do\/index.php\/2026\/04\/24\/educa-advierte-que-fallas-en-evaluacion-docente-comprometen-equidad-confianza-y-validez-del-proceso\/","url_meta":{"origin":56579,"position":5},"title":"EDUCA advierte que fallas en evaluaci\u00f3n docente comprometen equidad, confianza y validez del proceso","author":"Nelson Feliz","date":"24 de abril de 2026","format":false,"excerpt":"Acci\u00f3n Empresarial por la Educaci\u00f3n (EDUCA) consider\u00f3 que la suspensi\u00f3n de la quinta etapa de la Evaluaci\u00f3n de Desempe\u00f1o Docente (EDD), luego de las fallas registradas en la plataforma tecnol\u00f3gica utilizada por el Ministerio de Educaci\u00f3n (Minerd) es preocupante. Educaci\u00f3n plantea preocupaciones leg\u00edtimas sobre la equidad, la confianza y la\u2026","rel":"","context":"En \u00abNACIONALES\u00bb","block_context":{"text":"NACIONALES","link":"https:\/\/lasprimeras.com.do\/index.php\/category\/nacionales\/"},"img":{"alt_text":"","src":"https:\/\/i0.wp.com\/lasprimeras.com.do\/wp-content\/uploads\/2026\/04\/Concurso-de-Educacion.webp?resize=350%2C200&ssl=1","width":350,"height":200,"srcset":"https:\/\/i0.wp.com\/lasprimeras.com.do\/wp-content\/uploads\/2026\/04\/Concurso-de-Educacion.webp?resize=350%2C200&ssl=1 1x, https:\/\/i0.wp.com\/lasprimeras.com.do\/wp-content\/uploads\/2026\/04\/Concurso-de-Educacion.webp?resize=525%2C300&ssl=1 1.5x, https:\/\/i0.wp.com\/lasprimeras.com.do\/wp-content\/uploads\/2026\/04\/Concurso-de-Educacion.webp?resize=700%2C400&ssl=1 2x"},"classes":[]}],"jetpack_sharing_enabled":true,"_links":{"self":[{"href":"https:\/\/lasprimeras.com.do\/index.php\/wp-json\/wp\/v2\/posts\/56579","targetHints":{"allow":["GET"]}}],"collection":[{"href":"https:\/\/lasprimeras.com.do\/index.php\/wp-json\/wp\/v2\/posts"}],"about":[{"href":"https:\/\/lasprimeras.com.do\/index.php\/wp-json\/wp\/v2\/types\/post"}],"author":[{"embeddable":true,"href":"https:\/\/lasprimeras.com.do\/index.php\/wp-json\/wp\/v2\/users\/2"}],"replies":[{"embeddable":true,"href":"https:\/\/lasprimeras.com.do\/index.php\/wp-json\/wp\/v2\/comments?post=56579"}],"version-history":[{"count":1,"href":"https:\/\/lasprimeras.com.do\/index.php\/wp-json\/wp\/v2\/posts\/56579\/revisions"}],"predecessor-version":[{"id":56581,"href":"https:\/\/lasprimeras.com.do\/index.php\/wp-json\/wp\/v2\/posts\/56579\/revisions\/56581"}],"wp:featuredmedia":[{"embeddable":true,"href":"https:\/\/lasprimeras.com.do\/index.php\/wp-json\/wp\/v2\/media\/56580"}],"wp:attachment":[{"href":"https:\/\/lasprimeras.com.do\/index.php\/wp-json\/wp\/v2\/media?parent=56579"}],"wp:term":[{"taxonomy":"category","embeddable":true,"href":"https:\/\/lasprimeras.com.do\/index.php\/wp-json\/wp\/v2\/categories?post=56579"},{"taxonomy":"post_tag","embeddable":true,"href":"https:\/\/lasprimeras.com.do\/index.php\/wp-json\/wp\/v2\/tags?post=56579"}],"curies":[{"name":"wp","href":"https:\/\/api.w.org\/{rel}","templated":true}]}}