{"id":56632,"date":"2023-08-03T09:59:41","date_gmt":"2023-08-03T13:59:41","guid":{"rendered":"https:\/\/lasprimeras.com.do\/?p=56632"},"modified":"2023-08-03T10:00:31","modified_gmt":"2023-08-03T14:00:31","slug":"asde-recibe-sello-de-igualdad-de-genero-del-pnud-y-ministerio-de-la-mujer","status":"publish","type":"post","link":"https:\/\/lasprimeras.com.do\/index.php\/2023\/08\/03\/asde-recibe-sello-de-igualdad-de-genero-del-pnud-y-ministerio-de-la-mujer\/","title":{"rendered":"ASDE recibe Sello de Igualdad de G\u00e9nero del PNUD y Ministerio de la Mujer"},"content":{"rendered":"\n<p><strong>El alcalde Manuel Jim\u00e9nez es \u00fanico del pa\u00eds y segundo del planeta en recibir el reconocimiento por la inclusi\u00f3n de la mujer en sus pol\u00edticas p\u00fablicas locales.<\/strong><\/p>\n\n\n\n<p>Por Martin Restituyo<\/p>\n\n\n\n<p>El Ayuntamiento de Santo Domingo Este se convirti\u00f3 este mi\u00e9rcoles en el primer gobierno local del pa\u00eds y el segundo del planeta en recibir el Sello de Igualdad de G\u00e9nero que entrega el Programa de Naciones Unidas para el Desarrollo (PNUD) a entidades p\u00fablicas y privadas que trabajan por la inclusi\u00f3n y los derechos de la mujer.<\/p>\n\n\n\n<p>En un acto encabezado por la Ministra de la Mujer, Mayra Jim\u00e9nez; la representante del PNUD en Rep\u00fablica Dominicana, Inka Mattila; y el Ministro de Administraci\u00f3n P\u00fablica, Dar\u00edo Castillo; el alcalde Manuel Jim\u00e9nez recibi\u00f3 el reconocimiento que valida y destaca a nivel mundial sus ejemplos de integraci\u00f3n de las mujeres en los puestos de direcci\u00f3n (pas\u00f3 de 38% a 48% de mujeres en direcci\u00f3n de departamentos); en espacios laborales anteriormente reservados solo para hombres (como el programa de mujeres conductoras de camiones y jefas de mec\u00e1nica); la lucha contra la violencia de g\u00e9nero; la comunicaci\u00f3n inclusiva; la capacitaci\u00f3n y sensibilizaci\u00f3n del personal; entre otras medidas que hacen al de Santo Domingo Este un Ayuntamiento de referencia en el pa\u00eds y en el mundo.<\/p>\n\n\n\n<p>\u201cAceptamos el reto y firmamos hace dos a\u00f1os un acuerdo de obligaciones con el PNUD que nos comprometi\u00f3 a llevar una gesti\u00f3n con igualdad de g\u00e9nero. Hoy, somos el \u00fanico ayuntamiento del pa\u00eds y el segundo en el mundo en recibir el sello de igualdad\u201d, dijo Jim\u00e9nez despu\u00e9s de recibir el sello junto a la vicealcaldesa \u00c1ngela Henr\u00edquez, responsable de la pol\u00edtica de g\u00e9nero del cabildo.<\/p>\n\n\n\n<p>Henr\u00edquez y su equipo fueron los responsables del seguimiento y la coordinaci\u00f3n de las medidas que se ejecutaron para alcanzar el Sello.<\/p>\n\n\n\n<p>En el evento de entrega del sello Igualando RD se realiz\u00f3 en el gran sal\u00f3n del hotel JW Marriot del Distrito Nacional.<\/p>\n\n\n\n<p>Tambi\u00e9n recibieron el sello la Direcci\u00f3n General de Compras y Contrataciones P\u00fablicas, la Junta Central Electoral, la Suprema Corte de Justicia, INDOTEL, el Programa Sup\u00e9rate y el SIUBEN, en manos de sus respectivos representantes.<\/p>\n\n\n\n<p>El Sello Igualando RD para el Sector P\u00fablico es un acelerador hacia la igualdad de g\u00e9nero que se encuentra alineado con la Estrategia Nacional de Desarrollo, el Plan Nacional de Igualdad y Equidad de G\u00e9nero y otros instrumentos de pol\u00edtica de car\u00e1cter nacional.<\/p>\n\n\n\n<p>A trav\u00e9s de su implementaci\u00f3n, se ha podido fortalecer y transformar a las instituciones participantes en sus dimensiones internas y externas, a la vez que se ha propiciado una conexi\u00f3n entre su estructura y sus objetivos institucionales con impacto de pol\u00edticas p\u00fablicas que cuentan con perspectiva de igualdad de g\u00e9nero y que promueven el empoderamiento de las mujeres.<\/p>\n","protected":false},"excerpt":{"rendered":"<p>El alcalde Manuel Jim\u00e9nez es \u00fanico del pa\u00eds y segundo del planeta en recibir el reconocimiento por la inclusi\u00f3n de la mujer en sus pol\u00edticas p\u00fablicas locales. Por Martin Restituyo&hellip;<\/p>\n","protected":false},"author":2,"featured_media":56633,"comment_status":"open","ping_status":"open","sticky":false,"template":"","format":"standard","meta":{"content-type":"","jetpack_post_was_ever_published":false,"_jetpack_newsletter_access":"","_jetpack_dont_email_post_to_subs":false,"_jetpack_newsletter_tier_id":0,"_jetpack_memberships_contains_paywalled_content":false,"_jetpack_memberships_contains_paid_content":false,"footnotes":""},"categories":[35,25],"tags":[1062,324,325,444,429,4746,5747],"class_list":["post-56632","post","type-post","status-publish","format-standard","has-post-thumbnail","hentry","category-nacionales","category-portada","tag-asde","tag-genero","tag-igualdad","tag-ministerio","tag-mujer","tag-pnud","tag-sello"],"jetpack_featured_media_url":"https:\/\/lasprimeras.com.do\/wp-content\/uploads\/2023\/08\/ASDE-1.jpg","jetpack-related-posts":[{"id":56742,"url":"https:\/\/lasprimeras.com.do\/index.php\/2023\/08\/04\/jce-recibe-categoria-oro-en-el-sello-igualando-rd\/","url_meta":{"origin":56632,"position":0},"title":"JCE recibe categor\u00eda oro en el \u201cSello Igualando RD\u201d","author":"Nelson Feliz","date":"4 de agosto de 2023","format":false,"excerpt":"Por Mart\u00edn Restituyo La Junta Central Electoral (JCE) recibi\u00f3 el galard\u00f3n en la categor\u00eda oro del \u00abSello Igualando RD\u00bb para el sector p\u00fablico, por su compromiso, esfuerzo y trabajo sostenido en promover la paridad y los derechos de las mujeres de manera interna y externa en materia electoral y de\u2026","rel":"","context":"En \u00abNACIONALES\u00bb","block_context":{"text":"NACIONALES","link":"https:\/\/lasprimeras.com.do\/index.php\/category\/nacionales\/"},"img":{"alt_text":"","src":"https:\/\/i0.wp.com\/lasprimeras.com.do\/wp-content\/uploads\/2023\/08\/jce-recibe-categoria-oro-en-el-sello-igualando-rd.jpg?resize=350%2C200&ssl=1","width":350,"height":200,"srcset":"https:\/\/i0.wp.com\/lasprimeras.com.do\/wp-content\/uploads\/2023\/08\/jce-recibe-categoria-oro-en-el-sello-igualando-rd.jpg?resize=350%2C200&ssl=1 1x, https:\/\/i0.wp.com\/lasprimeras.com.do\/wp-content\/uploads\/2023\/08\/jce-recibe-categoria-oro-en-el-sello-igualando-rd.jpg?resize=525%2C300&ssl=1 1.5x, https:\/\/i0.wp.com\/lasprimeras.com.do\/wp-content\/uploads\/2023\/08\/jce-recibe-categoria-oro-en-el-sello-igualando-rd.jpg?resize=700%2C400&ssl=1 2x, https:\/\/i0.wp.com\/lasprimeras.com.do\/wp-content\/uploads\/2023\/08\/jce-recibe-categoria-oro-en-el-sello-igualando-rd.jpg?resize=1050%2C600&ssl=1 3x, https:\/\/i0.wp.com\/lasprimeras.com.do\/wp-content\/uploads\/2023\/08\/jce-recibe-categoria-oro-en-el-sello-igualando-rd.jpg?resize=1400%2C800&ssl=1 4x"},"classes":[]},{"id":122512,"url":"https:\/\/lasprimeras.com.do\/index.php\/2026\/02\/18\/banco-adopem-y-pnud-firman-acuerdo-para-fortalecer-la-inclusion-financiera-y-el-desarrollo-sostenible\/","url_meta":{"origin":56632,"position":1},"title":"Banco ADOPEM y PNUD firman acuerdo para fortalecer la inclusi\u00f3n financiera y el desarrollo sostenible","author":"Nelson Feliz","date":"18 de febrero de 2026","format":false,"excerpt":"El Banco de Ahorro y Cr\u00e9dito (ADOPEM) y El Programa de las Naciones Unidas para el Desarrollo (PNUD) firmaron un Memorando de Entendimiento (MoU) con el objetivo de fortalecer la inclusi\u00f3n financiera, el desarrollo productivo y las capacidades de poblaciones en situaci\u00f3n de vulnerabilidad en la Rep\u00fablica Dominicana. El acuerdo\u2026","rel":"","context":"En \u00abECONOM\u00cdA\u00bb","block_context":{"text":"ECONOM\u00cdA","link":"https:\/\/lasprimeras.com.do\/index.php\/category\/economia\/"},"img":{"alt_text":"Banco ADOPEM y PNUD","src":"https:\/\/i0.wp.com\/lasprimeras.com.do\/wp-content\/uploads\/2026\/02\/Banco-ADOPEM-y-PNUD.jpg?resize=350%2C200&ssl=1","width":350,"height":200,"srcset":"https:\/\/i0.wp.com\/lasprimeras.com.do\/wp-content\/uploads\/2026\/02\/Banco-ADOPEM-y-PNUD.jpg?resize=350%2C200&ssl=1 1x, https:\/\/i0.wp.com\/lasprimeras.com.do\/wp-content\/uploads\/2026\/02\/Banco-ADOPEM-y-PNUD.jpg?resize=525%2C300&ssl=1 1.5x, https:\/\/i0.wp.com\/lasprimeras.com.do\/wp-content\/uploads\/2026\/02\/Banco-ADOPEM-y-PNUD.jpg?resize=700%2C400&ssl=1 2x"},"classes":[]},{"id":104747,"url":"https:\/\/lasprimeras.com.do\/index.php\/2025\/07\/27\/por-talento-promueve-inclusion-laboral-de-personas-con-discapacidad-en-la-zona-fronteriza\/","url_meta":{"origin":56632,"position":2},"title":"&#8220;Por Talento&#8221; promueve inclusi\u00f3n laboral de personas con discapacidad en la zona fronteriza","author":"Nelson Feliz","date":"27 de julio de 2025","format":false,"excerpt":"Medio centenar de personas participaron en jornadas de capacitaci\u00f3n orientadas a promover un trato digno hacia las personas con discapacidad y a fortalecer sus habilidades para la inserci\u00f3n laboral, en el marco del proyecto Por Talento, una iniciativa que impulsa la inclusi\u00f3n laboral en Rep\u00fablica Dominicana. Promovido por la Fundaci\u00f3n\u2026","rel":"","context":"En \u00abNACIONALES\u00bb","block_context":{"text":"NACIONALES","link":"https:\/\/lasprimeras.com.do\/index.php\/category\/nacionales\/"},"img":{"alt_text":"","src":"https:\/\/i0.wp.com\/lasprimeras.com.do\/wp-content\/uploads\/2025\/07\/discapacidad.jpg?resize=350%2C200&ssl=1","width":350,"height":200,"srcset":"https:\/\/i0.wp.com\/lasprimeras.com.do\/wp-content\/uploads\/2025\/07\/discapacidad.jpg?resize=350%2C200&ssl=1 1x, https:\/\/i0.wp.com\/lasprimeras.com.do\/wp-content\/uploads\/2025\/07\/discapacidad.jpg?resize=525%2C300&ssl=1 1.5x, https:\/\/i0.wp.com\/lasprimeras.com.do\/wp-content\/uploads\/2025\/07\/discapacidad.jpg?resize=700%2C400&ssl=1 2x"},"classes":[]},{"id":66541,"url":"https:\/\/lasprimeras.com.do\/index.php\/2023\/11\/07\/manuel-jimenez-amplia-gestion-de-residuos-solidos-urbanos-en-sectores-de-sde\/","url_meta":{"origin":56632,"position":3},"title":"Manuel Jim\u00e9nez ampl\u00eda gesti\u00f3n de residuos s\u00f3lidos urbanos en sectores de SDE","author":"Nelson Feliz","date":"7 de noviembre de 2023","format":false,"excerpt":"EL AYUNTAMIENTO DE SANTO DOMINGO ESTE Y FUNDOAMOR AMPLIARON EL ACUERDO QUE BUSCA MANTENER EL ORNATO Y LA LIMPIEZA EN LOS SECTORES FRANCISCO ALBERTO CAAMA\u00d1O Y LAS LILAS El Ayuntamiento Santo Domingo Este (ASDE) contin\u00faa la ejecuci\u00f3n de programas para la gesti\u00f3n de residuos s\u00f3lidos, generando un impacto medioambiental favorable\u2026","rel":"","context":"En \u00abNACIONALES\u00bb","block_context":{"text":"NACIONALES","link":"https:\/\/lasprimeras.com.do\/index.php\/category\/nacionales\/"},"img":{"alt_text":"Manuel Jim\u00e9nez y Franklin Tamayo","src":"https:\/\/i0.wp.com\/lasprimeras.com.do\/wp-content\/uploads\/2023\/11\/asde-1.jpg?resize=350%2C200&ssl=1","width":350,"height":200,"srcset":"https:\/\/i0.wp.com\/lasprimeras.com.do\/wp-content\/uploads\/2023\/11\/asde-1.jpg?resize=350%2C200&ssl=1 1x, https:\/\/i0.wp.com\/lasprimeras.com.do\/wp-content\/uploads\/2023\/11\/asde-1.jpg?resize=525%2C300&ssl=1 1.5x, https:\/\/i0.wp.com\/lasprimeras.com.do\/wp-content\/uploads\/2023\/11\/asde-1.jpg?resize=700%2C400&ssl=1 2x"},"classes":[]},{"id":100986,"url":"https:\/\/lasprimeras.com.do\/index.php\/2025\/06\/14\/entidades-realizan-taller-sobre-indice-de-seguridad-escolar-escuelas-seguras-en-dajabon\/","url_meta":{"origin":56632,"position":4},"title":"Entidades realizan taller sobre &#8220;\u00cdndice de Seguridad Escolar Escuelas Seguras&#8221; en Dajab\u00f3n","author":"Nelson Feliz","date":"14 de junio de 2025","format":false,"excerpt":"Con el fin de aumentar la resiliencia ante desastres de las infraestructuras educativas e h\u00eddricas en la Rep\u00fablica Dominicana, Cuba y Hait\u00ed, se llev\u00f3 a cabo una primera sesi\u00f3n de formaci\u00f3n para m\u00e1s de una docena de personas t\u00e9cnicas de Hait\u00ed y Rep\u00fablica Dominicana. La formaci\u00f3n est\u00e1 financiada por la\u2026","rel":"","context":"En \u00abNACIONALES\u00bb","block_context":{"text":"NACIONALES","link":"https:\/\/lasprimeras.com.do\/index.php\/category\/nacionales\/"},"img":{"alt_text":"","src":"https:\/\/i0.wp.com\/lasprimeras.com.do\/wp-content\/uploads\/2025\/06\/taller.jpg?resize=350%2C200&ssl=1","width":350,"height":200,"srcset":"https:\/\/i0.wp.com\/lasprimeras.com.do\/wp-content\/uploads\/2025\/06\/taller.jpg?resize=350%2C200&ssl=1 1x, https:\/\/i0.wp.com\/lasprimeras.com.do\/wp-content\/uploads\/2025\/06\/taller.jpg?resize=525%2C300&ssl=1 1.5x, https:\/\/i0.wp.com\/lasprimeras.com.do\/wp-content\/uploads\/2025\/06\/taller.jpg?resize=700%2C400&ssl=1 2x"},"classes":[]},{"id":108250,"url":"https:\/\/lasprimeras.com.do\/index.php\/2025\/09\/04\/cadoar-y-pnud-reconocen-propuestas-de-seguros-inclusivos\/","url_meta":{"origin":56632,"position":5},"title":"CADOAR y PNUD reconocen propuestas de seguros inclusivos","author":"Nelson Feliz","date":"4 de septiembre de 2025","format":false,"excerpt":"Las propuestas fueron desarrolladas en el marco del Reto de Aceleraci\u00f3n 2030: Seguros Inclusivos. La C\u00e1mara Dominicana de Aseguradores y Reaseguradores (CADOAR), y el Programa de las Naciones Unidas para el Desarrollo (PNUD) celebraron a las iniciativas seleccionadas como destacadas en el Reto de Aceleraci\u00f3n 2030: Seguros Inclusivos, en un\u2026","rel":"","context":"En \u00abSALUD\u00bb","block_context":{"text":"SALUD","link":"https:\/\/lasprimeras.com.do\/index.php\/category\/salud\/"},"img":{"alt_text":"","src":"https:\/\/i0.wp.com\/lasprimeras.com.do\/wp-content\/uploads\/2025\/09\/CADOAR.jpg?resize=350%2C200&ssl=1","width":350,"height":200,"srcset":"https:\/\/i0.wp.com\/lasprimeras.com.do\/wp-content\/uploads\/2025\/09\/CADOAR.jpg?resize=350%2C200&ssl=1 1x, https:\/\/i0.wp.com\/lasprimeras.com.do\/wp-content\/uploads\/2025\/09\/CADOAR.jpg?resize=525%2C300&ssl=1 1.5x, https:\/\/i0.wp.com\/lasprimeras.com.do\/wp-content\/uploads\/2025\/09\/CADOAR.jpg?resize=700%2C400&ssl=1 2x"},"classes":[]}],"jetpack_sharing_enabled":true,"_links":{"self":[{"href":"https:\/\/lasprimeras.com.do\/index.php\/wp-json\/wp\/v2\/posts\/56632","targetHints":{"allow":["GET"]}}],"collection":[{"href":"https:\/\/lasprimeras.com.do\/index.php\/wp-json\/wp\/v2\/posts"}],"about":[{"href":"https:\/\/lasprimeras.com.do\/index.php\/wp-json\/wp\/v2\/types\/post"}],"author":[{"embeddable":true,"href":"https:\/\/lasprimeras.com.do\/index.php\/wp-json\/wp\/v2\/users\/2"}],"replies":[{"embeddable":true,"href":"https:\/\/lasprimeras.com.do\/index.php\/wp-json\/wp\/v2\/comments?post=56632"}],"version-history":[{"count":2,"href":"https:\/\/lasprimeras.com.do\/index.php\/wp-json\/wp\/v2\/posts\/56632\/revisions"}],"predecessor-version":[{"id":56636,"href":"https:\/\/lasprimeras.com.do\/index.php\/wp-json\/wp\/v2\/posts\/56632\/revisions\/56636"}],"wp:featuredmedia":[{"embeddable":true,"href":"https:\/\/lasprimeras.com.do\/index.php\/wp-json\/wp\/v2\/media\/56633"}],"wp:attachment":[{"href":"https:\/\/lasprimeras.com.do\/index.php\/wp-json\/wp\/v2\/media?parent=56632"}],"wp:term":[{"taxonomy":"category","embeddable":true,"href":"https:\/\/lasprimeras.com.do\/index.php\/wp-json\/wp\/v2\/categories?post=56632"},{"taxonomy":"post_tag","embeddable":true,"href":"https:\/\/lasprimeras.com.do\/index.php\/wp-json\/wp\/v2\/tags?post=56632"}],"curies":[{"name":"wp","href":"https:\/\/api.w.org\/{rel}","templated":true}]}}