{"id":56646,"date":"2023-08-03T11:13:11","date_gmt":"2023-08-03T15:13:11","guid":{"rendered":"https:\/\/lasprimeras.com.do\/?p=56646"},"modified":"2023-08-03T11:13:12","modified_gmt":"2023-08-03T15:13:12","slug":"telemicro-emite-noticiero-con-presentadora-lucy-brown-creada-con-inteligencia-artificial","status":"publish","type":"post","link":"https:\/\/lasprimeras.com.do\/index.php\/2023\/08\/03\/telemicro-emite-noticiero-con-presentadora-lucy-brown-creada-con-inteligencia-artificial\/","title":{"rendered":"Telemicro emite noticiero con presentadora Lucy Brown, creada con Inteligencia Artificial"},"content":{"rendered":"\n<p><strong>El nuevo formato de Noticias Telemicro se transmite de lunes a viernes de 11:00 p.m. a 12:00 a.m. por Digital 15.<\/strong><\/p>\n\n\n\n<p>El Grupo de Medios Telemicro present\u00f3 al pa\u00eds la primera presentadora de noticias creada con Inteligencia Artificial (IA), nombrada Lucy Brown.<\/p>\n\n\n\n<p>De acuerdo con Telemicro, la interfaz de la presentadora es capaz de hablar en cualquier idioma y sobre cualquier tema, sin cansancio, &#8220;llevando las noticias de manera oportuna y veraz y teniendo interacciones como si se tratar\u00e1 de un humano de carne y hueso&#8221;.<\/p>\n\n\n\n<p>El nuevo formato del noticiero se transmite por Digital 15 con la presentadora con IA, vestida con chaqueta negra y camisa blanca, el tal cual el anuncio que han promovido en redes sociales.<\/p>\n\n\n\n<p>&#8220;Un saludo especial a todos los seguidores de Noticias Telemicro y de Telemicro, soy Lucy Brown, y para m\u00ed es un placer estar de lunes a viernes de 11:00 p.m. a 12:00 a.m. por Digital 15, llev\u00e1ndole todo el acontecer noticioso nacional e internacional, fui creada para brindar una experiencia informativa y optima a todos nuestros seguidores, y como todos los d\u00edas tendremos una cita por Medios del Grupo Telemicro&#8221;, pronuncia la presentadora artificial.<\/p>\n\n\n\n<p>El medio destaca en un comunicado que la incorporaci\u00f3n de Lucy es un paso innovador para Telemicro, cuyo recibimiento por parte de la audiencia ha superado las expectativas a una semana de su estreno.<\/p>\n\n\n\n<p>&#8220;La inteligencia artificial ha venido marcando un antes y un despu\u00e9s en la tecnolog\u00eda moderna, siendo Noticias Digital 15, el noticiero que ha marcado un hito hist\u00f3rico en la forma de hacer noticias en la Rep\u00fablica Dominicana&#8221;, refieren.<\/p>\n\n\n\n<p>&#8220;Esa voz rob\u00f3tica nunca va a reemplazar a lo que transmite una gente de carne y hueso frente a las c\u00e1maras&#8221;, &#8220;Incre\u00edble tanta tecnolog\u00eda invade al pa\u00eds, pero se sigue sin luz y apagones de horas y horas&#8221;, &#8220;Parece m\u00e1s de noticias de Rusia o Alemania u otro pa\u00eds de blanquitos que de Rep\u00fablica Dominicana&#8221;, &#8220;La raza humana est\u00e1 amenazada, nos quedaremos sin trabajo, el propio hombre est\u00e1 cavando su propia tumba&#8221;, han sido parte de los comentarios recibidos en la cuenta oficial del medio.<\/p>\n","protected":false},"excerpt":{"rendered":"<p>El nuevo formato de Noticias Telemicro se transmite de lunes a viernes de 11:00 p.m. a 12:00 a.m. por Digital 15. El Grupo de Medios Telemicro present\u00f3 al pa\u00eds la&hellip;<\/p>\n","protected":false},"author":2,"featured_media":56647,"comment_status":"open","ping_status":"open","sticky":false,"template":"","format":"standard","meta":{"content-type":"","jetpack_post_was_ever_published":false,"_jetpack_newsletter_access":"","_jetpack_dont_email_post_to_subs":false,"_jetpack_newsletter_tier_id":0,"_jetpack_memberships_contains_paywalled_content":false,"_jetpack_memberships_contains_paid_content":false,"footnotes":""},"categories":[84],"tags":[5756,5753,5754,5755],"class_list":["post-56646","post","type-post","status-publish","format-standard","has-post-thumbnail","hentry","category-entretenimiento","tag-lucy-brown","tag-noticiero","tag-presentadora","tag-telemicro"],"jetpack_featured_media_url":"https:\/\/lasprimeras.com.do\/wp-content\/uploads\/2023\/08\/lucy-brown-presentadora-telemicro-44c9f8f6-focus-0-0-896-504.jpg","jetpack-related-posts":[{"id":72521,"url":"https:\/\/lasprimeras.com.do\/index.php\/2023\/12\/31\/mas-de-12-horas-y-de-30-artistas-para-despedir-el-ano-en-el-malecon\/","url_meta":{"origin":56646,"position":0},"title":"M\u00e1s de 12 horas y de 30 artistas para despedir el a\u00f1o en el malec\u00f3n","author":"BIMARY DE JES\u00daS Matos","date":"31 de diciembre de 2023","format":false,"excerpt":"SANTO DOMINGO.- La tradicional fiesta de fin de a\u00f1o, que gratuitamente lleva al pueblo el Grupo de Medios Telemicro, contar\u00e1 con una descarga musical de 12 horas ininterrumpidas de espect\u00e1culo: desde las 8:00 de esta noche 31 de diciembre del 2023, hasta las 8:00 de la ma\u00f1ana del 1 de\u2026","rel":"","context":"En \u00abENTRETENIMIENTO\u00bb","block_context":{"text":"ENTRETENIMIENTO","link":"https:\/\/lasprimeras.com.do\/index.php\/category\/entretenimiento\/"},"img":{"alt_text":"","src":"https:\/\/i0.wp.com\/lasprimeras.com.do\/wp-content\/uploads\/2023\/12\/Noticias-de-energia-2023-12-30T231422.287.png?resize=350%2C200&ssl=1","width":350,"height":200,"srcset":"https:\/\/i0.wp.com\/lasprimeras.com.do\/wp-content\/uploads\/2023\/12\/Noticias-de-energia-2023-12-30T231422.287.png?resize=350%2C200&ssl=1 1x, https:\/\/i0.wp.com\/lasprimeras.com.do\/wp-content\/uploads\/2023\/12\/Noticias-de-energia-2023-12-30T231422.287.png?resize=525%2C300&ssl=1 1.5x"},"classes":[]},{"id":106781,"url":"https:\/\/lasprimeras.com.do\/index.php\/2025\/08\/19\/johnny-vasquez-declara-en-ny-el-mundo-de-hoy-reclama-dignidad-trabajo-y-seriedad\/","url_meta":{"origin":56646,"position":1},"title":"Johnny V\u00e1squez declara en NY \u00abel mundo de hoy reclama dignidad, trabajo y seriedad\u00bb","author":"Nelson Feliz","date":"19 de agosto de 2025","format":false,"excerpt":"https:\/\/www.youtube.com\/watch?v=iFSRmfI6vhw&t=42s Por Ram\u00f3n Mercedes NUEVA YORK.- El reconocido presentador y comunicador del programa \u00abDe Extremo a Extremo\u00bb por Telemicro Internacional, Johnny V\u00e1squez, declar\u00f3 en esta ciudad que \u00abel mundo de hoy reclama dignidad, trabajo y seriedad\u00bb As\u00ed respondi\u00f3 a la pregunta que le hiciera este reportero, mientras participaba de la\u2026","rel":"","context":"En \u00abENTRETENIMIENTO\u00bb","block_context":{"text":"ENTRETENIMIENTO","link":"https:\/\/lasprimeras.com.do\/index.php\/category\/entretenimiento\/"},"img":{"alt_text":"","src":"https:\/\/i0.wp.com\/img.youtube.com\/vi\/iFSRmfI6vhw\/0.jpg?resize=350%2C200","width":350,"height":200},"classes":[]},{"id":84105,"url":"https:\/\/lasprimeras.com.do\/index.php\/2024\/05\/30\/la-revolucion-de-la-inteligencia-artificial-en-la-comunicacion-y-las-redes-sociales\/","url_meta":{"origin":56646,"position":2},"title":"La Revoluci\u00f3n de la Inteligencia Artificial en la Comunicaci\u00f3n y las Redes Sociales","author":"Nelson Feliz","date":"30 de mayo de 2024","format":false,"excerpt":"El t\u00e9rmino de Inteligencia Artificial surgi\u00f3 por primera vez en 1956, pero fue en noviembre de 2022 cuando se crea el ChatGPT por parte de la empresa Open AI, y ha sido el a\u00f1o pasado cuando ha dominado los medios de comunicaci\u00f3n, y sigue haci\u00e9ndolo en 2024. La\u00a0inteligencia artificial\u00a0ha tra\u00eddo\u2026","rel":"","context":"En \u00abOPINI\u00d3N\u00bb","block_context":{"text":"OPINI\u00d3N","link":"https:\/\/lasprimeras.com.do\/index.php\/category\/opinion\/"},"img":{"alt_text":"","src":"https:\/\/i0.wp.com\/lasprimeras.com.do\/wp-content\/uploads\/2024\/05\/Inma-Solis-atril.jpg?resize=350%2C200&ssl=1","width":350,"height":200},"classes":[]},{"id":128751,"url":"https:\/\/lasprimeras.com.do\/index.php\/2026\/04\/26\/video-detienen-vandalo-que-ataca-a-conductores-con-piedras-en-las-americas\/","url_meta":{"origin":56646,"position":3},"title":"VIDEO: Detienen v\u00e1ndalo que ataca a conductores con piedras en Las Am\u00e9ricas","author":"Nelson Feliz","date":"26 de abril de 2026","format":false,"excerpt":"El incidente ocurri\u00f3 en San Isidro, Santo Domingo Este el pasado domingo. Un hombre se\u00f1alado como el presunto responsable de lanzar piedras contra transe\u00fantes en las avenidas Las Am\u00e9ricas y San Vicente de Pa\u00fal, en Santo Domingo Este, fue detenido la tarde de este domingo tras varias denuncias por agredir\u2026","rel":"","context":"En \u00abNACIONALES\u00bb","block_context":{"text":"NACIONALES","link":"https:\/\/lasprimeras.com.do\/index.php\/category\/nacionales\/"},"img":{"alt_text":"","src":"https:\/\/i0.wp.com\/lasprimeras.com.do\/wp-content\/uploads\/2026\/04\/Detienen-vandalo.jpg?resize=350%2C200&ssl=1","width":350,"height":200,"srcset":"https:\/\/i0.wp.com\/lasprimeras.com.do\/wp-content\/uploads\/2026\/04\/Detienen-vandalo.jpg?resize=350%2C200&ssl=1 1x, https:\/\/i0.wp.com\/lasprimeras.com.do\/wp-content\/uploads\/2026\/04\/Detienen-vandalo.jpg?resize=525%2C300&ssl=1 1.5x, https:\/\/i0.wp.com\/lasprimeras.com.do\/wp-content\/uploads\/2026\/04\/Detienen-vandalo.jpg?resize=700%2C400&ssl=1 2x"},"classes":[]},{"id":128762,"url":"https:\/\/lasprimeras.com.do\/index.php\/2026\/04\/26\/matan-acusado-de-asalto-en-el-millon-pareja-esta-detenida\/","url_meta":{"origin":56646,"position":4},"title":"Matan acusado de asalto en El mill\u00f3n; pareja est\u00e1 detenida","author":"Nelson Feliz","date":"26 de abril de 2026","format":false,"excerpt":"Los investigadores indicaron que P\u00e9rez Encarnaci\u00f3n era perseguido por su implicaci\u00f3n en un asalto ocurrido el 19 de abril, en el que, presuntamente junto a su pareja sentimental, Emeling Steffany Scoh Santos, quien est\u00e1 detenida. Falleci\u00f3 la tarde de este s\u00e1bado un reconocido delincuente, que era activamente buscado por su\u2026","rel":"","context":"En \u00abNACIONALES\u00bb","block_context":{"text":"NACIONALES","link":"https:\/\/lasprimeras.com.do\/index.php\/category\/nacionales\/"},"img":{"alt_text":"","src":"https:\/\/i0.wp.com\/lasprimeras.com.do\/wp-content\/uploads\/2026\/04\/1-2.jpg?resize=350%2C200&ssl=1","width":350,"height":200},"classes":[]},{"id":79672,"url":"https:\/\/lasprimeras.com.do\/index.php\/2024\/03\/30\/gabi-desangles-y-beba-rojas-las-presentadoras-de-too-much-en-la-noche-ahora-por-telecentro\/","url_meta":{"origin":56646,"position":5},"title":"Gabi Desangles y Beba Rojas, las presentadoras de \u201cToo much en la noche\u201d ahora por Telecentro","author":"BIMARY DE JES\u00daS Matos","date":"30 de marzo de 2024","format":false,"excerpt":"Santo Domingo.-Las comunicadoras Gabi Desangles y Beba Rojas ser\u00e1n las nuevas presentadoras del \u201clate night\u201d que antes conduc\u00edan Caroline Aquino y Nahiony Reyes con la novedad que ahora se llamar\u00e1 \u201cToo much en la noche\u201d y se transmitir\u00e1 por Telecentro a las 10 de la noche. El espacio televisivo iniciar\u00e1\u2026","rel":"","context":"En \u00abENTRETENIMIENTO\u00bb","block_context":{"text":"ENTRETENIMIENTO","link":"https:\/\/lasprimeras.com.do\/index.php\/category\/entretenimiento\/"},"img":{"alt_text":"","src":"https:\/\/i0.wp.com\/lasprimeras.com.do\/wp-content\/uploads\/2024\/03\/1-millon-de-jovenes-votaran-en-las-elecciones-municipales-2-21.jpg?resize=350%2C200&ssl=1","width":350,"height":200,"srcset":"https:\/\/i0.wp.com\/lasprimeras.com.do\/wp-content\/uploads\/2024\/03\/1-millon-de-jovenes-votaran-en-las-elecciones-municipales-2-21.jpg?resize=350%2C200&ssl=1 1x, https:\/\/i0.wp.com\/lasprimeras.com.do\/wp-content\/uploads\/2024\/03\/1-millon-de-jovenes-votaran-en-las-elecciones-municipales-2-21.jpg?resize=525%2C300&ssl=1 1.5x, https:\/\/i0.wp.com\/lasprimeras.com.do\/wp-content\/uploads\/2024\/03\/1-millon-de-jovenes-votaran-en-las-elecciones-municipales-2-21.jpg?resize=700%2C400&ssl=1 2x"},"classes":[]}],"jetpack_sharing_enabled":true,"_links":{"self":[{"href":"https:\/\/lasprimeras.com.do\/index.php\/wp-json\/wp\/v2\/posts\/56646","targetHints":{"allow":["GET"]}}],"collection":[{"href":"https:\/\/lasprimeras.com.do\/index.php\/wp-json\/wp\/v2\/posts"}],"about":[{"href":"https:\/\/lasprimeras.com.do\/index.php\/wp-json\/wp\/v2\/types\/post"}],"author":[{"embeddable":true,"href":"https:\/\/lasprimeras.com.do\/index.php\/wp-json\/wp\/v2\/users\/2"}],"replies":[{"embeddable":true,"href":"https:\/\/lasprimeras.com.do\/index.php\/wp-json\/wp\/v2\/comments?post=56646"}],"version-history":[{"count":1,"href":"https:\/\/lasprimeras.com.do\/index.php\/wp-json\/wp\/v2\/posts\/56646\/revisions"}],"predecessor-version":[{"id":56648,"href":"https:\/\/lasprimeras.com.do\/index.php\/wp-json\/wp\/v2\/posts\/56646\/revisions\/56648"}],"wp:featuredmedia":[{"embeddable":true,"href":"https:\/\/lasprimeras.com.do\/index.php\/wp-json\/wp\/v2\/media\/56647"}],"wp:attachment":[{"href":"https:\/\/lasprimeras.com.do\/index.php\/wp-json\/wp\/v2\/media?parent=56646"}],"wp:term":[{"taxonomy":"category","embeddable":true,"href":"https:\/\/lasprimeras.com.do\/index.php\/wp-json\/wp\/v2\/categories?post=56646"},{"taxonomy":"post_tag","embeddable":true,"href":"https:\/\/lasprimeras.com.do\/index.php\/wp-json\/wp\/v2\/tags?post=56646"}],"curies":[{"name":"wp","href":"https:\/\/api.w.org\/{rel}","templated":true}]}}