{"id":56653,"date":"2023-08-03T11:29:06","date_gmt":"2023-08-03T15:29:06","guid":{"rendered":"https:\/\/lasprimeras.com.do\/?p=56653"},"modified":"2023-08-03T11:29:08","modified_gmt":"2023-08-03T15:29:08","slug":"faride-dice-en-el-prm-hay-precandidatos-involucrados-en-hechos-de-violaciones-sexuales","status":"publish","type":"post","link":"https:\/\/lasprimeras.com.do\/index.php\/2023\/08\/03\/faride-dice-en-el-prm-hay-precandidatos-involucrados-en-hechos-de-violaciones-sexuales\/","title":{"rendered":"Faride dice en el PRM hay precandidatos involucrados en hechos de violaciones sexuales"},"content":{"rendered":"\n<p>La senadora del Distrito Nacional por el Partido Revolucionario Moderno (PRM), Faride Raful, durante la sesi\u00f3n en el Senado critic\u00f3 fuertemente a los partidos, entre ellos al oficialista, al cual pertenece, por permitir que personas que han sido acusadas y condenadas por violaciones sexuales contra menores de edad, inscriban candidatura para ocupar cargos electivos.<\/p>\n\n\n\n<p>Aunque la senadora no dijo los nombres, se\u00f1al\u00f3 que dos personas con cuentas pendientes en la justicia con acusaciones de abuso sexual, tienen aspiraciones de ocupar curul en la C\u00e1mara Alta.<\/p>\n\n\n\n<p>\u00abHay aspirantes dentro de mi propio partido pol\u00edtico con expediente tambi\u00e9n abierto de violaci\u00f3n sexual, que han logrado impunidad, que quieren llegar aqu\u00ed al Senado de la Rep\u00fablica a sustituir a un senador activo que est\u00e1 aqu\u00ed y que ha hablado y el partido lo est\u00e1 pensando\u00bb, expres\u00f3 en tono molesto la representante de DN.<\/p>\n\n\n\n<p>Asimismo agreg\u00f3, que los partidos han permitido que al Congreso lleguen \u00abvioladores sexuales una y otra vez\u00bb, as\u00ed como violadores de la ley, lavadores y corruptos.<\/p>\n\n\n\n<p>Raful critic\u00f3 que sean precisamente los representantes de los diferentes partidos pol\u00edticos en el Congreso Nacional, que son quienes hacen las leyes, tambi\u00e9n sean los que normalicen las relaciones entre menores y adultos.<\/p>\n\n\n\n<p>Tambi\u00e9n cuestion\u00f3 la imagen que tienen los partidos exhibiendo la falta de valores cuando promueven a un candidato que se ha visto envuelto en casos como estos.<\/p>\n\n\n\n<p>\u00abD\u00f3nde est\u00e1n los valores pol\u00edticos que estamos exhibiendo los partidos, da verg\u00fcenza, mucha verg\u00fcenza que los partidos pol\u00edticos y ahora el \u00faltimo ha sido uno de la oposici\u00f3n manden a un candidato acusado de violaci\u00f3n sexual y no digan que no hubo sentencia\u00bb, pronunci\u00f3 la congresista refiri\u00e9ndose al caso del aspirante a la Alcald\u00eda de Santo Domingo Este (SDE), por el partido Fuerza del Pueblo, Julio Romero.<\/p>\n\n\n\n<p>\u201cNo me digan que no hubo sentencia, ah\u00ed est\u00e1n los videos de una ni\u00f1a atrapada por un mayor, enga\u00f1ada por un mayor que ejerc\u00eda una posici\u00f3n de poder en este Congreso Nacional, en otro partido pol\u00edtico, que la dej\u00f3 embarazada, que la cas\u00f3 con otra persona y un partido pol\u00edtico del sistema que aspira al poder nuevamente, est\u00e1 llevando a ese se\u00f1or como candidato\u201d, sostuvo Raful.<\/p>\n","protected":false},"excerpt":{"rendered":"<p>La senadora del Distrito Nacional por el Partido Revolucionario Moderno (PRM), Faride Raful, durante la sesi\u00f3n en el Senado critic\u00f3 fuertemente a los partidos, entre ellos al oficialista, al cual&hellip;<\/p>\n","protected":false},"author":2,"featured_media":56654,"comment_status":"open","ping_status":"open","sticky":false,"template":"","format":"standard","meta":{"content-type":"","jetpack_post_was_ever_published":false,"_jetpack_newsletter_access":"","_jetpack_dont_email_post_to_subs":false,"_jetpack_newsletter_tier_id":0,"_jetpack_memberships_contains_paywalled_content":false,"_jetpack_memberships_contains_paid_content":false,"footnotes":""},"categories":[25],"tags":[996,3855,31,5758,5757],"class_list":["post-56653","post","type-post","status-publish","format-standard","has-post-thumbnail","hentry","category-portada","tag-faride-raful","tag-precandidatos","tag-prm","tag-sexuales","tag-violaciones"],"jetpack_featured_media_url":"https:\/\/lasprimeras.com.do\/wp-content\/uploads\/2023\/08\/Faride-Raful.jpeg","jetpack-related-posts":[{"id":68385,"url":"https:\/\/lasprimeras.com.do\/index.php\/2023\/11\/23\/faride-mantiene-sus-aspiraciones-a-senadora-llama-al-prm-a-definir-la-boleta-sin-mas-demora\/","url_meta":{"origin":56653,"position":0},"title":"Faride mantiene sus aspiraciones a senadora; llama al PRM a definir la boleta sin m\u00e1s demora","author":"BIMARY DE JES\u00daS Matos","date":"23 de noviembre de 2023","format":false,"excerpt":"Santo Domingo.-La senadora del Partido Revolucionario Moderno (PRM) por el Distrito Nacional, Faride Raful, afirm\u00f3 que mantiene sus aspiraciones al mismo cargo, pese a los rumores de que hab\u00eda declinado. As\u00ed mismo, Raful hizo un llamado a las autoridades del partido, a definir sin m\u00e1s demora la boleta de la\u2026","rel":"","context":"En \u00abSin categor\u00eda\u00bb","block_context":{"text":"Sin categor\u00eda","link":"https:\/\/lasprimeras.com.do\/index.php\/category\/sin-categoria\/"},"img":{"alt_text":"","src":"https:\/\/i0.wp.com\/lasprimeras.com.do\/wp-content\/uploads\/2023\/11\/Con-Total-Energies-.jpg?resize=350%2C200&ssl=1","width":350,"height":200,"srcset":"https:\/\/i0.wp.com\/lasprimeras.com.do\/wp-content\/uploads\/2023\/11\/Con-Total-Energies-.jpg?resize=350%2C200&ssl=1 1x, https:\/\/i0.wp.com\/lasprimeras.com.do\/wp-content\/uploads\/2023\/11\/Con-Total-Energies-.jpg?resize=525%2C300&ssl=1 1.5x, https:\/\/i0.wp.com\/lasprimeras.com.do\/wp-content\/uploads\/2023\/11\/Con-Total-Energies-.jpg?resize=700%2C400&ssl=1 2x, https:\/\/i0.wp.com\/lasprimeras.com.do\/wp-content\/uploads\/2023\/11\/Con-Total-Energies-.jpg?resize=1050%2C600&ssl=1 3x"},"classes":[]},{"id":68046,"url":"https:\/\/lasprimeras.com.do\/index.php\/2023\/11\/21\/rosario-espinales-imperdonable-que-el-prm-no-haya-reservado-la-candidatura-de-faride-raful\/","url_meta":{"origin":56653,"position":1},"title":"Rosario Espinal:&#8221;Es imperdonable que el PRM no haya reservado la candidatura de Faride Raful&#8221;","author":"Nelson Feliz","date":"21 de noviembre de 2023","format":false,"excerpt":"La polit\u00f3loga Rosario Espinal calific\u00f3 como una acci\u00f3n imperdonable que el Partido Revolucionario Moderno, no haya reservado la candidatura a la senadora Faride Raful, en el Distrito Nacional. Espinal, dijo que es una desconsideraci\u00f3n que la dirigencia del PRM est\u00e9 buscando otro candidato para competir contra el aspirante a senador\u2026","rel":"","context":"En \u00abPORTADA\u00bb","block_context":{"text":"PORTADA","link":"https:\/\/lasprimeras.com.do\/index.php\/category\/portada\/"},"img":{"alt_text":"Rosario Espinal","src":"https:\/\/i0.wp.com\/lasprimeras.com.do\/wp-content\/uploads\/2023\/11\/Rosario-Espinal.jpg?resize=350%2C200&ssl=1","width":350,"height":200},"classes":[]},{"id":61873,"url":"https:\/\/lasprimeras.com.do\/index.php\/2023\/10\/01\/faride-raful-sea-cual-sea-el-resultado-prm-se-mantendra-unido\/","url_meta":{"origin":56653,"position":2},"title":"Faride Raful: &#8220;Sea cual sea el resultado, PRM se mantendr\u00e1 unido&#8221;","author":"Nelson Feliz","date":"1 de octubre de 2023","format":false,"excerpt":"La senadora dijo que le gustan los procesos de elecci\u00f3n, aunque el PRM reservo la candidatura de senador del Distrito Nacional para d\u00e1rsela y buscar nuevamente ocupar la posici\u00f3n. La senadora del Distrito Nacional, Faride Raful, ejerci\u00f3 su derecho al voto en las primarias del Partido Revolucionario Moderno (PRM) y\u2026","rel":"","context":"En \u00abPORTADA\u00bb","block_context":{"text":"PORTADA","link":"https:\/\/lasprimeras.com.do\/index.php\/category\/portada\/"},"img":{"alt_text":"Faride Raful","src":"https:\/\/i0.wp.com\/lasprimeras.com.do\/wp-content\/uploads\/2023\/10\/Faride-Raful.jpeg?resize=350%2C200&ssl=1","width":350,"height":200,"srcset":"https:\/\/i0.wp.com\/lasprimeras.com.do\/wp-content\/uploads\/2023\/10\/Faride-Raful.jpeg?resize=350%2C200&ssl=1 1x, https:\/\/i0.wp.com\/lasprimeras.com.do\/wp-content\/uploads\/2023\/10\/Faride-Raful.jpeg?resize=525%2C300&ssl=1 1.5x, https:\/\/i0.wp.com\/lasprimeras.com.do\/wp-content\/uploads\/2023\/10\/Faride-Raful.jpeg?resize=700%2C400&ssl=1 2x"},"classes":[]},{"id":68516,"url":"https:\/\/lasprimeras.com.do\/index.php\/2023\/11\/25\/faride-se-queja-por-lentitud-del-prm-ante-la-definicion-de-boleta\/","url_meta":{"origin":56653,"position":3},"title":"Faride se queja por \u201clentitud\u201d del PRM ante la definici\u00f3n de boleta","author":"BIMARY DE JES\u00daS Matos","date":"25 de noviembre de 2023","format":false,"excerpt":"SANTO DOMINGO.- La senadora del Distrito Nacional, Faride Raful, dijo que lamenta el lento proceso que atribuye a su Partido Revolucionario Moderno (PRM) para anunciar las reservas senatoriales destinadas a las elecciones que se celebrar\u00e1n en el 2024. Mediante su cuenta de X (anteriormente Twitter), escribi\u00f3 \u201cNinguna de las 6\u2026","rel":"","context":"En \u00abSin categor\u00eda\u00bb","block_context":{"text":"Sin categor\u00eda","link":"https:\/\/lasprimeras.com.do\/index.php\/category\/sin-categoria\/"},"img":{"alt_text":"","src":"https:\/\/i0.wp.com\/lasprimeras.com.do\/wp-content\/uploads\/2023\/11\/WhatsApp-Image-2023-11-24-at-1.48.00-PM-3.jpeg?resize=350%2C200&ssl=1","width":350,"height":200},"classes":[]},{"id":72127,"url":"https:\/\/lasprimeras.com.do\/index.php\/2023\/12\/27\/lucha-en-el-prm-para-sustituir-a-faride-raful\/","url_meta":{"origin":56653,"position":4},"title":"Lucha en el PRM para sustituir a Faride Raful","author":"BIMARY DE JES\u00daS Matos","date":"27 de diciembre de 2023","format":false,"excerpt":"Santo Domingo.-La renuncia de la senadora perreme\u00edsta, Faride Raful a repostularse desat\u00f3 una ola de especulaciones dentro del PRM, cuyos dirigentes descartan que el escenario invalide a esa organizaci\u00f3n pol\u00edtica para retener la curul del Distrito Nacional. Mientras la actual legisladora capitale\u00f1a a\u00fan no ha explicado con detalle su decisi\u00f3n\u2026","rel":"","context":"En \u00abSin categor\u00eda\u00bb","block_context":{"text":"Sin categor\u00eda","link":"https:\/\/lasprimeras.com.do\/index.php\/category\/sin-categoria\/"},"img":{"alt_text":"","src":"https:\/\/i0.wp.com\/lasprimeras.com.do\/wp-content\/uploads\/2023\/12\/LIDOM-anuncia-reduccion-en-tiempo-de-juegos-3-3.jpg?resize=350%2C200&ssl=1","width":350,"height":200,"srcset":"https:\/\/i0.wp.com\/lasprimeras.com.do\/wp-content\/uploads\/2023\/12\/LIDOM-anuncia-reduccion-en-tiempo-de-juegos-3-3.jpg?resize=350%2C200&ssl=1 1x, https:\/\/i0.wp.com\/lasprimeras.com.do\/wp-content\/uploads\/2023\/12\/LIDOM-anuncia-reduccion-en-tiempo-de-juegos-3-3.jpg?resize=525%2C300&ssl=1 1.5x"},"classes":[]},{"id":57315,"url":"https:\/\/lasprimeras.com.do\/index.php\/2023\/08\/11\/prm-recomienda-a-ricardo-de-los-santos-para-presidir-el-senado\/","url_meta":{"origin":56653,"position":5},"title":"PRM recomienda a Ricardo De los Santos para presidir el senado","author":"Nelson Feliz","date":"11 de agosto de 2023","format":false,"excerpt":"La Direcci\u00f3n Ejecutiva del Partido Revolucionario Moderno (PRM) recomend\u00f3 al senador Ricardo De los Santos, de S\u00e1nchez Ram\u00edrez, para presidir el Senado durante el per\u00edodo 2023-2024. El \u00f3rgano tambi\u00e9n sugiri\u00f3 a Faride Raful, del Distrito Nacional, como vicepresidenta, y a Melania Salvador, de Bahoruco, y a Milc\u00edades Franjul, de Peravia,\u2026","rel":"","context":"En \u00abSin categor\u00eda\u00bb","block_context":{"text":"Sin categor\u00eda","link":"https:\/\/lasprimeras.com.do\/index.php\/category\/sin-categoria\/"},"img":{"alt_text":"Ricardo de los Santos","src":"https:\/\/i0.wp.com\/lasprimeras.com.do\/wp-content\/uploads\/2023\/07\/Ricardo-de-los-Santos.jpg?resize=350%2C200&ssl=1","width":350,"height":200,"srcset":"https:\/\/i0.wp.com\/lasprimeras.com.do\/wp-content\/uploads\/2023\/07\/Ricardo-de-los-Santos.jpg?resize=350%2C200&ssl=1 1x, https:\/\/i0.wp.com\/lasprimeras.com.do\/wp-content\/uploads\/2023\/07\/Ricardo-de-los-Santos.jpg?resize=525%2C300&ssl=1 1.5x, https:\/\/i0.wp.com\/lasprimeras.com.do\/wp-content\/uploads\/2023\/07\/Ricardo-de-los-Santos.jpg?resize=700%2C400&ssl=1 2x"},"classes":[]}],"jetpack_sharing_enabled":true,"_links":{"self":[{"href":"https:\/\/lasprimeras.com.do\/index.php\/wp-json\/wp\/v2\/posts\/56653","targetHints":{"allow":["GET"]}}],"collection":[{"href":"https:\/\/lasprimeras.com.do\/index.php\/wp-json\/wp\/v2\/posts"}],"about":[{"href":"https:\/\/lasprimeras.com.do\/index.php\/wp-json\/wp\/v2\/types\/post"}],"author":[{"embeddable":true,"href":"https:\/\/lasprimeras.com.do\/index.php\/wp-json\/wp\/v2\/users\/2"}],"replies":[{"embeddable":true,"href":"https:\/\/lasprimeras.com.do\/index.php\/wp-json\/wp\/v2\/comments?post=56653"}],"version-history":[{"count":1,"href":"https:\/\/lasprimeras.com.do\/index.php\/wp-json\/wp\/v2\/posts\/56653\/revisions"}],"predecessor-version":[{"id":56655,"href":"https:\/\/lasprimeras.com.do\/index.php\/wp-json\/wp\/v2\/posts\/56653\/revisions\/56655"}],"wp:featuredmedia":[{"embeddable":true,"href":"https:\/\/lasprimeras.com.do\/index.php\/wp-json\/wp\/v2\/media\/56654"}],"wp:attachment":[{"href":"https:\/\/lasprimeras.com.do\/index.php\/wp-json\/wp\/v2\/media?parent=56653"}],"wp:term":[{"taxonomy":"category","embeddable":true,"href":"https:\/\/lasprimeras.com.do\/index.php\/wp-json\/wp\/v2\/categories?post=56653"},{"taxonomy":"post_tag","embeddable":true,"href":"https:\/\/lasprimeras.com.do\/index.php\/wp-json\/wp\/v2\/tags?post=56653"}],"curies":[{"name":"wp","href":"https:\/\/api.w.org\/{rel}","templated":true}]}}