{"id":56656,"date":"2023-08-03T12:26:18","date_gmt":"2023-08-03T16:26:18","guid":{"rendered":"https:\/\/lasprimeras.com.do\/?p=56656"},"modified":"2023-08-03T12:26:20","modified_gmt":"2023-08-03T16:26:20","slug":"tres-muertos-y-un-herido-al-caer-camion-por-un-precipicio-en-carretera-de-jarabacoa","status":"publish","type":"post","link":"https:\/\/lasprimeras.com.do\/index.php\/2023\/08\/03\/tres-muertos-y-un-herido-al-caer-camion-por-un-precipicio-en-carretera-de-jarabacoa\/","title":{"rendered":"Tres muertos y un herido al caer cami\u00f3n por un precipicio en carretera de Jarabacoa"},"content":{"rendered":"\n<p>Tres personas murieron y otra result\u00f3 gravemente herida la madrugada de este jueves en un accidente en la carretera que comunica Jarabacoa con la ciudad de La Vega.<\/p>\n\n\n\n<p>Entre los muertos figuran Silvio Alexander Alc\u00e1ntara, de 26 a\u00f1os, y Jos\u00e9 Altagracia Carrasco S\u00e1nchez, de 51, quienes resid\u00edan en Azua. Mientra el herido es Jes\u00fas Maria Garc\u00eda Lebr\u00f3n, de 31 a\u00f1os, quien fue transportado al Hospital Traumatol\u00f3gico y Quir\u00fargico Profesor Juan Bosch, de La Vega.<\/p>\n\n\n\n<p>Una nota publicada en el portal MSM Noticias se\u00f1ala que Lebr\u00f3n conduc\u00eda un cami\u00f3n blanco tipo furg\u00f3n y cargado de limones. Al parecer, perdi\u00f3 el control del veh\u00edculo y cay\u00f3 por un despe\u00f1adero.<\/p>\n","protected":false},"excerpt":{"rendered":"<p>Tres personas murieron y otra result\u00f3 gravemente herida la madrugada de este jueves en un accidente en la carretera que comunica Jarabacoa con la ciudad de La Vega. Entre los&hellip;<\/p>\n","protected":false},"author":2,"featured_media":56657,"comment_status":"open","ping_status":"open","sticky":false,"template":"","format":"standard","meta":{"content-type":"","jetpack_post_was_ever_published":false,"_jetpack_newsletter_access":"","_jetpack_dont_email_post_to_subs":false,"_jetpack_newsletter_tier_id":0,"_jetpack_memberships_contains_paywalled_content":false,"_jetpack_memberships_contains_paid_content":false,"footnotes":""},"categories":[35,25],"tags":[2916,234,307,3792,686,5759],"class_list":["post-56656","post","type-post","status-publish","format-standard","has-post-thumbnail","hentry","category-nacionales","category-portada","tag-camion","tag-carretera","tag-herido","tag-jarabacoa","tag-muertos","tag-precipicio"],"jetpack_featured_media_url":"https:\/\/lasprimeras.com.do\/wp-content\/uploads\/2023\/08\/ACCIDENTE.jpg","jetpack-related-posts":[{"id":112063,"url":"https:\/\/lasprimeras.com.do\/index.php\/2025\/10\/17\/deslizamiento-de-rocas-afecta-tramo-la-virgen-en-la-carretera-la-vega-jarabacoa\/","url_meta":{"origin":56656,"position":0},"title":"Deslizamiento de rocas afecta tramo La Virgen en la carretera La Vega\u2013Jarabacoa","author":"Nelson Feliz","date":"17 de octubre de 2025","format":false,"excerpt":"Edward Fern\u00e1ndez Un nuevo deslizamiento de rocas se registr\u00f3 este jueves en el tramo La Virgen de la carretera que comunica a La Vega con Jarabacoa, provocando la obstrucci\u00f3n parcial del tr\u00e1nsito vehicular. Seg\u00fan los reportes de las autoridades, no se han registrado personas heridas. Las piedras ocupan m\u00e1s de\u2026","rel":"","context":"En \u00abNACIONALES\u00bb","block_context":{"text":"NACIONALES","link":"https:\/\/lasprimeras.com.do\/index.php\/category\/nacionales\/"},"img":{"alt_text":"","src":"https:\/\/i0.wp.com\/lasprimeras.com.do\/wp-content\/uploads\/2025\/10\/DERRUMBE.jpg?resize=350%2C200&ssl=1","width":350,"height":200},"classes":[]},{"id":115722,"url":"https:\/\/lasprimeras.com.do\/index.php\/2025\/11\/24\/al-menos-14-heridos-en-choque-entre-minibus-escolar-y-un-camion-en-la-vega\/","url_meta":{"origin":56656,"position":1},"title":"Al menos 14 heridos en choque entre minib\u00fas escolar y un cami\u00f3n en La Vega","author":"Nelson Feliz","date":"24 de noviembre de 2025","format":false,"excerpt":"Al menos 14 personas, incluyendo 10 estudiantes menores de edad, resultaron heridos la tarde de este lunes tras el choque entre un minib\u00fas de transporte escolar y un cami\u00f3n recolector de basura en el tramo carretero Jamo\u2013Barranca, en el municipio de La Vega. Los heridos fueron trasladados a distintos centros\u2026","rel":"","context":"En \u00abNACIONALES\u00bb","block_context":{"text":"NACIONALES","link":"https:\/\/lasprimeras.com.do\/index.php\/category\/nacionales\/"},"img":{"alt_text":"","src":"https:\/\/i0.wp.com\/lasprimeras.com.do\/wp-content\/uploads\/2025\/11\/acci-1.jpg?resize=350%2C200&ssl=1","width":350,"height":200,"srcset":"https:\/\/i0.wp.com\/lasprimeras.com.do\/wp-content\/uploads\/2025\/11\/acci-1.jpg?resize=350%2C200&ssl=1 1x, https:\/\/i0.wp.com\/lasprimeras.com.do\/wp-content\/uploads\/2025\/11\/acci-1.jpg?resize=525%2C300&ssl=1 1.5x, https:\/\/i0.wp.com\/lasprimeras.com.do\/wp-content\/uploads\/2025\/11\/acci-1.jpg?resize=700%2C400&ssl=1 2x, https:\/\/i0.wp.com\/lasprimeras.com.do\/wp-content\/uploads\/2025\/11\/acci-1.jpg?resize=1050%2C600&ssl=1 3x, https:\/\/i0.wp.com\/lasprimeras.com.do\/wp-content\/uploads\/2025\/11\/acci-1.jpg?resize=1400%2C800&ssl=1 4x"},"classes":[]},{"id":104787,"url":"https:\/\/lasprimeras.com.do\/index.php\/2025\/07\/27\/un-muerto-en-un-accidente-en-la-virgencita-en-jarabacoa-la-vega\/","url_meta":{"origin":56656,"position":2},"title":"Un muerto en un accidente en La Virgencita en Jarabacoa-La Vega","author":"Nelson Feliz","date":"27 de julio de 2025","format":false,"excerpt":"Un veh\u00edculo se precipit\u00f3 en la zona conocida como La Virgencita, ubicado en la carretera Jarabacoa-La Vega, resultando muerta la persona que lo conduc\u00eda, informaron las autoridades. El fallecido fue identificado como Alberto Antonio Solano Marmolejos, residente en Santo Domingo. Su cad\u00e1ver fue rescatado por miembros del Cuerpo de Bomberos\u2026","rel":"","context":"En \u00abNACIONALES\u00bb","block_context":{"text":"NACIONALES","link":"https:\/\/lasprimeras.com.do\/index.php\/category\/nacionales\/"},"img":{"alt_text":"","src":"https:\/\/i0.wp.com\/lasprimeras.com.do\/wp-content\/uploads\/2025\/07\/accid.jpg?resize=350%2C200&ssl=1","width":350,"height":200},"classes":[]},{"id":56670,"url":"https:\/\/lasprimeras.com.do\/index.php\/2023\/08\/03\/9-1-1-coordina-asistencia-de-rescate-de-personas-en-accidente-de-transito-en-jarabacoa\/","url_meta":{"origin":56656,"position":3},"title":"9-1-1 coordina asistencia de rescate de personas en accidente de tr\u00e1nsito en Jarabacoa","author":"Nelson Feliz","date":"3 de agosto de 2023","format":false,"excerpt":"Una persona result\u00f3 con vida y fue trasladada al hospital. Tres personas fallecieron. El 9-1-1 coordin\u00f3 la asistencia a un accidente de tr\u00e1nsito reportado por la llamada de un ciudadano, donde un cami\u00f3n se precipit\u00f3 por un barranco, ocurrido en la carretera de Jarabacoa, El Puerto, provincia La Vega. El\u2026","rel":"","context":"En \u00abNACIONALES\u00bb","block_context":{"text":"NACIONALES","link":"https:\/\/lasprimeras.com.do\/index.php\/category\/nacionales\/"},"img":{"alt_text":"9-1-1 en accidente de Jarabacoa. Fuente externa.","src":"https:\/\/i0.wp.com\/lasprimeras.com.do\/wp-content\/uploads\/2023\/08\/9-1-1-en-accidente-de-Jarabacoa.-Fuente-externa.jpg?resize=350%2C200&ssl=1","width":350,"height":200,"srcset":"https:\/\/i0.wp.com\/lasprimeras.com.do\/wp-content\/uploads\/2023\/08\/9-1-1-en-accidente-de-Jarabacoa.-Fuente-externa.jpg?resize=350%2C200&ssl=1 1x, https:\/\/i0.wp.com\/lasprimeras.com.do\/wp-content\/uploads\/2023\/08\/9-1-1-en-accidente-de-Jarabacoa.-Fuente-externa.jpg?resize=525%2C300&ssl=1 1.5x, https:\/\/i0.wp.com\/lasprimeras.com.do\/wp-content\/uploads\/2023\/08\/9-1-1-en-accidente-de-Jarabacoa.-Fuente-externa.jpg?resize=700%2C400&ssl=1 2x"},"classes":[]},{"id":128646,"url":"https:\/\/lasprimeras.com.do\/index.php\/2026\/04\/25\/presidente-abinader-inaugura-carretera-que-conecta-a-tavera-con-jarabacoa\/","url_meta":{"origin":56656,"position":4},"title":"Presidente Abinader inaugura carretera que conecta a Tavera con Jarabacoa","author":"Nelson Feliz","date":"25 de abril de 2026","format":false,"excerpt":"Abinader dice nunca antes se hab\u00edan hecho tantas carreteras y tantas mejor\u00edas en la sierra El presidente Luis Abinader inaugur\u00f3 este s\u00e1bado la carretera que enlaza el distrito municipal de Tavera con el municipio de Jarabacoa, en la provincia de La Vega, una infraestructura clave para la conectividad y el\u2026","rel":"","context":"En \u00abNACIONALES\u00bb","block_context":{"text":"NACIONALES","link":"https:\/\/lasprimeras.com.do\/index.php\/category\/nacionales\/"},"img":{"alt_text":"","src":"https:\/\/i0.wp.com\/lasprimeras.com.do\/wp-content\/uploads\/2026\/04\/abina-1.jpg?resize=350%2C200&ssl=1","width":350,"height":200,"srcset":"https:\/\/i0.wp.com\/lasprimeras.com.do\/wp-content\/uploads\/2026\/04\/abina-1.jpg?resize=350%2C200&ssl=1 1x, https:\/\/i0.wp.com\/lasprimeras.com.do\/wp-content\/uploads\/2026\/04\/abina-1.jpg?resize=525%2C300&ssl=1 1.5x, https:\/\/i0.wp.com\/lasprimeras.com.do\/wp-content\/uploads\/2026\/04\/abina-1.jpg?resize=700%2C400&ssl=1 2x"},"classes":[]},{"id":53126,"url":"https:\/\/lasprimeras.com.do\/index.php\/2023\/06\/23\/capturan-en-sdn-hombre-senalado-como-autor-muerte-de-ingeniero-en-jarabacoa\/","url_meta":{"origin":56656,"position":5},"title":"Capturan en SDN hombre se\u00f1alado como autor muerte de ingeniero en Jarabacoa","author":"Nelson Feliz","date":"23 de junio de 2023","format":false,"excerpt":"-Al detenido, quien tambi\u00e9n hiri\u00f3 a la esposa del hoy occiso, le fue ocupado el veh\u00edculo propiedad de la pareja. Por Martin Restituyo Agentes policiales, adscritos a la Divisi\u00f3n de Investigaci\u00f3n (DICRIM) en el municipio de Jarabacoa capturaron a un hombre se\u00f1alado como uno de los presuntos autores de la\u2026","rel":"","context":"En \u00abMILITARES\u00bb","block_context":{"text":"MILITARES","link":"https:\/\/lasprimeras.com.do\/index.php\/category\/militares\/"},"img":{"alt_text":"preso-celda","src":"https:\/\/i0.wp.com\/lasprimeras.com.do\/wp-content\/uploads\/2023\/06\/preso-celda.jpg?resize=350%2C200&ssl=1","width":350,"height":200,"srcset":"https:\/\/i0.wp.com\/lasprimeras.com.do\/wp-content\/uploads\/2023\/06\/preso-celda.jpg?resize=350%2C200&ssl=1 1x, https:\/\/i0.wp.com\/lasprimeras.com.do\/wp-content\/uploads\/2023\/06\/preso-celda.jpg?resize=525%2C300&ssl=1 1.5x, https:\/\/i0.wp.com\/lasprimeras.com.do\/wp-content\/uploads\/2023\/06\/preso-celda.jpg?resize=700%2C400&ssl=1 2x"},"classes":[]}],"jetpack_sharing_enabled":true,"_links":{"self":[{"href":"https:\/\/lasprimeras.com.do\/index.php\/wp-json\/wp\/v2\/posts\/56656","targetHints":{"allow":["GET"]}}],"collection":[{"href":"https:\/\/lasprimeras.com.do\/index.php\/wp-json\/wp\/v2\/posts"}],"about":[{"href":"https:\/\/lasprimeras.com.do\/index.php\/wp-json\/wp\/v2\/types\/post"}],"author":[{"embeddable":true,"href":"https:\/\/lasprimeras.com.do\/index.php\/wp-json\/wp\/v2\/users\/2"}],"replies":[{"embeddable":true,"href":"https:\/\/lasprimeras.com.do\/index.php\/wp-json\/wp\/v2\/comments?post=56656"}],"version-history":[{"count":1,"href":"https:\/\/lasprimeras.com.do\/index.php\/wp-json\/wp\/v2\/posts\/56656\/revisions"}],"predecessor-version":[{"id":56658,"href":"https:\/\/lasprimeras.com.do\/index.php\/wp-json\/wp\/v2\/posts\/56656\/revisions\/56658"}],"wp:featuredmedia":[{"embeddable":true,"href":"https:\/\/lasprimeras.com.do\/index.php\/wp-json\/wp\/v2\/media\/56657"}],"wp:attachment":[{"href":"https:\/\/lasprimeras.com.do\/index.php\/wp-json\/wp\/v2\/media?parent=56656"}],"wp:term":[{"taxonomy":"category","embeddable":true,"href":"https:\/\/lasprimeras.com.do\/index.php\/wp-json\/wp\/v2\/categories?post=56656"},{"taxonomy":"post_tag","embeddable":true,"href":"https:\/\/lasprimeras.com.do\/index.php\/wp-json\/wp\/v2\/tags?post=56656"}],"curies":[{"name":"wp","href":"https:\/\/api.w.org\/{rel}","templated":true}]}}