{"id":56661,"date":"2023-08-03T12:51:15","date_gmt":"2023-08-03T16:51:15","guid":{"rendered":"https:\/\/lasprimeras.com.do\/?p=56661"},"modified":"2023-08-03T12:51:17","modified_gmt":"2023-08-03T16:51:17","slug":"ivan-lorenzo-confirma-que-va-por-la-senaduria-del-distrito-nacional","status":"publish","type":"post","link":"https:\/\/lasprimeras.com.do\/index.php\/2023\/08\/03\/ivan-lorenzo-confirma-que-va-por-la-senaduria-del-distrito-nacional\/","title":{"rendered":"Iv\u00e1n Lorenzo confirma que va por la senadur\u00eda del Distrito Nacional"},"content":{"rendered":"\n<p>El senador del Partido de la Liberaci\u00f3n Dominicanapor la provincia El\u00edas Pi\u00f1a, Iv\u00e1n Lorenzo, confirm\u00f3 sus aspiraciones a optar por la candidatura a la senadur\u00eda del Distrito Nacional.<\/p>\n\n\n\n<p>\u201cLo que ayer era un rumor, hoy confirmo es una realidad. Mi decisi\u00f3n no parte de un capricho personal, sino que viene motivado por cientos de dirigentes de m\u00ed partido que me han motivado a salir. <\/p>\n\n\n\n<p>Tom\u00e9 esta decisi\u00f3n luego de una profunda reflexi\u00f3n y consulta con importantes l\u00edderes de mi partido, y de la base; y como expres\u00e9 hace unos d\u00edas en otro programa, y como bien dec\u00eda el maestro e ic\u00f3nico miembro del Comit\u00e9 Pol\u00edtico del PLD, Euclides Guti\u00e9rrez F\u00e9lix, ser pelede\u00edsta es ser un soldado, consciente, valiente y disciplinado\u201d, expres\u00f3 Lorenzo.<\/p>\n\n\n\n<p>Desde hace semanas se ha estado manejando la idea de que el actual Senador por la provincia de El\u00edas Pi\u00f1a anunciar\u00eda formalmente su intenci\u00f3n por ir, en esta ocasi\u00f3n, por la curul del Distrito Nacional.<\/p>\n\n\n\n<p>El congresista se ha convertido en un referente de lucha para la oposici\u00f3n y para su Partido de la Liberaci\u00f3n Dominicana (PLD).<\/p>\n\n\n\n<p>Cientos de dirigentes del PLD en el Distrito Nacional afirman que Iv\u00e1n Lorenzo es el \u00fanico que puede realmente hacerles frente a los dem\u00e1s candidatos de la oposici\u00f3n, y es quien puede realmente disputar, desde el PLD, la curul con la oficial\u00edsta senadora Faride Raful.<\/p>\n\n\n\n<p>El Partido de la Liberaci\u00f3n Dominicana reserv\u00f3 la candidatura a senador por el Distrito Nacional, y en vista de esto, el miembro del Comit\u00e9 Pol\u00edtico del PLD remiti\u00f3 una carta a los \u00f3rganos de direcci\u00f3n de su partido.<\/p>\n","protected":false},"excerpt":{"rendered":"<p>El senador del Partido de la Liberaci\u00f3n Dominicanapor la provincia El\u00edas Pi\u00f1a, Iv\u00e1n Lorenzo, confirm\u00f3 sus aspiraciones a optar por la candidatura a la senadur\u00eda del Distrito Nacional. \u201cLo que&hellip;<\/p>\n","protected":false},"author":2,"featured_media":56662,"comment_status":"open","ping_status":"open","sticky":false,"template":"","format":"standard","meta":{"content-type":"","jetpack_post_was_ever_published":false,"_jetpack_newsletter_access":"","_jetpack_dont_email_post_to_subs":false,"_jetpack_newsletter_tier_id":0,"_jetpack_memberships_contains_paywalled_content":false,"_jetpack_memberships_contains_paid_content":false,"footnotes":""},"categories":[25],"tags":[2492,5761,269,807],"class_list":["post-56661","post","type-post","status-publish","format-standard","has-post-thumbnail","hentry","category-portada","tag-distrito-nacional","tag-ivan-lorenzo","tag-pld","tag-senaduria"],"jetpack_featured_media_url":"https:\/\/lasprimeras.com.do\/wp-content\/uploads\/2023\/08\/Ivan-Lorenzo.jpg","jetpack-related-posts":[{"id":119194,"url":"https:\/\/lasprimeras.com.do\/index.php\/2026\/01\/08\/ex-senador-del-pld-fraudes-para-comprar-reeleccion-y-fraudes-procesales\/","url_meta":{"origin":56661,"position":0},"title":"Ex senador del PLD : Fraudes para comprar reelecci\u00f3n y fraudes procesales","author":"Nelson Feliz","date":"8 de enero de 2026","format":false,"excerpt":"Iv\u00e1n Lorenzo califica de \u00abfraude procesal\u00bb informes de auditor\u00eda contra imputados en el denominado caso Calamar. El vicepresidente del Partido de la Liberaci\u00f3n Dominicana, Iv\u00e1n Lorenzo, considera como un \u201cfraude procesal\u201d el informe de auditor\u00eda de la Unidad Antifraude de la Contralor\u00eda General de la Rep\u00fablica, en el que se\u2026","rel":"","context":"En \u00abPOLITICA\u00bb","block_context":{"text":"POLITICA","link":"https:\/\/lasprimeras.com.do\/index.php\/category\/politica\/"},"img":{"alt_text":"Iv\u00e1n Lorenzo","src":"https:\/\/i0.wp.com\/lasprimeras.com.do\/wp-content\/uploads\/2024\/06\/Ivan-Lorenzo.jpg?resize=350%2C200&ssl=1","width":350,"height":200,"srcset":"https:\/\/i0.wp.com\/lasprimeras.com.do\/wp-content\/uploads\/2024\/06\/Ivan-Lorenzo.jpg?resize=350%2C200&ssl=1 1x, https:\/\/i0.wp.com\/lasprimeras.com.do\/wp-content\/uploads\/2024\/06\/Ivan-Lorenzo.jpg?resize=525%2C300&ssl=1 1.5x, https:\/\/i0.wp.com\/lasprimeras.com.do\/wp-content\/uploads\/2024\/06\/Ivan-Lorenzo.jpg?resize=700%2C400&ssl=1 2x"},"classes":[]},{"id":110198,"url":"https:\/\/lasprimeras.com.do\/index.php\/2025\/09\/25\/ivan-lorenzo-pide-a-abinader-y-paliza-dar-explicacion-sobre-la-renegociacion-del-contrato-aerodom\/","url_meta":{"origin":56661,"position":1},"title":"Iv\u00e1n Lorenzo pide a Abinader y Paliza dar explicaci\u00f3n sobre la renegociaci\u00f3n del contrato AERODOM","author":"Nelson Feliz","date":"25 de septiembre de 2025","format":false,"excerpt":"El vicepresidente del Partido de la Liberaci\u00f3n Dominicana (PLD), Iv\u00e1n Lorenzo, solicit\u00f3 este jueves al presidente de la Rep\u00fablica, Luis Abinader y al ministro de la Presidencia, Jos\u00e9 Ignacio Paliza, dar una explicaci\u00f3n al pa\u00eds sobre el contrato de Aeropuertos Dominicanos Siglo XXI (Aerodom). \"Es necesario que tanto los comisionados\u2026","rel":"","context":"En \u00abPOLITICA\u00bb","block_context":{"text":"POLITICA","link":"https:\/\/lasprimeras.com.do\/index.php\/category\/politica\/"},"img":{"alt_text":"","src":"https:\/\/i0.wp.com\/lasprimeras.com.do\/wp-content\/uploads\/2025\/09\/Yvan-Lorenzo.jpg?resize=350%2C200&ssl=1","width":350,"height":200,"srcset":"https:\/\/i0.wp.com\/lasprimeras.com.do\/wp-content\/uploads\/2025\/09\/Yvan-Lorenzo.jpg?resize=350%2C200&ssl=1 1x, https:\/\/i0.wp.com\/lasprimeras.com.do\/wp-content\/uploads\/2025\/09\/Yvan-Lorenzo.jpg?resize=525%2C300&ssl=1 1.5x, https:\/\/i0.wp.com\/lasprimeras.com.do\/wp-content\/uploads\/2025\/09\/Yvan-Lorenzo.jpg?resize=700%2C400&ssl=1 2x"},"classes":[]},{"id":101138,"url":"https:\/\/lasprimeras.com.do\/index.php\/2025\/06\/16\/johnny-pujols-califica-de-fallido-al-gobierno-del-prm-y-llama-a-fortalecer-la-unidad-del-pld\/","url_meta":{"origin":56661,"position":2},"title":"Johnny Pujols califica de fallido al gobierno del PRM y llama a fortalecer la unidad del PLD","author":"Nelson Feliz","date":"16 de junio de 2025","format":false,"excerpt":"El secretario general del Partido de la Liberaci\u00f3n Dominicana (PLD), Johnny Pujols, calific\u00f3 de \u201cfallido\u201d al actual gobierno del Partido Revolucionario Moderno (PRM), al considerar que ha permitido el deterioro de sectores clave como la educaci\u00f3n, la agropecuaria y el sistema el\u00e9ctrico, entre otros. \u201cEl dominicano cada d\u00eda vive peor\u2026","rel":"","context":"En \u00abPOLITICA\u00bb","block_context":{"text":"POLITICA","link":"https:\/\/lasprimeras.com.do\/index.php\/category\/politica\/"},"img":{"alt_text":"","src":"https:\/\/i0.wp.com\/lasprimeras.com.do\/wp-content\/uploads\/2025\/06\/Johnny-Pujols-2.jpg?resize=350%2C200&ssl=1","width":350,"height":200,"srcset":"https:\/\/i0.wp.com\/lasprimeras.com.do\/wp-content\/uploads\/2025\/06\/Johnny-Pujols-2.jpg?resize=350%2C200&ssl=1 1x, https:\/\/i0.wp.com\/lasprimeras.com.do\/wp-content\/uploads\/2025\/06\/Johnny-Pujols-2.jpg?resize=525%2C300&ssl=1 1.5x, https:\/\/i0.wp.com\/lasprimeras.com.do\/wp-content\/uploads\/2025\/06\/Johnny-Pujols-2.jpg?resize=700%2C400&ssl=1 2x"},"classes":[]},{"id":120066,"url":"https:\/\/lasprimeras.com.do\/index.php\/2026\/01\/19\/pld-exige-al-ministerio-publico-investigar-denuncias-de-corrupcion-video\/","url_meta":{"origin":56661,"position":3},"title":"PLD exige al Ministerio P\u00fablico investigar denuncias de corrupci\u00f3n | Video","author":"Nelson Feliz","date":"19 de enero de 2026","format":false,"excerpt":"Ivan Lorenzo","rel":"","context":"En \u00abPOLITICA\u00bb","block_context":{"text":"POLITICA","link":"https:\/\/lasprimeras.com.do\/index.php\/category\/politica\/"},"img":{"alt_text":"Ivan Lorenzo","src":"https:\/\/i0.wp.com\/lasprimeras.com.do\/wp-content\/uploads\/2026\/01\/Ivan-Lorenzo.jpg?resize=350%2C200&ssl=1","width":350,"height":200,"srcset":"https:\/\/i0.wp.com\/lasprimeras.com.do\/wp-content\/uploads\/2026\/01\/Ivan-Lorenzo.jpg?resize=350%2C200&ssl=1 1x, https:\/\/i0.wp.com\/lasprimeras.com.do\/wp-content\/uploads\/2026\/01\/Ivan-Lorenzo.jpg?resize=525%2C300&ssl=1 1.5x, https:\/\/i0.wp.com\/lasprimeras.com.do\/wp-content\/uploads\/2026\/01\/Ivan-Lorenzo.jpg?resize=700%2C400&ssl=1 2x"},"classes":[]},{"id":110633,"url":"https:\/\/lasprimeras.com.do\/index.php\/2025\/09\/30\/yvan-lorenzo-emplaza-al-gobierno-a-explicar-contrato-millonario-con-aerodom\/","url_meta":{"origin":56661,"position":4},"title":"Yvan Lorenzo emplaza al gobierno a explicar contrato millonario con AERODOM","author":"Nelson Feliz","date":"30 de septiembre de 2025","format":false,"excerpt":"El vicepresidente del Partido de la Liberaci\u00f3n Dominicana (PLD) Yv\u00e1n Lorenzo, emplaz\u00f3 al gobierno a explicar el destino de 16 millones de pesos que involucra el nuevo contrato con la empresa Aeropuertos Dominicanos Siglo XXI (Aerodom) y el Aeropuerto Internacional de Las Am\u00e9ricas. \u00abPrecisamente en el d\u00eda de hoy empieza\u2026","rel":"","context":"En \u00abPOLITICA\u00bb","block_context":{"text":"POLITICA","link":"https:\/\/lasprimeras.com.do\/index.php\/category\/politica\/"},"img":{"alt_text":"","src":"https:\/\/i0.wp.com\/lasprimeras.com.do\/wp-content\/uploads\/2025\/09\/Yvan-Lorenzo-2.jpg?resize=350%2C200&ssl=1","width":350,"height":200,"srcset":"https:\/\/i0.wp.com\/lasprimeras.com.do\/wp-content\/uploads\/2025\/09\/Yvan-Lorenzo-2.jpg?resize=350%2C200&ssl=1 1x, https:\/\/i0.wp.com\/lasprimeras.com.do\/wp-content\/uploads\/2025\/09\/Yvan-Lorenzo-2.jpg?resize=525%2C300&ssl=1 1.5x, https:\/\/i0.wp.com\/lasprimeras.com.do\/wp-content\/uploads\/2025\/09\/Yvan-Lorenzo-2.jpg?resize=700%2C400&ssl=1 2x"},"classes":[]},{"id":117177,"url":"https:\/\/lasprimeras.com.do\/index.php\/2025\/12\/08\/pld-acusa-al-ministerio-publico-de-favoritismo-en-caso-de-corrupcion\/","url_meta":{"origin":56661,"position":5},"title":"PLD acusa al Ministerio P\u00fablico de favoritismo en caso de corrupci\u00f3n","author":"Nelson Feliz","date":"8 de diciembre de 2025","format":false,"excerpt":"El Partido de la Liberaci\u00f3n Dominicana (PLD) acus\u00f3 al Ministerio P\u00fablico de utilizar pr\u00e1cticas \u201cselectivas pol\u00edticamente orientadas\u201d en los casos de corrupci\u00f3n detectados en la administraci\u00f3n p\u00fablica. El vicepresidente del PLD, Yv\u00e1n Lorenzo, afirm\u00f3 que el tratamiento a los implicados es diferente si se trata de funcionarios del Partido Revolucionario\u2026","rel":"","context":"En \u00abPOLITICA\u00bb","block_context":{"text":"POLITICA","link":"https:\/\/lasprimeras.com.do\/index.php\/category\/politica\/"},"img":{"alt_text":"Yv\u00e1n Lorenzo","src":"https:\/\/i0.wp.com\/lasprimeras.com.do\/wp-content\/uploads\/2025\/04\/Yvan-Lorenzo.jpg?resize=350%2C200&ssl=1","width":350,"height":200,"srcset":"https:\/\/i0.wp.com\/lasprimeras.com.do\/wp-content\/uploads\/2025\/04\/Yvan-Lorenzo.jpg?resize=350%2C200&ssl=1 1x, https:\/\/i0.wp.com\/lasprimeras.com.do\/wp-content\/uploads\/2025\/04\/Yvan-Lorenzo.jpg?resize=525%2C300&ssl=1 1.5x, https:\/\/i0.wp.com\/lasprimeras.com.do\/wp-content\/uploads\/2025\/04\/Yvan-Lorenzo.jpg?resize=700%2C400&ssl=1 2x"},"classes":[]}],"jetpack_sharing_enabled":true,"_links":{"self":[{"href":"https:\/\/lasprimeras.com.do\/index.php\/wp-json\/wp\/v2\/posts\/56661","targetHints":{"allow":["GET"]}}],"collection":[{"href":"https:\/\/lasprimeras.com.do\/index.php\/wp-json\/wp\/v2\/posts"}],"about":[{"href":"https:\/\/lasprimeras.com.do\/index.php\/wp-json\/wp\/v2\/types\/post"}],"author":[{"embeddable":true,"href":"https:\/\/lasprimeras.com.do\/index.php\/wp-json\/wp\/v2\/users\/2"}],"replies":[{"embeddable":true,"href":"https:\/\/lasprimeras.com.do\/index.php\/wp-json\/wp\/v2\/comments?post=56661"}],"version-history":[{"count":1,"href":"https:\/\/lasprimeras.com.do\/index.php\/wp-json\/wp\/v2\/posts\/56661\/revisions"}],"predecessor-version":[{"id":56663,"href":"https:\/\/lasprimeras.com.do\/index.php\/wp-json\/wp\/v2\/posts\/56661\/revisions\/56663"}],"wp:featuredmedia":[{"embeddable":true,"href":"https:\/\/lasprimeras.com.do\/index.php\/wp-json\/wp\/v2\/media\/56662"}],"wp:attachment":[{"href":"https:\/\/lasprimeras.com.do\/index.php\/wp-json\/wp\/v2\/media?parent=56661"}],"wp:term":[{"taxonomy":"category","embeddable":true,"href":"https:\/\/lasprimeras.com.do\/index.php\/wp-json\/wp\/v2\/categories?post=56661"},{"taxonomy":"post_tag","embeddable":true,"href":"https:\/\/lasprimeras.com.do\/index.php\/wp-json\/wp\/v2\/tags?post=56661"}],"curies":[{"name":"wp","href":"https:\/\/api.w.org\/{rel}","templated":true}]}}