{"id":56701,"date":"2023-08-03T22:59:07","date_gmt":"2023-08-04T02:59:07","guid":{"rendered":"https:\/\/lasprimeras.com.do\/?p=56701"},"modified":"2023-08-03T22:59:08","modified_gmt":"2023-08-04T02:59:08","slug":"periodistas-y-profesionales-de-la-comunicacion-seran-beneficiados-con-el-plan-nacional-de-viviendas-familia-feliz","status":"publish","type":"post","link":"https:\/\/lasprimeras.com.do\/index.php\/2023\/08\/03\/periodistas-y-profesionales-de-la-comunicacion-seran-beneficiados-con-el-plan-nacional-de-viviendas-familia-feliz\/","title":{"rendered":"Periodistas y profesionales de la comunicaci\u00f3n ser\u00e1n beneficiados con el Plan Nacional de Viviendas Familia Feliz"},"content":{"rendered":"\n<p>El viceministro de Proyectos de Inversi\u00f3n del Ministerio de la Presidencia, Camel Curi, sostuvo un encuentro con el Colegio Dominicano de Periodistas (CDP), el Instituto de Previsi\u00f3n y Protecci\u00f3n del Periodista (IPPP), el Sindicato Nacional de Trabajadores de la Prensa (SNTP), y otros gremios de prensa y comunicaci\u00f3n, en el que inform\u00f3 de manera formal la integraci\u00f3n de estos profesionales al Plan Nacional de Vivienda Familia Feliz.<\/p>\n\n\n\n<p>Curi indic\u00f3, adem\u00e1s, que del 11 al 13 de agosto se realizar\u00e1 una feria de vinculaci\u00f3n de viviendas para los integrantes de ese sector e invit\u00f3 a los referidos profesionales a sumarse a esta iniciativa, para que puedan tener su vivienda propia, incluyendo a los comunicadores de la di\u00e1spora.<\/p>\n\n\n\n<p>\u201cEste plan viene a satisfacer cualquier necesidad que nunca antes se hab\u00eda logrado. Lo que queremos es que ustedes pasen de tener una vivienda informal a tener una formal y es que los beneficiarios de este Plan van a pagar menos de lo que pagan de alquiler por una vivienda\u201d, explic\u00f3 el viceministro.<\/p>\n\n\n\n<p>El Plan tienen tres subsidios: el Bono Inicial, que es un aporte que otorga como inicial de la vivienda, a partir del valor del inmueble; Bono Itbis, que aplica para primera vivienda; y Bono Tasa, que es un aporte que se le da al pr\u00e9stamo hipotecario por siete a\u00f1os.<\/p>\n\n\n\n<p>Adem\u00e1s, el apoyo del Gobierno no solo consiste en ofrecer las facilidades y los bonos para el acceso a una vivienda digna, sino, tambi\u00e9n, a un entorno agradable y de recreaci\u00f3n, por lo cual las viviendas vienen acompa\u00f1adas de \u00e1reas verdes, entre otros detalles, dependiendo del proyecto, as\u00ed como charlas de convivencia y educaci\u00f3n financiera.<\/p>\n\n\n\n<p>\u201cEstos proyectos no terminan, porque este Plan Nacional est\u00e1 compuesto por varias etapas, en la cual nosotros tenemos que garantizar continuamente soluciones de viviendas a las familias dominicanas; este es un plan inclusivo. Los requisitos que m\u00e1s tomamos en cuenta es que el que aplique sea dominicano y que sea su primera vivienda\u201d, indic\u00f3.<\/p>\n\n\n\n<p>Entre tanto, el presidente del IPPP, Olivo De Le\u00f3n, hizo un llamado a que se integren tambi\u00e9n, la Asociaci\u00f3n Dominicana de Cronistas Sociales (ADCS), a la Asociaci\u00f3n de Cronistas Deportivos de Santo Domingo (ACD), a la Asociaci\u00f3n de Cronistas de Arte (Acroarte), y a la Academia Dominicana de Periodistas de Arte y Espect\u00e1culos (Adopae).<\/p>\n\n\n\n<p>Tambi\u00e9n, a la Asociaci\u00f3n Dominicana de la Prensa Tur\u00edstica (Adompretur), al C\u00edrculo de Reporteros Gr\u00e1ficos De Televisi\u00f3n (CRGTV), a la Sociedad Dominicana de Medios Digitales (Sodomedi), a la Asociaci\u00f3n de Fotoperiodistas de la Rep\u00fablica Dominicana (AFRD), entre otros gremios.<\/p>\n\n\n\n<p>El encuentro cont\u00f3 con la participaci\u00f3n de representantes del Banco de Reservas y desarrolladores del Plan Familia Feliz, as\u00ed como tambi\u00e9n de la Confederaci\u00f3n Dominicana de Micro, Peque\u00f1as y Medianas Empresas de la Construcci\u00f3n (Copymecon).<\/p>\n\n\n\n<p>Para obtener informaci\u00f3n sobre el Plan Nacional de Vivienda Familia Feliz, pueden acceder a www.familiafeliz.gob.do.<\/p>\n","protected":false},"excerpt":{"rendered":"<p>El viceministro de Proyectos de Inversi\u00f3n del Ministerio de la Presidencia, Camel Curi, sostuvo un encuentro con el Colegio Dominicano de Periodistas (CDP), el Instituto de Previsi\u00f3n y Protecci\u00f3n del&hellip;<\/p>\n","protected":false},"author":2,"featured_media":56702,"comment_status":"open","ping_status":"open","sticky":false,"template":"","format":"standard","meta":{"content-type":"","jetpack_post_was_ever_published":false,"_jetpack_newsletter_access":"","_jetpack_dont_email_post_to_subs":false,"_jetpack_newsletter_tier_id":0,"_jetpack_memberships_contains_paywalled_content":false,"_jetpack_memberships_contains_paid_content":false,"footnotes":""},"categories":[35,25],"tags":[2888,298,2649,5776,172,89,145,1884,3283],"class_list":["post-56701","post","type-post","status-publish","format-standard","has-post-thumbnail","hentry","category-nacionales","category-portada","tag-beneficiados","tag-comunicacion","tag-familia","tag-feliz","tag-nacional","tag-periodistas","tag-plan","tag-profesionales","tag-viviendas"],"jetpack_featured_media_url":"https:\/\/lasprimeras.com.do\/wp-content\/uploads\/2023\/08\/cdp.jpeg","jetpack-related-posts":[{"id":77195,"url":"https:\/\/lasprimeras.com.do\/index.php\/2024\/02\/19\/el-idac-aportara-bono-de-rd100-mil-a-colaboradores-para-adquirir-viviendas-del-plan-familia-feliz\/","url_meta":{"origin":56701,"position":0},"title":"IDAC aportar\u00e1 bono de RD$100 mil a colaboradores para adquirir viviendas","author":"BIMARY DE JES\u00daS Matos","date":"19 de febrero de 2024","format":false,"excerpt":"SANTO DOMINGO. El Instituto Dominicano de Aviaci\u00f3n Civil (IDAC) otorgar\u00e1 un bono por RD$100 mil a los colaboradores de ese departamento del Estado dominicano, como una facilidad adicional a los subsidios que aporta el Gobierno a los beneficiarios del Plan Nacional de Viviendas Familia Feliz. La decisi\u00f3n est\u00e1 contenida en\u2026","rel":"","context":"En \u00abPORTADA\u00bb","block_context":{"text":"PORTADA","link":"https:\/\/lasprimeras.com.do\/index.php\/category\/portada\/"},"img":{"alt_text":"","src":"https:\/\/i0.wp.com\/lasprimeras.com.do\/wp-content\/uploads\/2024\/02\/IMG-20240219-WA0045-scaled.jpg?resize=350%2C200&ssl=1","width":350,"height":200,"srcset":"https:\/\/i0.wp.com\/lasprimeras.com.do\/wp-content\/uploads\/2024\/02\/IMG-20240219-WA0045-scaled.jpg?resize=350%2C200&ssl=1 1x, https:\/\/i0.wp.com\/lasprimeras.com.do\/wp-content\/uploads\/2024\/02\/IMG-20240219-WA0045-scaled.jpg?resize=525%2C300&ssl=1 1.5x, https:\/\/i0.wp.com\/lasprimeras.com.do\/wp-content\/uploads\/2024\/02\/IMG-20240219-WA0045-scaled.jpg?resize=700%2C400&ssl=1 2x, https:\/\/i0.wp.com\/lasprimeras.com.do\/wp-content\/uploads\/2024\/02\/IMG-20240219-WA0045-scaled.jpg?resize=1050%2C600&ssl=1 3x, https:\/\/i0.wp.com\/lasprimeras.com.do\/wp-content\/uploads\/2024\/02\/IMG-20240219-WA0045-scaled.jpg?resize=1400%2C800&ssl=1 4x"},"classes":[]},{"id":49231,"url":"https:\/\/lasprimeras.com.do\/index.php\/2023\/05\/09\/estudios-revelan-medios-de-comunicacion-en-rd-gozan-de-transparencia-y-buena-credibilidad\/","url_meta":{"origin":56701,"position":1},"title":"Estudios revelan medios de comunicaci\u00f3n en RD gozan de transparencia y buena credibilidad","author":"prenxa100","date":"9 de mayo de 2023","format":false,"excerpt":"De los periodistas consultados, tercera parte recibe ingresos mensualesmenor a 29 mil pesos. Santo Domingo.-. El Observatorio Comunicaci\u00f3n y Democracia (OCD) realiz\u00f3 un estudio en el que revela que los medios de comunicaci\u00f3n de la Rep\u00fablica Dominicana gozan de una gran transparencia por su apego a la verdad, credibilidad, responsabilidad\u2026","rel":"","context":"En \u00abNACIONALES\u00bb","block_context":{"text":"NACIONALES","link":"https:\/\/lasprimeras.com.do\/index.php\/category\/nacionales\/"},"img":{"alt_text":"","src":"","width":0,"height":0},"classes":[]},{"id":69019,"url":"https:\/\/lasprimeras.com.do\/index.php\/2023\/11\/29\/movimiento-convergencia-agradece-pensiones-otorgadas-a-periodistas-por-el-presidente-abinader\/","url_meta":{"origin":56701,"position":2},"title":"Ver listado: Movimiento Convergencia agradece pensiones otorgadas a periodistas por el presidente Abinader","author":"Nelson Feliz","date":"29 de noviembre de 2023","format":false,"excerpt":"El Movimientos Period\u00edstico Convergencia agradeci\u00f3 al presidente Luis Abinader el otorgamiento de 103 pensiones a igual n\u00famero de profesionales de la comunicaci\u00f3n. El anuncio del otorgamiento del beneficio a los periodistas lo hizo el director de Jubilaciones y Pensiones a cargos de Estado, Juan Rosa, durante su participaci\u00f3n enel Taller\u2026","rel":"","context":"En \u00abECONOM\u00cdA\u00bb","block_context":{"text":"ECONOM\u00cdA","link":"https:\/\/lasprimeras.com.do\/index.php\/category\/economia\/"},"img":{"alt_text":"CDP","src":"https:\/\/i0.wp.com\/lasprimeras.com.do\/wp-content\/uploads\/2023\/11\/CDP.jpeg?resize=350%2C200&ssl=1","width":350,"height":200,"srcset":"https:\/\/i0.wp.com\/lasprimeras.com.do\/wp-content\/uploads\/2023\/11\/CDP.jpeg?resize=350%2C200&ssl=1 1x, https:\/\/i0.wp.com\/lasprimeras.com.do\/wp-content\/uploads\/2023\/11\/CDP.jpeg?resize=525%2C300&ssl=1 1.5x, https:\/\/i0.wp.com\/lasprimeras.com.do\/wp-content\/uploads\/2023\/11\/CDP.jpeg?resize=700%2C400&ssl=1 2x, https:\/\/i0.wp.com\/lasprimeras.com.do\/wp-content\/uploads\/2023\/11\/CDP.jpeg?resize=1050%2C600&ssl=1 3x"},"classes":[]},{"id":95980,"url":"https:\/\/lasprimeras.com.do\/index.php\/2025\/03\/23\/sntp-reconoce-a-la-periodista-adolfina-mejia-y-otras-9-comunicadoras\/","url_meta":{"origin":56701,"position":3},"title":"SNTP reconoce a la periodista Adolfina Mejia y otras 9 comunicadoras","author":"Nelson Feliz","date":"23 de marzo de 2025","format":false,"excerpt":"El galard\u00f3n que se enmarca en la conmemoraci\u00f3n del D\u00eda Internacional de la Mujer reconoce su trayectoria en los medios de comunicaci\u00f3n. El Sindicato Nacional de Trabajadores de la Prensa (SNTP) en conjunto con su filial del Distrito Nacional y la Secretaria de Equidad de G\u00e9nero reconoci\u00f3 con una \"Distinci\u00f3n\u2026","rel":"","context":"En \u00abENTRETENIMIENTO\u00bb","block_context":{"text":"ENTRETENIMIENTO","link":"https:\/\/lasprimeras.com.do\/index.php\/category\/entretenimiento\/"},"img":{"alt_text":"","src":"https:\/\/i0.wp.com\/lasprimeras.com.do\/wp-content\/uploads\/2025\/03\/adolfina.jpg?resize=350%2C200&ssl=1","width":350,"height":200,"srcset":"https:\/\/i0.wp.com\/lasprimeras.com.do\/wp-content\/uploads\/2025\/03\/adolfina.jpg?resize=350%2C200&ssl=1 1x, https:\/\/i0.wp.com\/lasprimeras.com.do\/wp-content\/uploads\/2025\/03\/adolfina.jpg?resize=525%2C300&ssl=1 1.5x"},"classes":[]},{"id":84432,"url":"https:\/\/lasprimeras.com.do\/index.php\/2024\/06\/08\/vicepresidenta-raquel-pena-encabeza-entrega-de-104-apartamentos-del-plan-familia-feliz-en-la-romana\/","url_meta":{"origin":56701,"position":4},"title":"Vicepresidenta Raquel Pe\u00f1a encabeza entrega de 104 apartamentos del Plan Familia Feliz, en La Romana","author":"Nelson Feliz","date":"8 de junio de 2024","format":false,"excerpt":"El 64% de las familias beneficiadas est\u00e1 encabezada por mujeres; un 22% ha sido favorecida con el Bono Mujer\u00a0 La vicepresidenta de la Rep\u00fablica, Raquel Pe\u00f1a, encabez\u00f3 este s\u00e1bado la entrega de 104 apartamentos del Plan Nacional de Viviendas Familia Feliz, en el Residencial Riberas de Cumayasa, en La Romana.\u00a0\u00a0\u00a0\u00a0\u00a0\u00a0\u00a0\u00a0\u00a0\u00a0\u00a0\u00a0\u00a0\u2026","rel":"","context":"En \u00abNACIONALES\u00bb","block_context":{"text":"NACIONALES","link":"https:\/\/lasprimeras.com.do\/index.php\/category\/nacionales\/"},"img":{"alt_text":"","src":"https:\/\/i0.wp.com\/lasprimeras.com.do\/wp-content\/uploads\/2024\/06\/Raquel-Pena-4.jpg?resize=350%2C200&ssl=1","width":350,"height":200,"srcset":"https:\/\/i0.wp.com\/lasprimeras.com.do\/wp-content\/uploads\/2024\/06\/Raquel-Pena-4.jpg?resize=350%2C200&ssl=1 1x, https:\/\/i0.wp.com\/lasprimeras.com.do\/wp-content\/uploads\/2024\/06\/Raquel-Pena-4.jpg?resize=525%2C300&ssl=1 1.5x, https:\/\/i0.wp.com\/lasprimeras.com.do\/wp-content\/uploads\/2024\/06\/Raquel-Pena-4.jpg?resize=700%2C400&ssl=1 2x"},"classes":[]},{"id":61613,"url":"https:\/\/lasprimeras.com.do\/index.php\/2023\/09\/28\/gobierno-inicia-plan-de-viviendas-familia-feliz-para-la-policia-nacional\/","url_meta":{"origin":56701,"position":5},"title":"Gobierno inicia Plan de Viviendas Familia Feliz para la Polic\u00eda Nacional","author":"Nelson Feliz","date":"28 de septiembre de 2023","format":false,"excerpt":"El presidente Luis Abinader da primer picazo para la construcci\u00f3n de 250 apartamentos ubicadas en el residencial Praderas del Norte, en Los Alcarrizos. Por Martin Restituyo El presidente Luis Abinader dej\u00f3 iniciados los trabajos de construcci\u00f3n de 250 apartamentos, correspondientes al nuevo Plan de Viviendas Familia Feliz para la Polic\u00eda\u2026","rel":"","context":"En \u00abECONOM\u00cdA\u00bb","block_context":{"text":"ECONOM\u00cdA","link":"https:\/\/lasprimeras.com.do\/index.php\/category\/economia\/"},"img":{"alt_text":"Luis Abinader","src":"https:\/\/i0.wp.com\/lasprimeras.com.do\/wp-content\/uploads\/2023\/09\/Luis-Abinader-1-6.jpg?resize=350%2C200&ssl=1","width":350,"height":200,"srcset":"https:\/\/i0.wp.com\/lasprimeras.com.do\/wp-content\/uploads\/2023\/09\/Luis-Abinader-1-6.jpg?resize=350%2C200&ssl=1 1x, https:\/\/i0.wp.com\/lasprimeras.com.do\/wp-content\/uploads\/2023\/09\/Luis-Abinader-1-6.jpg?resize=525%2C300&ssl=1 1.5x, https:\/\/i0.wp.com\/lasprimeras.com.do\/wp-content\/uploads\/2023\/09\/Luis-Abinader-1-6.jpg?resize=700%2C400&ssl=1 2x"},"classes":[]}],"jetpack_sharing_enabled":true,"_links":{"self":[{"href":"https:\/\/lasprimeras.com.do\/index.php\/wp-json\/wp\/v2\/posts\/56701","targetHints":{"allow":["GET"]}}],"collection":[{"href":"https:\/\/lasprimeras.com.do\/index.php\/wp-json\/wp\/v2\/posts"}],"about":[{"href":"https:\/\/lasprimeras.com.do\/index.php\/wp-json\/wp\/v2\/types\/post"}],"author":[{"embeddable":true,"href":"https:\/\/lasprimeras.com.do\/index.php\/wp-json\/wp\/v2\/users\/2"}],"replies":[{"embeddable":true,"href":"https:\/\/lasprimeras.com.do\/index.php\/wp-json\/wp\/v2\/comments?post=56701"}],"version-history":[{"count":1,"href":"https:\/\/lasprimeras.com.do\/index.php\/wp-json\/wp\/v2\/posts\/56701\/revisions"}],"predecessor-version":[{"id":56703,"href":"https:\/\/lasprimeras.com.do\/index.php\/wp-json\/wp\/v2\/posts\/56701\/revisions\/56703"}],"wp:featuredmedia":[{"embeddable":true,"href":"https:\/\/lasprimeras.com.do\/index.php\/wp-json\/wp\/v2\/media\/56702"}],"wp:attachment":[{"href":"https:\/\/lasprimeras.com.do\/index.php\/wp-json\/wp\/v2\/media?parent=56701"}],"wp:term":[{"taxonomy":"category","embeddable":true,"href":"https:\/\/lasprimeras.com.do\/index.php\/wp-json\/wp\/v2\/categories?post=56701"},{"taxonomy":"post_tag","embeddable":true,"href":"https:\/\/lasprimeras.com.do\/index.php\/wp-json\/wp\/v2\/tags?post=56701"}],"curies":[{"name":"wp","href":"https:\/\/api.w.org\/{rel}","templated":true}]}}