{"id":56712,"date":"2023-08-03T23:16:04","date_gmt":"2023-08-04T03:16:04","guid":{"rendered":"https:\/\/lasprimeras.com.do\/?p=56712"},"modified":"2023-08-03T23:16:05","modified_gmt":"2023-08-04T03:16:05","slug":"gobierno-luis-abinader-inaugurara-18-obras-este-fin-de-semana","status":"publish","type":"post","link":"https:\/\/lasprimeras.com.do\/index.php\/2023\/08\/03\/gobierno-luis-abinader-inaugurara-18-obras-este-fin-de-semana\/","title":{"rendered":"Gobierno Luis Abinader inaugurar\u00e1 18 obras este fin de semana"},"content":{"rendered":"\n<p><strong>Mandatario estar\u00e1 en provincias Valverde, Montecristi y Santo Domingo y la vicepresidenta Raquel Pe\u00f1a en Santiago.<\/strong><br>\u00a0<br>Por Wilson Perez<\/p>\n\n\n\n<p>Con un total de 18 inauguraciones, el presidente Luis Abinader y la vicepresidenta Raquel Pe\u00f1a agotar\u00e1n una amplia agenda de trabajo entre este viernes 4 y domingo 6 de agosto en diversos puntos del pa\u00eds.<br>&nbsp;<br>El primer mandatario estar\u00e1 en las provincias Valverde, Montecristi y el Gran Santo Domingo, en las que inaugurar\u00e1 12 obras, entre estas, un parque solar, una carretera de carga, un hotel, escuela y estancia infantil.<br>&nbsp;<br>Tambi\u00e9n entregar\u00e1 t\u00edtulos de propiedad y nuevos apartamentos; participar\u00e1 en el inicio de construcci\u00f3n del puerto de Manzanillo y otras obras para los sectores Turismo y Educaci\u00f3n, entre otras reuniones y presentaciones de proyectos.<br>&nbsp;<br>Mientras, la vicepresidenta se dirigir\u00e1 a Santiago donde encabezar\u00e1 otras 6 inauguraciones de planteles educativos, obras deportivas y el\u00e9ctricas, entre otros.<br>&nbsp;<br>Viernes 4 \u2013 Valverde y Montecristi<\/p>\n\n\n\n<p>Este viernes el mandatario iniciar\u00e1 las actividades a las 10:30 de la ma\u00f1ana en el municipio de Esperanza, provincia Valverde, donde participar\u00e1 en la inauguraci\u00f3n del Parque Solar Esperanza de la Empresa Generadora de Electricidad de Haina, EGEHAINA.<\/p>\n\n\n\n<p>Luego se trasladar\u00e1 a Manzanillo, provincia Montecristi, donde encabezar\u00e1 la inauguraci\u00f3n de la carretera de carga y visitar\u00e1 los trabajos de construcci\u00f3n del muelle temporal de Energ\u00eda 2000 \/ Manzanillo Energy.&nbsp;<br>&nbsp;<br>M\u00e1s tarde dejar\u00e1 iniciados los trabajos de construcci\u00f3n del Puerto de Manzanillo y asistir\u00e1 a la inauguraci\u00f3n del edificio corporativo y la estaci\u00f3n de control de Energ\u00eda 2000; tambi\u00e9n a la inauguraci\u00f3n del gasoducto tramo Energ\u00eda 2000 &#8211; Puerto de Manzanillo.&nbsp;<\/p>\n\n\n\n<p>Continuando con el desarrollo de esta agenda, el jefe de Estado asistir\u00e1 a la reuni\u00f3n de presentaci\u00f3n de los avances de Energ\u00eda 2000 y Manzanillo Energy en el edificio Energ\u00eda 2000.&nbsp;<\/p>\n\n\n\n<p>De igual modo, participar\u00e1 en una eucarist\u00eda a cargo de Monse\u00f1or Jain M\u00e9ndez, acudir\u00e1 a la exposici\u00f3n temporal dedicada a Jos\u00e9 Cestero en el Museo de Montecristi, luego sostendr\u00e1 una cena privada y asistir\u00e1 a un concierto para invitados internacionales, invitados especiales y prensa, pr\u00f3ximo al Hotel Super 8.<br>&nbsp;<br>S\u00e1bado 5 \u2013 Montecristi<\/p>\n\n\n\n<p>Este segundo d\u00eda de trabajo, el presidente Abinader iniciar\u00e1 a las 9 de la ma\u00f1ana con un desayuno y presentaci\u00f3n del master plan para el desarrollo tur\u00edstico de Montecristi y la entrega de certificados a 25 empresas ubicadas en la frontera. Este tendr\u00e1 lugar en el hotel Wyndham Garden, El Morro.<\/p>\n\n\n\n<p>Posteriormente el mandatario participar\u00e1 en la inauguraci\u00f3n del hotel Wyndham Garden El Morro y luego dar\u00e1 el primer palazo para la construcci\u00f3n de Sanctuary Residences Montecristi, detr\u00e1s del aeropuerto.&nbsp;<\/p>\n\n\n\n<p>Acto seguido se trasladar\u00e1 a Las Matas de Santa Cruz donde encabezar\u00e1 la entrega de 400 t\u00edtulos de propiedad en el polideportivo. Tambi\u00e9n presidir\u00e1 el inicio de la construcci\u00f3n de los polit\u00e9cnicos de Las Matas de Santa Cruz y Manzanillo y encabezar\u00e1 la inauguraci\u00f3n del nuevo centro INFOTEP.<\/p>\n\n\n\n<p>Santiago<br>&nbsp;<br>De manera simult\u00e1nea, la vicepresidenta Raquel Pe\u00f1a encabezar\u00e1 6 inauguraciones en Santiago, iniciando a las 10 de la ma\u00f1ana con el Complejo Deportivo Club Marame, en Licey, luego inaugurar\u00e1 la Estaci\u00f3n de Bombeo Don Pedro, en el sector del mismo nombre.<br>&nbsp;<br>Continuar\u00e1 con el Liceo Prof. In\u00e9s Ant. Marte Rodr\u00edguez, en Parada Vieja, sector Monte Adentro y m\u00e1s tarde, con el Proyecto de Repotenciaci\u00f3n El\u00e9ctrica y Ampliaci\u00f3n de la Subestaci\u00f3n Gallera, sector Cecara.<br>&nbsp;<br>La vicemandataria tambi\u00e9n inaugurar\u00e1 la Escuela B\u00e1sica Floripe Mercedes Tuero, en Zalaya, carretera J\u00e1nico, Sabana Iglesia para luego sostener un caf\u00e9 comunitario. El recorrido concluir\u00e1 con la inauguraci\u00f3n del Proyecto VALT02 de Villa Altagracia.<br>&nbsp;<br>Domingo 6 \u2013 Gran Santo Domingo<\/p>\n\n\n\n<p>El domingo 6, el jefe de Estado presidir\u00e1 una serie de inauguraciones en diversos puntos del Gran Santo Domingo y la entrega de nuevos apartamentos en Santo Domingo Este y Santo Domingo Oeste.<\/p>\n\n\n\n<p>A las 11:30 de la ma\u00f1ana, el presidente encabezar\u00e1 la inauguraci\u00f3n del Parque Fern\u00e1ndez en la Av. Winston Churchill pr\u00f3ximo a la Av. Charles Sumner. Tambi\u00e9n presidir\u00e1 la entrega de 464 apartamentos en Hato Nuevo.<\/p>\n\n\n\n<p>As\u00ed mismo, el mandatario encabezar\u00e1 la inauguraci\u00f3n de la construcci\u00f3n del centro comunal y cancha del sector El Licey, carretera El Hig\u00fcero, detr\u00e1s del aeropuerto y la inauguraci\u00f3n de la construcci\u00f3n del distribuidor de Haras Nacionales, en la Circunvalaci\u00f3n de Santo Domingo, Tramo III.<br>&nbsp;<br>El presidente Abinader, de igual forma, presidir\u00e1 la inauguraci\u00f3n de la Escuela Poeta Jos\u00e9 Mart\u00ed en Guerra y la inauguraci\u00f3n de nuevos apartamentos del proyecto Las Acacias, carretera Mella, Santo Domingo Este.<\/p>\n\n\n\n<p>Para finalizar, presidir\u00e1 la inauguraci\u00f3n de una nueva Estancia Infantil en Los Mina norte.<\/p>\n","protected":false},"excerpt":{"rendered":"<p>Mandatario estar\u00e1 en provincias Valverde, Montecristi y Santo Domingo y la vicepresidenta Raquel Pe\u00f1a en Santiago.\u00a0Por Wilson Perez Con un total de 18 inauguraciones, el presidente Luis Abinader y la&hellip;<\/p>\n","protected":false},"author":2,"featured_media":56713,"comment_status":"open","ping_status":"open","sticky":false,"template":"","format":"standard","meta":{"content-type":"","jetpack_post_was_ever_published":false,"_jetpack_newsletter_access":"","_jetpack_dont_email_post_to_subs":false,"_jetpack_newsletter_tier_id":0,"_jetpack_memberships_contains_paywalled_content":false,"_jetpack_memberships_contains_paid_content":false,"footnotes":""},"categories":[35,25],"tags":[171,67,374],"class_list":["post-56712","post","type-post","status-publish","format-standard","has-post-thumbnail","hentry","category-nacionales","category-portada","tag-gobierno","tag-luis-abinader","tag-obras"],"jetpack_featured_media_url":"https:\/\/lasprimeras.com.do\/wp-content\/uploads\/2023\/08\/Luis-Abinader-2.jpg","jetpack-related-posts":[{"id":107580,"url":"https:\/\/lasprimeras.com.do\/index.php\/2025\/08\/28\/la-vicepresidenta-raquel-pena-junto-al-senador-ricardo-de-los-santos-entregan-obras-en-sanchez-ramirez\/","url_meta":{"origin":56712,"position":0},"title":"La vicepresidenta Raquel Pe\u00f1a junto al senador Ricardo de los Santos entregan obras en S\u00e1nchez Ram\u00edrez","author":"Nelson Feliz","date":"28 de agosto de 2025","format":false,"excerpt":"Entre las obras inauguradas se destaca una nueva Unidad de Pie Diab\u00e9tico y Oncolog\u00eda en el Hospital Inmaculada Concepci\u00f3n, as\u00ed como varias carreteras en distintos municipios de la provincia. El Senador por la provincia S\u00e1nchez Ram\u00edrez, Ricardo de los Santos, y la vicepresidenta Raquel Pe\u00f1a encabezaron la entrega de varias\u2026","rel":"","context":"En \u00abNACIONALES\u00bb","block_context":{"text":"NACIONALES","link":"https:\/\/lasprimeras.com.do\/index.php\/category\/nacionales\/"},"img":{"alt_text":"","src":"https:\/\/i0.wp.com\/lasprimeras.com.do\/wp-content\/uploads\/2025\/08\/Raquel-Pena-1.jpg?resize=350%2C200&ssl=1","width":350,"height":200,"srcset":"https:\/\/i0.wp.com\/lasprimeras.com.do\/wp-content\/uploads\/2025\/08\/Raquel-Pena-1.jpg?resize=350%2C200&ssl=1 1x, https:\/\/i0.wp.com\/lasprimeras.com.do\/wp-content\/uploads\/2025\/08\/Raquel-Pena-1.jpg?resize=525%2C300&ssl=1 1.5x, https:\/\/i0.wp.com\/lasprimeras.com.do\/wp-content\/uploads\/2025\/08\/Raquel-Pena-1.jpg?resize=700%2C400&ssl=1 2x"},"classes":[]},{"id":51802,"url":"https:\/\/lasprimeras.com.do\/index.php\/2023\/06\/03\/gobierno-inaugura-varias-obras-en-valverde\/","url_meta":{"origin":56712,"position":1},"title":"Gobierno inaugura varias obras en Valverde","author":"prenxa100","date":"3 de junio de 2023","format":false,"excerpt":"Actividades son encabezadas por la vicepresidenta Raquel Pe\u00f1a. Por Wilson P\u00e9rez La vicepresidenta Raquel Pe\u00f1a inaugura varias obras en la provincia Valverde que abarcan instalaciones de capacitaci\u00f3n t\u00e9cnica, el\u00e9ctricas, cuarteles y una parroquia. El nuevo Taller T\u00e9cnico Comunitario del Instituto de Formaci\u00f3n T\u00e9cnico Profesional, INFOTEP, en el Cruce de Guayacanes,\u2026","rel":"","context":"En \u00abNACIONALES\u00bb","block_context":{"text":"NACIONALES","link":"https:\/\/lasprimeras.com.do\/index.php\/category\/nacionales\/"},"img":{"alt_text":"","src":"","width":0,"height":0},"classes":[]},{"id":58612,"url":"https:\/\/lasprimeras.com.do\/index.php\/2023\/08\/25\/gobierno-inaugurara-14-obras-y-entregara-nuevos-apartamentos-en-seis-provincias\/","url_meta":{"origin":56712,"position":2},"title":"Gobierno inaugurar\u00e1 14 obras y entregar\u00e1 nuevos apartamentos en seis provincias","author":"Nelson Feliz","date":"25 de agosto de 2023","format":false,"excerpt":"Abinader estar\u00e1 en el Cibao; la vicepresidenta en el Este y San Crist\u00f3bal; mandatario participar\u00e1 en la misa por el 7mo aniversario del fallecimiento de Hatuey D'Camps El presidente Luis Abinader y la vicepresidenta Raquel Pe\u00f1a agotar\u00e1n este fin de semana una agenda de trabajo en seis provincias donde dejar\u00e1n\u2026","rel":"","context":"En \u00abPORTADA\u00bb","block_context":{"text":"PORTADA","link":"https:\/\/lasprimeras.com.do\/index.php\/category\/portada\/"},"img":{"alt_text":"Luis Abinader","src":"https:\/\/i0.wp.com\/lasprimeras.com.do\/wp-content\/uploads\/2023\/08\/Luis-Abinader-2-3.jpg?resize=350%2C200&ssl=1","width":350,"height":200,"srcset":"https:\/\/i0.wp.com\/lasprimeras.com.do\/wp-content\/uploads\/2023\/08\/Luis-Abinader-2-3.jpg?resize=350%2C200&ssl=1 1x, https:\/\/i0.wp.com\/lasprimeras.com.do\/wp-content\/uploads\/2023\/08\/Luis-Abinader-2-3.jpg?resize=525%2C300&ssl=1 1.5x, https:\/\/i0.wp.com\/lasprimeras.com.do\/wp-content\/uploads\/2023\/08\/Luis-Abinader-2-3.jpg?resize=700%2C400&ssl=1 2x"},"classes":[]},{"id":84393,"url":"https:\/\/lasprimeras.com.do\/index.php\/2024\/06\/07\/abinader-retoma-este-fin-de-semana-inauguraciones-de-obras\/","url_meta":{"origin":56712,"position":3},"title":"Abinader retoma este fin de semana inauguraciones de obras","author":"Nelson Feliz","date":"7 de junio de 2024","format":false,"excerpt":"Mandatario inaugurar\u00e1 seis obras en Hato Mayor y El Seibo. El presidente Luis Abinader retomar\u00e1 este fin de semana su agenda de inauguraciones con seis obras en las provincias de Hato Mayor y El Seibo. Las obras que inaugurar\u00e1 el mandatario incluyen la reconstrucci\u00f3n carretera La Candelaria \u2013 Bejucal Magar\u00edn\u2026","rel":"","context":"En \u00abNACIONALES\u00bb","block_context":{"text":"NACIONALES","link":"https:\/\/lasprimeras.com.do\/index.php\/category\/nacionales\/"},"img":{"alt_text":"Luis Abinader","src":"https:\/\/i0.wp.com\/lasprimeras.com.do\/wp-content\/uploads\/2024\/06\/Luis-Abinader-7.jpg?resize=350%2C200&ssl=1","width":350,"height":200,"srcset":"https:\/\/i0.wp.com\/lasprimeras.com.do\/wp-content\/uploads\/2024\/06\/Luis-Abinader-7.jpg?resize=350%2C200&ssl=1 1x, https:\/\/i0.wp.com\/lasprimeras.com.do\/wp-content\/uploads\/2024\/06\/Luis-Abinader-7.jpg?resize=525%2C300&ssl=1 1.5x, https:\/\/i0.wp.com\/lasprimeras.com.do\/wp-content\/uploads\/2024\/06\/Luis-Abinader-7.jpg?resize=700%2C400&ssl=1 2x"},"classes":[]},{"id":102772,"url":"https:\/\/lasprimeras.com.do\/index.php\/2025\/07\/08\/abinader-inaugurara-varias-obras-en-montecristi\/","url_meta":{"origin":56712,"position":4},"title":"Abinader inaugurar\u00e1 varias obras en Montecristi","author":"Nelson Feliz","date":"8 de julio de 2025","format":false,"excerpt":"Tambi\u00e9n encabezar\u00e1 el acto oficial de apertura de los Juegos Fronterizos y sostendr\u00e1 encuentros con empresarios y directivos de la C\u00e1mara de Comercio y Producci\u00f3n de la provincia. El presidente Luis Abinader se trasladar\u00e1 este mi\u00e9rcoles a Montecristi, donde encabezar\u00e1 una jornada de inauguraciones de obras clave que transformar\u00e1n la\u2026","rel":"","context":"En \u00abNACIONALES\u00bb","block_context":{"text":"NACIONALES","link":"https:\/\/lasprimeras.com.do\/index.php\/category\/nacionales\/"},"img":{"alt_text":"","src":"https:\/\/i0.wp.com\/lasprimeras.com.do\/wp-content\/uploads\/2025\/07\/Luis-Abinader-1-2.jpg?resize=350%2C200&ssl=1","width":350,"height":200,"srcset":"https:\/\/i0.wp.com\/lasprimeras.com.do\/wp-content\/uploads\/2025\/07\/Luis-Abinader-1-2.jpg?resize=350%2C200&ssl=1 1x, https:\/\/i0.wp.com\/lasprimeras.com.do\/wp-content\/uploads\/2025\/07\/Luis-Abinader-1-2.jpg?resize=525%2C300&ssl=1 1.5x, https:\/\/i0.wp.com\/lasprimeras.com.do\/wp-content\/uploads\/2025\/07\/Luis-Abinader-1-2.jpg?resize=700%2C400&ssl=1 2x"},"classes":[]},{"id":59396,"url":"https:\/\/lasprimeras.com.do\/index.php\/2023\/09\/03\/gobierno-inaugura-4-obras-en-santo-domingo-y-sc-entrega-titulos-de-propiedad\/","url_meta":{"origin":56712,"position":5},"title":"Gobierno inaugura 4 obras en Santo Domingo y SC; entrega t\u00edtulos de propiedad","author":"Nelson Feliz","date":"3 de septiembre de 2023","format":false,"excerpt":"La vicepresidenta de la Rep\u00fablica, Raquel Pe\u00f1a, en representaci\u00f3n del presidente Luis Abinader, inaugur\u00f3 4 obras en las provincias de San Crist\u00f3bal y Santo Domingo y en Los Peralejos en el Distrito Nacional, entreg\u00f3 420 t\u00edtulos de propiedad a igual n\u00famero de familias. Pe\u00f1a encabez\u00f3 la inauguraci\u00f3n de una escuela,\u2026","rel":"","context":"En \u00abECONOM\u00cdA\u00bb","block_context":{"text":"ECONOM\u00cdA","link":"https:\/\/lasprimeras.com.do\/index.php\/category\/economia\/"},"img":{"alt_text":"Raquel Pe\u00f1a","src":"https:\/\/i0.wp.com\/lasprimeras.com.do\/wp-content\/uploads\/2023\/09\/Raquel-Pena.jpg?resize=350%2C200&ssl=1","width":350,"height":200,"srcset":"https:\/\/i0.wp.com\/lasprimeras.com.do\/wp-content\/uploads\/2023\/09\/Raquel-Pena.jpg?resize=350%2C200&ssl=1 1x, https:\/\/i0.wp.com\/lasprimeras.com.do\/wp-content\/uploads\/2023\/09\/Raquel-Pena.jpg?resize=525%2C300&ssl=1 1.5x, https:\/\/i0.wp.com\/lasprimeras.com.do\/wp-content\/uploads\/2023\/09\/Raquel-Pena.jpg?resize=700%2C400&ssl=1 2x"},"classes":[]}],"jetpack_sharing_enabled":true,"_links":{"self":[{"href":"https:\/\/lasprimeras.com.do\/index.php\/wp-json\/wp\/v2\/posts\/56712","targetHints":{"allow":["GET"]}}],"collection":[{"href":"https:\/\/lasprimeras.com.do\/index.php\/wp-json\/wp\/v2\/posts"}],"about":[{"href":"https:\/\/lasprimeras.com.do\/index.php\/wp-json\/wp\/v2\/types\/post"}],"author":[{"embeddable":true,"href":"https:\/\/lasprimeras.com.do\/index.php\/wp-json\/wp\/v2\/users\/2"}],"replies":[{"embeddable":true,"href":"https:\/\/lasprimeras.com.do\/index.php\/wp-json\/wp\/v2\/comments?post=56712"}],"version-history":[{"count":1,"href":"https:\/\/lasprimeras.com.do\/index.php\/wp-json\/wp\/v2\/posts\/56712\/revisions"}],"predecessor-version":[{"id":56714,"href":"https:\/\/lasprimeras.com.do\/index.php\/wp-json\/wp\/v2\/posts\/56712\/revisions\/56714"}],"wp:featuredmedia":[{"embeddable":true,"href":"https:\/\/lasprimeras.com.do\/index.php\/wp-json\/wp\/v2\/media\/56713"}],"wp:attachment":[{"href":"https:\/\/lasprimeras.com.do\/index.php\/wp-json\/wp\/v2\/media?parent=56712"}],"wp:term":[{"taxonomy":"category","embeddable":true,"href":"https:\/\/lasprimeras.com.do\/index.php\/wp-json\/wp\/v2\/categories?post=56712"},{"taxonomy":"post_tag","embeddable":true,"href":"https:\/\/lasprimeras.com.do\/index.php\/wp-json\/wp\/v2\/tags?post=56712"}],"curies":[{"name":"wp","href":"https:\/\/api.w.org\/{rel}","templated":true}]}}