{"id":56718,"date":"2023-08-03T23:30:59","date_gmt":"2023-08-04T03:30:59","guid":{"rendered":"https:\/\/lasprimeras.com.do\/?p=56718"},"modified":"2023-08-03T23:31:01","modified_gmt":"2023-08-04T03:31:01","slug":"abinader-agradece-lealtad-de-agentes-de-viajes-y-tours-operadores-por-traer-turistas-a-rd","status":"publish","type":"post","link":"https:\/\/lasprimeras.com.do\/index.php\/2023\/08\/03\/abinader-agradece-lealtad-de-agentes-de-viajes-y-tours-operadores-por-traer-turistas-a-rd\/","title":{"rendered":"Abinader agradece lealtad de agentes de viajes y tours operadores por traer turistas a RD"},"content":{"rendered":"\n<p>El presidente Luis Abinader expres\u00f3 este mi\u00e9rcoles su agradecimiento a los empresarios del sector turismo por su trabajo y aporte a los empleos del pa\u00eds y a los agentes de viajes y tours operadores, por la lealtad y fidelidad que por a\u00f1os han tenido de traer turistas a la Rep\u00fablica Dominicana.<\/p>\n\n\n\n<p>Al encabezar el lanzamiento de DO Travel Rewards, un novedoso programa de lealtad global para agentes de viajes emisores de turistas hacia Rep\u00fablica Dominicana, el mandatario asegur\u00f3 que seguir\u00e1 trabajando para continuar fortaleciendo este sector.<\/p>\n\n\n\n<p>Este programa de lealtad que tiene como objetivo fidelizar, informar y fortalecer la relaci\u00f3n con los m\u00e1s de 7,000 agentes de viajes internacionales, es pionero en la historia del pa\u00eds y reafirma el compromiso que tiene el Gobierno de seguir impulsando la llegada de turistas al pa\u00eds.<\/p>\n\n\n\n<p>\u201cEl turismo apenas est\u00e1 comenzando en la Rep\u00fablica Dominicana. Que va a seguir, seguir\u00e1 creciendo, para llevarle alegr\u00eda, llevar una sonrisa a los turistas que ustedes env\u00edan aqu\u00ed y tambi\u00e9n para que los dominicanos sigan viviendo dignamente del sector turismo\u201d, manifest\u00f3 Abinader.<\/p>\n\n\n\n<p>\u201cUn agradecimiento muy especial a todos ustedes, porque una parte importante de nuestro pa\u00eds trabaja dignamente y se gana el trabajo de cada d\u00eda para sostener a sus familias y lo hacemos con amor y lo hacemos con pasi\u00f3n\u201d, dijo.<\/p>\n\n\n\n<p>Durante la actividad que se llev\u00f3 a cabo en el Hotel Jaragua ante la presencia de m\u00e1s de 500 agentes de viajes internacionales de todo el continente americano, el presidente Abinader resalt\u00f3 que desde el Gobierno se trabaja siempre para ser innovadores en esta y en otras industrias, pero especialmente en el turismo.<\/p>\n\n\n\n<p>\u201cY hoy seguimos innovando y esta innovaci\u00f3n es el primer sistema de fidelidad que tiene un pa\u00eds en el mundo y este es el DO Travel Rewards, que gracias a ustedes y el trabajo conjuntamente con nosotros lo vamos a hacer un gran \u00e9xito y al mismo tiempo le vamos a mostrar nuestro agradecimiento a esa lealtad, a esa fidelidad que por a\u00f1os han tenido ustedes de traer turistas a nuestro pa\u00eds\u201d, expres\u00f3.<\/p>\n\n\n\n<p>Record\u00f3 que en la pandemia se pudo innovar y hacer el \u00fanico y el primer seguro COVID en el mundo para que los turistas no dejaran de visitar el pa\u00eds. \u201cLo logramos siendo el pa\u00eds de mayor recuperaci\u00f3n y tambi\u00e9n fuimos bien innovadores despu\u00e9s tambi\u00e9n certificamos los hoteles con varias compa\u00f1\u00edas internacionales de salud tambi\u00e9n por recomendaci\u00f3n del gabinete de turismo\u201d.<\/p>\n\n\n\n<p>Asimismo, el jefe de Estado indic\u00f3 que desde el Gobierno se toman este trabajo muy en serio y que por eso los niveles en los polos tur\u00edsticos certificados son de los mayores del mundo.<\/p>\n\n\n\n<p>\u201cNosotros cuidamos su gente en tema de seguridad, salud y en todos los \u00f3rdenes para que su visita a la Rep\u00fablica Dominicana sea una experiencia satisfactoria e inolvidable y eso lo dicen tambi\u00e9n en la mayor\u00eda de las encuestas que le hacemos\u201d, asegur\u00f3.<\/p>\n\n\n\n<p>El gobernante dijo que esperan que la visita de los turistas a la Rep\u00fablica Dominicana sea como su segunda patria y su segundo hogar, y que sepan que aqu\u00ed le agradecemos. \u201cA ustedes siempre los vamos a escuchar y estamos abiertos a cualquier recomendaci\u00f3n y sugerencia para seguir mejorando para cada d\u00eda buscar y perfeccionar mejor nuestro destino\u201d.<\/p>\n","protected":false},"excerpt":{"rendered":"<p>El presidente Luis Abinader expres\u00f3 este mi\u00e9rcoles su agradecimiento a los empresarios del sector turismo por su trabajo y aporte a los empleos del pa\u00eds y a los agentes de&hellip;<\/p>\n","protected":false},"author":2,"featured_media":56719,"comment_status":"open","ping_status":"open","sticky":false,"template":"","format":"standard","meta":{"content-type":"","jetpack_post_was_ever_published":false,"_jetpack_newsletter_access":"","_jetpack_dont_email_post_to_subs":false,"_jetpack_newsletter_tier_id":0,"_jetpack_memberships_contains_paywalled_content":false,"_jetpack_memberships_contains_paid_content":false,"footnotes":""},"categories":[376],"tags":[3660,2485,5782,67,127,5783,1697,3451],"class_list":["post-56718","post","type-post","status-publish","format-standard","has-post-thumbnail","hentry","category-turismo","tag-agentes","tag-fidelidad","tag-lealtad","tag-luis-abinader","tag-rd","tag-tours-operadores","tag-turistas","tag-viajes"],"jetpack_featured_media_url":"https:\/\/lasprimeras.com.do\/wp-content\/uploads\/2023\/08\/Luis-Abinader-3.jpg","jetpack-related-posts":[{"id":61716,"url":"https:\/\/lasprimeras.com.do\/index.php\/2023\/09\/29\/bolsa-turistica-del-caribe-sera-del-26-al-28-de-octubre-2023\/","url_meta":{"origin":56718,"position":0},"title":"Bolsa Tur\u00edstica del Caribe ser\u00e1 del 26 al 28 de octubre 2023","author":"Nelson Feliz","date":"29 de septiembre de 2023","format":false,"excerpt":"En esta edici\u00f3n estar\u00e1n participando agentes de viajes y tours operadores procedentes de Guatemala, M\u00e9xico, Ecuador, Argentina, Per\u00fa, El Salvador, liderada por la Corporaci\u00f3n de Turismo de El Salvador (Corsatur); el Ministerio de Turismo de Curazao; as\u00ed como agentes de viajes y tours operadores de Cartagena de Indias y la\u2026","rel":"","context":"En \u00abTURISMO\u00bb","block_context":{"text":"TURISMO","link":"https:\/\/lasprimeras.com.do\/index.php\/category\/turismo\/"},"img":{"alt_text":"Luis Felipe Aquino, Fabeth Martinez, Luis Jose Chavez, Leandro Tajes y Luisa de Aquino.","src":"https:\/\/i0.wp.com\/lasprimeras.com.do\/wp-content\/uploads\/2023\/09\/Luis-Felipe-Aquino-Fabeth-Martinez-Luis-Jose-Chavez-Leandro-Tajes-y-Luisa-de-Aquino.jpg?resize=350%2C200&ssl=1","width":350,"height":200,"srcset":"https:\/\/i0.wp.com\/lasprimeras.com.do\/wp-content\/uploads\/2023\/09\/Luis-Felipe-Aquino-Fabeth-Martinez-Luis-Jose-Chavez-Leandro-Tajes-y-Luisa-de-Aquino.jpg?resize=350%2C200&ssl=1 1x, https:\/\/i0.wp.com\/lasprimeras.com.do\/wp-content\/uploads\/2023\/09\/Luis-Felipe-Aquino-Fabeth-Martinez-Luis-Jose-Chavez-Leandro-Tajes-y-Luisa-de-Aquino.jpg?resize=525%2C300&ssl=1 1.5x, https:\/\/i0.wp.com\/lasprimeras.com.do\/wp-content\/uploads\/2023\/09\/Luis-Felipe-Aquino-Fabeth-Martinez-Luis-Jose-Chavez-Leandro-Tajes-y-Luisa-de-Aquino.jpg?resize=700%2C400&ssl=1 2x"},"classes":[]},{"id":75423,"url":"https:\/\/lasprimeras.com.do\/index.php\/2024\/02\/01\/eddy-tours-lanza-desde-fitur-atractiva-oferta-para-la-serie-del-caribe\/","url_meta":{"origin":56718,"position":1},"title":"Eddy Tours lanza desde Fitur atractiva oferta para la Serie del Caribe","author":"Nelson Feliz","date":"1 de febrero de 2024","format":false,"excerpt":"Madrid, Espa\u00f1a.- Eddy\u2019s Tours, empresa touroperadora dominicana con m\u00e1s de cuatro d\u00e9cadas ofreciendo servicios tur\u00edsticos de calidad y agencia de viajes volvi\u00f3 a la Feria Internacional de Turismo para afianzar sus relaciones comerciales. As\u00ed lo inform\u00f3 Edison Ure\u00f1a, presidente de Eddy\u2019s Tours al indicar que en esta edici\u00f3n de Fitur\u2026","rel":"","context":"En \u00abTURISMO\u00bb","block_context":{"text":"TURISMO","link":"https:\/\/lasprimeras.com.do\/index.php\/category\/turismo\/"},"img":{"alt_text":"Eddy Tours","src":"https:\/\/i0.wp.com\/lasprimeras.com.do\/wp-content\/uploads\/2024\/02\/WhatsApp-Image-2024-01-28-at-11.06.59-PM.jpeg?resize=350%2C200&ssl=1","width":350,"height":200,"srcset":"https:\/\/i0.wp.com\/lasprimeras.com.do\/wp-content\/uploads\/2024\/02\/WhatsApp-Image-2024-01-28-at-11.06.59-PM.jpeg?resize=350%2C200&ssl=1 1x, https:\/\/i0.wp.com\/lasprimeras.com.do\/wp-content\/uploads\/2024\/02\/WhatsApp-Image-2024-01-28-at-11.06.59-PM.jpeg?resize=525%2C300&ssl=1 1.5x, https:\/\/i0.wp.com\/lasprimeras.com.do\/wp-content\/uploads\/2024\/02\/WhatsApp-Image-2024-01-28-at-11.06.59-PM.jpeg?resize=700%2C400&ssl=1 2x, https:\/\/i0.wp.com\/lasprimeras.com.do\/wp-content\/uploads\/2024\/02\/WhatsApp-Image-2024-01-28-at-11.06.59-PM.jpeg?resize=1050%2C600&ssl=1 3x, https:\/\/i0.wp.com\/lasprimeras.com.do\/wp-content\/uploads\/2024\/02\/WhatsApp-Image-2024-01-28-at-11.06.59-PM.jpeg?resize=1400%2C800&ssl=1 4x"},"classes":[]},{"id":113531,"url":"https:\/\/lasprimeras.com.do\/index.php\/2025\/11\/03\/banreservas-promovera-nuevas-inversiones-en-rd-durante-la-feria-world-travel-market-2025-en-londres\/","url_meta":{"origin":56718,"position":2},"title":"Banreservas promover\u00e1 nuevas inversiones en RD durante la feria World Travel Market 2025 en Londres","author":"Nelson Feliz","date":"3 de noviembre de 2025","format":false,"excerpt":"El Banco de Reservas (Banreservas) estar\u00e1 presente en la feria internacional de turismo World Travel Market 2025 (WTM 2025), que se celebrar\u00e1 del 4 al 6 de noviembre en el centro de exposiciones ExCeL London, Londres, Inglaterra. La participaci\u00f3n del banco de todos los dominicanos tiene como objetivo promover nuevas\u2026","rel":"","context":"En \u00abECONOM\u00cdA\u00bb","block_context":{"text":"ECONOM\u00cdA","link":"https:\/\/lasprimeras.com.do\/index.php\/category\/economia\/"},"img":{"alt_text":"","src":"https:\/\/i0.wp.com\/lasprimeras.com.do\/wp-content\/uploads\/2025\/11\/banreservas-4.jpg?resize=350%2C200&ssl=1","width":350,"height":200,"srcset":"https:\/\/i0.wp.com\/lasprimeras.com.do\/wp-content\/uploads\/2025\/11\/banreservas-4.jpg?resize=350%2C200&ssl=1 1x, https:\/\/i0.wp.com\/lasprimeras.com.do\/wp-content\/uploads\/2025\/11\/banreservas-4.jpg?resize=525%2C300&ssl=1 1.5x, https:\/\/i0.wp.com\/lasprimeras.com.do\/wp-content\/uploads\/2025\/11\/banreservas-4.jpg?resize=700%2C400&ssl=1 2x"},"classes":[]},{"id":109789,"url":"https:\/\/lasprimeras.com.do\/index.php\/2025\/09\/22\/banreservas-proyectara-en-top-resa-2025-las-potencialidades-de-inversion-extranjera-en-rd\/","url_meta":{"origin":56718,"position":3},"title":"Banreservas proyectar\u00e1 en Top Resa 2025 las potencialidades de inversi\u00f3n extranjera en RD","author":"Nelson Feliz","date":"22 de septiembre de 2025","format":false,"excerpt":"La 46\u00aa edici\u00f3n de la reconocida feria tur\u00edstica se realizar\u00e1 del 23 al 25 de septiembre y tendr\u00e1 a la Rep\u00fablica Dominicana como pa\u00eds invitado de honor Par\u00eds.- La Rep\u00fablica Dominicana ser\u00e1 el pa\u00eds invitado de honor en la feria tur\u00edstica International French Travel Market (IFTM) -Top Resa 2025, la\u2026","rel":"","context":"En \u00abECONOM\u00cdA\u00bb","block_context":{"text":"ECONOM\u00cdA","link":"https:\/\/lasprimeras.com.do\/index.php\/category\/economia\/"},"img":{"alt_text":"","src":"https:\/\/i0.wp.com\/lasprimeras.com.do\/wp-content\/uploads\/2025\/09\/Banreservas-1.jpg?resize=350%2C200&ssl=1","width":350,"height":200,"srcset":"https:\/\/i0.wp.com\/lasprimeras.com.do\/wp-content\/uploads\/2025\/09\/Banreservas-1.jpg?resize=350%2C200&ssl=1 1x, https:\/\/i0.wp.com\/lasprimeras.com.do\/wp-content\/uploads\/2025\/09\/Banreservas-1.jpg?resize=525%2C300&ssl=1 1.5x, https:\/\/i0.wp.com\/lasprimeras.com.do\/wp-content\/uploads\/2025\/09\/Banreservas-1.jpg?resize=700%2C400&ssl=1 2x"},"classes":[]},{"id":122821,"url":"https:\/\/lasprimeras.com.do\/index.php\/2026\/02\/22\/banreservas-participara-en-anato-2026-donde-promovera-inversiones-en-el-sector-turistico-e-inmobiliario-de-rd\/","url_meta":{"origin":56718,"position":4},"title":"Banreservas participar\u00e1 en ANATO 2026, donde promover\u00e1 inversiones en el sector tur\u00edstico e inmobiliario de RD","author":"Nelson Feliz","date":"22 de febrero de 2026","format":false,"excerpt":"El Banco de Reservas de la Rep\u00fablica Dominicana anunci\u00f3 su participaci\u00f3n en la 45\u00aa edici\u00f3n de la Vitrina Tur\u00edstica ANATO, que se celebrar\u00e1 del 25 al 27 de febrero en el recinto ferial Corferias, en Bogot\u00e1, Colombia, donde desarrollar\u00e1 una amplia agenda de reuniones estrat\u00e9gicas con inversionistas del sector tur\u00edstico\u2026","rel":"","context":"En \u00abECONOM\u00cdA\u00bb","block_context":{"text":"ECONOM\u00cdA","link":"https:\/\/lasprimeras.com.do\/index.php\/category\/economia\/"},"img":{"alt_text":"","src":"https:\/\/i0.wp.com\/lasprimeras.com.do\/wp-content\/uploads\/2025\/12\/Leonardo-Aguilera-1-1.jpg?resize=350%2C200&ssl=1","width":350,"height":200,"srcset":"https:\/\/i0.wp.com\/lasprimeras.com.do\/wp-content\/uploads\/2025\/12\/Leonardo-Aguilera-1-1.jpg?resize=350%2C200&ssl=1 1x, https:\/\/i0.wp.com\/lasprimeras.com.do\/wp-content\/uploads\/2025\/12\/Leonardo-Aguilera-1-1.jpg?resize=525%2C300&ssl=1 1.5x, https:\/\/i0.wp.com\/lasprimeras.com.do\/wp-content\/uploads\/2025\/12\/Leonardo-Aguilera-1-1.jpg?resize=700%2C400&ssl=1 2x"},"classes":[]},{"id":123066,"url":"https:\/\/lasprimeras.com.do\/index.php\/2026\/02\/25\/leonado-aguilera-resalta-liderazgo-de-abinader-y-collado-en-impulso-al-turismo-durante-roadshow-previo-a-anato-2026\/","url_meta":{"origin":56718,"position":5},"title":"Leonado Aguilera resalta liderazgo de Abinader y Collado en impulso al turismo durante RoadShow previo a ANATO 2026","author":"Nelson Feliz","date":"25 de febrero de 2026","format":false,"excerpt":"Bogot\u00e1, Colombia.\u2013 El presidente ejecutivo del Banco de Reservas, Leonardo Aguilera, destac\u00f3 el liderazgo del presidente Luis Abinader y del ministro de Turismo, David Collado, como factores determinantes en el posicionamiento internacional de la Rep\u00fablica Dominicana como destino tur\u00edstico y polo de inversi\u00f3n. Durante su intervenci\u00f3n en el RoadShow organizado\u2026","rel":"","context":"En \u00abPORTADA\u00bb","block_context":{"text":"PORTADA","link":"https:\/\/lasprimeras.com.do\/index.php\/category\/portada\/"},"img":{"alt_text":"","src":"https:\/\/i0.wp.com\/lasprimeras.com.do\/wp-content\/uploads\/2026\/02\/IMG-20260225-WA0368-scaled.jpg?resize=350%2C200&ssl=1","width":350,"height":200,"srcset":"https:\/\/i0.wp.com\/lasprimeras.com.do\/wp-content\/uploads\/2026\/02\/IMG-20260225-WA0368-scaled.jpg?resize=350%2C200&ssl=1 1x, https:\/\/i0.wp.com\/lasprimeras.com.do\/wp-content\/uploads\/2026\/02\/IMG-20260225-WA0368-scaled.jpg?resize=525%2C300&ssl=1 1.5x, https:\/\/i0.wp.com\/lasprimeras.com.do\/wp-content\/uploads\/2026\/02\/IMG-20260225-WA0368-scaled.jpg?resize=700%2C400&ssl=1 2x, https:\/\/i0.wp.com\/lasprimeras.com.do\/wp-content\/uploads\/2026\/02\/IMG-20260225-WA0368-scaled.jpg?resize=1050%2C600&ssl=1 3x, https:\/\/i0.wp.com\/lasprimeras.com.do\/wp-content\/uploads\/2026\/02\/IMG-20260225-WA0368-scaled.jpg?resize=1400%2C800&ssl=1 4x"},"classes":[]}],"jetpack_sharing_enabled":true,"_links":{"self":[{"href":"https:\/\/lasprimeras.com.do\/index.php\/wp-json\/wp\/v2\/posts\/56718","targetHints":{"allow":["GET"]}}],"collection":[{"href":"https:\/\/lasprimeras.com.do\/index.php\/wp-json\/wp\/v2\/posts"}],"about":[{"href":"https:\/\/lasprimeras.com.do\/index.php\/wp-json\/wp\/v2\/types\/post"}],"author":[{"embeddable":true,"href":"https:\/\/lasprimeras.com.do\/index.php\/wp-json\/wp\/v2\/users\/2"}],"replies":[{"embeddable":true,"href":"https:\/\/lasprimeras.com.do\/index.php\/wp-json\/wp\/v2\/comments?post=56718"}],"version-history":[{"count":1,"href":"https:\/\/lasprimeras.com.do\/index.php\/wp-json\/wp\/v2\/posts\/56718\/revisions"}],"predecessor-version":[{"id":56720,"href":"https:\/\/lasprimeras.com.do\/index.php\/wp-json\/wp\/v2\/posts\/56718\/revisions\/56720"}],"wp:featuredmedia":[{"embeddable":true,"href":"https:\/\/lasprimeras.com.do\/index.php\/wp-json\/wp\/v2\/media\/56719"}],"wp:attachment":[{"href":"https:\/\/lasprimeras.com.do\/index.php\/wp-json\/wp\/v2\/media?parent=56718"}],"wp:term":[{"taxonomy":"category","embeddable":true,"href":"https:\/\/lasprimeras.com.do\/index.php\/wp-json\/wp\/v2\/categories?post=56718"},{"taxonomy":"post_tag","embeddable":true,"href":"https:\/\/lasprimeras.com.do\/index.php\/wp-json\/wp\/v2\/tags?post=56718"}],"curies":[{"name":"wp","href":"https:\/\/api.w.org\/{rel}","templated":true}]}}